{"id":55769,"date":"2022-12-07T17:05:05","date_gmt":"2022-12-07T20:05:05","guid":{"rendered":"https:\/\/blogdafeira.com.br\/home\/?p=55769"},"modified":"2023-02-07T00:10:42","modified_gmt":"2023-02-07T03:10:42","slug":"sensacoes-de-insanos-dezembros","status":"publish","type":"post","link":"https:\/\/blogdafeira.com.br\/home\/2022\/12\/07\/sensacoes-de-insanos-dezembros\/","title":{"rendered":"Sensa\u00e7\u00f5es de insanos dezembros"},"content":{"rendered":"<div id=\"blogd-3878877447\" class=\"blogd-fim-do-post-mobile blogd-entity-placement\" style=\"margin-left: auto;margin-right: auto;text-align: center;\"><a href=\"https:\/\/www.sefaz.feiradesantana.ba.gov.br\/\" target=\"_blank\" aria-label=\"728&#215;90 (6)\"><img loading=\"lazy\" decoding=\"async\" src=\"https:\/\/blogdafeira.com.br\/home\/wp-content\/uploads\/2026\/03\/728x90-6.gif\" alt=\"\"  class=\"no-lazyload\" width=\"728\" height=\"90\"  style=\"display: inline-block;\" \/><\/a><\/div><p class=\"western\" align=\"JUSTIFY\">Insanos dezembros. Ano sim, noutro tamb\u00e9m, quando o m\u00eas chega, a letra vem \u00e0 mente. \u00c9 composi\u00e7\u00e3o de Chico Buarque e Tom Jobim. Relembro-a, imortalizada na voz de Maria Beth\u00e2nia. Combina com o clima de recome\u00e7o e confraterniza\u00e7\u00e3o que marca o m\u00eas, com seus apelos ao consumo mas, tamb\u00e9m, com as esperan\u00e7as que se renovam. Afinal, janeiro \u00e9 logo ali e, junto com ele, chega o Ano-Novo, chega o ver\u00e3o tamb\u00e9m, as f\u00e9rias que interrompem a rotina ins\u00edpida e o vertiginoso cotidiano.<\/p><div id=\"blogd-4194447694\" class=\"blogd-conteudo-2-mobile blogd-entity-placement\"><a href=\"https:\/\/feirenses.com.br\/\" target=\"_blank\" aria-label=\"feirenses\"><img loading=\"lazy\" decoding=\"async\" src=\"https:\/\/blogdafeira.com.br\/home\/wp-content\/uploads\/2026\/04\/feirenses.png\" alt=\"\"  srcset=\"https:\/\/blogdafeira.com.br\/home\/wp-content\/uploads\/2026\/04\/feirenses.png 300w, https:\/\/blogdafeira.com.br\/home\/wp-content\/uploads\/2026\/04\/feirenses-170x45.png 170w, https:\/\/blogdafeira.com.br\/home\/wp-content\/uploads\/2026\/04\/feirenses-280x74.png 280w\" sizes=\"(max-width: 300px) 100vw, 300px\" class=\"no-lazyload\" width=\"300\" height=\"79\"  style=\"display: inline-block;\" \/><\/a><\/div>\n<p class=\"western\" align=\"JUSTIFY\">Janeiro vem impregnado com o marulhar das ondas, com o azul do mar, com o sol vistoso. Pelo menos aqui no Nordeste que, festivamente, acolhe milhares de turistas do Sudeste chuvoso, do Sul de c\u00e9u cinzento. As cidades estritamente vocacionadas para a labuta se esvaziam, quem pode vai se regalar no litoral, recarregar as energias. \u00c9 o caso da Feira de Santana, que, desde j\u00e1, mergulha naquela tens\u00e3o que antecede as viagens, as celebra\u00e7\u00f5es \u00e0 beira-mar.<\/p>\n<p class=\"western\" align=\"JUSTIFY\">At\u00e9 l\u00e1, no entanto, muitos enfronham-se no desafio de fazer dinheiro, dezembro \u00e9 m\u00eas de d\u00e9cimo-terceiro sal\u00e1rio, de gastos extraordin\u00e1rios. Pr\u00f3digo, o brasileiro se permite certas extravag\u00e2ncias na \u00e9poca. Bom para quem vende, o movimento ganha intensidade a partir do dia 5 e s\u00f3 arrefece na v\u00e9spera do Natal, quando o panetone, o peru e a farofa de frutas ocupam cora\u00e7\u00f5es e mentes. Depois, \u00e9 apurar o lucro e aguardar as sete ondas nalguma praia.<\/p>\n<p class=\"western\" align=\"JUSTIFY\">Quem fica, impreca contra o sol impiedoso de janeiro, at\u00e9 contra a quietude anormal. Alguns manifestam, discretamente, seu ressentimento. Est\u00e3o a\u00ed pelejando, os mangang\u00f5es na praia e por a\u00ed vai. No fundo, anseiam pelas paisagens que veem nas telas das tev\u00eas, nos luminosos aparelhos celulares. As propagandas de bronzeador, as imperd\u00edveis promo\u00e7\u00f5es das ag\u00eancias de viagens, at\u00e9 o notici\u00e1rio sobre a chuva ou o sol no litoral, tudo acende aquela amargura dissimulada, do\u00edda.<\/p>\n<p class=\"western\" align=\"JUSTIFY\">Antes disso, por\u00e9m, h\u00e1 os dezembros, sempre insanos. Al\u00e9m do frenesi do consumo \u2013 presentes, autopresentes, <i>lembrancinhas<\/i>, recorda\u00e7\u00f5es \u2013 h\u00e1 as incontorn\u00e1veis confraterniza\u00e7\u00f5es, as celebra\u00e7\u00f5es em que, coletivamente, todo mundo, momentaneamente, d\u00e1 uma nova chance para todo mundo. Nas firmas, brinda-se \u00e0s metas alcan\u00e7adas, \u00e0s ambi\u00e7\u00f5es inalcan\u00e7\u00e1veis. Quem se firma na f\u00e9 caleja aspirando a volta do \u201cSeu Messias\u201d, antev\u00ea imprecisos apocalipses.<\/p>\n<div id=\"blogd-2828236833\" class=\"blogd-final-post blogd-entity-placement\"><a href=\"https:\/\/www.feiradesantana.ba.leg.br\/\" target=\"_blank\" aria-label=\"BANNER-SITE-ENTREGADECHEQUE-CAMARADEFEIRA\"><img loading=\"lazy\" decoding=\"async\" src=\"https:\/\/blogdafeira.com.br\/home\/wp-content\/uploads\/2026\/03\/BANNER-SITE-ENTREGADECHEQUE-CAMARADEFEIRA.gif\" alt=\"\"  class=\"no-lazyload\" width=\"728\" height=\"90\"   \/><\/a><\/div><p class=\"western\" align=\"JUSTIFY\">No cerca-louren\u00e7o deste texto, a essas alturas, o papo se estende, antecipando sensa\u00e7\u00f5es que s\u00f3 vir\u00e3o \u00e0 tona nas semanas vindouras. Por que a precipita\u00e7\u00e3o, para qu\u00ea envolver os insanos dezembros de Tom e Chico? Pensei nalgum arranjo para arrematar e engambelar o leitor, mas nada de not\u00e1vel veio \u00e0 cabe\u00e7a. Melhor, ent\u00e3o, finalizar celebrando o dezembro \u2013 mesmo chuvoso, pl\u00fambeo, prenhe de nuvens \u2013, estranhando as ruas coalhadas de verde-amarelo neste excepcional per\u00edodo de Copa do Mundo&#8230;<\/p>\n","protected":false},"excerpt":{"rendered":"<p>Insanos dezembros. Ano sim, noutro tamb\u00e9m, quando o m\u00eas chega, a letra vem \u00e0 mente. \u00c9 composi\u00e7\u00e3o de Chico Buarque e Tom Jobim. Relembro-a, imortalizada na voz de Maria Beth\u00e2nia. Combina com o clima de recome\u00e7o e confraterniza\u00e7\u00e3o que marca o m\u00eas, com seus apelos ao consumo mas, tamb\u00e9m, com as esperan\u00e7as que se renovam.<\/p>\n","protected":false},"author":13,"featured_media":54749,"comment_status":"open","ping_status":"open","sticky":false,"template":"","format":"standard","meta":{"jetpack_post_was_ever_published":false,"cybocfi_hide_featured_image":"","_jetpack_newsletter_access":"","_jetpack_dont_email_post_to_subs":false,"_jetpack_newsletter_tier_id":0,"_jetpack_memberships_contains_paywalled_content":false,"_jetpack_memberships_contains_paid_content":false,"footnotes":"","jetpack_publicize_message":"","jetpack_publicize_feature_enabled":true,"jetpack_social_post_already_shared":true,"jetpack_social_options":{"image_generator_settings":{"template":"highway","default_image_id":0,"font":"","enabled":false},"version":2}},"categories":[592,1],"tags":[],"class_list":["post-55769","post","type-post","status-publish","format-standard","has-post-thumbnail","hentry","category-colunistas","category-raiz"],"jetpack_publicize_connections":[],"jetpack_featured_media_url":"https:\/\/blogdafeira.com.br\/home\/wp-content\/uploads\/2022\/10\/jornalista_neysilva_acordacidade-2.jpeg","jetpack_shortlink":"https:\/\/wp.me\/p3niVf-evv","jetpack_sharing_enabled":true,"jetpack-related-posts":[{"id":40487,"url":"https:\/\/blogdafeira.com.br\/home\/2020\/09\/15\/mudancas-climaticas-na-feira\/","url_meta":{"origin":55769,"position":0},"title":"Mudan\u00e7as clim\u00e1ticas na Feira","author":"Andr\u00e9 Pomponet","date":"15\/09\/2020","format":false,"excerpt":"Choveu na noite de domingo aqui na Feira de Santana. L\u00e1 fora, via-se a poeira d\u2019\u00e1gua, esbranqui\u00e7ada, diluindo o centro da cidade mergulhado nas sombras e no sil\u00eancio. Nuvens sangu\u00edneas se espalhavam pelo c\u00e9u. Mas houve sol de primavera ao longo do dia. E tamb\u00e9m choveu algumas vezes. Uma luminosidade\u2026","rel":"","context":"Em &quot;Cidade&quot;","block_context":{"text":"Cidade","link":"https:\/\/blogdafeira.com.br\/home\/categoria\/cidade\/"},"img":{"alt_text":"","src":"https:\/\/i0.wp.com\/blogdafeira.com.br\/home\/wp-content\/uploads\/2020\/03\/chuva-feira-de-santana.jpg?resize=350%2C200&ssl=1","width":350,"height":200,"srcset":"https:\/\/i0.wp.com\/blogdafeira.com.br\/home\/wp-content\/uploads\/2020\/03\/chuva-feira-de-santana.jpg?resize=350%2C200&ssl=1 1x, https:\/\/i0.wp.com\/blogdafeira.com.br\/home\/wp-content\/uploads\/2020\/03\/chuva-feira-de-santana.jpg?resize=525%2C300&ssl=1 1.5x, https:\/\/i0.wp.com\/blogdafeira.com.br\/home\/wp-content\/uploads\/2020\/03\/chuva-feira-de-santana.jpg?resize=700%2C400&ssl=1 2x"},"classes":[]},{"id":56276,"url":"https:\/\/blogdafeira.com.br\/home\/2023\/01\/20\/sextou-ate-para-o-feirense-sem-praia\/","url_meta":{"origin":55769,"position":1},"title":"Sextou at\u00e9 para o feirense sem praia","author":"Andr\u00e9 Pomponet","date":"20\/01\/2023","format":false,"excerpt":"\u201cEra uma noite ainda quente de abril, o mar arfava, o Cruzeiro do Sul subia entre a ilha Rasa e as Cagarras, e Ipanema estava bem assim\u201d. A frase \u00e9 de Rubem Braga e figurou numa cr\u00f4nica de 1959, \u201cA mo\u00e7a na varanda\u201d. O texto \u2013 ir\u00f4nico \u2013 abordava os\u2026","rel":"","context":"Em &quot;Colunistas&quot;","block_context":{"text":"Colunistas","link":"https:\/\/blogdafeira.com.br\/home\/categoria\/colunistas\/"},"img":{"alt_text":"","src":"https:\/\/i0.wp.com\/blogdafeira.com.br\/home\/wp-content\/uploads\/2023\/01\/praia-cabucu.jpg?resize=350%2C200&ssl=1","width":350,"height":200,"srcset":"https:\/\/i0.wp.com\/blogdafeira.com.br\/home\/wp-content\/uploads\/2023\/01\/praia-cabucu.jpg?resize=350%2C200&ssl=1 1x, https:\/\/i0.wp.com\/blogdafeira.com.br\/home\/wp-content\/uploads\/2023\/01\/praia-cabucu.jpg?resize=525%2C300&ssl=1 1.5x"},"classes":[]},{"id":50219,"url":"https:\/\/blogdafeira.com.br\/home\/2022\/01\/20\/concertacao-politica-na-bahia-a-todo-vapor\/","url_meta":{"origin":55769,"position":2},"title":"Concerta\u00e7\u00e3o pol\u00edtica na Bahia a todo vapor","author":"Andr\u00e9 Pomponet","date":"20\/01\/2022","format":false,"excerpt":"O ter\u00e7o final de janeiro come\u00e7a hoje (20). Depois de muita chuva, houve luz e c\u00e9u l\u00edmpido ao longo do m\u00eas. Os entardeceres \u2013 m\u00e1gicas combina\u00e7\u00f5es de amarelo, de vermelho, de azul \u2013 s\u00e3o cinematogr\u00e1ficos quando tufos de nuvens azuladas n\u00e3o cobrem o poente. Sabi\u00e1s e cigarras encarregam-se da soberba\u2026","rel":"","context":"Em &quot;Bahia&quot;","block_context":{"text":"Bahia","link":"https:\/\/blogdafeira.com.br\/home\/categoria\/bahia\/"},"img":{"alt_text":"","src":"https:\/\/i0.wp.com\/blogdafeira.com.br\/home\/wp-content\/uploads\/2022\/01\/acm_neto_marcelo_nilo_widelg.jpg?resize=350%2C200&ssl=1","width":350,"height":200,"srcset":"https:\/\/i0.wp.com\/blogdafeira.com.br\/home\/wp-content\/uploads\/2022\/01\/acm_neto_marcelo_nilo_widelg.jpg?resize=350%2C200&ssl=1 1x, https:\/\/i0.wp.com\/blogdafeira.com.br\/home\/wp-content\/uploads\/2022\/01\/acm_neto_marcelo_nilo_widelg.jpg?resize=525%2C300&ssl=1 1.5x, https:\/\/i0.wp.com\/blogdafeira.com.br\/home\/wp-content\/uploads\/2022\/01\/acm_neto_marcelo_nilo_widelg.jpg?resize=700%2C400&ssl=1 2x"},"classes":[]},{"id":24800,"url":"https:\/\/blogdafeira.com.br\/home\/2016\/12\/06\/trovoadas-so-chegam-em-janeiro-e-clima-vai-continuar-abafado-em-feira\/","url_meta":{"origin":55769,"position":3},"title":"Trovoadas s\u00f3 chegam em janeiro e clima vai continuar &#8216;abafado&#8217; em Feira","author":"Blog da Feira","date":"06\/12\/2016","format":false,"excerpt":"A previs\u00e3o vem da Esta\u00e7\u00e3o Climatol\u00f3gica da Universidade Estadual de Feira de Santana (UEFS) que, (apesar da 'Ocupa\u00e7\u00e3o' do campus pelos estudantes contra a PEC 55) \u00a0acompanha diariamente o clima em Feira de Santana: trovoadas s\u00f3 no final de dezembro mas certo mesmo \u00e9 no pr\u00f3ximo janeiro. \"O \u00a0tempo abafado\u2026","rel":"","context":"Em &quot;Home&quot;","block_context":{"text":"Home","link":"https:\/\/blogdafeira.com.br\/home\/categoria\/raiz\/"},"img":{"alt_text":"","src":"","width":0,"height":0},"classes":[]},{"id":41662,"url":"https:\/\/blogdafeira.com.br\/home\/2020\/11\/10\/o-feirense-sem-mascara-na-pandemia-de-insanidade\/","url_meta":{"origin":55769,"position":4},"title":"O feirense sem m\u00e1scara na pandemia de insanidade","author":"Andr\u00e9 Pomponet","date":"10\/11\/2020","format":false,"excerpt":"\u00c9 cada vez mais comum ver gente sem m\u00e1scara pelas ruas da Feira de Santana. At\u00e9 gr\u00e1vidas, idosos e crian\u00e7as circulam tranquilas, sem o equipamento. Em determinadas regi\u00f5es da cidade \u2013 as art\u00e9rias que concentram o com\u00e9rcio de autope\u00e7as e oficinas mec\u00e2nicas s\u00e3o o melhor exemplo \u2013 a m\u00e1scara constitui\u2026","rel":"","context":"Em &quot;Cidade&quot;","block_context":{"text":"Cidade","link":"https:\/\/blogdafeira.com.br\/home\/categoria\/cidade\/"},"img":{"alt_text":"","src":"https:\/\/i0.wp.com\/blogdafeira.com.br\/home\/wp-content\/uploads\/2020\/10\/IMG_0703-scaled.jpg?resize=350%2C200&ssl=1","width":350,"height":200,"srcset":"https:\/\/i0.wp.com\/blogdafeira.com.br\/home\/wp-content\/uploads\/2020\/10\/IMG_0703-scaled.jpg?resize=350%2C200&ssl=1 1x, https:\/\/i0.wp.com\/blogdafeira.com.br\/home\/wp-content\/uploads\/2020\/10\/IMG_0703-scaled.jpg?resize=525%2C300&ssl=1 1.5x, https:\/\/i0.wp.com\/blogdafeira.com.br\/home\/wp-content\/uploads\/2020\/10\/IMG_0703-scaled.jpg?resize=700%2C400&ssl=1 2x, https:\/\/i0.wp.com\/blogdafeira.com.br\/home\/wp-content\/uploads\/2020\/10\/IMG_0703-scaled.jpg?resize=1050%2C600&ssl=1 3x, https:\/\/i0.wp.com\/blogdafeira.com.br\/home\/wp-content\/uploads\/2020\/10\/IMG_0703-scaled.jpg?resize=1400%2C800&ssl=1 4x"},"classes":[]},{"id":55624,"url":"https:\/\/blogdafeira.com.br\/home\/2022\/11\/28\/auxilio-brasil-ajudou-pouco-bolsonaro-em-feira\/","url_meta":{"origin":55769,"position":5},"title":"Aux\u00edlio Brasil ajudou pouco Bolsonaro em Feira","author":"Andr\u00e9 Pomponet","date":"28\/11\/2022","format":false,"excerpt":"No segundo turno das elei\u00e7\u00f5es presidenciais, aqui na Feira de Santana, Lula (PT) obteve 221.406 votos (64,03%), contra 124.354 (35,97%) de Jair Bolsonaro (PL), o \u201cmito\u201d. Apesar da diferen\u00e7a, n\u00e3o foi pequeno o desesperado esfor\u00e7o do \u201cmito\u201d para tentar se reeleger. Um dos instrumentos empregados foi a chamada \u201cPEC Eleitoral\u201d,\u2026","rel":"","context":"Em &quot;Colunistas&quot;","block_context":{"text":"Colunistas","link":"https:\/\/blogdafeira.com.br\/home\/categoria\/colunistas\/"},"img":{"alt_text":"","src":"https:\/\/i0.wp.com\/blogdafeira.com.br\/home\/wp-content\/uploads\/2022\/11\/OIP-1.jpeg?resize=350%2C200&ssl=1","width":350,"height":200},"classes":[]}],"_links":{"self":[{"href":"https:\/\/blogdafeira.com.br\/home\/wp-json\/wp\/v2\/posts\/55769","targetHints":{"allow":["GET"]}}],"collection":[{"href":"https:\/\/blogdafeira.com.br\/home\/wp-json\/wp\/v2\/posts"}],"about":[{"href":"https:\/\/blogdafeira.com.br\/home\/wp-json\/wp\/v2\/types\/post"}],"author":[{"embeddable":true,"href":"https:\/\/blogdafeira.com.br\/home\/wp-json\/wp\/v2\/users\/13"}],"replies":[{"embeddable":true,"href":"https:\/\/blogdafeira.com.br\/home\/wp-json\/wp\/v2\/comments?post=55769"}],"version-history":[{"count":3,"href":"https:\/\/blogdafeira.com.br\/home\/wp-json\/wp\/v2\/posts\/55769\/revisions"}],"predecessor-version":[{"id":55772,"href":"https:\/\/blogdafeira.com.br\/home\/wp-json\/wp\/v2\/posts\/55769\/revisions\/55772"}],"wp:featuredmedia":[{"embeddable":true,"href":"https:\/\/blogdafeira.com.br\/home\/wp-json\/wp\/v2\/media\/54749"}],"wp:attachment":[{"href":"https:\/\/blogdafeira.com.br\/home\/wp-json\/wp\/v2\/media?parent=55769"}],"wp:term":[{"taxonomy":"category","embeddable":true,"href":"https:\/\/blogdafeira.com.br\/home\/wp-json\/wp\/v2\/categories?post=55769"},{"taxonomy":"post_tag","embeddable":true,"href":"https:\/\/blogdafeira.com.br\/home\/wp-json\/wp\/v2\/tags?post=55769"}],"curies":[{"name":"wp","href":"https:\/\/api.w.org\/{rel}","templated":true}]}}