{"id":56078,"date":"2023-01-06T19:12:07","date_gmt":"2023-01-06T22:12:07","guid":{"rendered":"https:\/\/blogdafeira.com.br\/home\/?p=56078"},"modified":"2023-04-28T21:58:35","modified_gmt":"2023-04-29T00:58:35","slug":"jhonatas-critica-projeto-do-orcamento-municipal-e-tudo-muito-generico","status":"publish","type":"post","link":"https:\/\/blogdafeira.com.br\/home\/2023\/01\/06\/jhonatas-critica-projeto-do-orcamento-municipal-e-tudo-muito-generico\/","title":{"rendered":"Vereadores criticam projeto do or\u00e7amento municipal: &#8220;\u00c9 tudo muito gen\u00e9rico&#8221;, diz Jhonatas"},"content":{"rendered":"<div id=\"blogd-1011288832\" class=\"blogd-fim-do-post-mobile blogd-entity-placement\" style=\"margin-left: auto;margin-right: auto;text-align: center;\"><a href=\"https:\/\/www.sefaz.feiradesantana.ba.gov.br\/\" target=\"_blank\" aria-label=\"728&#215;90 (6)\"><img loading=\"lazy\" decoding=\"async\" src=\"https:\/\/blogdafeira.com.br\/home\/wp-content\/uploads\/2026\/03\/728x90-6.gif\" alt=\"\"  class=\"no-lazyload\" width=\"728\" height=\"90\"  style=\"display: inline-block;\" \/><\/a><\/div><p style=\"text-align: justify;\">A falta de detalhamento das a\u00e7\u00f5es, por parte do Poder Executivo, \u00e9 uma das principais defici\u00eancias no Projeto de Lei Or\u00e7ament\u00e1ria &#8211; a estimativa de receita e despesa do Munic\u00edpio para 2023 -, reclamou o vereador Jhonatas Monteiro (PSOL) na sess\u00e3o desta quinta-feira (5).<\/p><div id=\"blogd-2099941339\" class=\"blogd-conteudo-2-mobile blogd-entity-placement\"><a href=\"https:\/\/feirenses.com.br\/\" target=\"_blank\" aria-label=\"feirenses\"><img loading=\"lazy\" decoding=\"async\" src=\"https:\/\/blogdafeira.com.br\/home\/wp-content\/uploads\/2026\/04\/feirenses.png\" alt=\"\"  srcset=\"https:\/\/blogdafeira.com.br\/home\/wp-content\/uploads\/2026\/04\/feirenses.png 300w, https:\/\/blogdafeira.com.br\/home\/wp-content\/uploads\/2026\/04\/feirenses-170x45.png 170w, https:\/\/blogdafeira.com.br\/home\/wp-content\/uploads\/2026\/04\/feirenses-280x74.png 280w\" sizes=\"(max-width: 300px) 100vw, 300px\" class=\"no-lazyload\" width=\"300\" height=\"79\"  style=\"display: inline-block;\" \/><\/a><\/div>\n<p style=\"text-align: justify;\">Segundo ele, a pe\u00e7a tem os valores gerais e as \u00e1reas que devem receber os investimentos, mas n\u00e3o h\u00e1 defini\u00e7\u00e3o espec\u00edfica do que ser\u00e1 efetivamente executado, com a aplica\u00e7\u00e3o dinheiro p\u00fablico. &#8220;Os produtos est\u00e3o l\u00e1, mas qual a quantidade de gente beneficiada, de quilometragem de estradas a pavimentar? \u00c9 tudo muito gen\u00e9rico&#8221;, protesta.<\/p>\n<p style=\"text-align: justify;\">O Or\u00e7amento da Prefeitura de Feira de Santana para este ano \u00e9 de R$ 1,9 bilh\u00e3o. Um dos exemplos do problema, segundo ele, \u00e9 a previs\u00e3o para &#8216;realiza\u00e7\u00e3o de projetos&#8217;, da ordem de R$\u00a0 106 milh\u00f5es. &#8220;N\u00e3o h\u00e1 qualquer informa\u00e7\u00e3o de como ser\u00e1 a utiliza\u00e7\u00e3o deste valor. N\u00e3o existe descri\u00e7\u00e3o sobre quais s\u00e3o estes projetos&#8221;. Para a educa\u00e7\u00e3o de tempo integral, o Or\u00e7amento traz &#8220;apenas 800 mil reais&#8221;, numa Secretaria que disp\u00f5e de uma dota\u00e7\u00e3o de mais de 400 milh\u00f5es. &#8220;Esta \u00e9 mais uma das graves\u00a0 distor\u00e7\u00f5es&#8221;, observa.<\/p>\n<h3><strong>Or\u00e7amento reduzido na sa\u00fade<\/strong><\/h3>\n<p style=\"text-align: justify;\">A Secretaria de Sa\u00fade de Feira de Santana ter\u00e1 menos recursos para aplicar durante esse ano de 2023. Houve uma redu\u00e7\u00e3o de 1,71% no valor destinado para a Secretaria, quando comparado o or\u00e7amento do ano de 2022 e o atual. A conclus\u00e3o \u00e9 do vereador Ivamberg (PT), que disse ter ficado assustado ao constatar na pe\u00e7a or\u00e7ament\u00e1ria que o valor da \u00e1rea \u201cdecresceu\u201d \u00a0.<\/p>\n<p style=\"text-align: justify;\">Ivamberg argumenta que embora tenha observado um aumento na ordem de 21,49% para a \u00e1rea de educa\u00e7\u00e3o, onde se saiu de R$ 403 milh\u00f5es para R$ 489 milh\u00f5es, a redu\u00e7\u00e3o em uma \u00e1rea onde o munic\u00edpio presta um \u201cservi\u00e7o de p\u00e9ssima qualidade\u201d, lhe chamou a aten\u00e7\u00e3o. \u201cAgora o que me trouxe espanto foi a sa\u00fade. Como \u00e9 que n\u00f3s, que estamos analisando a lei or\u00e7amentaria, vamos dizer que a sa\u00fade \u00e9 prioridade desse governo, se o governo reduz o or\u00e7amento da sa\u00fade em 1,71%?\u201d, disse.<\/p>\n<p style=\"text-align: justify;\">O vereador petista tamb\u00e9m notou que o or\u00e7amento da pasta de comunica\u00e7\u00f5es dobrou e questionou a raz\u00e3o que teria levado o governo municipal a priorizar a comunica\u00e7\u00e3o, cujo valor \u201csaiu de R$ 8,145 milh\u00f5es em 2022 para R$ 16,851 milh\u00f5es agora\u201d, em detrimento da sa\u00fade. Na compara\u00e7\u00e3o de valores com o ano anterior, houve \u201cum crescimento de 106,89% na comunica\u00e7\u00e3o e 108,94% para transportes\u201d, destacou o vereador. \u201cO que o munic\u00edpio tem que melhorar nessa comunica\u00e7\u00e3o, a ponto de dobrar o or\u00e7amento?\u201d, disse.<\/p>\n<h3><strong>C\u00e2mara abriu discuss\u00f5es do or\u00e7amento na ter\u00e7a<\/strong><\/h3>\n<p style=\"text-align: justify;\">Com a aprova\u00e7\u00e3o do parecer da Comiss\u00e3o de Finan\u00e7as, Or\u00e7amento e Fiscaliza\u00e7\u00e3o, na Sess\u00e3o da \u00faltima ter\u00e7a-feira (3), a C\u00e2mara de Vereadores abriu as discuss\u00f5es e o prazo para apresenta\u00e7\u00e3o de emendas ao Or\u00e7amento do munic\u00edpio de Feira de Santana para o ano de 2023.<\/p>\n<p style=\"text-align: justify;\">At\u00e9 sexta-feira (6), a Comiss\u00e3o recebe as propostas de altera\u00e7\u00f5es apresentadas pelos vereadores da Casa da Cidadania. A previs\u00e3o \u00e9 que na pr\u00f3xima semana, com a inclus\u00e3o das emendas, j\u00e1 seja encaminhado para publica\u00e7\u00e3o e liberado para a aprecia\u00e7\u00e3o e vota\u00e7\u00e3o do plen\u00e1rio, segundo declarou o presidente da Comiss\u00e3o, Jurandy Carvalho (PL).<\/p>\n<div id=\"blogd-4170154022\" class=\"blogd-final-post blogd-entity-placement\"><a href=\"https:\/\/www.feiradesantana.ba.leg.br\/\" target=\"_blank\" aria-label=\"BANNER-SITE-ENTREGADECHEQUE-CAMARADEFEIRA\"><img loading=\"lazy\" decoding=\"async\" src=\"https:\/\/blogdafeira.com.br\/home\/wp-content\/uploads\/2026\/03\/BANNER-SITE-ENTREGADECHEQUE-CAMARADEFEIRA.gif\" alt=\"\"  class=\"no-lazyload\" width=\"728\" height=\"90\"   \/><\/a><\/div><p style=\"text-align: justify;\">O or\u00e7amento em discuss\u00e3o tem o valor estimado em R$ 1,963 bi (um bilh\u00e3o e novecentos e sessenta e tr\u00eas milh\u00f5es de reais) de receitas e despesas, distribu\u00eddo para as Secretarias Municipais. S\u00f3 ap\u00f3s concluir a vota\u00e7\u00e3o do Or\u00e7amento, a C\u00e2mara pode\u00a0entrar em per\u00edodo de recesso parlamentar.<\/p>\n","protected":false},"excerpt":{"rendered":"<p>A falta de detalhamento das a\u00e7\u00f5es, por parte do Poder Executivo, \u00e9 uma das principais defici\u00eancias no Projeto de Lei Or\u00e7ament\u00e1ria &#8211; a estimativa de receita e despesa do Munic\u00edpio para 2023 -, reclamou o vereador Jhonatas Monteiro (PSOL) na sess\u00e3o desta quinta-feira (5). Segundo ele, a pe\u00e7a tem os valores gerais e as \u00e1reas<\/p>\n","protected":false},"author":1,"featured_media":56079,"comment_status":"open","ping_status":"open","sticky":false,"template":"","format":"standard","meta":{"jetpack_post_was_ever_published":false,"cybocfi_hide_featured_image":"","_jetpack_newsletter_access":"","_jetpack_dont_email_post_to_subs":false,"_jetpack_newsletter_tier_id":0,"_jetpack_memberships_contains_paywalled_content":false,"_jetpack_memberships_contains_paid_content":false,"footnotes":"","jetpack_publicize_message":"","jetpack_publicize_feature_enabled":true,"jetpack_social_post_already_shared":true,"jetpack_social_options":{"image_generator_settings":{"template":"highway","default_image_id":0,"font":"","enabled":false},"version":2}},"categories":[3,1,631],"tags":[],"class_list":["post-56078","post","type-post","status-publish","format-standard","has-post-thumbnail","hentry","category-cidade","category-raiz","category-politica"],"jetpack_publicize_connections":[],"jetpack_featured_media_url":"https:\/\/blogdafeira.com.br\/home\/wp-content\/uploads\/2023\/01\/05012023173019.jpg","jetpack_shortlink":"https:\/\/wp.me\/p3niVf-eAu","jetpack_sharing_enabled":true,"jetpack-related-posts":[{"id":63958,"url":"https:\/\/blogdafeira.com.br\/home\/2024\/09\/24\/projeto-de-jhonatas-para-agentes-de-saude-e-endemias-aprovado-em-primeira-votacao\/","url_meta":{"origin":56078,"position":0},"title":"Projeto de Jh\u00f4natas para agentes de sa\u00fade e endemias aprovado em primeira vota\u00e7\u00e3o","author":"Ascom\/C\u00e2mara","date":"24\/09\/2024","format":false,"excerpt":"Agentes Comunit\u00e1rios de Sa\u00fade (ACS) e de Combate \u00e0s Endemias (ACE) que atuam em Feira de Santana poder\u00e3o passar a receber, anualmente, um abono salarial como valoriza\u00e7\u00e3o, est\u00edmulo e aperfei\u00e7oamento das fun\u00e7\u00f5es exercidas. A proposta consta no Projeto de Lei n\u00ba 61\/2024, de autoria do vereador Jh\u00f4natas Monteiro (PSOL) aprovado\u2026","rel":"","context":"Em &quot;Elei\u00e7\u00f5es 2024&quot;","block_context":{"text":"Elei\u00e7\u00f5es 2024","link":"https:\/\/blogdafeira.com.br\/home\/categoria\/politica\/eleicoes-2024\/"},"img":{"alt_text":"","src":"https:\/\/i0.wp.com\/blogdafeira.com.br\/home\/wp-content\/uploads\/2024\/09\/IMG_20240924_1037383763-scaled.jpg?resize=350%2C200&ssl=1","width":350,"height":200,"srcset":"https:\/\/i0.wp.com\/blogdafeira.com.br\/home\/wp-content\/uploads\/2024\/09\/IMG_20240924_1037383763-scaled.jpg?resize=350%2C200&ssl=1 1x, https:\/\/i0.wp.com\/blogdafeira.com.br\/home\/wp-content\/uploads\/2024\/09\/IMG_20240924_1037383763-scaled.jpg?resize=525%2C300&ssl=1 1.5x, https:\/\/i0.wp.com\/blogdafeira.com.br\/home\/wp-content\/uploads\/2024\/09\/IMG_20240924_1037383763-scaled.jpg?resize=700%2C400&ssl=1 2x, https:\/\/i0.wp.com\/blogdafeira.com.br\/home\/wp-content\/uploads\/2024\/09\/IMG_20240924_1037383763-scaled.jpg?resize=1050%2C600&ssl=1 3x, https:\/\/i0.wp.com\/blogdafeira.com.br\/home\/wp-content\/uploads\/2024\/09\/IMG_20240924_1037383763-scaled.jpg?resize=1400%2C800&ssl=1 4x"},"classes":[]},{"id":50248,"url":"https:\/\/blogdafeira.com.br\/home\/2022\/01\/22\/vereador-do-psol-defende-nao-aprovacao-do-orcamento-e-critica-imprensa-de-feira\/","url_meta":{"origin":56078,"position":1},"title":"Vereador do PSOL defende n\u00e3o aprova\u00e7\u00e3o do Or\u00e7amento e critica imprensa de Feira","author":"Ascom\/C\u00e2mara","date":"22\/01\/2022","format":false,"excerpt":"\u00danico vereador do PSOL na C\u00e2mara de Vereadores, o professor Jhonatas Monteiro gravou um v\u00eddeo veiculado no Instagram onde defende a posi\u00e7\u00e3o da C\u00e2mara em n\u00e3o aprovar o Or\u00e7amento Municipal, movimento liderado pelo presidente da Casa, Fernando Torres (PSD). O vereador tamb\u00e9m criticou a imprensa que segundo ele repete a\u2026","rel":"","context":"Em &quot;Home&quot;","block_context":{"text":"Home","link":"https:\/\/blogdafeira.com.br\/home\/categoria\/raiz\/"},"img":{"alt_text":"","src":"https:\/\/i0.wp.com\/blogdafeira.com.br\/home\/wp-content\/uploads\/2022\/01\/InShot_20220122_124446351.jpg?resize=350%2C200&ssl=1","width":350,"height":200,"srcset":"https:\/\/i0.wp.com\/blogdafeira.com.br\/home\/wp-content\/uploads\/2022\/01\/InShot_20220122_124446351.jpg?resize=350%2C200&ssl=1 1x, https:\/\/i0.wp.com\/blogdafeira.com.br\/home\/wp-content\/uploads\/2022\/01\/InShot_20220122_124446351.jpg?resize=525%2C300&ssl=1 1.5x, https:\/\/i0.wp.com\/blogdafeira.com.br\/home\/wp-content\/uploads\/2022\/01\/InShot_20220122_124446351.jpg?resize=700%2C400&ssl=1 2x, https:\/\/i0.wp.com\/blogdafeira.com.br\/home\/wp-content\/uploads\/2022\/01\/InShot_20220122_124446351.jpg?resize=1050%2C600&ssl=1 3x, https:\/\/i0.wp.com\/blogdafeira.com.br\/home\/wp-content\/uploads\/2022\/01\/InShot_20220122_124446351.jpg?resize=1400%2C800&ssl=1 4x"},"classes":[]},{"id":59459,"url":"https:\/\/blogdafeira.com.br\/home\/2023\/09\/21\/jhonatas-pede-mobilizacao-dos-servidores-de-feira-para-dia-26\/","url_meta":{"origin":56078,"position":2},"title":"Jhonatas pede mobiliza\u00e7\u00e3o dos servidores de Feira para dia 26","author":"Ascom\/C\u00e2mara","date":"21\/09\/2023","format":false,"excerpt":"O projeto do Poder Executivo que trata sobre o reajuste salarial dos servidores municipais dever\u00e1 ser votado na pr\u00f3xima ter\u00e7a-feira (26), sinalizou\u00a0 a presidente da C\u00e2mara, Eremita Mota (PSDB). O documento retornou \u00e0 Prefeitura na semana passada, a fim de que o Executivo pudesse fornecer informa\u00e7\u00f5es complementares a respeito do\u2026","rel":"","context":"Em &quot;Home&quot;","block_context":{"text":"Home","link":"https:\/\/blogdafeira.com.br\/home\/categoria\/raiz\/"},"img":{"alt_text":"","src":"https:\/\/i0.wp.com\/blogdafeira.com.br\/home\/wp-content\/uploads\/2023\/09\/IMG_20230921_104923720_HDR-scaled.jpg?resize=350%2C200&ssl=1","width":350,"height":200,"srcset":"https:\/\/i0.wp.com\/blogdafeira.com.br\/home\/wp-content\/uploads\/2023\/09\/IMG_20230921_104923720_HDR-scaled.jpg?resize=350%2C200&ssl=1 1x, https:\/\/i0.wp.com\/blogdafeira.com.br\/home\/wp-content\/uploads\/2023\/09\/IMG_20230921_104923720_HDR-scaled.jpg?resize=525%2C300&ssl=1 1.5x, https:\/\/i0.wp.com\/blogdafeira.com.br\/home\/wp-content\/uploads\/2023\/09\/IMG_20230921_104923720_HDR-scaled.jpg?resize=700%2C400&ssl=1 2x, https:\/\/i0.wp.com\/blogdafeira.com.br\/home\/wp-content\/uploads\/2023\/09\/IMG_20230921_104923720_HDR-scaled.jpg?resize=1050%2C600&ssl=1 3x, https:\/\/i0.wp.com\/blogdafeira.com.br\/home\/wp-content\/uploads\/2023\/09\/IMG_20230921_104923720_HDR-scaled.jpg?resize=1400%2C800&ssl=1 4x"},"classes":[]},{"id":50532,"url":"https:\/\/blogdafeira.com.br\/home\/2022\/02\/04\/colbert-devolve-a-camara-de-vereadores-lei-do-orcamento-2022-sem-alteracoes\/","url_meta":{"origin":56078,"position":3},"title":"Impasse continua: Colbert devolve \u00e0 C\u00e2mara Lei do Or\u00e7amento sem altera\u00e7\u00f5es","author":"Ascom\/C\u00e2mara","date":"04\/02\/2022","format":false,"excerpt":"Pelo jeito vai come\u00e7ar tudo de novo, o impasse entre a Prefeitura de Feira e a C\u00e2mara de Vereadores por causa do Or\u00e7amento 2022.. O prefeito de Feira de Santana, Colbert Filho (MDB), atrav\u00e9s da Procuradoria Geral do Munic\u00edpio, devolveu hoje \u00e0 C\u00e2mara de Vereadores a Lei Or\u00e7ament\u00e1ria Anual, sem\u2026","rel":"","context":"Em &quot;Home&quot;","block_context":{"text":"Home","link":"https:\/\/blogdafeira.com.br\/home\/categoria\/raiz\/"},"img":{"alt_text":"","src":"https:\/\/i0.wp.com\/blogdafeira.com.br\/home\/wp-content\/uploads\/2022\/02\/veredor-ddd-2.png?resize=350%2C200&ssl=1","width":350,"height":200},"classes":[]},{"id":56288,"url":"https:\/\/blogdafeira.com.br\/home\/2023\/01\/23\/camara-de-vereadores-de-feira-retoma-discussao-sobre-orcamento-2023\/","url_meta":{"origin":56078,"position":4},"title":"C\u00e2mara de Vereadores de Feira retoma discuss\u00e3o sobre Or\u00e7amento 2023","author":"Ascom\/C\u00e2mara","date":"23\/01\/2023","format":false,"excerpt":"A C\u00e2mara de Feira de Santana retoma os trabalhos da semana em plen\u00e1rio nesta ter\u00e7a, \u00e0s 8h30min, para dar continuidade aos debates sobre o Projeto de Lei do Or\u00e7amento 2023, a proposta do Poder Executivo que estima a receita e despesa para o Munic\u00edpio este ano. A sess\u00e3o \u00e9 ordin\u00e1ria\u2026","rel":"","context":"Em &quot;Home&quot;","block_context":{"text":"Home","link":"https:\/\/blogdafeira.com.br\/home\/categoria\/raiz\/"},"img":{"alt_text":"","src":"https:\/\/i0.wp.com\/blogdafeira.com.br\/home\/wp-content\/uploads\/2023\/01\/23012023114359.jpg?resize=350%2C200&ssl=1","width":350,"height":200,"srcset":"https:\/\/i0.wp.com\/blogdafeira.com.br\/home\/wp-content\/uploads\/2023\/01\/23012023114359.jpg?resize=350%2C200&ssl=1 1x, https:\/\/i0.wp.com\/blogdafeira.com.br\/home\/wp-content\/uploads\/2023\/01\/23012023114359.jpg?resize=525%2C300&ssl=1 1.5x, https:\/\/i0.wp.com\/blogdafeira.com.br\/home\/wp-content\/uploads\/2023\/01\/23012023114359.jpg?resize=700%2C400&ssl=1 2x, https:\/\/i0.wp.com\/blogdafeira.com.br\/home\/wp-content\/uploads\/2023\/01\/23012023114359.jpg?resize=1050%2C600&ssl=1 3x"},"classes":[]},{"id":41392,"url":"https:\/\/blogdafeira.com.br\/home\/2020\/10\/27\/vereadores-aprovam-orcamento-de-feira-nos-proximos-dias15-bilhao-de-reais\/","url_meta":{"origin":56078,"position":5},"title":"Vereadores aprovam Or\u00e7amento de Feira nos pr\u00f3ximos dias:1,5 bilh\u00e3o de reais","author":"Ascom\/C\u00e2mara","date":"27\/10\/2020","format":false,"excerpt":"A C\u00e2mara de Vereadores de Feira de Santana iniciou oficialmente a discuss\u00e3o do Projeto do Poder Executivo que institui a Lei Or\u00e7ament\u00e1ria Anual (LOA) de 2021, ou seja, o Or\u00e7amento do Munic\u00edpio para este ano que est\u00e1 estimado em quase 1 bilh\u00e3o e 500 milh\u00f5es, exatamente R$ 1.486.022.038,00 (um bilh\u00e3o,\u2026","rel":"","context":"Em &quot;Cidade&quot;","block_context":{"text":"Cidade","link":"https:\/\/blogdafeira.com.br\/home\/categoria\/cidade\/"},"img":{"alt_text":"","src":"https:\/\/i0.wp.com\/blogdafeira.com.br\/home\/wp-content\/uploads\/2020\/10\/IMG_20201017_153216_452-scaled.jpg?resize=350%2C200&ssl=1","width":350,"height":200,"srcset":"https:\/\/i0.wp.com\/blogdafeira.com.br\/home\/wp-content\/uploads\/2020\/10\/IMG_20201017_153216_452-scaled.jpg?resize=350%2C200&ssl=1 1x, https:\/\/i0.wp.com\/blogdafeira.com.br\/home\/wp-content\/uploads\/2020\/10\/IMG_20201017_153216_452-scaled.jpg?resize=525%2C300&ssl=1 1.5x, https:\/\/i0.wp.com\/blogdafeira.com.br\/home\/wp-content\/uploads\/2020\/10\/IMG_20201017_153216_452-scaled.jpg?resize=700%2C400&ssl=1 2x, https:\/\/i0.wp.com\/blogdafeira.com.br\/home\/wp-content\/uploads\/2020\/10\/IMG_20201017_153216_452-scaled.jpg?resize=1050%2C600&ssl=1 3x, https:\/\/i0.wp.com\/blogdafeira.com.br\/home\/wp-content\/uploads\/2020\/10\/IMG_20201017_153216_452-scaled.jpg?resize=1400%2C800&ssl=1 4x"},"classes":[]}],"_links":{"self":[{"href":"https:\/\/blogdafeira.com.br\/home\/wp-json\/wp\/v2\/posts\/56078","targetHints":{"allow":["GET"]}}],"collection":[{"href":"https:\/\/blogdafeira.com.br\/home\/wp-json\/wp\/v2\/posts"}],"about":[{"href":"https:\/\/blogdafeira.com.br\/home\/wp-json\/wp\/v2\/types\/post"}],"author":[{"embeddable":true,"href":"https:\/\/blogdafeira.com.br\/home\/wp-json\/wp\/v2\/users\/1"}],"replies":[{"embeddable":true,"href":"https:\/\/blogdafeira.com.br\/home\/wp-json\/wp\/v2\/comments?post=56078"}],"version-history":[{"count":4,"href":"https:\/\/blogdafeira.com.br\/home\/wp-json\/wp\/v2\/posts\/56078\/revisions"}],"predecessor-version":[{"id":56083,"href":"https:\/\/blogdafeira.com.br\/home\/wp-json\/wp\/v2\/posts\/56078\/revisions\/56083"}],"wp:featuredmedia":[{"embeddable":true,"href":"https:\/\/blogdafeira.com.br\/home\/wp-json\/wp\/v2\/media\/56079"}],"wp:attachment":[{"href":"https:\/\/blogdafeira.com.br\/home\/wp-json\/wp\/v2\/media?parent=56078"}],"wp:term":[{"taxonomy":"category","embeddable":true,"href":"https:\/\/blogdafeira.com.br\/home\/wp-json\/wp\/v2\/categories?post=56078"},{"taxonomy":"post_tag","embeddable":true,"href":"https:\/\/blogdafeira.com.br\/home\/wp-json\/wp\/v2\/tags?post=56078"}],"curies":[{"name":"wp","href":"https:\/\/api.w.org\/{rel}","templated":true}]}}