{"id":56359,"date":"2023-02-02T17:40:11","date_gmt":"2023-02-02T20:40:11","guid":{"rendered":"https:\/\/blogdafeira.com.br\/home\/?p=56359"},"modified":"2023-04-28T21:58:33","modified_gmt":"2023-04-29T00:58:33","slug":"matriculados-650-mil-estudantes-na-rede-estadual-de-ensino-da-bahia","status":"publish","type":"post","link":"https:\/\/blogdafeira.com.br\/home\/2023\/02\/02\/matriculados-650-mil-estudantes-na-rede-estadual-de-ensino-da-bahia\/","title":{"rendered":"Matriculados 650 mil estudantes na rede estadual de ensino da Bahia"},"content":{"rendered":"<div id=\"blogd-4250523461\" class=\"blogd-fim-do-post-mobile blogd-entity-placement\" style=\"margin-left: auto;margin-right: auto;text-align: center;\"><a href=\"https:\/\/www.sefaz.feiradesantana.ba.gov.br\/\" target=\"_blank\" aria-label=\"728&#215;90 (6)\"><img loading=\"lazy\" decoding=\"async\" src=\"https:\/\/blogdafeira.com.br\/home\/wp-content\/uploads\/2026\/03\/728x90-6.gif\" alt=\"\"  class=\"no-lazyload\" width=\"728\" height=\"90\"  style=\"display: inline-block;\" \/><\/a><\/div><p>Mais de 650 mil matr\u00edculas foram realizadas em escolas da rede estadual de ensino ap\u00f3s o fim do per\u00edodo de inscri\u00e7\u00f5es on-line, que foi realizado pela Secretaria da Educa\u00e7\u00e3o da Bahia (SEC) entre os dias 16 e 24 de janeiro. O ano letivo ter\u00e1 in\u00edcio no dia 6 de fevereiro com a presen\u00e7a de, pelo menos, 654.747 estudantes que j\u00e1 efetivaram suas matr\u00edculas em uma das 1.075 unidades escolares do Estado.<\/p><div id=\"blogd-2658554546\" class=\"blogd-conteudo-2-mobile blogd-entity-placement\"><a href=\"https:\/\/feirenses.com.br\/\" target=\"_blank\" aria-label=\"feirenses\"><img loading=\"lazy\" decoding=\"async\" src=\"https:\/\/blogdafeira.com.br\/home\/wp-content\/uploads\/2026\/04\/feirenses.png\" alt=\"\"  srcset=\"https:\/\/blogdafeira.com.br\/home\/wp-content\/uploads\/2026\/04\/feirenses.png 300w, https:\/\/blogdafeira.com.br\/home\/wp-content\/uploads\/2026\/04\/feirenses-170x45.png 170w, https:\/\/blogdafeira.com.br\/home\/wp-content\/uploads\/2026\/04\/feirenses-280x74.png 280w\" sizes=\"(max-width: 300px) 100vw, 300px\" class=\"no-lazyload\" width=\"300\" height=\"79\"  style=\"display: inline-block;\" \/><\/a><\/div>\n<p>\u201cA matr\u00edcula on-line foi um sucesso. N\u00e3o houve registro de fila na porta das escolas e tivemos um processo tranquilo at\u00e9 o dia 24 de janeiro. Ap\u00f3s esse per\u00edodo, n\u00f3s mantivemos as matr\u00edculas abertas de forma presencial, porque a nossa meta \u00e9 garantir todo mundo na escola e tem vaga garantida para todo mundo\u201d, disse a secret\u00e1ria estadual da Educa\u00e7\u00e3o, Ad\u00e9lia Pinheiro.<\/p>\n<p>Em reuni\u00e3o em Bras\u00edlia, no \u00faltimo dia 27 de janeiro, a gestora se reuniu com Julia Ribeiro, oficial de Educa\u00e7\u00e3o, e M\u00f4nica Pinto, chefe de Educa\u00e7\u00e3o, entre outros representantes do Fundo das Na\u00e7\u00f5es Unidas para a Inf\u00e2ncia (UNICEF), para fortalecer e ampliar o Busca Ativa na Bahia \u2013 programa desenvolvido pelo \u00f3rg\u00e3o federal em todo o pa\u00eds para apoiar gestores p\u00fablicos na identifica\u00e7\u00e3o, na matr\u00edcula e no acompanhamento de crian\u00e7as e adolescentes que est\u00e3o fora da escola ou em risco de abandon\u00e1-la, bem como para contribuir no atendimento dos demais servi\u00e7os p\u00fablicos da rede de prote\u00e7\u00e3o.<\/p>\n<p>A busca ativa \u00e9 uma estrat\u00e9gia para sensibilizar a sociedade local, especialmente as comunidades mais vulner\u00e1veis, possibilitando que toda crian\u00e7a e adolescente tenham acesso \u00e0 educa\u00e7\u00e3o. O Estado e os munic\u00edpios, em parceria com as secretarias de Educa\u00e7\u00e3o, Assist\u00eancia Social e Sa\u00fade, trabalham de forma colaborativa na execu\u00e7\u00e3o das a\u00e7\u00f5es, desde a identifica\u00e7\u00e3o da crian\u00e7a ou do adolescente fora da escola. \u201cVamos continuar mobilizando toda a sociedade para que, juntos, possamos incentivar aqueles que ainda n\u00e3o se matricularam. No que depender do nosso esfor\u00e7o conjunto e das a\u00e7\u00f5es efetivas do governo do Estado, n\u00e3o teremos ningu\u00e9m fora da escola em 2023\u201d, acrescentou Ad\u00e9lia Pinheiro.<\/p>\n<p>O superintendente de Gest\u00e3o da Informa\u00e7\u00e3o Educacional da SEC, Rainer Guimar\u00e3es, fez um balan\u00e7o da busca ativa na p\u00f3s-matr\u00edcula oficial na rede estadual. &#8220;Ap\u00f3s o per\u00edodo formal de matr\u00edcula, j\u00e1 conseguimos identificar aqueles estudantes da nossa rede que est\u00e3o em risco de evas\u00e3o, ou seja, que ainda n\u00e3o fizeram a matr\u00edcula em uma de nossas escolas. Desde ent\u00e3o, estamos trabalhando para que sejam rematriculados, no caso de n\u00e3o estarem em outra rede de ensino. Esta \u00e9 uma a\u00e7\u00e3o que segue durante todo o m\u00eas de fevereiro. A nossa miss\u00e3o \u00e9 todo mundo na escola&#8221;.<\/p>\n<p>Na Bahia, 351 munic\u00edpios j\u00e1 aderiram ao Busca Ativa. \u201cMas queremos mais, queremos todos envolvidos, independentemente de suas posi\u00e7\u00f5es pol\u00edtico-partid\u00e1rias, porque a nossa meta \u00e9 todo mundo na escola\u201d, pontuou a secret\u00e1ria. A ades\u00e3o ao programa deve ser feita pelo site\u00a0<a href=\"https:\/\/buscaativaescolar.org.br\/\" target=\"_blank\" rel=\"noopener\" data-saferedirecturl=\"https:\/\/www.google.com\/url?q=https:\/\/buscaativaescolar.org.br\/&amp;source=gmail&amp;ust=1675456571656000&amp;usg=AOvVaw0ly_w_NJyQzQG9vVBx-rvY\">https:\/\/buscaativaescolar.org.<wbr \/>br\/<\/a>. Para otimizar ainda mais o processo, a SEC promove a\u00e7\u00f5es de acompanhamento aos munic\u00edpios nos 27 N\u00facleos Territoriais de Educa\u00e7\u00e3o (NTEs) que j\u00e1 realizaram ou n\u00e3o a ades\u00e3o, a partir de atividade como mobiliza\u00e7\u00f5es, capacita\u00e7\u00f5es e orienta\u00e7\u00f5es.<\/p>\n<div id=\"blogd-1508333456\" class=\"blogd-final-post blogd-entity-placement\"><a href=\"https:\/\/www.feiradesantana.ba.leg.br\/\" target=\"_blank\" aria-label=\"BANNER-SITE-ENTREGADECHEQUE-CAMARADEFEIRA\"><img loading=\"lazy\" decoding=\"async\" src=\"https:\/\/blogdafeira.com.br\/home\/wp-content\/uploads\/2026\/03\/BANNER-SITE-ENTREGADECHEQUE-CAMARADEFEIRA.gif\" alt=\"\"  class=\"no-lazyload\" width=\"728\" height=\"90\"   \/><\/a><\/div><p>No caso de identifica\u00e7\u00e3o de crian\u00e7as e adolescentes fora da escola, a SEC orienta cada munic\u00edpio a entrar em contato atrav\u00e9s do e-mail\u00a0<a href=\"mailto:busca.ativa@enov.educacao.ba.gov.br\" target=\"_blank\" rel=\"noopener\">busca.ativa@enov.educacao.ba.<wbr \/>gov.br<\/a>\u00a0ou pelo telefone (71) 3115-9174 ou, ainda, por meio do UNICEF, pelo e-mail\u00a0<a href=\"mailto:contato@buscaativaescolar.org.br\" target=\"_blank\" rel=\"noopener\">contato@buscaativaescolar.org.<wbr \/>br<\/a>\u00a0ou via 0800-729-2872.<\/p>\n","protected":false},"excerpt":{"rendered":"<p>Mais de 650 mil matr\u00edculas foram realizadas em escolas da rede estadual de ensino ap\u00f3s o fim do per\u00edodo de inscri\u00e7\u00f5es on-line, que foi realizado pela Secretaria da Educa\u00e7\u00e3o da Bahia (SEC) entre os dias 16 e 24 de janeiro. O ano letivo ter\u00e1 in\u00edcio no dia 6 de fevereiro com a presen\u00e7a de, pelo<\/p>\n","protected":false},"author":1,"featured_media":56360,"comment_status":"open","ping_status":"open","sticky":false,"template":"","format":"standard","meta":{"jetpack_post_was_ever_published":false,"cybocfi_hide_featured_image":"","_jetpack_newsletter_access":"","_jetpack_dont_email_post_to_subs":false,"_jetpack_newsletter_tier_id":0,"_jetpack_memberships_contains_paywalled_content":false,"_jetpack_memberships_contains_paid_content":false,"footnotes":"","jetpack_publicize_message":"","jetpack_publicize_feature_enabled":true,"jetpack_social_post_already_shared":true,"jetpack_social_options":{"image_generator_settings":{"template":"highway","default_image_id":0,"font":"","enabled":false},"version":2}},"categories":[680,1],"tags":[],"class_list":["post-56359","post","type-post","status-publish","format-standard","has-post-thumbnail","hentry","category-bahia","category-raiz"],"jetpack_publicize_connections":[],"jetpack_featured_media_url":"https:\/\/blogdafeira.com.br\/home\/wp-content\/uploads\/2023\/02\/matriculas.jpeg","jetpack_shortlink":"https:\/\/wp.me\/p3niVf-eF1","jetpack_sharing_enabled":true,"jetpack-related-posts":[{"id":65048,"url":"https:\/\/blogdafeira.com.br\/home\/2025\/01\/03\/matriculas-na-rede-estadual-serao-feitas-via-on-line-a-partir-do-dia-13\/","url_meta":{"origin":56359,"position":0},"title":"Matr\u00edculas na rede estadual ser\u00e3o feitas via on-line a partir do dia 13","author":"Secom\/Bahia","date":"03\/01\/2025","format":false,"excerpt":"A Secretaria da Educa\u00e7\u00e3o (SEC) anunciou o per\u00edodo de matr\u00edcula para o ano letivo de 2025, que acontecer\u00e1 de 13 a 21 de janeiro, de forma totalmente on-line. Para agilizar o processo, os interessados, que ainda n\u00e3o t\u00eam conta na plataforma ba.gov.br, devem realizar um cadastro pr\u00e9vio no portal e,\u2026","rel":"","context":"Em &quot;Geral&quot;","block_context":{"text":"Geral","link":"https:\/\/blogdafeira.com.br\/home\/categoria\/geral\/"},"img":{"alt_text":"","src":"https:\/\/i0.wp.com\/blogdafeira.com.br\/home\/wp-content\/uploads\/2025\/01\/image_2024-01-17_12-23-57-1-e1706105859315.png?resize=350%2C200&ssl=1","width":350,"height":200,"srcset":"https:\/\/i0.wp.com\/blogdafeira.com.br\/home\/wp-content\/uploads\/2025\/01\/image_2024-01-17_12-23-57-1-e1706105859315.png?resize=350%2C200&ssl=1 1x, https:\/\/i0.wp.com\/blogdafeira.com.br\/home\/wp-content\/uploads\/2025\/01\/image_2024-01-17_12-23-57-1-e1706105859315.png?resize=525%2C300&ssl=1 1.5x, https:\/\/i0.wp.com\/blogdafeira.com.br\/home\/wp-content\/uploads\/2025\/01\/image_2024-01-17_12-23-57-1-e1706105859315.png?resize=700%2C400&ssl=1 2x"},"classes":[]},{"id":34132,"url":"https:\/\/blogdafeira.com.br\/home\/2019\/11\/22\/matricula-100-on-line-deve-atingir-mais-de-500-mil-estudantes-da-rede-publica-do-estado-da-bahia\/","url_meta":{"origin":56359,"position":1},"title":"Matr\u00edcula 100% on-line deve atingir mais de 500 mil estudantes da rede p\u00fablica do estado da Bahia","author":"Secom\/Bahia","date":"22\/11\/2019","format":false,"excerpt":"foto: Claudia Oliveira Mais de 500 mil estudantes devem renovar a matr\u00edcula na rede estadual de ensino para o ano letivo de 2020. O processo de pr\u00e9-matr\u00edcula 100% on line que come\u00e7ou ontem (quinta-feira,21) e segue at\u00e9 o dia 10 de dezembro, dever\u00e1 ser feito por todos os estudantes com\u2026","rel":"","context":"Em &quot;Home&quot;","block_context":{"text":"Home","link":"https:\/\/blogdafeira.com.br\/home\/categoria\/raiz\/"},"img":{"alt_text":"","src":"https:\/\/i0.wp.com\/blogdafeira.com.br\/home\/wp-content\/uploads\/2019\/11\/Foto-Cl%C3%A1udia-Oliveira-1024x498.jpg?resize=350%2C200","width":350,"height":200,"srcset":"https:\/\/i0.wp.com\/blogdafeira.com.br\/home\/wp-content\/uploads\/2019\/11\/Foto-Cl%C3%A1udia-Oliveira-1024x498.jpg?resize=350%2C200 1x, https:\/\/i0.wp.com\/blogdafeira.com.br\/home\/wp-content\/uploads\/2019\/11\/Foto-Cl%C3%A1udia-Oliveira-1024x498.jpg?resize=525%2C300 1.5x, https:\/\/i0.wp.com\/blogdafeira.com.br\/home\/wp-content\/uploads\/2019\/11\/Foto-Cl%C3%A1udia-Oliveira-1024x498.jpg?resize=700%2C400 2x"},"classes":[]},{"id":25492,"url":"https:\/\/blogdafeira.com.br\/home\/2017\/01\/23\/matricula-na-rede-estadual-de-ensino-da-bahia-comeca-nesta-terca-feira\/","url_meta":{"origin":56359,"position":2},"title":"Matr\u00edcula na rede estadual de ensino da Bahia come\u00e7a nesta ter\u00e7a-feira","author":"Secom\/Bahia","date":"23\/01\/2017","format":false,"excerpt":"A Secretaria da Educa\u00e7\u00e3o do Estado inicia, nesta ter\u00e7a-feira (24), a matr\u00edcula na rede estadual de ensino. O calend\u00e1rio segue at\u00e9 o pr\u00f3ximo dia 31, e cada dia \u00e9 direcionado a um p\u00fablico espec\u00edfico. Os estudantes da rede estadual que v\u00e3o mudar de escola e os alunos oriundos das redes\u2026","rel":"","context":"Em &quot;Home&quot;","block_context":{"text":"Home","link":"https:\/\/blogdafeira.com.br\/home\/categoria\/raiz\/"},"img":{"alt_text":"","src":"","width":0,"height":0},"classes":[]},{"id":49104,"url":"https:\/\/blogdafeira.com.br\/home\/2021\/12\/04\/comeca-na-segunda-6-a-renovacao-de-matricula-para-estudantes-da-rede-estadual-de-ensino\/","url_meta":{"origin":56359,"position":3},"title":"Come\u00e7a na segunda (6) a renova\u00e7\u00e3o de matr\u00edcula para estudantes da rede estadual de ensino","author":"Secom\/Bahia","date":"04\/12\/2021","format":false,"excerpt":"Come\u00e7a nesta segunda-feira (6), e segue at\u00e9 o dia 28 de dezembro, a renova\u00e7\u00e3o da matr\u00edcula para o ano letivo 2022 dos estudantes da rede estadual de ensino devidamente matriculados e com frequ\u00eancia regular no ano letivo 2021. A matr\u00edcula para alunos novos ser\u00e1 realizada no m\u00eas de janeiro em\u2026","rel":"","context":"Em &quot;Bahia&quot;","block_context":{"text":"Bahia","link":"https:\/\/blogdafeira.com.br\/home\/categoria\/bahia\/"},"img":{"alt_text":"","src":"https:\/\/i0.wp.com\/blogdafeira.com.br\/home\/wp-content\/uploads\/2021\/12\/Estudante-1068x710-1.jpeg?resize=350%2C200&ssl=1","width":350,"height":200,"srcset":"https:\/\/i0.wp.com\/blogdafeira.com.br\/home\/wp-content\/uploads\/2021\/12\/Estudante-1068x710-1.jpeg?resize=350%2C200&ssl=1 1x, https:\/\/i0.wp.com\/blogdafeira.com.br\/home\/wp-content\/uploads\/2021\/12\/Estudante-1068x710-1.jpeg?resize=525%2C300&ssl=1 1.5x, https:\/\/i0.wp.com\/blogdafeira.com.br\/home\/wp-content\/uploads\/2021\/12\/Estudante-1068x710-1.jpeg?resize=700%2C400&ssl=1 2x, https:\/\/i0.wp.com\/blogdafeira.com.br\/home\/wp-content\/uploads\/2021\/12\/Estudante-1068x710-1.jpeg?resize=1050%2C600&ssl=1 3x"},"classes":[]},{"id":64592,"url":"https:\/\/blogdafeira.com.br\/home\/2024\/11\/12\/renovacao-de-matricula-para-estudantes-da-rede-estadual-comeca-na-proxima-segunda-feira-18\/","url_meta":{"origin":56359,"position":4},"title":"Renova\u00e7\u00e3o de matr\u00edcula para estudantes da rede estadual come\u00e7a na pr\u00f3xima segunda-feira (18)","author":"Secom\/Bahia","date":"12\/11\/2024","format":false,"excerpt":"O per\u00edodo de renova\u00e7\u00e3o de matr\u00edcula da rede estadual de ensino para o ano letivo 2025 ser\u00e1 iniciado, na pr\u00f3xima segunda-feira (18) e, prossegue, at\u00e9 o dia 29 de novembro. A renova\u00e7\u00e3o deve ser realizada presencialmente, na escola onde o estudante est\u00e1 matriculado. \u00c9 importante ficar atento ao cronograma de\u2026","rel":"","context":"Em &quot;Geral&quot;","block_context":{"text":"Geral","link":"https:\/\/blogdafeira.com.br\/home\/categoria\/geral\/"},"img":{"alt_text":"","src":"https:\/\/i0.wp.com\/blogdafeira.com.br\/home\/wp-content\/uploads\/2024\/11\/Foto-Amanda-Chung-24-1068x712-1.jpeg?resize=350%2C200&ssl=1","width":350,"height":200,"srcset":"https:\/\/i0.wp.com\/blogdafeira.com.br\/home\/wp-content\/uploads\/2024\/11\/Foto-Amanda-Chung-24-1068x712-1.jpeg?resize=350%2C200&ssl=1 1x, https:\/\/i0.wp.com\/blogdafeira.com.br\/home\/wp-content\/uploads\/2024\/11\/Foto-Amanda-Chung-24-1068x712-1.jpeg?resize=525%2C300&ssl=1 1.5x, https:\/\/i0.wp.com\/blogdafeira.com.br\/home\/wp-content\/uploads\/2024\/11\/Foto-Amanda-Chung-24-1068x712-1.jpeg?resize=700%2C400&ssl=1 2x, https:\/\/i0.wp.com\/blogdafeira.com.br\/home\/wp-content\/uploads\/2024\/11\/Foto-Amanda-Chung-24-1068x712-1.jpeg?resize=1050%2C600&ssl=1 3x"},"classes":[]},{"id":56211,"url":"https:\/\/blogdafeira.com.br\/home\/2023\/01\/16\/matricula-online-da-rede-estadual-de-ensino-vai-ate-o-proximo-dia-24\/","url_meta":{"origin":56359,"position":5},"title":"Matr\u00edcula online da rede estadual de ensino vai at\u00e9 o pr\u00f3ximo dia 24","author":"Secom\/Bahia","date":"16\/01\/2023","format":false,"excerpt":"Come\u00e7ou hoje, 16, a matr\u00edcula online da rede estadual de ensino, pelo portal da Educa\u00e7\u00e3o (www.educacao.ba.gov.br). As vagas disponibilizadas nesta segunda ser\u00e3o, exclusivamente, para Pessoas com Defici\u00eancia (PcD), mas a matr\u00edcula segue at\u00e9 o dia 24 de janeiro com um cronograma que atende, em dias espec\u00edficos, estudantes novos dos ensinos\u2026","rel":"","context":"Em &quot;Bahia&quot;","block_context":{"text":"Bahia","link":"https:\/\/blogdafeira.com.br\/home\/categoria\/bahia\/"},"img":{"alt_text":"","src":"https:\/\/i0.wp.com\/blogdafeira.com.br\/home\/wp-content\/uploads\/2023\/01\/Foto-Manu-DiasGOVBA.jpg?resize=350%2C200&ssl=1","width":350,"height":200,"srcset":"https:\/\/i0.wp.com\/blogdafeira.com.br\/home\/wp-content\/uploads\/2023\/01\/Foto-Manu-DiasGOVBA.jpg?resize=350%2C200&ssl=1 1x, https:\/\/i0.wp.com\/blogdafeira.com.br\/home\/wp-content\/uploads\/2023\/01\/Foto-Manu-DiasGOVBA.jpg?resize=525%2C300&ssl=1 1.5x"},"classes":[]}],"_links":{"self":[{"href":"https:\/\/blogdafeira.com.br\/home\/wp-json\/wp\/v2\/posts\/56359","targetHints":{"allow":["GET"]}}],"collection":[{"href":"https:\/\/blogdafeira.com.br\/home\/wp-json\/wp\/v2\/posts"}],"about":[{"href":"https:\/\/blogdafeira.com.br\/home\/wp-json\/wp\/v2\/types\/post"}],"author":[{"embeddable":true,"href":"https:\/\/blogdafeira.com.br\/home\/wp-json\/wp\/v2\/users\/1"}],"replies":[{"embeddable":true,"href":"https:\/\/blogdafeira.com.br\/home\/wp-json\/wp\/v2\/comments?post=56359"}],"version-history":[{"count":1,"href":"https:\/\/blogdafeira.com.br\/home\/wp-json\/wp\/v2\/posts\/56359\/revisions"}],"predecessor-version":[{"id":56361,"href":"https:\/\/blogdafeira.com.br\/home\/wp-json\/wp\/v2\/posts\/56359\/revisions\/56361"}],"wp:featuredmedia":[{"embeddable":true,"href":"https:\/\/blogdafeira.com.br\/home\/wp-json\/wp\/v2\/media\/56360"}],"wp:attachment":[{"href":"https:\/\/blogdafeira.com.br\/home\/wp-json\/wp\/v2\/media?parent=56359"}],"wp:term":[{"taxonomy":"category","embeddable":true,"href":"https:\/\/blogdafeira.com.br\/home\/wp-json\/wp\/v2\/categories?post=56359"},{"taxonomy":"post_tag","embeddable":true,"href":"https:\/\/blogdafeira.com.br\/home\/wp-json\/wp\/v2\/tags?post=56359"}],"curies":[{"name":"wp","href":"https:\/\/api.w.org\/{rel}","templated":true}]}}