{"id":56564,"date":"2023-02-22T12:58:22","date_gmt":"2023-02-22T15:58:22","guid":{"rendered":"https:\/\/blogdafeira.com.br\/home\/?p=56564"},"modified":"2023-04-28T21:58:29","modified_gmt":"2023-04-29T00:58:29","slug":"violeiros-repentistas-ceara-e-ze-francisco-vao-ao-tocantins","status":"publish","type":"post","link":"https:\/\/blogdafeira.com.br\/home\/2023\/02\/22\/violeiros-repentistas-ceara-e-ze-francisco-vao-ao-tocantins\/","title":{"rendered":"Violeiros repentistas Cear\u00e1 e Z\u00e9 Francisco v\u00e3o ao Tocantins"},"content":{"rendered":"<div id=\"blogd-1625313261\" class=\"blogd-fim-do-post-mobile blogd-entity-placement\" style=\"margin-left: auto;margin-right: auto;text-align: center;\"><a href=\"https:\/\/www.sefaz.feiradesantana.ba.gov.br\/\" target=\"_blank\" aria-label=\"728&#215;90 (6)\"><img loading=\"lazy\" decoding=\"async\" src=\"https:\/\/blogdafeira.com.br\/home\/wp-content\/uploads\/2026\/03\/728x90-6.gif\" alt=\"\"  class=\"no-lazyload\" width=\"728\" height=\"90\"  style=\"display: inline-block;\" \/><\/a><\/div><p style=\"text-align: justify;\">Soube no MAP de Feira que o poeta Z\u00e9 Francisco vai ao Tocantins tocar viola e tirar repente em parceria profissional com o violeiro Cear\u00e1, que voc\u00ea v\u00ea nessa foto em primeiro plano, depois\u00a0 o mestre Bule-Bule e o cordelista Jo\u00e3o Ramos. Mas n\u00e3o foi nesse dia a\u00ed que eu soube de Z\u00e9 Francisco e a viagem ao Tocantins. Foi ontem.<\/p><div id=\"blogd-1464033735\" class=\"blogd-conteudo-2-mobile blogd-entity-placement\"><a href=\"https:\/\/feirenses.com.br\/\" target=\"_blank\" aria-label=\"feirenses\"><img loading=\"lazy\" decoding=\"async\" src=\"https:\/\/blogdafeira.com.br\/home\/wp-content\/uploads\/2026\/04\/feirenses.png\" alt=\"\"  srcset=\"https:\/\/blogdafeira.com.br\/home\/wp-content\/uploads\/2026\/04\/feirenses.png 300w, https:\/\/blogdafeira.com.br\/home\/wp-content\/uploads\/2026\/04\/feirenses-170x45.png 170w, https:\/\/blogdafeira.com.br\/home\/wp-content\/uploads\/2026\/04\/feirenses-280x74.png 280w\" sizes=\"(max-width: 300px) 100vw, 300px\" class=\"no-lazyload\" width=\"300\" height=\"79\"  style=\"display: inline-block;\" \/><\/a><\/div>\n<p style=\"text-align: justify;\">Essa foto foi no dia em que o jornalista e escritor de romances de \u00e9poca, Marcondes Ara\u00fajo, foi finalizar um document\u00e1rio audiovisual onde esses tr\u00eas a\u00ed s\u00e3o personagens vivos. <span style=\"color: #3366ff;\"><a style=\"color: #3366ff;\" href=\"https:\/\/www.youtube.com\/live\/StNDc9el010?feature=share\" target=\"_blank\" rel=\"noopener\">Assista TV Brasil.<\/a><\/span><\/p>\n<p style=\"text-align: justify;\">Z\u00e9 Francisco \u00e9 o poeta que h\u00e1 sete anos eu registrei esses versos:<\/p>\n<p><img loading=\"lazy\" decoding=\"async\" class=\"aligncenter size-full wp-image-56565\" src=\"https:\/\/blogdafeira.com.br\/home\/wp-content\/uploads\/2023\/02\/Screenshot_20230222-1214132.png\" alt=\"\" width=\"720\" height=\"414\" srcset=\"https:\/\/blogdafeira.com.br\/home\/wp-content\/uploads\/2023\/02\/Screenshot_20230222-1214132.png 720w, https:\/\/blogdafeira.com.br\/home\/wp-content\/uploads\/2023\/02\/Screenshot_20230222-1214132-346x199.png 346w, https:\/\/blogdafeira.com.br\/home\/wp-content\/uploads\/2023\/02\/Screenshot_20230222-1214132-170x98.png 170w, https:\/\/blogdafeira.com.br\/home\/wp-content\/uploads\/2023\/02\/Screenshot_20230222-1214132-280x161.png 280w\" sizes=\"auto, (max-width: 720px) 100vw, 720px\" \/><\/p>\n<div id=\"blogd-3804329850\" class=\"blogd-final-post blogd-entity-placement\"><a href=\"https:\/\/www.feiradesantana.ba.leg.br\/\" target=\"_blank\" aria-label=\"BANNER-SITE-ENTREGADECHEQUE-CAMARADEFEIRA\"><img loading=\"lazy\" decoding=\"async\" src=\"https:\/\/blogdafeira.com.br\/home\/wp-content\/uploads\/2026\/03\/BANNER-SITE-ENTREGADECHEQUE-CAMARADEFEIRA.gif\" alt=\"\"  class=\"no-lazyload\" width=\"728\" height=\"90\"   \/><\/a><\/div><p><span style=\"color: #3366ff;\"><em><a style=\"color: #3366ff;\" href=\"https:\/\/www.youtube.com\/watch?v=OlxDoWWz1iY\" target=\"_blank\" rel=\"noopener\">&#8220;Estou sofrendo igual um pato<\/a><\/em><\/span><br \/>\n<em><strong>depois que seca uma lagoa<\/strong><\/em><br \/>\n<em><strong>\/uma doen\u00e7a incur\u00e1vel pegou a minha patroa\/<\/strong><\/em><br \/>\n<em><strong>j\u00e1 tem dois anos doente,\/nem morre \/nem fica boa&#8221;<\/strong><\/em><\/p>\n<p><span class=\"embed-youtube\" style=\"text-align:center; display: block;\"><iframe loading=\"lazy\" class=\"youtube-player\" width=\"1170\" height=\"659\" src=\"https:\/\/www.youtube.com\/embed\/OlxDoWWz1iY?version=3&#038;rel=1&#038;showsearch=0&#038;showinfo=1&#038;iv_load_policy=1&#038;fs=1&#038;hl=pt-BR&#038;autohide=2&#038;wmode=transparent\" allowfullscreen=\"true\" style=\"border:0;\" sandbox=\"allow-scripts allow-same-origin allow-popups allow-presentation allow-popups-to-escape-sandbox\"><\/iframe><\/span><\/p>\n","protected":false},"excerpt":{"rendered":"<p>Soube no MAP de Feira que o poeta Z\u00e9 Francisco vai ao Tocantins tocar viola e tirar repente em parceria profissional com o violeiro Cear\u00e1, que voc\u00ea v\u00ea nessa foto em primeiro plano, depois\u00a0 o mestre Bule-Bule e o cordelista Jo\u00e3o Ramos. Mas n\u00e3o foi nesse dia a\u00ed que eu soube de Z\u00e9 Francisco e<\/p>\n","protected":false},"author":8,"featured_media":56570,"comment_status":"open","ping_status":"open","sticky":false,"template":"","format":"standard","meta":{"jetpack_post_was_ever_published":false,"cybocfi_hide_featured_image":"","_jetpack_newsletter_access":"","_jetpack_dont_email_post_to_subs":false,"_jetpack_newsletter_tier_id":0,"_jetpack_memberships_contains_paywalled_content":false,"_jetpack_memberships_contains_paid_content":false,"footnotes":"","jetpack_publicize_message":"","jetpack_publicize_feature_enabled":true,"jetpack_social_post_already_shared":true,"jetpack_social_options":{"image_generator_settings":{"template":"highway","default_image_id":0,"font":"","enabled":false},"version":2}},"categories":[592,4,1],"tags":[],"class_list":["post-56564","post","type-post","status-publish","format-standard","has-post-thumbnail","hentry","category-colunistas","category-cultura","category-raiz"],"jetpack_publicize_connections":[],"jetpack_featured_media_url":"https:\/\/blogdafeira.com.br\/home\/wp-content\/uploads\/2023\/02\/IMG_20230222_113704_657-scaled.jpg","jetpack_shortlink":"https:\/\/wp.me\/p3niVf-eIk","jetpack_sharing_enabled":true,"jetpack-related-posts":[{"id":56940,"url":"https:\/\/blogdafeira.com.br\/home\/2023\/03\/18\/as-aventuras-de-ze-francisco-e-ceara-pelo-tocantins\/","url_meta":{"origin":56564,"position":0},"title":"As aventuras de Z\u00e9 Francisco e Cear\u00e1 pelo Tocantins","author":"J\u00e2nio R\u00eago","date":"18\/03\/2023","format":false,"excerpt":"Aguardo Cear\u00e1 dar as caras pelo MAP. O parceiro dele, Z\u00e9 Francisco, a foto \u00e9 prova, j\u00e1 pintou pela banca de Jurivaldo a viagem que os dois fizeram ao estado do Tocantins at\u00e9 a cidade de Almas.Olha que nome! Almas! Coincid\u00eancia, j\u00e1 tivemos uma Almas baiana aqui perto de Feira.\u2026","rel":"","context":"Em &quot;Colunistas&quot;","block_context":{"text":"Colunistas","link":"https:\/\/blogdafeira.com.br\/home\/categoria\/colunistas\/"},"img":{"alt_text":"","src":"https:\/\/i0.wp.com\/blogdafeira.com.br\/home\/wp-content\/uploads\/2023\/03\/IMG_20230313_114409_756-scaled.jpg?resize=350%2C200&ssl=1","width":350,"height":200,"srcset":"https:\/\/i0.wp.com\/blogdafeira.com.br\/home\/wp-content\/uploads\/2023\/03\/IMG_20230313_114409_756-scaled.jpg?resize=350%2C200&ssl=1 1x, https:\/\/i0.wp.com\/blogdafeira.com.br\/home\/wp-content\/uploads\/2023\/03\/IMG_20230313_114409_756-scaled.jpg?resize=525%2C300&ssl=1 1.5x, https:\/\/i0.wp.com\/blogdafeira.com.br\/home\/wp-content\/uploads\/2023\/03\/IMG_20230313_114409_756-scaled.jpg?resize=700%2C400&ssl=1 2x, https:\/\/i0.wp.com\/blogdafeira.com.br\/home\/wp-content\/uploads\/2023\/03\/IMG_20230313_114409_756-scaled.jpg?resize=1050%2C600&ssl=1 3x, https:\/\/i0.wp.com\/blogdafeira.com.br\/home\/wp-content\/uploads\/2023\/03\/IMG_20230313_114409_756-scaled.jpg?resize=1400%2C800&ssl=1 4x"},"classes":[]},{"id":51972,"url":"https:\/\/blogdafeira.com.br\/home\/2022\/04\/28\/cantoria-de-violeiros-repentistas-dia-7-de-maio-no-map\/","url_meta":{"origin":56564,"position":1},"title":"Cantoria de Violeiros Repentistas dia 7 de maio no MAP","author":"J\u00e2nio R\u00eago","date":"28\/04\/2022","format":false,"excerpt":"Vai ter cantoria p\u00e9 de parede no Mercado de Arte Popular, na pr\u00f3xima semana, no dia 7 de maio, um s\u00e1bado, a partir das 10horas. O poeta Z\u00e9 Francisco est\u00e1 \u00e0 frente e no v\u00eddeo abaixo ele faz o convite e explica com quem vai ser a peleja. Poeta espirituoso,\u2026","rel":"","context":"Em &quot;Colunistas&quot;","block_context":{"text":"Colunistas","link":"https:\/\/blogdafeira.com.br\/home\/categoria\/colunistas\/"},"img":{"alt_text":"","src":"https:\/\/i0.wp.com\/blogdafeira.com.br\/home\/wp-content\/uploads\/2022\/04\/Screenshot_20220428-1757462.png?resize=350%2C200&ssl=1","width":350,"height":200,"srcset":"https:\/\/i0.wp.com\/blogdafeira.com.br\/home\/wp-content\/uploads\/2022\/04\/Screenshot_20220428-1757462.png?resize=350%2C200&ssl=1 1x, https:\/\/i0.wp.com\/blogdafeira.com.br\/home\/wp-content\/uploads\/2022\/04\/Screenshot_20220428-1757462.png?resize=525%2C300&ssl=1 1.5x"},"classes":[]},{"id":59588,"url":"https:\/\/blogdafeira.com.br\/home\/2023\/09\/29\/na-feira-do-livro-em-feira-e-proibido-beijar\/","url_meta":{"origin":56564,"position":2},"title":"&#8220;Na Feira do Livro em Feira \u00e9 proibido beijar?&#8221;","author":"J\u00e2nio R\u00eago","date":"29\/09\/2023","format":false,"excerpt":"L\u00e1 na Pra\u00e7a do Cordel\/ n\u00e3o pode beijar ningu\u00e9m\/ porque at\u00e9 fiscal tem\/ olhando o nosso papel\/ Sou rom\u00e2ntico e menestrel\/ beijo porque sei amar\/ E algu\u00e9m veio me reclamar\/ e praticou uma besteira\/ Na Feira do Livro em Feira, \u00e9 proibido beijar? O poeta repentista e violeiro Z\u00e9 Francisco\u2026","rel":"","context":"Em &quot;Colunistas&quot;","block_context":{"text":"Colunistas","link":"https:\/\/blogdafeira.com.br\/home\/categoria\/colunistas\/"},"img":{"alt_text":"","src":"https:\/\/i0.wp.com\/blogdafeira.com.br\/home\/wp-content\/uploads\/2023\/09\/IMG_20230929_130846527_HDR-scaled.jpg?resize=350%2C200&ssl=1","width":350,"height":200,"srcset":"https:\/\/i0.wp.com\/blogdafeira.com.br\/home\/wp-content\/uploads\/2023\/09\/IMG_20230929_130846527_HDR-scaled.jpg?resize=350%2C200&ssl=1 1x, https:\/\/i0.wp.com\/blogdafeira.com.br\/home\/wp-content\/uploads\/2023\/09\/IMG_20230929_130846527_HDR-scaled.jpg?resize=525%2C300&ssl=1 1.5x, https:\/\/i0.wp.com\/blogdafeira.com.br\/home\/wp-content\/uploads\/2023\/09\/IMG_20230929_130846527_HDR-scaled.jpg?resize=700%2C400&ssl=1 2x, https:\/\/i0.wp.com\/blogdafeira.com.br\/home\/wp-content\/uploads\/2023\/09\/IMG_20230929_130846527_HDR-scaled.jpg?resize=1050%2C600&ssl=1 3x, https:\/\/i0.wp.com\/blogdafeira.com.br\/home\/wp-content\/uploads\/2023\/09\/IMG_20230929_130846527_HDR-scaled.jpg?resize=1400%2C800&ssl=1 4x"},"classes":[]},{"id":52154,"url":"https:\/\/blogdafeira.com.br\/home\/2022\/05\/08\/cantoria-no-map-que-venha-logo-a-proxima\/","url_meta":{"origin":56564,"position":3},"title":"&#8216;Cantoria no MAP&#8217;. Que venha logo a pr\u00f3xima!","author":"Blog da Feira","date":"08\/05\/2022","format":false,"excerpt":"CANTORIA NO MAP, s\u00e1bado passado, sob a batuta de Carlinhos Pedrosa, com participa\u00e7\u00f5es de diversos artistas do repente, do cordel e da poesia popular, e estrelado por Z\u00e9 Francisco, violeiro de Feira que dividiu o palco com Jos\u00e9 Soares de Caruaru. Bom p\u00fablico, bandeja boa e agradou os poetas. Feira\u2026","rel":"","context":"Em &quot;Cultura&quot;","block_context":{"text":"Cultura","link":"https:\/\/blogdafeira.com.br\/home\/categoria\/cultura\/"},"img":{"alt_text":"","src":"https:\/\/i0.wp.com\/blogdafeira.com.br\/home\/wp-content\/uploads\/2022\/05\/IMG_20220508_113857_162.webp?resize=350%2C200&ssl=1","width":350,"height":200,"srcset":"https:\/\/i0.wp.com\/blogdafeira.com.br\/home\/wp-content\/uploads\/2022\/05\/IMG_20220508_113857_162.webp?resize=350%2C200&ssl=1 1x, https:\/\/i0.wp.com\/blogdafeira.com.br\/home\/wp-content\/uploads\/2022\/05\/IMG_20220508_113857_162.webp?resize=525%2C300&ssl=1 1.5x, https:\/\/i0.wp.com\/blogdafeira.com.br\/home\/wp-content\/uploads\/2022\/05\/IMG_20220508_113857_162.webp?resize=700%2C400&ssl=1 2x, https:\/\/i0.wp.com\/blogdafeira.com.br\/home\/wp-content\/uploads\/2022\/05\/IMG_20220508_113857_162.webp?resize=1050%2C600&ssl=1 3x"},"classes":[]},{"id":52013,"url":"https:\/\/blogdafeira.com.br\/home\/2022\/05\/02\/cantoria-no-map-reverencia-a-trajetoria-de-joao-ramos-e-caboquinho\/","url_meta":{"origin":56564,"position":4},"title":"&#8216;Cantoria no MAP&#8217; reverencia a trajet\u00f3ria de Jo\u00e3o Ramos e Caboquinho","author":"Blog da Feira","date":"02\/05\/2022","format":false,"excerpt":"Dois irm\u00e3os violeiros repentistas - Jo\u00e3o Ramos e Caboquinho - mantiveram acesa a chama da Cantoria de Viola com um evento municipal e anual, o Festival de Violeiros de Feira de Santana com mais de 40 edi\u00e7\u00f5es. A 'saga'\u00a0 dessa fam\u00edlia come\u00e7ou com o pai, Dadinho que junto ao filho\u2026","rel":"","context":"Em &quot;Cidade&quot;","block_context":{"text":"Cidade","link":"https:\/\/blogdafeira.com.br\/home\/categoria\/cidade\/"},"img":{"alt_text":"","src":"https:\/\/i0.wp.com\/blogdafeira.com.br\/home\/wp-content\/uploads\/2022\/05\/joao-ramos.jpg?resize=350%2C200&ssl=1","width":350,"height":200,"srcset":"https:\/\/i0.wp.com\/blogdafeira.com.br\/home\/wp-content\/uploads\/2022\/05\/joao-ramos.jpg?resize=350%2C200&ssl=1 1x, https:\/\/i0.wp.com\/blogdafeira.com.br\/home\/wp-content\/uploads\/2022\/05\/joao-ramos.jpg?resize=525%2C300&ssl=1 1.5x, https:\/\/i0.wp.com\/blogdafeira.com.br\/home\/wp-content\/uploads\/2022\/05\/joao-ramos.jpg?resize=700%2C400&ssl=1 2x"},"classes":[]},{"id":64406,"url":"https:\/\/blogdafeira.com.br\/home\/2024\/10\/22\/cunco-duplas-de-repentistas-vao-participar-do-festival-de-violeiros-de-feira\/","url_meta":{"origin":56564,"position":5},"title":"Cinco duplas de repentistas v\u00e3o participar do  Festival de Violeiros de Feira","author":"Blog da Feira","date":"22\/10\/2024","format":false,"excerpt":"A 46\u00aa edi\u00e7\u00e3o do Festival de Violeiros de Feira de Santana acontece no Teatro do Cuca, pr\u00f3ximo dia 1\u00b0, a partir das 18h, Para abrir e fechar o evento, o Festival contar\u00e1 com a apresenta\u00e7\u00e3o do poeta popular Bule-Bule. Entrada gratuita. Este ano, 5 duplas convidadas disputar\u00e3o o primeiro lugar\u2026","rel":"","context":"Em &quot;Cultura&quot;","block_context":{"text":"Cultura","link":"https:\/\/blogdafeira.com.br\/home\/categoria\/cultura\/"},"img":{"alt_text":"","src":"https:\/\/i0.wp.com\/blogdafeira.com.br\/home\/wp-content\/uploads\/2024\/10\/20241022_094421.jpg?resize=350%2C200&ssl=1","width":350,"height":200,"srcset":"https:\/\/i0.wp.com\/blogdafeira.com.br\/home\/wp-content\/uploads\/2024\/10\/20241022_094421.jpg?resize=350%2C200&ssl=1 1x, https:\/\/i0.wp.com\/blogdafeira.com.br\/home\/wp-content\/uploads\/2024\/10\/20241022_094421.jpg?resize=525%2C300&ssl=1 1.5x, https:\/\/i0.wp.com\/blogdafeira.com.br\/home\/wp-content\/uploads\/2024\/10\/20241022_094421.jpg?resize=700%2C400&ssl=1 2x, https:\/\/i0.wp.com\/blogdafeira.com.br\/home\/wp-content\/uploads\/2024\/10\/20241022_094421.jpg?resize=1050%2C600&ssl=1 3x"},"classes":[]}],"_links":{"self":[{"href":"https:\/\/blogdafeira.com.br\/home\/wp-json\/wp\/v2\/posts\/56564","targetHints":{"allow":["GET"]}}],"collection":[{"href":"https:\/\/blogdafeira.com.br\/home\/wp-json\/wp\/v2\/posts"}],"about":[{"href":"https:\/\/blogdafeira.com.br\/home\/wp-json\/wp\/v2\/types\/post"}],"author":[{"embeddable":true,"href":"https:\/\/blogdafeira.com.br\/home\/wp-json\/wp\/v2\/users\/8"}],"replies":[{"embeddable":true,"href":"https:\/\/blogdafeira.com.br\/home\/wp-json\/wp\/v2\/comments?post=56564"}],"version-history":[{"count":7,"href":"https:\/\/blogdafeira.com.br\/home\/wp-json\/wp\/v2\/posts\/56564\/revisions"}],"predecessor-version":[{"id":56610,"href":"https:\/\/blogdafeira.com.br\/home\/wp-json\/wp\/v2\/posts\/56564\/revisions\/56610"}],"wp:featuredmedia":[{"embeddable":true,"href":"https:\/\/blogdafeira.com.br\/home\/wp-json\/wp\/v2\/media\/56570"}],"wp:attachment":[{"href":"https:\/\/blogdafeira.com.br\/home\/wp-json\/wp\/v2\/media?parent=56564"}],"wp:term":[{"taxonomy":"category","embeddable":true,"href":"https:\/\/blogdafeira.com.br\/home\/wp-json\/wp\/v2\/categories?post=56564"},{"taxonomy":"post_tag","embeddable":true,"href":"https:\/\/blogdafeira.com.br\/home\/wp-json\/wp\/v2\/tags?post=56564"}],"curies":[{"name":"wp","href":"https:\/\/api.w.org\/{rel}","templated":true}]}}