{"id":56944,"date":"2023-03-18T13:21:49","date_gmt":"2023-03-18T16:21:49","guid":{"rendered":"https:\/\/blogdafeira.com.br\/home\/?p=56944"},"modified":"2023-06-21T17:19:23","modified_gmt":"2023-06-21T20:19:23","slug":"praias-cercadas","status":"publish","type":"post","link":"https:\/\/blogdafeira.com.br\/home\/2023\/03\/18\/praias-cercadas\/","title":{"rendered":"Praias cercadas"},"content":{"rendered":"\r\n\r\n\r\n<div id=\"blogd-1291450556\" class=\"blogd-fim-do-post-mobile blogd-entity-placement\" style=\"margin-left: auto;margin-right: auto;text-align: center;\"><a href=\"https:\/\/www.sefaz.feiradesantana.ba.gov.br\/\" target=\"_blank\" aria-label=\"728&#215;90 (6)\"><img loading=\"lazy\" decoding=\"async\" src=\"https:\/\/blogdafeira.com.br\/home\/wp-content\/uploads\/2026\/03\/728x90-6.gif\" alt=\"\"  class=\"no-lazyload\" width=\"728\" height=\"90\"  style=\"display: inline-block;\" \/><\/a><\/div><p>Tem certas coisas nesta vida que a gente v\u00ea e n\u00e3o entende.<\/p><div id=\"blogd-3361965589\" class=\"blogd-conteudo-2-mobile blogd-entity-placement\"><a href=\"https:\/\/feirenses.com.br\/\" target=\"_blank\" aria-label=\"feirenses\"><img loading=\"lazy\" decoding=\"async\" src=\"https:\/\/blogdafeira.com.br\/home\/wp-content\/uploads\/2026\/04\/feirenses.png\" alt=\"\"  srcset=\"https:\/\/blogdafeira.com.br\/home\/wp-content\/uploads\/2026\/04\/feirenses.png 300w, https:\/\/blogdafeira.com.br\/home\/wp-content\/uploads\/2026\/04\/feirenses-170x45.png 170w, https:\/\/blogdafeira.com.br\/home\/wp-content\/uploads\/2026\/04\/feirenses-280x74.png 280w\" sizes=\"(max-width: 300px) 100vw, 300px\" class=\"no-lazyload\" width=\"300\" height=\"79\"  style=\"display: inline-block;\" \/><\/a><\/div>\r\n<p>Todo ano \u00e9 a mesma coisa, algu\u00e9m foi atacado por tubar\u00f5es nas praias de Pernambuco, principalmente em Recife, sempre noticiadas nas TVs, mas ningu\u00e9m toma uma provid\u00eancia.<\/p>\r\n\r\n\r\n\r\n\r\n\r\n<p>Porque a Prefeitura n\u00e3o separa certas partes das suas praias e no mar, \u00e0 uma certa dist\u00e2ncia conveniente, cerca a praia, com redes convenientemente feitas para este fim, tipo arrast\u00e3o, que b\u00f3ia e mant\u00e9m a parte do fundo fechada para a entradas de tubar\u00f5es?<\/p>\r\n\r\n\r\n\r\n<p>As caracter\u00edsticas das redes n\u00e3o ser\u00e3o discutidas aqui. Pode-se fazer um concurso e os especialistas \u00e9 que as definir\u00e3o. Formato, mat\u00e9rias, malha, a distancia da praia etc.<\/p>\r\n\r\n\r\n\r\n<p>\u00c9 uma medida simples que n\u00e3o traz nenhum problema, s\u00f3 beneficio. \u00a0\u00a0\u00a0\u00a0\u00a0<\/p>\r\n\r\n\r\n\r\n<p>A praia fica segura e longe da aproxima\u00e7\u00e3o dos tubar\u00f5es e os banhistas ter\u00e3o a certeza que n\u00e3o ser\u00e3o atacados.<\/p>\r\n\r\n\r\n\r\n<div id=\"blogd-1269779662\" class=\"blogd-final-post blogd-entity-placement\"><a href=\"https:\/\/www.feiradesantana.ba.leg.br\/\" target=\"_blank\" aria-label=\"BANNER-SITE-ENTREGADECHEQUE-CAMARADEFEIRA\"><img loading=\"lazy\" decoding=\"async\" src=\"https:\/\/blogdafeira.com.br\/home\/wp-content\/uploads\/2026\/03\/BANNER-SITE-ENTREGADECHEQUE-CAMARADEFEIRA.gif\" alt=\"\"  class=\"no-lazyload\" width=\"728\" height=\"90\"   \/><\/a><\/div><p>Este meu pequeno artigo \u00e9 s\u00f3 para alertar que este problema tem l\u00e1 sua solu\u00e7\u00e3o e n\u00e3o deve permanecer assim com est\u00e1, sem solu\u00e7\u00e3o conveniente.<\/p>\r\n\r\n\r\n\r\n\r\n","protected":false},"excerpt":{"rendered":"<p>Tem certas coisas nesta vida que a gente v\u00ea e n\u00e3o entende. Todo ano \u00e9 a mesma coisa, algu\u00e9m foi atacado por tubar\u00f5es nas praias de Pernambuco, principalmente em Recife, sempre noticiadas nas TVs, mas ningu\u00e9m toma uma provid\u00eancia. Porque a Prefeitura n\u00e3o separa certas partes das suas praias e no mar, \u00e0 uma certa<\/p>\n","protected":false},"author":15,"featured_media":56945,"comment_status":"open","ping_status":"open","sticky":false,"template":"","format":"standard","meta":{"jetpack_post_was_ever_published":false,"cybocfi_hide_featured_image":"","_jetpack_newsletter_access":"","_jetpack_dont_email_post_to_subs":false,"_jetpack_newsletter_tier_id":0,"_jetpack_memberships_contains_paywalled_content":false,"_jetpack_memberships_contains_paid_content":false,"footnotes":"","jetpack_publicize_message":"","jetpack_publicize_feature_enabled":true,"jetpack_social_post_already_shared":true,"jetpack_social_options":{"image_generator_settings":{"template":"highway","default_image_id":0,"font":"","enabled":false},"version":2}},"categories":[592,1],"tags":[],"class_list":["post-56944","post","type-post","status-publish","format-standard","has-post-thumbnail","hentry","category-colunistas","category-raiz"],"jetpack_publicize_connections":[],"jetpack_featured_media_url":"https:\/\/blogdafeira.com.br\/home\/wp-content\/uploads\/2023\/03\/maxresdefault.jpg","jetpack_shortlink":"https:\/\/wp.me\/p3niVf-eOs","jetpack_sharing_enabled":true,"jetpack-related-posts":[{"id":64599,"url":"https:\/\/blogdafeira.com.br\/home\/2024\/11\/13\/jaques-wagner-ha-um-cerco-do-centrao-a-lula-pra-que-nada-de-certo\/","url_meta":{"origin":56944,"position":0},"title":"Jaques Wagner: H\u00e1 um cerco do Centr\u00e3o \u00e0 Lula pra que nada d\u00ea certo","author":"Blog da Feira","date":"13\/11\/2024","format":false,"excerpt":"O ex-governador da Bahia, senador Jaques Wagner diz que \"hoje h\u00e1 um cerco ao governo do presidente Lula para que as coisas n\u00e3o deem certo: do Centr\u00e3o, da extrema direita \u00e0 Faria Lima.\". O grande poderio do nosso projeto, encabe\u00e7ado pelo presidente Lula, \u00e9 a ideia de prosperar a vida\u2026","rel":"","context":"Em &quot;Home&quot;","block_context":{"text":"Home","link":"https:\/\/blogdafeira.com.br\/home\/categoria\/raiz\/"},"img":{"alt_text":"","src":"https:\/\/i0.wp.com\/blogdafeira.com.br\/home\/wp-content\/uploads\/2024\/11\/images-2.jpeg?resize=350%2C200&ssl=1","width":350,"height":200,"srcset":"https:\/\/i0.wp.com\/blogdafeira.com.br\/home\/wp-content\/uploads\/2024\/11\/images-2.jpeg?resize=350%2C200&ssl=1 1x, https:\/\/i0.wp.com\/blogdafeira.com.br\/home\/wp-content\/uploads\/2024\/11\/images-2.jpeg?resize=525%2C300&ssl=1 1.5x"},"classes":[]},{"id":18641,"url":"https:\/\/blogdafeira.com.br\/home\/2015\/12\/28\/nao-da-pra-deixar-passar-tamanha-asneira-por-evandro-do-nascimento\/","url_meta":{"origin":56944,"position":1},"title":"N\u00e3o d\u00e1 pra deixar passar tamanha asneira, por Evandro do Nascimento","author":"Blog da Feira","date":"28\/12\/2015","format":false,"excerpt":"Certas coisas que postam nas redes sociais s\u00e3o t\u00e3o rasas, t\u00e3o deturpadas e absurdas que n\u00e3o d\u00e1 para deixar passar em branco. Essa \u00e9 uma dessas ocasi\u00f5es. Esse truque fotox\u00f3pico \u00e9 uma tremenda distor\u00e7\u00e3o. Isso chama-se sofisma, um truque de ret\u00f3rica em que uma coisa ou fato \u00e9 usada(o) como\u2026","rel":"","context":"Em &quot;Home&quot;","block_context":{"text":"Home","link":"https:\/\/blogdafeira.com.br\/home\/categoria\/raiz\/"},"img":{"alt_text":"EVANDRO","src":"https:\/\/i0.wp.com\/blogdafeira.com.br\/home\/wp-content\/uploads\/2015\/12\/EVANDRO.jpg?resize=350%2C200","width":350,"height":200,"srcset":"https:\/\/i0.wp.com\/blogdafeira.com.br\/home\/wp-content\/uploads\/2015\/12\/EVANDRO.jpg?resize=350%2C200 1x, https:\/\/i0.wp.com\/blogdafeira.com.br\/home\/wp-content\/uploads\/2015\/12\/EVANDRO.jpg?resize=525%2C300 1.5x, https:\/\/i0.wp.com\/blogdafeira.com.br\/home\/wp-content\/uploads\/2015\/12\/EVANDRO.jpg?resize=700%2C400 2x"},"classes":[]},{"id":8167,"url":"https:\/\/blogdafeira.com.br\/home\/2014\/01\/10\/os-cavalos-de-troia-da-advocacia\/","url_meta":{"origin":56944,"position":2},"title":"Os &#8216;Cavalos de Tr\u00f3ia&#8217; da Advocacia","author":"Blog da Feira","date":"10\/01\/2014","format":false,"excerpt":"Tr\u00eas verdadeiros \u201cpresentes de gregos\u201d, embora muito festejados no meio jur\u00eddico, escondem na verdade uma grande amea\u00e7a a j\u00e1 \u201cmendicante\u201d profiss\u00e3o da advocacia, quais sejam: S\u00daMULAS VINCULANTES E AFINS - As S\u00famulas Vinculantes, assim como as S\u00famulas Comuns e as Orienta\u00e7\u00f5es Jurisprudenciais, t\u00eam nos direcionado a um processo de \u201cverticaliza\u00e7\u00e3o\u201d\u2026","rel":"","context":"Em &quot;Home&quot;","block_context":{"text":"Home","link":"https:\/\/blogdafeira.com.br\/home\/categoria\/raiz\/"},"img":{"alt_text":"","src":"","width":0,"height":0},"classes":[]},{"id":43568,"url":"https:\/\/blogdafeira.com.br\/home\/2021\/02\/20\/a-tarde-dengosa-de-jaguara\/","url_meta":{"origin":56944,"position":3},"title":"A tarde dengosa de Jaguara","author":"Edmundo Carvalho","date":"20\/02\/2021","format":false,"excerpt":"Os bois esparramando a tarde dengosa de Jaguara, na quietude vespertina de sol e verdames. O sacolejo da estrada me devolve a 20 anos e eu procuro as pessoas que fui buscar l\u00e1 e n\u00e3o encontro mais. Ou porque se foram, ou porque a tarde \u00e9 longe de tudo. Ou\u2026","rel":"","context":"Em &quot;Colunistas&quot;","block_context":{"text":"Colunistas","link":"https:\/\/blogdafeira.com.br\/home\/categoria\/colunistas\/"},"img":{"alt_text":"","src":"https:\/\/i0.wp.com\/blogdafeira.com.br\/home\/wp-content\/uploads\/2021\/02\/Screenshot_20210219-1100512.png?resize=350%2C200&ssl=1","width":350,"height":200,"srcset":"https:\/\/i0.wp.com\/blogdafeira.com.br\/home\/wp-content\/uploads\/2021\/02\/Screenshot_20210219-1100512.png?resize=350%2C200&ssl=1 1x, https:\/\/i0.wp.com\/blogdafeira.com.br\/home\/wp-content\/uploads\/2021\/02\/Screenshot_20210219-1100512.png?resize=525%2C300&ssl=1 1.5x, https:\/\/i0.wp.com\/blogdafeira.com.br\/home\/wp-content\/uploads\/2021\/02\/Screenshot_20210219-1100512.png?resize=700%2C400&ssl=1 2x"},"classes":[]},{"id":53105,"url":"https:\/\/blogdafeira.com.br\/home\/2022\/06\/30\/o-vizinho-da-boca-de-crack\/","url_meta":{"origin":56944,"position":4},"title":"O vizinho da boca de crack","author":"Andr\u00e9 Pomponet","date":"30\/06\/2022","format":false,"excerpt":"-Vejo eles pra l\u00e1 e pra c\u00e1, \u00e0 noite, at\u00e9 de madrugada. Sabe aquele clipe de Michel Jackson, com os fantasmas? Parece aquilo... Os olhos muito vivos, a boca aperta de espanto. O coment\u00e1rio \u00e9 de um cidad\u00e3o pacato \u2013 comerciante, pai, casado, cat\u00f3lico, at\u00e9 conservador, quase av\u00f4, respeitador das\u2026","rel":"","context":"Em &quot;Cidade&quot;","block_context":{"text":"Cidade","link":"https:\/\/blogdafeira.com.br\/home\/categoria\/cidade\/"},"img":{"alt_text":"","src":"https:\/\/i0.wp.com\/blogdafeira.com.br\/home\/wp-content\/uploads\/2022\/06\/R.jpeg?resize=350%2C200&ssl=1","width":350,"height":200,"srcset":"https:\/\/i0.wp.com\/blogdafeira.com.br\/home\/wp-content\/uploads\/2022\/06\/R.jpeg?resize=350%2C200&ssl=1 1x, https:\/\/i0.wp.com\/blogdafeira.com.br\/home\/wp-content\/uploads\/2022\/06\/R.jpeg?resize=525%2C300&ssl=1 1.5x, https:\/\/i0.wp.com\/blogdafeira.com.br\/home\/wp-content\/uploads\/2022\/06\/R.jpeg?resize=700%2C400&ssl=1 2x, https:\/\/i0.wp.com\/blogdafeira.com.br\/home\/wp-content\/uploads\/2022\/06\/R.jpeg?resize=1050%2C600&ssl=1 3x, https:\/\/i0.wp.com\/blogdafeira.com.br\/home\/wp-content\/uploads\/2022\/06\/R.jpeg?resize=1400%2C800&ssl=1 4x"},"classes":[]},{"id":28851,"url":"https:\/\/blogdafeira.com.br\/home\/2017\/12\/25\/quantos-jesus-voce-condenaria-hoje-por-edmundo-carvalho\/","url_meta":{"origin":56944,"position":5},"title":"Quantos Jesus voc\u00ea condenaria hoje?, por Edmundo Carvalho","author":"Blog da Feira","date":"25\/12\/2017","format":false,"excerpt":"Hey, psiu! Eu vou te contar uma coisa, pode ser?? \u00c9 meio chato falar disso, mas sabe, voc\u00ea n\u00e3o me deu outra escolha: tenho que falar. Eu fico meio sem gra\u00e7a, porque \u00e9 sobre voc\u00ea. Mas vamos l\u00e1: semana passada voc\u00ea disse que aqueles jovens negros mortos a tiro tinham\u2026","rel":"","context":"Em &quot;Home&quot;","block_context":{"text":"Home","link":"https:\/\/blogdafeira.com.br\/home\/categoria\/raiz\/"},"img":{"alt_text":"images","src":"https:\/\/i0.wp.com\/blogdafeira.com.br\/home\/wp-content\/uploads\/2017\/12\/images.png?resize=350%2C200","width":350,"height":200},"classes":[]}],"_links":{"self":[{"href":"https:\/\/blogdafeira.com.br\/home\/wp-json\/wp\/v2\/posts\/56944","targetHints":{"allow":["GET"]}}],"collection":[{"href":"https:\/\/blogdafeira.com.br\/home\/wp-json\/wp\/v2\/posts"}],"about":[{"href":"https:\/\/blogdafeira.com.br\/home\/wp-json\/wp\/v2\/types\/post"}],"author":[{"embeddable":true,"href":"https:\/\/blogdafeira.com.br\/home\/wp-json\/wp\/v2\/users\/15"}],"replies":[{"embeddable":true,"href":"https:\/\/blogdafeira.com.br\/home\/wp-json\/wp\/v2\/comments?post=56944"}],"version-history":[{"count":5,"href":"https:\/\/blogdafeira.com.br\/home\/wp-json\/wp\/v2\/posts\/56944\/revisions"}],"predecessor-version":[{"id":56951,"href":"https:\/\/blogdafeira.com.br\/home\/wp-json\/wp\/v2\/posts\/56944\/revisions\/56951"}],"wp:featuredmedia":[{"embeddable":true,"href":"https:\/\/blogdafeira.com.br\/home\/wp-json\/wp\/v2\/media\/56945"}],"wp:attachment":[{"href":"https:\/\/blogdafeira.com.br\/home\/wp-json\/wp\/v2\/media?parent=56944"}],"wp:term":[{"taxonomy":"category","embeddable":true,"href":"https:\/\/blogdafeira.com.br\/home\/wp-json\/wp\/v2\/categories?post=56944"},{"taxonomy":"post_tag","embeddable":true,"href":"https:\/\/blogdafeira.com.br\/home\/wp-json\/wp\/v2\/tags?post=56944"}],"curies":[{"name":"wp","href":"https:\/\/api.w.org\/{rel}","templated":true}]}}