{"id":5700,"date":"2013-10-23T13:40:38","date_gmt":"2013-10-23T15:40:38","guid":{"rendered":"http:\/\/blogdafeira.com.br\/home\/?p=5700"},"modified":"2019-07-13T00:51:23","modified_gmt":"2019-07-13T03:51:23","slug":"exercito-de-alagoas-usou-armazem-de-fumo-como-prisao-em-feira","status":"publish","type":"post","link":"https:\/\/blogdafeira.com.br\/home\/2013\/10\/23\/exercito-de-alagoas-usou-armazem-de-fumo-como-prisao-em-feira\/","title":{"rendered":"Ex\u00e9rcito de Alagoas usou armaz\u00e9m de fumo como pris\u00e3o em Feira no golpe de 64"},"content":{"rendered":"<div id=\"blogd-2416061879\" class=\"blogd-fim-do-post-mobile blogd-entity-placement\" style=\"margin-left: auto;margin-right: auto;text-align: center;\"><a href=\"https:\/\/www.sefaz.feiradesantana.ba.gov.br\/\" target=\"_blank\" aria-label=\"728&#215;90 (6)\"><img loading=\"lazy\" decoding=\"async\" src=\"https:\/\/blogdafeira.com.br\/home\/wp-content\/uploads\/2026\/03\/728x90-6.gif\" alt=\"\"  class=\"no-lazyload\" width=\"728\" height=\"90\"  style=\"display: inline-block;\" \/><\/a><\/div><p>Em 1964 ainda n\u00e3o existia o 35\u00ba Batalh\u00e3o de Infantaria de Feira de Santana<img loading=\"lazy\" decoding=\"async\" class=\"alignright size-thumbnail wp-image-5090\" src=\"http:\/\/blogdafeira.com.br\/home\/wp-content\/uploads\/2013\/09\/DSC08824-170x127.jpg\" alt=\"DSC08824\" width=\"170\" height=\"127\" srcset=\"https:\/\/blogdafeira.com.br\/home\/wp-content\/uploads\/2013\/09\/DSC08824-170x127.jpg 170w, https:\/\/blogdafeira.com.br\/home\/wp-content\/uploads\/2013\/09\/DSC08824-346x259.jpg 346w, https:\/\/blogdafeira.com.br\/home\/wp-content\/uploads\/2013\/09\/DSC08824.jpg 640w\" sizes=\"auto, (max-width: 170px) 100vw, 170px\" \/> e um grupo de soldados e oficiais do Ex\u00e9rcito de Alagoas veio para Feira fazer a \u2018repress\u00e3o\u2019 aos opositores ao regime militar que se instalava no pa\u00eds.<\/p><div id=\"blogd-3392414455\" class=\"blogd-conteudo-2-mobile blogd-entity-placement\"><a href=\"https:\/\/feirenses.com.br\/\" target=\"_blank\" aria-label=\"feirenses\"><img loading=\"lazy\" decoding=\"async\" src=\"https:\/\/blogdafeira.com.br\/home\/wp-content\/uploads\/2026\/04\/feirenses.png\" alt=\"\"  srcset=\"https:\/\/blogdafeira.com.br\/home\/wp-content\/uploads\/2026\/04\/feirenses.png 300w, https:\/\/blogdafeira.com.br\/home\/wp-content\/uploads\/2026\/04\/feirenses-170x45.png 170w, https:\/\/blogdafeira.com.br\/home\/wp-content\/uploads\/2026\/04\/feirenses-280x74.png 280w\" sizes=\"(max-width: 300px) 100vw, 300px\" class=\"no-lazyload\" width=\"300\" height=\"79\"  style=\"display: inline-block;\" \/><\/a><\/div>\n<p>Esse grupo do Ex\u00e9rcito ficou acantonado em armaz\u00e9ns de beneficiamento de fumo no bairro da Kail\u00e2ndia e para l\u00e1 foram levados alguns dos \u2018subversivos\u2019 presos em Feira, dentre estes o ex-vereador Ant\u00f4nio Carlos Coelho, atual presidente da Funda\u00e7\u00e3o Cultural do Munic\u00edpio, o advogado Fidelm\u00e1rio Barberino Cerqueira<strong> (foto)<\/strong> e o militante comunista Sinval Gale\u00e3o.<\/p>\n<div id=\"blogd-174823232\" class=\"blogd-final-post blogd-entity-placement\"><a href=\"https:\/\/www.feiradesantana.ba.leg.br\/\" target=\"_blank\" aria-label=\"BANNER-SITE-ENTREGADECHEQUE-CAMARADEFEIRA\"><img loading=\"lazy\" decoding=\"async\" src=\"https:\/\/blogdafeira.com.br\/home\/wp-content\/uploads\/2026\/03\/BANNER-SITE-ENTREGADECHEQUE-CAMARADEFEIRA.gif\" alt=\"\"  class=\"no-lazyload\" width=\"728\" height=\"90\"   \/><\/a><\/div><p>Alguns dos presos teriam sido torturados nesse armaz\u00e9m, na prensa utilizada para o beneficiamento das folhas de fumo.<\/p>\n","protected":false},"excerpt":{"rendered":"<p>Em 1964 ainda n\u00e3o existia o 35\u00ba Batalh\u00e3o de Infantaria de Feira de Santana e um grupo de soldados e oficiais do Ex\u00e9rcito de Alagoas veio para Feira fazer a \u2018repress\u00e3o\u2019 aos opositores ao regime militar que se instalava no pa\u00eds. Esse grupo do Ex\u00e9rcito ficou acantonado em armaz\u00e9ns de beneficiamento de fumo no bairro<\/p>\n","protected":false},"author":1,"featured_media":0,"comment_status":"closed","ping_status":"closed","sticky":false,"template":"","format":"standard","meta":{"jetpack_post_was_ever_published":false,"cybocfi_hide_featured_image":"","_jetpack_newsletter_access":"","_jetpack_dont_email_post_to_subs":false,"_jetpack_newsletter_tier_id":0,"_jetpack_memberships_contains_paywalled_content":false,"_jetpack_memberships_contains_paid_content":false,"footnotes":"","jetpack_publicize_message":"","jetpack_publicize_feature_enabled":true,"jetpack_social_post_already_shared":true,"jetpack_social_options":{"image_generator_settings":{"template":"highway","default_image_id":0,"font":"","enabled":false},"version":2}},"categories":[1],"tags":[],"class_list":["post-5700","post","type-post","status-publish","format-standard","hentry","category-raiz"],"jetpack_publicize_connections":[],"jetpack_featured_media_url":"","jetpack_shortlink":"https:\/\/wp.me\/p3niVf-1tW","jetpack_sharing_enabled":true,"jetpack-related-posts":[{"id":5869,"url":"https:\/\/blogdafeira.com.br\/home\/2013\/11\/02\/comissao-da-verdade-em-feira-tortura-na-prensa-de-fumo\/","url_meta":{"origin":5700,"position":0},"title":"Comiss\u00e3o da Verdade resgatou a hist\u00f3ria da tortura na \u2018prensa-de-fumo\u2019 em Feira de Santana","author":"Blog da Feira","date":"02\/11\/2013","format":false,"excerpt":"O relato do advogado Celso Pereira na Comiss\u00e3o da Verdade, esta semana, em Feira de Santana, \u00a0trouxe novamente a p\u00fablico uma hist\u00f3ria da \u2018prensa de fumo\u2019,\u00a0 na qual ele e o ativista Sinval Gale\u00e3o (foto) foram torturados pela Ditadura Militar. O advogado participava do governo do ent\u00e3o prefeito de Feira,\u2026","rel":"","context":"Em &quot;Home&quot;","block_context":{"text":"Home","link":"https:\/\/blogdafeira.com.br\/home\/categoria\/raiz\/"},"img":{"alt_text":"DSC09396","src":"https:\/\/i0.wp.com\/blogdafeira.com.br\/home\/wp-content\/uploads\/2013\/11\/DSC09396.jpg?resize=350%2C200","width":350,"height":200,"srcset":"https:\/\/i0.wp.com\/blogdafeira.com.br\/home\/wp-content\/uploads\/2013\/11\/DSC09396.jpg?resize=350%2C200 1x, https:\/\/i0.wp.com\/blogdafeira.com.br\/home\/wp-content\/uploads\/2013\/11\/DSC09396.jpg?resize=525%2C300 1.5x"},"classes":[]},{"id":44389,"url":"https:\/\/blogdafeira.com.br\/home\/2021\/03\/26\/trapicheiras-as-mulheres-com-lenco-na-cabeca-em-feira-de-santana\/","url_meta":{"origin":5700,"position":1},"title":"Trapicheiras, as mulheres com len\u00e7o na cabe\u00e7a em Feira de Santana","author":"Marialvo Barreto","date":"26\/03\/2021","format":false,"excerpt":"Por que pouco se v\u00ea a moda de mulheres usando len\u00e7o de cabe\u00e7a em Feira de Santana? A\u00a0resposta est\u00e1 em um preconceito. Um dia procurei entender isso, conversando com mulheres mais idosas aqui na princesa do sert\u00e3o, inclusive com colegas professoras e encontrei esta explica\u00e7\u00e3o. Feira j\u00e1 foi uma regi\u00e3o\u2026","rel":"","context":"Em &quot;Cidade&quot;","block_context":{"text":"Cidade","link":"https:\/\/blogdafeira.com.br\/home\/categoria\/cidade\/"},"img":{"alt_text":"","src":"https:\/\/i0.wp.com\/blogdafeira.com.br\/home\/wp-content\/uploads\/2021\/03\/FB_IMG_1616762434499.jpg?resize=350%2C200&ssl=1","width":350,"height":200},"classes":[]},{"id":18556,"url":"https:\/\/blogdafeira.com.br\/home\/2015\/12\/21\/biografia-de-joao-durval-revela-bastidores-da-historia-politica-baiana\/","url_meta":{"origin":5700,"position":2},"title":"Biografia de Jo\u00e3o Durval revela bastidores da hist\u00f3ria pol\u00edtica baiana","author":"Blog da Feira","date":"21\/12\/2015","format":false,"excerpt":"- \"\u00c9 o doutor Luiz Almeida? - Sim, com quem falo? - Aqui \u00e9 o deputado Luiz Eduardo Magalh\u00e3es. Desculpe-me estar ligando para sua resid\u00eancia a essa hora, mas \u00e9 que dona Yeda Barradas Carneiro, que me forneceu o n\u00famero do seu telefone, informou-me poder encontrar o doutor Jo\u00e3o Durval\u2026","rel":"","context":"Em &quot;Home&quot;","block_context":{"text":"Home","link":"https:\/\/blogdafeira.com.br\/home\/categoria\/raiz\/"},"img":{"alt_text":"luiz almeida","src":"https:\/\/i0.wp.com\/blogdafeira.com.br\/home\/wp-content\/uploads\/2015\/12\/luiz-almeida.jpg?resize=350%2C200","width":350,"height":200,"srcset":"https:\/\/i0.wp.com\/blogdafeira.com.br\/home\/wp-content\/uploads\/2015\/12\/luiz-almeida.jpg?resize=350%2C200 1x, https:\/\/i0.wp.com\/blogdafeira.com.br\/home\/wp-content\/uploads\/2015\/12\/luiz-almeida.jpg?resize=525%2C300 1.5x"},"classes":[]},{"id":4264,"url":"https:\/\/blogdafeira.com.br\/home\/2013\/08\/11\/campo-do-fumo-vai-desaparecer-e-dar-lugar-a-upa-da-queimadinha\/","url_meta":{"origin":5700,"position":3},"title":"&#8216;Campo do Fumo&#8217; vai desaparecer e dar lugar \u00e0 UPA da Queimadinha","author":"Blog da Feira","date":"11\/08\/2013","format":false,"excerpt":"O antigo e tradicional 'Campo do Fumo' vai desaparecer para dar lugar \u00e0 Unidade de Pronto Atendimento da Queimadinha, em Feira de Santana. O an\u00fancio foi feito pelo prefeito de Feira de Santana, Jos\u00e9 Ronaldo, na ocasi\u00e3o em que fez um balan\u00e7o dos atendimentos nas policl\u00ednicas de Feira e reiterado\u2026","rel":"","context":"Em &quot;Home&quot;","block_context":{"text":"Home","link":"https:\/\/blogdafeira.com.br\/home\/categoria\/raiz\/"},"img":{"alt_text":"CAMPO DO FUMO ATRAS DO DOM PEDRO","src":"https:\/\/i0.wp.com\/blogdafeira.com.br\/home\/wp-content\/uploads\/2013\/08\/CAMPO-DO-FUMO-ATRAS-DO-DOM-PEDRO.jpg?resize=350%2C200","width":350,"height":200,"srcset":"https:\/\/i0.wp.com\/blogdafeira.com.br\/home\/wp-content\/uploads\/2013\/08\/CAMPO-DO-FUMO-ATRAS-DO-DOM-PEDRO.jpg?resize=350%2C200 1x, https:\/\/i0.wp.com\/blogdafeira.com.br\/home\/wp-content\/uploads\/2013\/08\/CAMPO-DO-FUMO-ATRAS-DO-DOM-PEDRO.jpg?resize=525%2C300 1.5x"},"classes":[]},{"id":49714,"url":"https:\/\/blogdafeira.com.br\/home\/2021\/12\/29\/sao-goncalo-dos-campos-esta-saindo-da-dependencia-economica-de-feira\/","url_meta":{"origin":5700,"position":4},"title":"S\u00e3o Gon\u00e7alo dos Campos est\u00e1 saindo da depend\u00eancia econ\u00f4mica de Feira","author":"Blog da Feira","date":"29\/12\/2021","format":false,"excerpt":"S\u00e3o Gon\u00e7alo dos Campos,\u00a0 pelas suas caracter\u00edsticas \u00e9 a cidade que mais tem se desenvolvido e evolu\u00eddo na regi\u00e3o. Cheia\u00a0 de charme e glamour, atrativa em todos os sentidos, paulatinamente est\u00e1 saindo da depend\u00eancia econ\u00f4mica de Feira de Santana. O Munic\u00edpio\u00a0 vive um momento muito especial na hist\u00f3ria da sua\u2026","rel":"","context":"Em &quot;Colunistas&quot;","block_context":{"text":"Colunistas","link":"https:\/\/blogdafeira.com.br\/home\/categoria\/colunistas\/"},"img":{"alt_text":"","src":"https:\/\/i0.wp.com\/blogdafeira.com.br\/home\/wp-content\/uploads\/2021\/12\/sao-goncalo-dos-campos-bahia.jpg?resize=350%2C200&ssl=1","width":350,"height":200},"classes":[]},{"id":1557,"url":"https:\/\/blogdafeira.com.br\/home\/2013\/05\/14\/exercito-vai-distribuir-115-mil-litros-de-suco-de-laranja-na-zona-rural-de-feira\/","url_meta":{"origin":5700,"position":5},"title":"Ex\u00e9rcito vai distribuir 115 mil litros de suco de laranja na zona rural de Feira","author":"Blog da Feira","date":"14\/05\/2013","format":false,"excerpt":"O Ex\u00e9rcito vai distribuir, juntamente com membros do Conselho Municipal de Desenvolvimento Rural de Feira de Santana, mais de 115 mil litros de suco de laranja em caixinha, enviados pelo Governo Federal para minorar os efeitos da seca entre os agricultores da zona rural de Feira de Santana. Cerca de\u2026","rel":"","context":"Em &quot;Cidade&quot;","block_context":{"text":"Cidade","link":"https:\/\/blogdafeira.com.br\/home\/categoria\/cidade\/"},"img":{"alt_text":"exercito na","src":"https:\/\/i0.wp.com\/blogdafeira.com.br\/home\/wp-content\/uploads\/2013\/05\/exercito-na-170x112.jpg?resize=350%2C200","width":350,"height":200},"classes":[]}],"_links":{"self":[{"href":"https:\/\/blogdafeira.com.br\/home\/wp-json\/wp\/v2\/posts\/5700","targetHints":{"allow":["GET"]}}],"collection":[{"href":"https:\/\/blogdafeira.com.br\/home\/wp-json\/wp\/v2\/posts"}],"about":[{"href":"https:\/\/blogdafeira.com.br\/home\/wp-json\/wp\/v2\/types\/post"}],"author":[{"embeddable":true,"href":"https:\/\/blogdafeira.com.br\/home\/wp-json\/wp\/v2\/users\/1"}],"replies":[{"embeddable":true,"href":"https:\/\/blogdafeira.com.br\/home\/wp-json\/wp\/v2\/comments?post=5700"}],"version-history":[{"count":3,"href":"https:\/\/blogdafeira.com.br\/home\/wp-json\/wp\/v2\/posts\/5700\/revisions"}],"predecessor-version":[{"id":31976,"href":"https:\/\/blogdafeira.com.br\/home\/wp-json\/wp\/v2\/posts\/5700\/revisions\/31976"}],"wp:attachment":[{"href":"https:\/\/blogdafeira.com.br\/home\/wp-json\/wp\/v2\/media?parent=5700"}],"wp:term":[{"taxonomy":"category","embeddable":true,"href":"https:\/\/blogdafeira.com.br\/home\/wp-json\/wp\/v2\/categories?post=5700"},{"taxonomy":"post_tag","embeddable":true,"href":"https:\/\/blogdafeira.com.br\/home\/wp-json\/wp\/v2\/tags?post=5700"}],"curies":[{"name":"wp","href":"https:\/\/api.w.org\/{rel}","templated":true}]}}