{"id":57035,"date":"2023-03-27T19:42:32","date_gmt":"2023-03-27T22:42:32","guid":{"rendered":"https:\/\/blogdafeira.com.br\/home\/?p=57035"},"modified":"2023-06-21T17:19:22","modified_gmt":"2023-06-21T20:19:22","slug":"rede-municipal-tem-merenda-nas-escolas-assegura-a-secretaria","status":"publish","type":"post","link":"https:\/\/blogdafeira.com.br\/home\/2023\/03\/27\/rede-municipal-tem-merenda-nas-escolas-assegura-a-secretaria\/","title":{"rendered":"Rede municipal tem merenda nas escolas, assegura a Secret\u00e1ria"},"content":{"rendered":"\n<div id=\"blogd-821798399\" class=\"blogd-fim-do-post-mobile blogd-entity-placement\" style=\"margin-left: auto;margin-right: auto;text-align: center;\"><a href=\"https:\/\/www.sefaz.feiradesantana.ba.gov.br\/\" target=\"_blank\" aria-label=\"728&#215;90 (6)\"><img loading=\"lazy\" decoding=\"async\" src=\"https:\/\/blogdafeira.com.br\/home\/wp-content\/uploads\/2026\/03\/728x90-6.gif\" alt=\"\"  class=\"no-lazyload\" width=\"728\" height=\"90\"  style=\"display: inline-block;\" \/><\/a><\/div><p>As escolas da rede municipal j\u00e1 est\u00e3o abastecidas com merenda escolar para o in\u00edcio do ano letivo nesta quarta-feira (29).&nbsp; A \u00faltima fase com a distribui\u00e7\u00e3o dos itens perec\u00edveis oriundos da agricultura familiar, como hortifruti, foi iniciada.<\/p><div id=\"blogd-2406907057\" class=\"blogd-conteudo-2-mobile blogd-entity-placement\"><a href=\"https:\/\/feirenses.com.br\/\" target=\"_blank\" aria-label=\"feirenses\"><img loading=\"lazy\" decoding=\"async\" src=\"https:\/\/blogdafeira.com.br\/home\/wp-content\/uploads\/2026\/04\/feirenses.png\" alt=\"\"  srcset=\"https:\/\/blogdafeira.com.br\/home\/wp-content\/uploads\/2026\/04\/feirenses.png 300w, https:\/\/blogdafeira.com.br\/home\/wp-content\/uploads\/2026\/04\/feirenses-170x45.png 170w, https:\/\/blogdafeira.com.br\/home\/wp-content\/uploads\/2026\/04\/feirenses-280x74.png 280w\" sizes=\"(max-width: 300px) 100vw, 300px\" class=\"no-lazyload\" width=\"300\" height=\"79\"  style=\"display: inline-block;\" \/><\/a><\/div>\n\n\n\n<p>Desde a semana passada, o cronograma de distribui\u00e7\u00e3o dos suprimentos da alimenta\u00e7\u00e3o escolar tem seguido rigorosamente o planejamento, em tr\u00eas fases, da Secretaria Municipal de Educa\u00e7\u00e3o (Seduc). Nesta semana, frutas, legumes, verduras e hortali\u00e7as est\u00e3o sendo distribu\u00eddos nas unidades de ensino por conta da conserva\u00e7\u00e3o.<\/p>\n\n\n\n<p>De forma antecipada, as unidades de ensino receberam as prote\u00ednas, como frango e carne de charque. Na sequ\u00eancia foram abastecidas com polpas de fruta e produtos n\u00e3o perec\u00edveis, a exemplo de cereais, farinhas de milho, tapioca e de mandioca, macarr\u00e3o, arroz, temperos secos e outros.<\/p>\n\n\n\n<p>A secret\u00e1ria municipal de Educa\u00e7\u00e3o, Anaci Paim, explica que a merenda \u00e9 fornecida de acordo com o segmento escolar: creche\/educa\u00e7\u00e3o infantil, ensino fundamental I &#8211; anos iniciais e ensino fundamental II &#8211; anos finais\/EJA.<\/p>\n\n\n\n<p><strong>PNAE<\/strong><\/p>\n\n\n\n<div id=\"blogd-663930099\" class=\"blogd-final-post blogd-entity-placement\"><a href=\"https:\/\/www.feiradesantana.ba.leg.br\/\" target=\"_blank\" aria-label=\"BANNER-SITE-ENTREGADECHEQUE-CAMARADEFEIRA\"><img loading=\"lazy\" decoding=\"async\" src=\"https:\/\/blogdafeira.com.br\/home\/wp-content\/uploads\/2026\/03\/BANNER-SITE-ENTREGADECHEQUE-CAMARADEFEIRA.gif\" alt=\"\"  class=\"no-lazyload\" width=\"728\" height=\"90\"   \/><\/a><\/div><p>O Governo Municipal afirma que segue rigorosamente as recomenda\u00e7\u00f5es do Programa Nacional de Alimenta\u00e7\u00e3o Escolar (PNAE) sob o acompanhamento t\u00e9cnico de uma equipe de nutricionistas da Divis\u00e3o de Apoio ao Estudante &#8211; setor respons\u00e1vel pela alimenta\u00e7\u00e3o escolar, que coordena o card\u00e1pio, merendeiras, aquisi\u00e7\u00e3o dos itens e log\u00edstica de distribui\u00e7\u00e3o.<\/p>\n","protected":false},"excerpt":{"rendered":"<p>As escolas da rede municipal j\u00e1 est\u00e3o abastecidas com merenda escolar para o in\u00edcio do ano letivo nesta quarta-feira (29).&nbsp; A \u00faltima fase com a distribui\u00e7\u00e3o dos itens perec\u00edveis oriundos da agricultura familiar, como hortifruti, foi iniciada. Desde a semana passada, o cronograma de distribui\u00e7\u00e3o dos suprimentos da alimenta\u00e7\u00e3o escolar tem seguido rigorosamente o planejamento,<\/p>\n","protected":false},"author":1,"featured_media":57036,"comment_status":"open","ping_status":"open","sticky":false,"template":"","format":"standard","meta":{"jetpack_post_was_ever_published":false,"cybocfi_hide_featured_image":"","_jetpack_newsletter_access":"","_jetpack_dont_email_post_to_subs":false,"_jetpack_newsletter_tier_id":0,"_jetpack_memberships_contains_paywalled_content":false,"_jetpack_memberships_contains_paid_content":false,"footnotes":"","jetpack_publicize_message":"","jetpack_publicize_feature_enabled":true,"jetpack_social_post_already_shared":true,"jetpack_social_options":{"image_generator_settings":{"template":"highway","default_image_id":0,"font":"","enabled":false},"version":2}},"categories":[3,1],"tags":[],"class_list":["post-57035","post","type-post","status-publish","format-standard","has-post-thumbnail","hentry","category-cidade","category-raiz"],"jetpack_publicize_connections":[],"jetpack_featured_media_url":"https:\/\/blogdafeira.com.br\/home\/wp-content\/uploads\/2023\/03\/cea032b4-ef5c-4f34-9f59-ab27a7bdc79e.jpg","jetpack_shortlink":"https:\/\/wp.me\/p3niVf-ePV","jetpack_sharing_enabled":true,"jetpack-related-posts":[{"id":47259,"url":"https:\/\/blogdafeira.com.br\/home\/2021\/09\/03\/agricultura-familiar-abastece-escolas-municipais-de-feira\/","url_meta":{"origin":57035,"position":0},"title":"Agricultura familiar abastece escolas municipais de Feira","author":"Secom\/FSA","date":"03\/09\/2021","format":false,"excerpt":"Aproximadamente 38 toneladas de legumes, verduras, tub\u00e9rculos e frutas est\u00e3o sendo distribu\u00eddos para as unidades escolares de Feira de Santana. As cozinhas das escolas da Educa\u00e7\u00e3o Municipal est\u00e3o coloridas e cheias de sa\u00fade. Melancia, banana, aipim, quiabo, cebola, cenoura, chuchu, polpas naturais de fruta e hortali\u00e7as. Aproximadamente 38 toneladas de\u2026","rel":"","context":"Em &quot;Cidade&quot;","block_context":{"text":"Cidade","link":"https:\/\/blogdafeira.com.br\/home\/categoria\/cidade\/"},"img":{"alt_text":"","src":"https:\/\/i0.wp.com\/blogdafeira.com.br\/home\/wp-content\/uploads\/2021\/09\/diversidade-de-alimentos-merenda-educacao-municipal-foto-Lineia-Fernandes-02.09-7-1.jpg?resize=350%2C200&ssl=1","width":350,"height":200,"srcset":"https:\/\/i0.wp.com\/blogdafeira.com.br\/home\/wp-content\/uploads\/2021\/09\/diversidade-de-alimentos-merenda-educacao-municipal-foto-Lineia-Fernandes-02.09-7-1.jpg?resize=350%2C200&ssl=1 1x, https:\/\/i0.wp.com\/blogdafeira.com.br\/home\/wp-content\/uploads\/2021\/09\/diversidade-de-alimentos-merenda-educacao-municipal-foto-Lineia-Fernandes-02.09-7-1.jpg?resize=525%2C300&ssl=1 1.5x, https:\/\/i0.wp.com\/blogdafeira.com.br\/home\/wp-content\/uploads\/2021\/09\/diversidade-de-alimentos-merenda-educacao-municipal-foto-Lineia-Fernandes-02.09-7-1.jpg?resize=700%2C400&ssl=1 2x"},"classes":[]},{"id":38154,"url":"https:\/\/blogdafeira.com.br\/home\/2020\/05\/31\/merenda-escolar-em-feira-proposta-e-usar-verba-do-fundef-e-cartao-pre-pago\/","url_meta":{"origin":57035,"position":1},"title":"Merenda escolar em Feira: proposta \u00e9 usar verba do Fundef e cart\u00e3o pr\u00e9 pago","author":"Secom\/FSA","date":"31\/05\/2020","format":false,"excerpt":"A Prefeitura de Feira de Santana quer direcionar parte da verba do Fundef (Fundo de Manuten\u00e7\u00e3o e Desenvolvimento do Ensino Fundamental e de Valoriza\u00e7\u00e3o do Magist\u00e9rio)\u00a0 \u00a0 para a merenda escolar\u00a0 por meio de um cart\u00e3o de d\u00e9bito pr\u00e9-pago para cada aluno da rede p\u00fablica, que receberia mensalmente o valor\u2026","rel":"","context":"Em &quot;Cidade&quot;","block_context":{"text":"Cidade","link":"https:\/\/blogdafeira.com.br\/home\/categoria\/cidade\/"},"img":{"alt_text":"","src":"https:\/\/i0.wp.com\/blogdafeira.com.br\/home\/wp-content\/uploads\/2020\/05\/educa%C3%A7%C3%A3o.jpg?resize=350%2C200&ssl=1","width":350,"height":200},"classes":[]},{"id":25635,"url":"https:\/\/blogdafeira.com.br\/home\/2017\/02\/11\/comeca-nesta-segunda-a-matricula-de-novos-alunos-da-rede-municipal-em-feira\/","url_meta":{"origin":57035,"position":2},"title":"Come\u00e7a nesta segunda a matr\u00edcula de novos alunos da rede municipal em Feira","author":"Secom\/FSA","date":"11\/02\/2017","format":false,"excerpt":"A matricula para novos alunos da Rede Municipal de Ensino de Feira de Santana come\u00e7a nesta segunda-feira, 13, e segue at\u00e9 a sexta-feira, 17. em todas as 214 unidades escolares espalhadas pela sede do munic\u00edpio e tamb\u00e9m zona rural. O in\u00edcio do ano letivo est\u00e1 \u00a0marcado para 6 de mar\u00e7o.\u2026","rel":"","context":"Em &quot;Home&quot;","block_context":{"text":"Home","link":"https:\/\/blogdafeira.com.br\/home\/categoria\/raiz\/"},"img":{"alt_text":"maqtriculas-foto-vinicus-gomes-2","src":"https:\/\/i0.wp.com\/blogdafeira.com.br\/home\/wp-content\/uploads\/2017\/02\/Maqtriculas-Foto-Vinicus-Gomes-2.jpg?resize=350%2C200","width":350,"height":200,"srcset":"https:\/\/i0.wp.com\/blogdafeira.com.br\/home\/wp-content\/uploads\/2017\/02\/Maqtriculas-Foto-Vinicus-Gomes-2.jpg?resize=350%2C200 1x, https:\/\/i0.wp.com\/blogdafeira.com.br\/home\/wp-content\/uploads\/2017\/02\/Maqtriculas-Foto-Vinicus-Gomes-2.jpg?resize=525%2C300 1.5x, https:\/\/i0.wp.com\/blogdafeira.com.br\/home\/wp-content\/uploads\/2017\/02\/Maqtriculas-Foto-Vinicus-Gomes-2.jpg?resize=700%2C400 2x"},"classes":[]},{"id":27002,"url":"https:\/\/blogdafeira.com.br\/home\/2017\/06\/03\/secretaria-de-educacao-de-feira-convoca-diretores-de-escola-para-reuniao-geral\/","url_meta":{"origin":57035,"position":3},"title":"Secretaria de Educa\u00e7\u00e3o de Feira convoca diretores de escola para reuni\u00e3o geral","author":"Secom\/FSA","date":"03\/06\/2017","format":false,"excerpt":"Diretores de todas as escolas da Rede Municipal de Ensino v\u00e3o participar nesta segunda-feira, 5, do Encontro de Gestores com a Secretaria Municipal de Educa\u00e7\u00e3o. A reuni\u00e3o est\u00e1 marcada para as 14:00, no audit\u00f3rio da Escola Municipal Acioly da Silva Ara\u00fajo, localizada no bairro Muchilla II. O objetivo do encontro\u2026","rel":"","context":"Em &quot;Home&quot;","block_context":{"text":"Home","link":"https:\/\/blogdafeira.com.br\/home\/categoria\/raiz\/"},"img":{"alt_text":"","src":"","width":0,"height":0},"classes":[]},{"id":40503,"url":"https:\/\/blogdafeira.com.br\/home\/2020\/09\/16\/51-370-alunos-de-206-escolas-vao-receber-kit-alimentacao-em-feira\/","url_meta":{"origin":57035,"position":4},"title":"51.370 alunos de 206 escolas v\u00e3o receber kit alimenta\u00e7\u00e3o em Feira","author":"Secom\/FSA","date":"16\/09\/2020","format":false,"excerpt":"Come\u00e7aram a ser distribu\u00eddos esta ter\u00e7a-feira, 15, os kits de alimentos para as fam\u00edlias dos estudantes da Rede Municipal de Educa\u00e7\u00e3o. A primeira a iniciar a entrega foi a Escola Carlos Alberto do Carmo, situada no Feira IX. Todos os 51.370 alunos, de 206 unidades\u00a0 \u2013 da Educa\u00e7\u00e3o Infantil \u00e0\u2026","rel":"","context":"Em &quot;Cidade&quot;","block_context":{"text":"Cidade","link":"https:\/\/blogdafeira.com.br\/home\/categoria\/cidade\/"},"img":{"alt_text":"","src":"https:\/\/i0.wp.com\/blogdafeira.com.br\/home\/wp-content\/uploads\/2020\/09\/MERENDA41.jpg?resize=350%2C200&ssl=1","width":350,"height":200,"srcset":"https:\/\/i0.wp.com\/blogdafeira.com.br\/home\/wp-content\/uploads\/2020\/09\/MERENDA41.jpg?resize=350%2C200&ssl=1 1x, https:\/\/i0.wp.com\/blogdafeira.com.br\/home\/wp-content\/uploads\/2020\/09\/MERENDA41.jpg?resize=525%2C300&ssl=1 1.5x, https:\/\/i0.wp.com\/blogdafeira.com.br\/home\/wp-content\/uploads\/2020\/09\/MERENDA41.jpg?resize=700%2C400&ssl=1 2x"},"classes":[]},{"id":5731,"url":"https:\/\/blogdafeira.com.br\/home\/2013\/10\/24\/graca-pimenta-quer-merenda-especial-para-diabeticos-nas-escolas-baianas\/","url_meta":{"origin":57035,"position":5},"title":"Gra\u00e7a Pimenta quer merenda especial para diab\u00e9ticos nas escolas baianas","author":"Secom\/FSA","date":"24\/10\/2013","format":false,"excerpt":"As \u00a0institui\u00e7\u00f5es da\u00a0rede p\u00fablica estadual de ensino\u00a0ser\u00e3o obrigadas a fornecer merenda escolar diferenciada para estudantes clinicamente considerados diab\u00e9ticos tipo 1 (infanto juvenil), caso seja aprovado projeto da deputada Gra\u00e7a Pimenta que est\u00e1 em tramita\u00e7\u00e3o na Assembleia Legislativa da Bahia. Esta semana, o projeto da deputada obteve parecer favor\u00e1vel da Comiss\u00e3o\u2026","rel":"","context":"Em &quot;Home&quot;","block_context":{"text":"Home","link":"https:\/\/blogdafeira.com.br\/home\/categoria\/raiz\/"},"img":{"alt_text":"","src":"","width":0,"height":0},"classes":[]}],"_links":{"self":[{"href":"https:\/\/blogdafeira.com.br\/home\/wp-json\/wp\/v2\/posts\/57035","targetHints":{"allow":["GET"]}}],"collection":[{"href":"https:\/\/blogdafeira.com.br\/home\/wp-json\/wp\/v2\/posts"}],"about":[{"href":"https:\/\/blogdafeira.com.br\/home\/wp-json\/wp\/v2\/types\/post"}],"author":[{"embeddable":true,"href":"https:\/\/blogdafeira.com.br\/home\/wp-json\/wp\/v2\/users\/1"}],"replies":[{"embeddable":true,"href":"https:\/\/blogdafeira.com.br\/home\/wp-json\/wp\/v2\/comments?post=57035"}],"version-history":[{"count":1,"href":"https:\/\/blogdafeira.com.br\/home\/wp-json\/wp\/v2\/posts\/57035\/revisions"}],"predecessor-version":[{"id":57037,"href":"https:\/\/blogdafeira.com.br\/home\/wp-json\/wp\/v2\/posts\/57035\/revisions\/57037"}],"wp:featuredmedia":[{"embeddable":true,"href":"https:\/\/blogdafeira.com.br\/home\/wp-json\/wp\/v2\/media\/57036"}],"wp:attachment":[{"href":"https:\/\/blogdafeira.com.br\/home\/wp-json\/wp\/v2\/media?parent=57035"}],"wp:term":[{"taxonomy":"category","embeddable":true,"href":"https:\/\/blogdafeira.com.br\/home\/wp-json\/wp\/v2\/categories?post=57035"},{"taxonomy":"post_tag","embeddable":true,"href":"https:\/\/blogdafeira.com.br\/home\/wp-json\/wp\/v2\/tags?post=57035"}],"curies":[{"name":"wp","href":"https:\/\/api.w.org\/{rel}","templated":true}]}}