{"id":57058,"date":"2023-03-30T16:55:57","date_gmt":"2023-03-30T19:55:57","guid":{"rendered":"https:\/\/blogdafeira.com.br\/home\/?p=57058"},"modified":"2023-06-21T17:19:21","modified_gmt":"2023-06-21T20:19:21","slug":"jeronimo-viaja-para-a-china-com-agenda-de-negocios","status":"publish","type":"post","link":"https:\/\/blogdafeira.com.br\/home\/2023\/03\/30\/jeronimo-viaja-para-a-china-com-agenda-de-negocios\/","title":{"rendered":"Jer\u00f4nimo viaja para a China com agenda de neg\u00f3cios"},"content":{"rendered":"<ul>\n<li><span style=\"font-size: 14px;\">O governador Jer\u00f4nimo Rodrigues e dois secret\u00e1rios embarcaram na noite de quarta-feira (29) para Pequim, a capital da China.<\/span><\/li>\n<li><span style=\"font-size: 14px;\">A agenda no pa\u00eds asi\u00e1tico deve durar entre 10 e 12 dias, passando por 8 cidades e contando com encontros com autoridades e empres\u00e1rios.<\/span><\/li>\n<li><span style=\"font-size: 14px;\">China \u00e9 o principal parceiro comercial e investidor da Bahia<\/span>\n<div class=\"message\">\n<div class=\"content\" tabindex=\"0\" aria-hidden=\"true\">\n<div class=\"ac-container ac-adaptiveCard\">\n<div class=\"ac-textBlock\"><\/div>\n<\/div>\n<\/div>\n<\/div>\n<\/li>\n<\/ul>\n<div id=\"blogd-811289203\" class=\"blogd-fim-do-post-mobile blogd-entity-placement\" style=\"margin-left: auto;margin-right: auto;text-align: center;\"><a href=\"https:\/\/www.sefaz.feiradesantana.ba.gov.br\/\" target=\"_blank\" aria-label=\"728&#215;90 (6)\"><img loading=\"lazy\" decoding=\"async\" src=\"https:\/\/blogdafeira.com.br\/home\/wp-content\/uploads\/2026\/03\/728x90-6.gif\" alt=\"\"  class=\"no-lazyload\" width=\"728\" height=\"90\"  style=\"display: inline-block;\" \/><\/a><\/div><p style=\"text-align: justify;\">Com propostas de investimentos na Bahia e perspectiva de firmar acordos com empresas chinesas, o governador Jer\u00f4nimo Rodrigues embarcou na noite de quarta-feira com destino a Pequim, capital da China. A chegada no pa\u00eds est\u00e1 prevista para sexta-feira (31).<\/p><div id=\"blogd-2011902549\" class=\"blogd-conteudo-2-mobile blogd-entity-placement\"><a href=\"https:\/\/feirenses.com.br\/\" target=\"_blank\" aria-label=\"feirenses\"><img loading=\"lazy\" decoding=\"async\" src=\"https:\/\/blogdafeira.com.br\/home\/wp-content\/uploads\/2026\/04\/feirenses.png\" alt=\"\"  srcset=\"https:\/\/blogdafeira.com.br\/home\/wp-content\/uploads\/2026\/04\/feirenses.png 300w, https:\/\/blogdafeira.com.br\/home\/wp-content\/uploads\/2026\/04\/feirenses-170x45.png 170w, https:\/\/blogdafeira.com.br\/home\/wp-content\/uploads\/2026\/04\/feirenses-280x74.png 280w\" sizes=\"(max-width: 300px) 100vw, 300px\" class=\"no-lazyload\" width=\"300\" height=\"79\"  style=\"display: inline-block;\" \/><\/a><\/div>\n<p style=\"text-align: justify;\">Nos pr\u00f3ximos dias, ele participa de uma s\u00e9rie de encontros com autoridades pol\u00edticas e empresariais do pa\u00eds asi\u00e1tico para tratar de projetos em \u00e1reas como energia renov\u00e1vel, infraestrutura, ind\u00fastria automotiva e tecnologia. Al\u00e9m de Pequim, ele visita outras sete cidades chinesas.<\/p>\n<p style=\"text-align: justify;\">\u201cTeremos agendas com empresas que j\u00e1 possuem investimentos firmados para o estado, e tamb\u00e9m iremos discutir novos projetos ligados a cidades inteligentes e transportes, por exemplo. Vamos trabalhar para trazer boas not\u00edcias. A China \u00e9 uma pot\u00eancia mundial e grande parceira da Bahia\u201d, disse Jer\u00f4nimo.<\/p>\n<h3 style=\"text-align: justify;\">Conex\u00e3o entre Bahia e China<\/h3>\n<p style=\"text-align: justify;\">Atualmente, a China \u00e9 o principal parceiro comercial estrangeiro da Bahia, com grande volume de neg\u00f3cios realizados. Os principais produtos exportados para a China s\u00e3o algod\u00e3o, polietileno e soja. O estado tamb\u00e9m \u00e9 uma das principais portas de entrada de investimentos chineses no Brasil.<\/p>\n<p style=\"text-align: justify;\">Somente em energia limpa, uma \u00fanica empresa chinesa j\u00e1 investiu mais de R$1 bilh\u00e3o na constru\u00e7\u00e3o de parques e\u00f3licos no estado baiano, e tem mais R$ 750 milh\u00f5es em implanta\u00e7\u00e3o. Estima-se que 13,6% de tudo o que a China investe ao redor do mundo veio para o Brasil, nos \u00faltimos anos. \u201cQueremos aproveitar essa disposi\u00e7\u00e3o chinesa de ampliar os investimentos no Brasil e fortalecer a rela\u00e7\u00e3o com a Bahia. Esses projetos significam desenvolvimento e gera\u00e7\u00e3o de emprego e renda\u201d, explicou Jer\u00f4nimo.<\/p>\n<h3>Comitiva de Lula<\/h3>\n<p style=\"text-align: justify;\">Jer\u00f4nimo participaria da comitiva do presidente Lula, que cancelou a viagem \u00e0 China por orienta\u00e7\u00e3o m\u00e9dica, ap\u00f3s ser diagnosticado com pneumonia leve. Mesmo assim, o governador decidiu manter a agenda de reuni\u00f5es com autoridades e empres\u00e1rios chineses, porque busca atrair investimentos e parcerias para o estado, que j\u00e1 tem uma forte rela\u00e7\u00e3o comercial com o pa\u00eds asi\u00e1tico.<\/p>\n<p>Durante a viagem, o governador Jer\u00f4nimo Rodrigues estar\u00e1 acompanhado dos secret\u00e1rios de Desenvolvimento Econ\u00f4mico (SDE), \u00c2ngelo Almeida; e de Ci\u00eancia, Tecnologia e Inova\u00e7\u00e3o (Secti), Andr\u00e9 Joazeiro; al\u00e9m do superintendente de Atra\u00e7\u00e3o de Investimentos e Fomento ao Desenvolvimento Econ\u00f4mico da SDE, Paulo Guimar\u00e3es.<\/p>\n<p style=\"text-align: justify;\">Al\u00e9m de Pequim, o governador visitar\u00e1 outras sete cidades chinesas, que n\u00e3o foram divulgadas oficialmente. Nessas cidades, ele ter\u00e1 encontros com autoridades e empres\u00e1rios para discutir projetos de interesse da Bahia, como a retomada da produ\u00e7\u00e3o de carros na antiga f\u00e1brica da Ford em Cama\u00e7ari e a constru\u00e7\u00e3o da Ponte Salvador-Itaparica. A viagem deve durar entre 10 e 12 dias.<\/p>\n<div id=\"blogd-3449355561\" class=\"blogd-final-post blogd-entity-placement\"><a href=\"https:\/\/www.feiradesantana.ba.leg.br\/\" target=\"_blank\" aria-label=\"BANNER-SITE-ENTREGADECHEQUE-CAMARADEFEIRA\"><img loading=\"lazy\" decoding=\"async\" src=\"https:\/\/blogdafeira.com.br\/home\/wp-content\/uploads\/2026\/03\/BANNER-SITE-ENTREGADECHEQUE-CAMARADEFEIRA.gif\" alt=\"\"  class=\"no-lazyload\" width=\"728\" height=\"90\"   \/><\/a><\/div><p><span style=\"font-size: 14px;\"><em>Com informa\u00e7\u00f5es da Secom\/Bahia<\/em><\/span><\/p>\n","protected":false},"excerpt":{"rendered":"<p>O governador da Bahia, Jer\u00f4nimo Rodrigues, viajou para a China para participar de encontros com autoridades e empres\u00e1rios do pa\u00eds asi\u00e1tico. Ele busca atrair investimentos e parcerias em \u00e1reas como energia renov\u00e1vel, infraestrutura, ind\u00fastria automotiva e tecnologia. A China \u00e9 o principal parceiro comercial estrangeiro da Bahia e uma das maiores fontes de investimentos chineses no Brasil.<\/p>\n","protected":false},"author":1,"featured_media":56076,"comment_status":"open","ping_status":"open","sticky":false,"template":"","format":"standard","meta":{"jetpack_post_was_ever_published":false,"cybocfi_hide_featured_image":"","_jetpack_newsletter_access":"","_jetpack_dont_email_post_to_subs":false,"_jetpack_newsletter_tier_id":0,"_jetpack_memberships_contains_paywalled_content":false,"_jetpack_memberships_contains_paid_content":false,"footnotes":"","jetpack_publicize_message":"","jetpack_publicize_feature_enabled":true,"jetpack_social_post_already_shared":true,"jetpack_social_options":{"image_generator_settings":{"template":"highway","default_image_id":0,"font":"","enabled":false},"version":2}},"categories":[680,774,1],"tags":[],"class_list":["post-57058","post","type-post","status-publish","format-standard","has-post-thumbnail","hentry","category-bahia","category-economia","category-raiz"],"jetpack_publicize_connections":[],"jetpack_featured_media_url":"https:\/\/blogdafeira.com.br\/home\/wp-content\/uploads\/2023\/01\/Fotos-Fernando-VivasGOVBA-1-1068x712-1.webp","jetpack_shortlink":"https:\/\/wp.me\/p3niVf-eQi","jetpack_sharing_enabled":true,"jetpack-related-posts":[{"id":60316,"url":"https:\/\/blogdafeira.com.br\/home\/2023\/12\/05\/jeronimo-volta-hoje-da-segunda-viagem-internacional\/","url_meta":{"origin":57058,"position":0},"title":"Jer\u00f4nimo volta hoje da segunda viagem internacional","author":"Blog da Feira","date":"05\/12\/2023","format":false,"excerpt":"O governador Jer\u00f4nimo Rodrigues participou ontem (segunda-feira 4), em Berlim, do F\u00f3rum Empresarial Brasil-Alemanha, que reuniu cerca de 200 empres\u00e1rios e representantes do governo dos dois pa\u00edses para discutir a economia e os neg\u00f3cios entre eles. Com a presen\u00e7a do presidente Lula e dos ministros Fernando Haddad (Economia), Marina Silva\u2026","rel":"","context":"Em &quot;Bahia&quot;","block_context":{"text":"Bahia","link":"https:\/\/blogdafeira.com.br\/home\/categoria\/bahia\/"},"img":{"alt_text":"","src":"https:\/\/i0.wp.com\/blogdafeira.com.br\/home\/wp-content\/uploads\/2023\/12\/jeronimo-na-alemanha-Foto-Daniel-Senna-GOVBA-3.jpeg?resize=350%2C200&ssl=1","width":350,"height":200,"srcset":"https:\/\/i0.wp.com\/blogdafeira.com.br\/home\/wp-content\/uploads\/2023\/12\/jeronimo-na-alemanha-Foto-Daniel-Senna-GOVBA-3.jpeg?resize=350%2C200&ssl=1 1x, https:\/\/i0.wp.com\/blogdafeira.com.br\/home\/wp-content\/uploads\/2023\/12\/jeronimo-na-alemanha-Foto-Daniel-Senna-GOVBA-3.jpeg?resize=525%2C300&ssl=1 1.5x, https:\/\/i0.wp.com\/blogdafeira.com.br\/home\/wp-content\/uploads\/2023\/12\/jeronimo-na-alemanha-Foto-Daniel-Senna-GOVBA-3.jpeg?resize=700%2C400&ssl=1 2x, https:\/\/i0.wp.com\/blogdafeira.com.br\/home\/wp-content\/uploads\/2023\/12\/jeronimo-na-alemanha-Foto-Daniel-Senna-GOVBA-3.jpeg?resize=1050%2C600&ssl=1 3x, https:\/\/i0.wp.com\/blogdafeira.com.br\/home\/wp-content\/uploads\/2023\/12\/jeronimo-na-alemanha-Foto-Daniel-Senna-GOVBA-3.jpeg?resize=1400%2C800&ssl=1 4x"},"classes":[]},{"id":57103,"url":"https:\/\/blogdafeira.com.br\/home\/2023\/04\/06\/jeronimo-visita-fabrica-de-onibus-eletricos-na-china\/","url_meta":{"origin":57058,"position":1},"title":"Jer\u00f4nimo visita f\u00e1brica de \u00f4nibus el\u00e9tricos na China","author":"Blog da Feira","date":"06\/04\/2023","format":false,"excerpt":"O governador Jer\u00f4nimo Rodrigues visitou, nesta quinta-feira (6), na cidade de Zhengzhou, na China, o maior fabricante de \u00f4nibus el\u00e9tricos do pa\u00eds asi\u00e1tico e um dos maiores do mundo, a Yutong Bus Company. A empresa prepara a instala\u00e7\u00e3o de uma montadora no Brasil, e a Bahia sai na frente sendo\u2026","rel":"","context":"Em &quot;Bahia&quot;","block_context":{"text":"Bahia","link":"https:\/\/blogdafeira.com.br\/home\/categoria\/bahia\/"},"img":{"alt_text":"","src":"https:\/\/i0.wp.com\/blogdafeira.com.br\/home\/wp-content\/uploads\/2023\/04\/e961127a-708f-475e-a12e-20c0b7117e5f.jpg?resize=350%2C200&ssl=1","width":350,"height":200,"srcset":"https:\/\/i0.wp.com\/blogdafeira.com.br\/home\/wp-content\/uploads\/2023\/04\/e961127a-708f-475e-a12e-20c0b7117e5f.jpg?resize=350%2C200&ssl=1 1x, https:\/\/i0.wp.com\/blogdafeira.com.br\/home\/wp-content\/uploads\/2023\/04\/e961127a-708f-475e-a12e-20c0b7117e5f.jpg?resize=525%2C300&ssl=1 1.5x, https:\/\/i0.wp.com\/blogdafeira.com.br\/home\/wp-content\/uploads\/2023\/04\/e961127a-708f-475e-a12e-20c0b7117e5f.jpg?resize=700%2C400&ssl=1 2x, https:\/\/i0.wp.com\/blogdafeira.com.br\/home\/wp-content\/uploads\/2023\/04\/e961127a-708f-475e-a12e-20c0b7117e5f.jpg?resize=1050%2C600&ssl=1 3x"},"classes":[]},{"id":67211,"url":"https:\/\/blogdafeira.com.br\/home\/2025\/05\/12\/jeronimo-fala-aos-chineses-sobre-o-potencial-energetico-da-bahia\/","url_meta":{"origin":57058,"position":2},"title":"Jer\u00f4nimo fala aos chineses sobre o potencial energ\u00e9tico da Bahia","author":"Blog da Feira","date":"12\/05\/2025","format":false,"excerpt":"Em seu primeiro dia de trabalho na China, o governador Jer\u00f4nimo Rodrigues falou, nesta segunda-feira (12), para um p\u00fablico formado por cerca de 400 empres\u00e1rios chineses sobre o potencial energ\u00e9tico da Bahia e o conjunto de oportunidades de investimentos em alta tecnologia que isso proporciona. Organizado pela Apex Brasil, ag\u00eancia\u2026","rel":"","context":"Em &quot;Geral&quot;","block_context":{"text":"Geral","link":"https:\/\/blogdafeira.com.br\/home\/categoria\/geral\/"},"img":{"alt_text":"","src":"https:\/\/i0.wp.com\/blogdafeira.com.br\/home\/wp-content\/uploads\/2025\/05\/Foto-Daniel-Sena-GOVBA.jpg?resize=350%2C200&ssl=1","width":350,"height":200,"srcset":"https:\/\/i0.wp.com\/blogdafeira.com.br\/home\/wp-content\/uploads\/2025\/05\/Foto-Daniel-Sena-GOVBA.jpg?resize=350%2C200&ssl=1 1x, https:\/\/i0.wp.com\/blogdafeira.com.br\/home\/wp-content\/uploads\/2025\/05\/Foto-Daniel-Sena-GOVBA.jpg?resize=525%2C300&ssl=1 1.5x, https:\/\/i0.wp.com\/blogdafeira.com.br\/home\/wp-content\/uploads\/2025\/05\/Foto-Daniel-Sena-GOVBA.jpg?resize=700%2C400&ssl=1 2x"},"classes":[]},{"id":67298,"url":"https:\/\/blogdafeira.com.br\/home\/2025\/05\/15\/jeronimo-se-reune-na-china-com-acionistas-da-concessionaria-ponte-salvador-itaparica\/","url_meta":{"origin":57058,"position":3},"title":"Jer\u00f4nimo se re\u00fane na China com acionistas da Concession\u00e1ria Ponte Salvador &#8211; Itaparica","author":"Blog da Feira","date":"15\/05\/2025","format":false,"excerpt":"Ap\u00f3s participar da reuni\u00e3o entre os presidentes Lula e Xi Jinping, quando a China se comprometeu com o projeto da Ponte Salvador Itaparica, o governador Jer\u00f4nimo Rodrigues se reuniu duas vezes, nesta quarta-feira (14), com os acionistas que formam o cons\u00f3rcio de constru\u00e7\u00e3o da Ponte Salvador - Itaparica. Quest\u00f5es t\u00e9cnicas\u2026","rel":"","context":"Em &quot;Bahia&quot;","block_context":{"text":"Bahia","link":"https:\/\/blogdafeira.com.br\/home\/categoria\/bahia\/"},"img":{"alt_text":"","src":"https:\/\/i0.wp.com\/blogdafeira.com.br\/home\/wp-content\/uploads\/2025\/05\/WhatsApp-Image-2025-05-14-at-14.58.00.jpeg?resize=350%2C200&ssl=1","width":350,"height":200,"srcset":"https:\/\/i0.wp.com\/blogdafeira.com.br\/home\/wp-content\/uploads\/2025\/05\/WhatsApp-Image-2025-05-14-at-14.58.00.jpeg?resize=350%2C200&ssl=1 1x, https:\/\/i0.wp.com\/blogdafeira.com.br\/home\/wp-content\/uploads\/2025\/05\/WhatsApp-Image-2025-05-14-at-14.58.00.jpeg?resize=525%2C300&ssl=1 1.5x, https:\/\/i0.wp.com\/blogdafeira.com.br\/home\/wp-content\/uploads\/2025\/05\/WhatsApp-Image-2025-05-14-at-14.58.00.jpeg?resize=700%2C400&ssl=1 2x"},"classes":[]},{"id":60088,"url":"https:\/\/blogdafeira.com.br\/home\/2023\/11\/21\/jeronimo-recepciona-17-embaixadores-de-paises-africanos\/","url_meta":{"origin":57058,"position":4},"title":"Jer\u00f4nimo recepciona 17 embaixadores de pa\u00edses africanos","author":"Blog da Feira","date":"21\/11\/2023","format":false,"excerpt":"O governador Jer\u00f4nimo Rodrigues recepcionou na tarde desta ter\u00e7a-feira (21), no Centro Administrativo, em Salvador, embaixadores de diversos pa\u00edses africanos em miss\u00e3o no estado desde o dia 18. Na oportunidade, o grupo de l\u00edderes da Uni\u00e3o Africana, falou sobre o interesse de se aproximar da Bahia e fortalecer parcerias e\u2026","rel":"","context":"Em &quot;Home&quot;","block_context":{"text":"Home","link":"https:\/\/blogdafeira.com.br\/home\/categoria\/raiz\/"},"img":{"alt_text":"","src":"https:\/\/i0.wp.com\/blogdafeira.com.br\/home\/wp-content\/uploads\/2023\/11\/WhatsApp-Image-2023-11-21-at-18.39.55-2.jpeg?resize=350%2C200&ssl=1","width":350,"height":200,"srcset":"https:\/\/i0.wp.com\/blogdafeira.com.br\/home\/wp-content\/uploads\/2023\/11\/WhatsApp-Image-2023-11-21-at-18.39.55-2.jpeg?resize=350%2C200&ssl=1 1x, https:\/\/i0.wp.com\/blogdafeira.com.br\/home\/wp-content\/uploads\/2023\/11\/WhatsApp-Image-2023-11-21-at-18.39.55-2.jpeg?resize=525%2C300&ssl=1 1.5x, https:\/\/i0.wp.com\/blogdafeira.com.br\/home\/wp-content\/uploads\/2023\/11\/WhatsApp-Image-2023-11-21-at-18.39.55-2.jpeg?resize=700%2C400&ssl=1 2x, https:\/\/i0.wp.com\/blogdafeira.com.br\/home\/wp-content\/uploads\/2023\/11\/WhatsApp-Image-2023-11-21-at-18.39.55-2.jpeg?resize=1050%2C600&ssl=1 3x"},"classes":[]},{"id":70148,"url":"https:\/\/blogdafeira.com.br\/home\/2025\/11\/11\/na-cop30-jeronimo-fortalece-a-pauta-do-bioma-caatinga\/","url_meta":{"origin":57058,"position":5},"title":"Na COP30, Jer\u00f4nimo fortalece a pauta do bioma Caatinga","author":"Blog da Feira","date":"11\/11\/2025","format":false,"excerpt":"A experi\u00eancia da Bahia em pol\u00edticas de incentivo \u00e0 transi\u00e7\u00e3o energ\u00e9tica e o destaque do estado na produ\u00e7\u00e3o de energia sustent\u00e1vel marcaram a participa\u00e7\u00e3o do governador Jer\u00f4nimo Rodrigues na COP30, em Bel\u00e9m, nesta segunda-feira (10). Durante os encontros e pain\u00e9is, o governador enfatizou a import\u00e2ncia de acelerar as a\u00e7\u00f5es de\u2026","rel":"","context":"Em &quot;Geral&quot;","block_context":{"text":"Geral","link":"https:\/\/blogdafeira.com.br\/home\/categoria\/geral\/"},"img":{"alt_text":"","src":"https:\/\/i0.wp.com\/blogdafeira.com.br\/home\/wp-content\/uploads\/2025\/11\/Belem-COP30.-Foto-Daniel-SennaGOVBA-7.jpeg?resize=350%2C200&ssl=1","width":350,"height":200,"srcset":"https:\/\/i0.wp.com\/blogdafeira.com.br\/home\/wp-content\/uploads\/2025\/11\/Belem-COP30.-Foto-Daniel-SennaGOVBA-7.jpeg?resize=350%2C200&ssl=1 1x, https:\/\/i0.wp.com\/blogdafeira.com.br\/home\/wp-content\/uploads\/2025\/11\/Belem-COP30.-Foto-Daniel-SennaGOVBA-7.jpeg?resize=525%2C300&ssl=1 1.5x, https:\/\/i0.wp.com\/blogdafeira.com.br\/home\/wp-content\/uploads\/2025\/11\/Belem-COP30.-Foto-Daniel-SennaGOVBA-7.jpeg?resize=700%2C400&ssl=1 2x, https:\/\/i0.wp.com\/blogdafeira.com.br\/home\/wp-content\/uploads\/2025\/11\/Belem-COP30.-Foto-Daniel-SennaGOVBA-7.jpeg?resize=1050%2C600&ssl=1 3x"},"classes":[]}],"_links":{"self":[{"href":"https:\/\/blogdafeira.com.br\/home\/wp-json\/wp\/v2\/posts\/57058","targetHints":{"allow":["GET"]}}],"collection":[{"href":"https:\/\/blogdafeira.com.br\/home\/wp-json\/wp\/v2\/posts"}],"about":[{"href":"https:\/\/blogdafeira.com.br\/home\/wp-json\/wp\/v2\/types\/post"}],"author":[{"embeddable":true,"href":"https:\/\/blogdafeira.com.br\/home\/wp-json\/wp\/v2\/users\/1"}],"replies":[{"embeddable":true,"href":"https:\/\/blogdafeira.com.br\/home\/wp-json\/wp\/v2\/comments?post=57058"}],"version-history":[{"count":2,"href":"https:\/\/blogdafeira.com.br\/home\/wp-json\/wp\/v2\/posts\/57058\/revisions"}],"predecessor-version":[{"id":57060,"href":"https:\/\/blogdafeira.com.br\/home\/wp-json\/wp\/v2\/posts\/57058\/revisions\/57060"}],"wp:featuredmedia":[{"embeddable":true,"href":"https:\/\/blogdafeira.com.br\/home\/wp-json\/wp\/v2\/media\/56076"}],"wp:attachment":[{"href":"https:\/\/blogdafeira.com.br\/home\/wp-json\/wp\/v2\/media?parent=57058"}],"wp:term":[{"taxonomy":"category","embeddable":true,"href":"https:\/\/blogdafeira.com.br\/home\/wp-json\/wp\/v2\/categories?post=57058"},{"taxonomy":"post_tag","embeddable":true,"href":"https:\/\/blogdafeira.com.br\/home\/wp-json\/wp\/v2\/tags?post=57058"}],"curies":[{"name":"wp","href":"https:\/\/api.w.org\/{rel}","templated":true}]}}