{"id":57119,"date":"2023-04-11T17:01:40","date_gmt":"2023-04-11T20:01:40","guid":{"rendered":"https:\/\/blogdafeira.com.br\/home\/?p=57119"},"modified":"2023-06-21T17:19:20","modified_gmt":"2023-06-21T20:19:20","slug":"vereadores-de-feira-aprovam-cessao-ao-governo-do-estado-da-area-do-centro-de-convencoes","status":"publish","type":"post","link":"https:\/\/blogdafeira.com.br\/home\/2023\/04\/11\/vereadores-de-feira-aprovam-cessao-ao-governo-do-estado-da-area-do-centro-de-convencoes\/","title":{"rendered":"Vereadores de Feira aprovam cess\u00e3o ao governo do Estado da \u00e1rea do Centro de Conven\u00e7\u00f5es"},"content":{"rendered":"\n<div id=\"blogd-2583078168\" class=\"blogd-fim-do-post-mobile blogd-entity-placement\" style=\"margin-left: auto;margin-right: auto;text-align: center;\"><a href=\"https:\/\/www.sefaz.feiradesantana.ba.gov.br\/\" target=\"_blank\" aria-label=\"728&#215;90 (6)\"><img loading=\"lazy\" decoding=\"async\" src=\"https:\/\/blogdafeira.com.br\/home\/wp-content\/uploads\/2026\/03\/728x90-6.gif\" alt=\"\"  class=\"no-lazyload\" width=\"728\" height=\"90\"  style=\"display: inline-block;\" \/><\/a><\/div><p>Na sess\u00e3o ordin\u00e1rias desta quarta-feira, 12, os vereadores de Feira de Santana devem votar o projeto de lei do Executivo que cede ao governo do estado a \u00e1rea onde foi iniciada a constru\u00e7\u00e3o de um Centro de Conven\u00e7\u00f5es h\u00e1 mais de 16 anos e desde esse tempo paralisado. <\/p><div id=\"blogd-1473559522\" class=\"blogd-conteudo-2-mobile blogd-entity-placement\"><a href=\"https:\/\/feirenses.com.br\/\" target=\"_blank\" aria-label=\"feirenses\"><img loading=\"lazy\" decoding=\"async\" src=\"https:\/\/blogdafeira.com.br\/home\/wp-content\/uploads\/2026\/04\/feirenses.png\" alt=\"\"  srcset=\"https:\/\/blogdafeira.com.br\/home\/wp-content\/uploads\/2026\/04\/feirenses.png 300w, https:\/\/blogdafeira.com.br\/home\/wp-content\/uploads\/2026\/04\/feirenses-170x45.png 170w, https:\/\/blogdafeira.com.br\/home\/wp-content\/uploads\/2026\/04\/feirenses-280x74.png 280w\" sizes=\"(max-width: 300px) 100vw, 300px\" class=\"no-lazyload\" width=\"300\" height=\"79\"  style=\"display: inline-block;\" \/><\/a><\/div>\n\n\n\n<p>Segundo a presidente da C\u00e2mara, vereadora Eremita Motta, nesta quarta, &#8220;<em>a mat\u00e9ria dever\u00e1 ser votada, pacificamente, em segunda e\u00a0 \u00faltima discuss\u00e3o<\/em>&#8220;. A C\u00e2mara aguardava com expectativa pelo entendimento entre os governos Municipal e Estadual &#8220;<em>na certeza de que, aqui chegando o projeto, seria aprovado, diante da sensibilidade de todos os vereadores para o assunto&#8221;<\/em>, disse a vereadora.<\/p>\n\n\n\n<p>Medindo quatro e meio hectares, a \u00e1rea pertencente \u00e0 Prefeitura e cedida ao Estado est\u00e1 expressa no Projeto T\u00e9cnico do Centro de Conven\u00e7\u00f5es, com limites descritos em certid\u00e3o. O prazo de cess\u00e3o \u00e9 de 30 anos, podendo ser prorrogado. Ao im\u00f3vel, n\u00e3o pode ser dado destino diverso do mencionado no projeto, conforme o Termo Administrativo de Cess\u00e3o de Uso do Bem Im\u00f3vel.<\/p>\n\n\n\n<div id=\"blogd-1187715031\" class=\"blogd-final-post blogd-entity-placement\"><a href=\"https:\/\/www.feiradesantana.ba.leg.br\/\" target=\"_blank\" aria-label=\"BANNER-SITE-ENTREGADECHEQUE-CAMARADEFEIRA\"><img loading=\"lazy\" decoding=\"async\" src=\"https:\/\/blogdafeira.com.br\/home\/wp-content\/uploads\/2026\/03\/BANNER-SITE-ENTREGADECHEQUE-CAMARADEFEIRA.gif\" alt=\"\"  class=\"no-lazyload\" width=\"728\" height=\"90\"   \/><\/a><\/div><p>Com a \u00e1rea legalmente em m\u00e3o do Estado caber\u00e1 ao governo do Estado definiri o futuro do local. O Centro de Conven\u00e7\u00f5es \u00e9 um dos temas mais indigestos da pol\u00edtica local na rela\u00e7\u00e3o com o Governo estadual. <\/p>\n","protected":false},"excerpt":{"rendered":"<p>Na sess\u00e3o ordin\u00e1rias desta quarta-feira, 12, os vereadores de Feira de Santana devem votar o projeto de lei do Executivo que cede ao governo do estado a \u00e1rea onde foi iniciada a constru\u00e7\u00e3o de um Centro de Conven\u00e7\u00f5es h\u00e1 mais de 16 anos e desde esse tempo paralisado. Segundo a presidente da C\u00e2mara, vereadora Eremita<\/p>\n","protected":false},"author":1,"featured_media":57120,"comment_status":"open","ping_status":"open","sticky":false,"template":"","format":"standard","meta":{"jetpack_post_was_ever_published":false,"cybocfi_hide_featured_image":"","_jetpack_newsletter_access":"","_jetpack_dont_email_post_to_subs":false,"_jetpack_newsletter_tier_id":0,"_jetpack_memberships_contains_paywalled_content":false,"_jetpack_memberships_contains_paid_content":false,"footnotes":"","jetpack_publicize_message":"","jetpack_publicize_feature_enabled":true,"jetpack_social_post_already_shared":true,"jetpack_social_options":{"image_generator_settings":{"template":"highway","default_image_id":0,"font":"","enabled":false},"version":2}},"categories":[3,1,631],"tags":[],"class_list":["post-57119","post","type-post","status-publish","format-standard","has-post-thumbnail","hentry","category-cidade","category-raiz","category-politica"],"jetpack_publicize_connections":[],"jetpack_featured_media_url":"https:\/\/blogdafeira.com.br\/home\/wp-content\/uploads\/2023\/04\/OIP-15.jpeg","jetpack_shortlink":"https:\/\/wp.me\/p3niVf-eRh","jetpack_sharing_enabled":true,"jetpack-related-posts":[{"id":57917,"url":"https:\/\/blogdafeira.com.br\/home\/2023\/06\/01\/camara-de-vereadores-de-feira-aprova-cessao-de-area-publica-ao-senar\/","url_meta":{"origin":57119,"position":0},"title":"C\u00e2mara de Vereadores de Feira aprova cess\u00e3o de \u00e1rea p\u00fablica ao Senar","author":"Blog da Feira","date":"01\/06\/2023","format":false,"excerpt":"A C\u00e2mara de Feira de Santana aprovou em primeira e segunda vota\u00e7\u00f5es, esta quinta (1), autoriza\u00e7\u00e3o legislativa para que o Governo Municipal possa ceder, ao Senar (Servi\u00e7o Nacional de Aprendizagem Rural) uma \u00e1rea de 20 mil metros quadrados no Parque de Exposi\u00e7\u00f5es Jo\u00e3o Martins da Silva. O projeto, que teve\u2026","rel":"","context":"Em &quot;Home&quot;","block_context":{"text":"Home","link":"https:\/\/blogdafeira.com.br\/home\/categoria\/raiz\/"},"img":{"alt_text":"","src":"https:\/\/i0.wp.com\/blogdafeira.com.br\/home\/wp-content\/uploads\/2023\/06\/6478f23ebadcb.jpg?resize=350%2C200&ssl=1","width":350,"height":200,"srcset":"https:\/\/i0.wp.com\/blogdafeira.com.br\/home\/wp-content\/uploads\/2023\/06\/6478f23ebadcb.jpg?resize=350%2C200&ssl=1 1x, https:\/\/i0.wp.com\/blogdafeira.com.br\/home\/wp-content\/uploads\/2023\/06\/6478f23ebadcb.jpg?resize=525%2C300&ssl=1 1.5x, https:\/\/i0.wp.com\/blogdafeira.com.br\/home\/wp-content\/uploads\/2023\/06\/6478f23ebadcb.jpg?resize=700%2C400&ssl=1 2x, https:\/\/i0.wp.com\/blogdafeira.com.br\/home\/wp-content\/uploads\/2023\/06\/6478f23ebadcb.jpg?resize=1050%2C600&ssl=1 3x"},"classes":[]},{"id":58130,"url":"https:\/\/blogdafeira.com.br\/home\/2023\/06\/13\/jeronimo-anuncia-obras-no-centro-de-convencoes-de-feira-em-ate-90-dias\/","url_meta":{"origin":57119,"position":1},"title":"Jer\u00f4nimo anuncia obras no Centro de Conven\u00e7\u00f5es de Feira em at\u00e9 90 dias","author":"Blog da Feira","date":"13\/06\/2023","format":false,"excerpt":"Em coletiva de imprensa realizada em Salvador, na tarde de ontem (segunda-feira, 12), o governador Jer\u00f4nimo Rodrigues anunciou o lan\u00e7amento do edital de licita\u00e7\u00e3o para a constru\u00e7\u00e3o do Centro de Conven\u00e7\u00f5es de Feira de Santana. O Governo do Estado assumiu a obra, que estava paralisada desde 2004, e construir\u00e1 o\u2026","rel":"","context":"Em &quot;Cidade&quot;","block_context":{"text":"Cidade","link":"https:\/\/blogdafeira.com.br\/home\/categoria\/cidade\/"},"img":{"alt_text":"","src":"https:\/\/i0.wp.com\/blogdafeira.com.br\/home\/wp-content\/uploads\/2023\/06\/IMG-20230612-WA0044-1068x453-1.jpg?resize=350%2C200&ssl=1","width":350,"height":200,"srcset":"https:\/\/i0.wp.com\/blogdafeira.com.br\/home\/wp-content\/uploads\/2023\/06\/IMG-20230612-WA0044-1068x453-1.jpg?resize=350%2C200&ssl=1 1x, https:\/\/i0.wp.com\/blogdafeira.com.br\/home\/wp-content\/uploads\/2023\/06\/IMG-20230612-WA0044-1068x453-1.jpg?resize=525%2C300&ssl=1 1.5x, https:\/\/i0.wp.com\/blogdafeira.com.br\/home\/wp-content\/uploads\/2023\/06\/IMG-20230612-WA0044-1068x453-1.jpg?resize=700%2C400&ssl=1 2x, https:\/\/i0.wp.com\/blogdafeira.com.br\/home\/wp-content\/uploads\/2023\/06\/IMG-20230612-WA0044-1068x453-1.jpg?resize=1050%2C600&ssl=1 3x"},"classes":[]},{"id":2805,"url":"https:\/\/blogdafeira.com.br\/home\/2013\/06\/19\/vereadores-aprovam-projeto-para-emprestimo-do-brt-de-feira\/","url_meta":{"origin":57119,"position":2},"title":"Vereadores aprovam projeto para  empr\u00e9stimo do BRT de Feira","author":"Blog da Feira","date":"19\/06\/2013","format":false,"excerpt":"O empr\u00e9stimo de 98 milh\u00f5es de reais para implanta\u00e7\u00e3o do BRT em Feira de Santana foi aprovado nesta quarta-feira, na C\u00e2mara de Vereadores de Feira de Santana. Apesar de criticar o \u2018regime de urg\u00eancia\u2019 para vota\u00e7\u00e3o do projeto e algumas cr\u00edticas ao atual sistema de transporte p\u00fablico, os tr\u00eas vereadores\u2026","rel":"","context":"Em &quot;Cidade&quot;","block_context":{"text":"Cidade","link":"https:\/\/blogdafeira.com.br\/home\/categoria\/cidade\/"},"img":{"alt_text":"","src":"","width":0,"height":0},"classes":[]},{"id":55526,"url":"https:\/\/blogdafeira.com.br\/home\/2022\/11\/22\/vereadores-cortam-r-8-milhoes-da-suplementacao-para-hospital-da-mulher-em-feira\/","url_meta":{"origin":57119,"position":3},"title":"Vereadores cortam R$ 8 milh\u00f5es da suplementa\u00e7\u00e3o para Hospital da Mulher em Feira","author":"Blog da Feira","date":"22\/11\/2022","format":false,"excerpt":"A maioria dos vereadores de Feira de Santana aprovou uma emenda ao pedido de suplemente\u00e7\u00e3o or\u00e7ament\u00e1ria feito pela Prefeitura e cortou 8 dos 23 milh\u00f5es de reais solicitados para suprir as necessidades de funcionamento e manuten\u00e7\u00e3o do Hospital da Mulher, da Funda\u00e7\u00e3o Hospitalar In\u00e1cia Pinto. Esse valor foi pedido formalmente\u2026","rel":"","context":"Em &quot;Home&quot;","block_context":{"text":"Home","link":"https:\/\/blogdafeira.com.br\/home\/categoria\/raiz\/"},"img":{"alt_text":"","src":"https:\/\/i0.wp.com\/blogdafeira.com.br\/home\/wp-content\/uploads\/2022\/11\/22112022152402-1.jpg?resize=350%2C200&ssl=1","width":350,"height":200,"srcset":"https:\/\/i0.wp.com\/blogdafeira.com.br\/home\/wp-content\/uploads\/2022\/11\/22112022152402-1.jpg?resize=350%2C200&ssl=1 1x, https:\/\/i0.wp.com\/blogdafeira.com.br\/home\/wp-content\/uploads\/2022\/11\/22112022152402-1.jpg?resize=525%2C300&ssl=1 1.5x, https:\/\/i0.wp.com\/blogdafeira.com.br\/home\/wp-content\/uploads\/2022\/11\/22112022152402-1.jpg?resize=700%2C400&ssl=1 2x, https:\/\/i0.wp.com\/blogdafeira.com.br\/home\/wp-content\/uploads\/2022\/11\/22112022152402-1.jpg?resize=1050%2C600&ssl=1 3x"},"classes":[]},{"id":55314,"url":"https:\/\/blogdafeira.com.br\/home\/2022\/11\/10\/vereador-lulinha-ja-esta-cobrando-promessas-de-jeronimo-a-feira\/","url_meta":{"origin":57119,"position":4},"title":"Vereador Lulinha j\u00e1 est\u00e1 cobrando promessas de Jer\u00f4nimo a Feira","author":"Blog da Feira","date":"10\/11\/2022","format":false,"excerpt":"De Feira de Santana j\u00e1 partiu a primeira cobran\u00e7a ao governador eleito Jer\u00f4nimo Rodrigues. Da C\u00e2mara Municipal, o vereador Lulinha da Concei\u00e7\u00e3o (UB) lembrou\u00a0 segundo ele, \"promessas\" de Jer\u00f4nimo ao Munic\u00edpio: regularizar o funcionamento do Aeroporto, concluir a constru\u00e7\u00e3o do Centro de Conven\u00e7\u00f5es, resolver a situa\u00e7\u00e3o do Centro de Cultura\u2026","rel":"","context":"Em &quot;Home&quot;","block_context":{"text":"Home","link":"https:\/\/blogdafeira.com.br\/home\/categoria\/raiz\/"},"img":{"alt_text":"","src":"https:\/\/i0.wp.com\/blogdafeira.com.br\/home\/wp-content\/uploads\/2022\/11\/IMG_20201220_104514_357-scaled-420x280_c.jpg?resize=350%2C200&ssl=1","width":350,"height":200},"classes":[]},{"id":64900,"url":"https:\/\/blogdafeira.com.br\/home\/2024\/12\/16\/ze-neto-diz-que-prefeitura-de-feira-fez-confusao-para-doar-o-terreno-do-centro-de-convencoes\/","url_meta":{"origin":57119,"position":5},"title":"Z\u00e9 Neto diz que Prefeitura de Feira fez &#8220;confus\u00e3o&#8221; para doar o terreno do Centro de Conven\u00e7\u00f5es","author":"Blog da Feira","date":"16\/12\/2024","format":false,"excerpt":"O deputado federal\u00a0 Z\u00e9 Neto lembrou dificuldades que o governo estadual encontrou para concluir, quase 20 anos depois, a obra do Centro de Conven\u00e7\u00f5es, come\u00e7ando, em 2007 quando o governo petista encontrou uma d\u00edvida, judicializada, de cerca de 6 milh\u00f5es de reais. O deputado tamb\u00e9m disse que a Prefeitura de\u2026","rel":"","context":"Em &quot;Economia&quot;","block_context":{"text":"Economia","link":"https:\/\/blogdafeira.com.br\/home\/categoria\/economia\/"},"img":{"alt_text":"","src":"https:\/\/i0.wp.com\/blogdafeira.com.br\/home\/wp-content\/uploads\/2024\/12\/IMG_20241216_125653062_HDR2-scaled.jpg?resize=350%2C200&ssl=1","width":350,"height":200,"srcset":"https:\/\/i0.wp.com\/blogdafeira.com.br\/home\/wp-content\/uploads\/2024\/12\/IMG_20241216_125653062_HDR2-scaled.jpg?resize=350%2C200&ssl=1 1x, https:\/\/i0.wp.com\/blogdafeira.com.br\/home\/wp-content\/uploads\/2024\/12\/IMG_20241216_125653062_HDR2-scaled.jpg?resize=525%2C300&ssl=1 1.5x, https:\/\/i0.wp.com\/blogdafeira.com.br\/home\/wp-content\/uploads\/2024\/12\/IMG_20241216_125653062_HDR2-scaled.jpg?resize=700%2C400&ssl=1 2x, https:\/\/i0.wp.com\/blogdafeira.com.br\/home\/wp-content\/uploads\/2024\/12\/IMG_20241216_125653062_HDR2-scaled.jpg?resize=1050%2C600&ssl=1 3x, https:\/\/i0.wp.com\/blogdafeira.com.br\/home\/wp-content\/uploads\/2024\/12\/IMG_20241216_125653062_HDR2-scaled.jpg?resize=1400%2C800&ssl=1 4x"},"classes":[]}],"_links":{"self":[{"href":"https:\/\/blogdafeira.com.br\/home\/wp-json\/wp\/v2\/posts\/57119","targetHints":{"allow":["GET"]}}],"collection":[{"href":"https:\/\/blogdafeira.com.br\/home\/wp-json\/wp\/v2\/posts"}],"about":[{"href":"https:\/\/blogdafeira.com.br\/home\/wp-json\/wp\/v2\/types\/post"}],"author":[{"embeddable":true,"href":"https:\/\/blogdafeira.com.br\/home\/wp-json\/wp\/v2\/users\/1"}],"replies":[{"embeddable":true,"href":"https:\/\/blogdafeira.com.br\/home\/wp-json\/wp\/v2\/comments?post=57119"}],"version-history":[{"count":1,"href":"https:\/\/blogdafeira.com.br\/home\/wp-json\/wp\/v2\/posts\/57119\/revisions"}],"predecessor-version":[{"id":57121,"href":"https:\/\/blogdafeira.com.br\/home\/wp-json\/wp\/v2\/posts\/57119\/revisions\/57121"}],"wp:featuredmedia":[{"embeddable":true,"href":"https:\/\/blogdafeira.com.br\/home\/wp-json\/wp\/v2\/media\/57120"}],"wp:attachment":[{"href":"https:\/\/blogdafeira.com.br\/home\/wp-json\/wp\/v2\/media?parent=57119"}],"wp:term":[{"taxonomy":"category","embeddable":true,"href":"https:\/\/blogdafeira.com.br\/home\/wp-json\/wp\/v2\/categories?post=57119"},{"taxonomy":"post_tag","embeddable":true,"href":"https:\/\/blogdafeira.com.br\/home\/wp-json\/wp\/v2\/tags?post=57119"}],"curies":[{"name":"wp","href":"https:\/\/api.w.org\/{rel}","templated":true}]}}