{"id":57259,"date":"2023-04-26T12:20:41","date_gmt":"2023-04-26T15:20:41","guid":{"rendered":"https:\/\/blogdafeira.com.br\/home\/?p=57259"},"modified":"2023-06-21T17:19:18","modified_gmt":"2023-06-21T20:19:18","slug":"sidinea-pedreira-nao-e-mais-filiada-ao-psol-de-feira","status":"publish","type":"post","link":"https:\/\/blogdafeira.com.br\/home\/2023\/04\/26\/sidinea-pedreira-nao-e-mais-filiada-ao-psol-de-feira\/","title":{"rendered":"Sidinea Pedreira n\u00e3o \u00e9 mais filiada ao PSOL de Feira"},"content":{"rendered":"\r\n<div id=\"blogd-429205570\" class=\"blogd-fim-do-post-mobile blogd-entity-placement\" style=\"margin-left: auto;margin-right: auto;text-align: center;\"><a href=\"https:\/\/www.sefaz.feiradesantana.ba.gov.br\/\" target=\"_blank\" aria-label=\"728&#215;90 (6)\"><img loading=\"lazy\" decoding=\"async\" src=\"https:\/\/blogdafeira.com.br\/home\/wp-content\/uploads\/2026\/03\/728x90-6.gif\" alt=\"\"  class=\"no-lazyload\" width=\"728\" height=\"90\"  style=\"display: inline-block;\" \/><\/a><\/div><p style=\"text-align: justify;\">Uma das fundadoras, em 2011, do PSOL em Feira de Santana, a professora Sidinea Pedreira n\u00e3o faz mais parte do quadro de militantes e filiados do partido. O pedido de desfilia\u00e7\u00e3o dela j\u00e1 foi homologado pela dire\u00e7\u00e3o feirense e estadual, faltando apenas a oficializa\u00e7\u00e3o por parte do Tribunal Superior Eleitoral.<\/p><div id=\"blogd-2615408992\" class=\"blogd-conteudo-2-mobile blogd-entity-placement\"><a href=\"https:\/\/feirenses.com.br\/\" target=\"_blank\" aria-label=\"feirenses\"><img loading=\"lazy\" decoding=\"async\" src=\"https:\/\/blogdafeira.com.br\/home\/wp-content\/uploads\/2026\/04\/feirenses.png\" alt=\"\"  srcset=\"https:\/\/blogdafeira.com.br\/home\/wp-content\/uploads\/2026\/04\/feirenses.png 300w, https:\/\/blogdafeira.com.br\/home\/wp-content\/uploads\/2026\/04\/feirenses-170x45.png 170w, https:\/\/blogdafeira.com.br\/home\/wp-content\/uploads\/2026\/04\/feirenses-280x74.png 280w\" sizes=\"(max-width: 300px) 100vw, 300px\" class=\"no-lazyload\" width=\"300\" height=\"79\"  style=\"display: inline-block;\" \/><\/a><\/div>\r\n\r\n\r\n\r\n<p style=\"text-align: justify;\">Candidata a vereadora em 2012 e a deputada federal em 2014, Sidinea tornou-se um dos nomes com potencial eleitoral do partido no Munic\u00edpio, mas problemas com as contas de campanha n\u00e3o resolvidas pelo PSOL a tornaram ineleg\u00edvel at\u00e9 2021. Sidinea foi, na pr\u00e1tica, abandonada pelo partido.<\/p>\r\n<p style=\"text-align: justify;\"><a href=\"https:\/\/blogdafeira.com.br\/home\/2022\/05\/05\/sidinea-pedreira-entrevista\/\" target=\"_blank\" rel=\"noopener\"><span style=\"color: #3366ff;\"><strong>Em longo depoimento ao Blog da Feira (clique aqui)<\/strong><\/span><\/a>, Sidinea diz que foi uma frustra\u00e7\u00e3o muito grande que ela sofreu. Mas n\u00e3o abandonou logo o partido, embora tenha se afastado da milit\u00e2ncia. Agora j\u00e1 fora do PSOL ela diz que ainda est\u00e1 pensando &#8220;para onde vai ( ou se vai)&#8221; para um outro partido.<\/p>\r\n\r\n\r\n\r\n<div id=\"blogd-1236678713\" class=\"blogd-final-post blogd-entity-placement\"><a href=\"https:\/\/www.feiradesantana.ba.leg.br\/\" target=\"_blank\" aria-label=\"BANNER-SITE-ENTREGADECHEQUE-CAMARADEFEIRA\"><img loading=\"lazy\" decoding=\"async\" src=\"https:\/\/blogdafeira.com.br\/home\/wp-content\/uploads\/2026\/03\/BANNER-SITE-ENTREGADECHEQUE-CAMARADEFEIRA.gif\" alt=\"\"  class=\"no-lazyload\" width=\"728\" height=\"90\"   \/><\/a><\/div><p style=\"text-align: justify;\">Em Feira de Santana o PSOL tem um vereador em exerc\u00edcio, o <span style=\"color: #3366ff;\"><a style=\"color: #3366ff;\" href=\"https:\/\/blogdafeira.com.br\/home\/2020\/11\/13\/a-feira-entre-ato-e-potencia-de-bem-viver\/\" target=\"_blank\" rel=\"noopener\">professor Jhonatas Monteiro<\/a><\/span>.<\/p>\r\n\r\n\r\n","protected":false},"excerpt":{"rendered":"<p>Uma das fundadoras, em 2011, do PSOL em Feira de Santana, a professora Sidinea Pedreira n\u00e3o faz mais parte do quadro de militantes e filiados do partido. O pedido de desfilia\u00e7\u00e3o dela j\u00e1 foi homologado pela dire\u00e7\u00e3o feirense e estadual, faltando apenas a oficializa\u00e7\u00e3o por parte do Tribunal Superior Eleitoral. Candidata a vereadora em 2012<\/p>\n","protected":false},"author":1,"featured_media":57262,"comment_status":"open","ping_status":"open","sticky":false,"template":"","format":"standard","meta":{"jetpack_post_was_ever_published":false,"cybocfi_hide_featured_image":"","_jetpack_newsletter_access":"","_jetpack_dont_email_post_to_subs":false,"_jetpack_newsletter_tier_id":0,"_jetpack_memberships_contains_paywalled_content":false,"_jetpack_memberships_contains_paid_content":false,"footnotes":"","jetpack_publicize_message":"","jetpack_publicize_feature_enabled":true,"jetpack_social_post_already_shared":true,"jetpack_social_options":{"image_generator_settings":{"template":"highway","default_image_id":0,"font":"","enabled":false},"version":2}},"categories":[1,631],"tags":[],"class_list":["post-57259","post","type-post","status-publish","format-standard","has-post-thumbnail","hentry","category-raiz","category-politica"],"jetpack_publicize_connections":[],"jetpack_featured_media_url":"https:\/\/blogdafeira.com.br\/home\/wp-content\/uploads\/2023\/04\/IMG_20230426_105736_928-scaled.jpg","jetpack_shortlink":"https:\/\/wp.me\/p3niVf-eTx","jetpack_sharing_enabled":true,"jetpack-related-posts":[{"id":60392,"url":"https:\/\/blogdafeira.com.br\/home\/2023\/12\/09\/sidinea-pedreira-deixa-psol-e-se-filia-ao-pt-de-feira-proxima-sabado16\/","url_meta":{"origin":57259,"position":0},"title":"Sidinea Pedreira deixa PSOL e se filia ao PT de Feira pr\u00f3ximo s\u00e1bado,16","author":"Blog da Feira","date":"09\/12\/2023","format":false,"excerpt":"Filiada e candidata pelo PSOL a vereadora em 2012 e a deputada federal em 2014, a professora Sidinea Pedreira deixa o partido que ajudou a fundar em Feira de Santana para se filiar ao Partido dos Trabalhadores (PT). O ato de filia\u00e7\u00e3o vai acontecer no pr\u00f3ximo dia 16, s\u00e1bado, em\u2026","rel":"","context":"Em &quot;Home&quot;","block_context":{"text":"Home","link":"https:\/\/blogdafeira.com.br\/home\/categoria\/raiz\/"},"img":{"alt_text":"","src":"https:\/\/i0.wp.com\/blogdafeira.com.br\/home\/wp-content\/uploads\/2023\/12\/Screenshot_20231209-185831.png?resize=350%2C200&ssl=1","width":350,"height":200},"classes":[]},{"id":19163,"url":"https:\/\/blogdafeira.com.br\/home\/2016\/01\/14\/psol-pode-lancar-sidinea-pedreira-para-prefeita-de-feira-de-santanna\/","url_meta":{"origin":57259,"position":1},"title":"PSOL pode lan\u00e7ar Sidinea Pedreira para Prefeita de Feira de Sant&#8217;Anna","author":"Blog da Feira","date":"14\/01\/2016","format":false,"excerpt":"Sidinea Pedreira \u00e9 um dos nomes que pode ser escolhido pelo PSOL de Feira de Santana para encabe\u00e7ar a chapa nesta elei\u00e7\u00e3o de 2016.\u00a0O candidato natural do partido \u00e9 o professor Jh\u00f4natas Monteiro, que na \u00faltima elei\u00e7\u00e3o municipal, em 2012, foi o terceiro mais votado mas a escolha ainda n\u00e3o\u2026","rel":"","context":"Em &quot;Home&quot;","block_context":{"text":"Home","link":"https:\/\/blogdafeira.com.br\/home\/categoria\/raiz\/"},"img":{"alt_text":"SIDINEIA","src":"https:\/\/i0.wp.com\/blogdafeira.com.br\/home\/wp-content\/uploads\/2016\/01\/SIDINEIA.jpg?resize=350%2C200","width":350,"height":200},"classes":[]},{"id":21770,"url":"https:\/\/blogdafeira.com.br\/home\/2016\/05\/24\/quem-e-sidinea-pedreira-a-pre-candidata-a-prefeita-de-feira-2\/","url_meta":{"origin":57259,"position":2},"title":"Quem \u00e9 Sidinea Pedreira a pr\u00e9 candidata a Prefeita de Feira?","author":"Blog da Feira","date":"24\/05\/2016","format":false,"excerpt":"Sidinea Pedreira \u00e9 uma professora, estudou no Instituto Teol\u00f3gico Batista do Nordeste, na Universidade de Feira de Santana e na Universidade de Coimbra. Nasceu e mora em Feira de Santana. \u00a0Fala \u00a0 ingl\u00eas e aniversaria no dia 17 de julho.\u00a0Tem uma filha chamada Emmy Almeiida. Por enquanto os\u00a0dados \u00a0e a\u2026","rel":"","context":"Em &quot;Home&quot;","block_context":{"text":"Home","link":"https:\/\/blogdafeira.com.br\/home\/categoria\/raiz\/"},"img":{"alt_text":"sidindeia ffdf","src":"https:\/\/i0.wp.com\/blogdafeira.com.br\/home\/wp-content\/uploads\/2016\/05\/sidindeia-ffdf.jpg?resize=350%2C200","width":350,"height":200,"srcset":"https:\/\/i0.wp.com\/blogdafeira.com.br\/home\/wp-content\/uploads\/2016\/05\/sidindeia-ffdf.jpg?resize=350%2C200 1x, https:\/\/i0.wp.com\/blogdafeira.com.br\/home\/wp-content\/uploads\/2016\/05\/sidindeia-ffdf.jpg?resize=525%2C300 1.5x"},"classes":[]},{"id":57305,"url":"https:\/\/blogdafeira.com.br\/home\/2023\/04\/28\/ex-candidata-a-vereadora-ran-rainha-tambem-caiu-fora-do-psol\/","url_meta":{"origin":57259,"position":3},"title":"Ex-candidata a vereadora Ran Rainha tamb\u00e9m caiu fora do PSOL","author":"Blog da Feira","date":"28\/04\/2023","format":false,"excerpt":"Militante do PSOL de Feira a ex-candidata a vereadora, em 2020, Ran Rainha (Helder Souza) tamb\u00e9m pediu desfilia\u00e7\u00e3o do partido. Helder foi candidato na cota LGBTQUIA+ mas sentiu-se sem espa\u00e7o dentro do partido. \u00c9 muito 'fechado' parecendo que 'tem dono', disse. Ao contr\u00e1rio de Sidinea Pedreira que ainda est\u00e1 pensando,\u2026","rel":"","context":"Em &quot;Home&quot;","block_context":{"text":"Home","link":"https:\/\/blogdafeira.com.br\/home\/categoria\/raiz\/"},"img":{"alt_text":"","src":"https:\/\/i0.wp.com\/blogdafeira.com.br\/home\/wp-content\/uploads\/2023\/04\/Screenshot_20230427-2319282.png?resize=350%2C200&ssl=1","width":350,"height":200,"srcset":"https:\/\/i0.wp.com\/blogdafeira.com.br\/home\/wp-content\/uploads\/2023\/04\/Screenshot_20230427-2319282.png?resize=350%2C200&ssl=1 1x, https:\/\/i0.wp.com\/blogdafeira.com.br\/home\/wp-content\/uploads\/2023\/04\/Screenshot_20230427-2319282.png?resize=525%2C300&ssl=1 1.5x"},"classes":[]},{"id":21729,"url":"https:\/\/blogdafeira.com.br\/home\/2016\/05\/23\/jhonatas-monteiro-o-rasta-do-psol-e-candidato-a-vereador-em-feira\/","url_meta":{"origin":57259,"position":4},"title":"Jhonatas Monteiro, o &#8216;Rasta do PSOL&#8217;, \u00e9 candidato a vereador em Feira","author":"Blog da Feira","date":"23\/05\/2016","format":false,"excerpt":"O professor Jh\u00f4natas Monteiro, o 'Rasta do PSOL', que foi candidato a Prefeito de Feira na \u00faltima elei\u00e7\u00e3o, este ano ser\u00e1 candidato a vereador pela mesma sigla partid\u00e1ria, foi o que decidiu o PSOL em reuni\u00e3o municipal ocorrida neste fim de semana. As professoras Daniela Ferreira e Sidinea Pedreira foram\u2026","rel":"","context":"Em &quot;Home&quot;","block_context":{"text":"Home","link":"https:\/\/blogdafeira.com.br\/home\/categoria\/raiz\/"},"img":{"alt_text":"rasta","src":"https:\/\/i0.wp.com\/blogdafeira.com.br\/home\/wp-content\/uploads\/2015\/04\/rasta1.jpg?resize=350%2C200","width":350,"height":200,"srcset":"https:\/\/i0.wp.com\/blogdafeira.com.br\/home\/wp-content\/uploads\/2015\/04\/rasta1.jpg?resize=350%2C200 1x, https:\/\/i0.wp.com\/blogdafeira.com.br\/home\/wp-content\/uploads\/2015\/04\/rasta1.jpg?resize=525%2C300 1.5x"},"classes":[]},{"id":22462,"url":"https:\/\/blogdafeira.com.br\/home\/2016\/07\/12\/reviravolta-no-psol-de-feira-e-o-rasta-pode-ser-o-candidato-a-prefeito\/","url_meta":{"origin":57259,"position":5},"title":"Reviravolta no PSOL de Feira e &#8216;O Rasta&#8217; pode ser o candidato a Prefeito","author":"Blog da Feira","date":"12\/07\/2016","format":false,"excerpt":"O PSOL em Feira de Santana n\u00e3o vive um momento de consenso e estabilidade e o professor Jhonatas Monteiro, \"O Rasta\",\u00a0que j\u00e1 havia decidido pela candidatura a vereador, pode voltar atr\u00e1s e ser candidato a Prefeito de Feira pela segunda vez. Na primeira, em 2012, ele foi o terceiro mais\u2026","rel":"","context":"Em &quot;Home&quot;","block_context":{"text":"Home","link":"https:\/\/blogdafeira.com.br\/home\/categoria\/raiz\/"},"img":{"alt_text":"RASTA rasta jhon","src":"https:\/\/i0.wp.com\/blogdafeira.com.br\/home\/wp-content\/uploads\/2016\/07\/RASTA-rasta-jhon.jpg?resize=350%2C200","width":350,"height":200,"srcset":"https:\/\/i0.wp.com\/blogdafeira.com.br\/home\/wp-content\/uploads\/2016\/07\/RASTA-rasta-jhon.jpg?resize=350%2C200 1x, https:\/\/i0.wp.com\/blogdafeira.com.br\/home\/wp-content\/uploads\/2016\/07\/RASTA-rasta-jhon.jpg?resize=525%2C300 1.5x"},"classes":[]}],"_links":{"self":[{"href":"https:\/\/blogdafeira.com.br\/home\/wp-json\/wp\/v2\/posts\/57259","targetHints":{"allow":["GET"]}}],"collection":[{"href":"https:\/\/blogdafeira.com.br\/home\/wp-json\/wp\/v2\/posts"}],"about":[{"href":"https:\/\/blogdafeira.com.br\/home\/wp-json\/wp\/v2\/types\/post"}],"author":[{"embeddable":true,"href":"https:\/\/blogdafeira.com.br\/home\/wp-json\/wp\/v2\/users\/1"}],"replies":[{"embeddable":true,"href":"https:\/\/blogdafeira.com.br\/home\/wp-json\/wp\/v2\/comments?post=57259"}],"version-history":[{"count":3,"href":"https:\/\/blogdafeira.com.br\/home\/wp-json\/wp\/v2\/posts\/57259\/revisions"}],"predecessor-version":[{"id":57275,"href":"https:\/\/blogdafeira.com.br\/home\/wp-json\/wp\/v2\/posts\/57259\/revisions\/57275"}],"wp:featuredmedia":[{"embeddable":true,"href":"https:\/\/blogdafeira.com.br\/home\/wp-json\/wp\/v2\/media\/57262"}],"wp:attachment":[{"href":"https:\/\/blogdafeira.com.br\/home\/wp-json\/wp\/v2\/media?parent=57259"}],"wp:term":[{"taxonomy":"category","embeddable":true,"href":"https:\/\/blogdafeira.com.br\/home\/wp-json\/wp\/v2\/categories?post=57259"},{"taxonomy":"post_tag","embeddable":true,"href":"https:\/\/blogdafeira.com.br\/home\/wp-json\/wp\/v2\/tags?post=57259"}],"curies":[{"name":"wp","href":"https:\/\/api.w.org\/{rel}","templated":true}]}}