{"id":57325,"date":"2023-04-28T18:44:33","date_gmt":"2023-04-28T21:44:33","guid":{"rendered":"https:\/\/blogdafeira.com.br\/home\/?p=57325"},"modified":"2023-06-21T17:19:18","modified_gmt":"2023-06-21T20:19:18","slug":"fedor-do-matadouro-chega-a-novo-condominio-inaugurado-pelo-governador","status":"publish","type":"post","link":"https:\/\/blogdafeira.com.br\/home\/2023\/04\/28\/fedor-do-matadouro-chega-a-novo-condominio-inaugurado-pelo-governador\/","title":{"rendered":"Fedor do Matadouro chega a novo condom\u00ednio inaugurado pelo governador"},"content":{"rendered":"<div id=\"blogd-2811212533\" class=\"blogd-fim-do-post-mobile blogd-entity-placement\" style=\"margin-left: auto;margin-right: auto;text-align: center;\"><a href=\"https:\/\/www.sefaz.feiradesantana.ba.gov.br\/\" target=\"_blank\" aria-label=\"728&#215;90 (6)\"><img loading=\"lazy\" decoding=\"async\" src=\"https:\/\/blogdafeira.com.br\/home\/wp-content\/uploads\/2026\/03\/728x90-6.gif\" alt=\"\"  class=\"no-lazyload\" width=\"728\" height=\"90\"  style=\"display: inline-block;\" \/><\/a><\/div><p>O condom\u00ednio\u00a0 Campo Belo que o governador\u00a0 Jer\u00f4nimo entregou hoje \u00e9 o \u00faltimo bloco de pequenos pr\u00e9dios, cada um com quatro apartamentos, constru\u00eddo nos limites urbanos da zona leste da cidade, alguns quil\u00f4metros\u00a0 depois do Complexo Matadouro Campo do Gado de onde sai pelos ares uma insuport\u00e1vel fedentina que alcan\u00e7a o novo condom\u00ednio com a mesma intensidade de quem est\u00e1 mais pr\u00f3ximo do Matadouro.<\/p><div id=\"blogd-2520594722\" class=\"blogd-conteudo-2-mobile blogd-entity-placement\"><a href=\"https:\/\/feirenses.com.br\/\" target=\"_blank\" aria-label=\"feirenses\"><img loading=\"lazy\" decoding=\"async\" src=\"https:\/\/blogdafeira.com.br\/home\/wp-content\/uploads\/2026\/04\/feirenses.png\" alt=\"\"  srcset=\"https:\/\/blogdafeira.com.br\/home\/wp-content\/uploads\/2026\/04\/feirenses.png 300w, https:\/\/blogdafeira.com.br\/home\/wp-content\/uploads\/2026\/04\/feirenses-170x45.png 170w, https:\/\/blogdafeira.com.br\/home\/wp-content\/uploads\/2026\/04\/feirenses-280x74.png 280w\" sizes=\"(max-width: 300px) 100vw, 300px\" class=\"no-lazyload\" width=\"300\" height=\"79\"  style=\"display: inline-block;\" \/><\/a><\/div>\n<p>Nos \u00faltimos tempos a popula\u00e7\u00e3o daquela zona oeste da cidade\u00a0 reclama em emissoras de r\u00e1dio sobre o problema.<\/p>\n<div id=\"blogd-856576048\" class=\"blogd-final-post blogd-entity-placement\"><a href=\"https:\/\/www.feiradesantana.ba.leg.br\/\" target=\"_blank\" aria-label=\"BANNER-SITE-ENTREGADECHEQUE-CAMARADEFEIRA\"><img loading=\"lazy\" decoding=\"async\" src=\"https:\/\/blogdafeira.com.br\/home\/wp-content\/uploads\/2026\/03\/BANNER-SITE-ENTREGADECHEQUE-CAMARADEFEIRA.gif\" alt=\"\"  class=\"no-lazyload\" width=\"728\" height=\"90\"   \/><\/a><\/div><p>Foto:Portal GovBA<\/p>\n","protected":false},"excerpt":{"rendered":"<p>O condom\u00ednio\u00a0 Campo Belo que o governador\u00a0 Jer\u00f4nimo entregou hoje \u00e9 o \u00faltimo bloco de pequenos pr\u00e9dios, cada um com quatro apartamentos, constru\u00eddo nos limites urbanos da zona leste da cidade, alguns quil\u00f4metros\u00a0 depois do Complexo Matadouro Campo do Gado de onde sai pelos ares uma insuport\u00e1vel fedentina que alcan\u00e7a o novo condom\u00ednio com a<\/p>\n","protected":false},"author":1,"featured_media":57321,"comment_status":"open","ping_status":"open","sticky":false,"template":"","format":"standard","meta":{"jetpack_post_was_ever_published":false,"cybocfi_hide_featured_image":"","_jetpack_newsletter_access":"","_jetpack_dont_email_post_to_subs":false,"_jetpack_newsletter_tier_id":0,"_jetpack_memberships_contains_paywalled_content":false,"_jetpack_memberships_contains_paid_content":false,"footnotes":"","jetpack_publicize_message":"","jetpack_publicize_feature_enabled":true,"jetpack_social_post_already_shared":true,"jetpack_social_options":{"image_generator_settings":{"template":"highway","default_image_id":0,"font":"","enabled":false},"version":2}},"categories":[3,1],"tags":[],"class_list":["post-57325","post","type-post","status-publish","format-standard","has-post-thumbnail","hentry","category-cidade","category-raiz"],"jetpack_publicize_connections":[],"jetpack_featured_media_url":"https:\/\/blogdafeira.com.br\/home\/wp-content\/uploads\/2023\/04\/foto-mateus-Pereira-gov.jpg","jetpack_shortlink":"https:\/\/wp.me\/p3niVf-eUB","jetpack_sharing_enabled":true,"jetpack-related-posts":[{"id":2200,"url":"https:\/\/blogdafeira.com.br\/home\/2013\/06\/03\/matadouro-de-tanquinho-esta-fechado-ha-mais-de-10-anos\/","url_meta":{"origin":57325,"position":0},"title":"Matadouro de Tanquinho est\u00e1 fechado h\u00e1 mais de 10 anos","author":"Blog da Feira","date":"03\/06\/2013","format":false,"excerpt":"O Matadouro Municipal de Tanquinho, cidade a 40 quil\u00f4metros de Feira de Santana e com tradicional voca\u00e7\u00e3o pecu\u00e1ria, est\u00e1 fechado e sem funcionar h\u00e1 mais de 10 anos. Quem passa pela \u00a0BR-324 pode v\u00ea-lo abandonado. No interior do 'elefante branco' \u00a0ainda existem equipamentos para a matan\u00e7a. O abate em Tanquinho\u2026","rel":"","context":"Em &quot;Cidade&quot;","block_context":{"text":"Cidade","link":"https:\/\/blogdafeira.com.br\/home\/categoria\/cidade\/"},"img":{"alt_text":"matadouro","src":"https:\/\/i0.wp.com\/blogdafeira.com.br\/home\/wp-content\/uploads\/2013\/06\/matadouro.jpg?resize=350%2C200","width":350,"height":200,"srcset":"https:\/\/i0.wp.com\/blogdafeira.com.br\/home\/wp-content\/uploads\/2013\/06\/matadouro.jpg?resize=350%2C200 1x, https:\/\/i0.wp.com\/blogdafeira.com.br\/home\/wp-content\/uploads\/2013\/06\/matadouro.jpg?resize=525%2C300 1.5x"},"classes":[]},{"id":12006,"url":"https:\/\/blogdafeira.com.br\/home\/2014\/08\/18\/preco-da-arroba-de-boi-chega-a-r12800-no-campo-do-gado-em-feira\/","url_meta":{"origin":57325,"position":1},"title":"Pre\u00e7o da arroba de boi chega a R$128,00 no Campo do Gado em Feira","author":"Blog da Feira","date":"18\/08\/2014","format":false,"excerpt":"As chuvas que v\u00eam caindo na regi\u00e3o nas \u00faltimas semanas est\u00e3o aquecendo as vendas no Complexo Matadouro Campo do Gado, em Feira de Santana. Nos currais s\u00e3o comercializados animais trazidos de cidades baianas distantes de Feira de Santana at\u00e9 a mais de 700 km (como Itamaraj\u00fa, Luiz Eduardo e Barreiras),\u2026","rel":"","context":"Em &quot;Home&quot;","block_context":{"text":"Home","link":"https:\/\/blogdafeira.com.br\/home\/categoria\/raiz\/"},"img":{"alt_text":"CAMPO DO GADO BOIS","src":"https:\/\/i0.wp.com\/blogdafeira.com.br\/home\/wp-content\/uploads\/2014\/08\/CAMPO-DO-GADO-BOIS.jpg?resize=350%2C200","width":350,"height":200,"srcset":"https:\/\/i0.wp.com\/blogdafeira.com.br\/home\/wp-content\/uploads\/2014\/08\/CAMPO-DO-GADO-BOIS.jpg?resize=350%2C200 1x, https:\/\/i0.wp.com\/blogdafeira.com.br\/home\/wp-content\/uploads\/2014\/08\/CAMPO-DO-GADO-BOIS.jpg?resize=525%2C300 1.5x, https:\/\/i0.wp.com\/blogdafeira.com.br\/home\/wp-content\/uploads\/2014\/08\/CAMPO-DO-GADO-BOIS.jpg?resize=700%2C400 2x"},"classes":[]},{"id":43249,"url":"https:\/\/blogdafeira.com.br\/home\/2021\/02\/04\/governo-de-feira-amplia-funcao-da-secretaria-de-agricultura\/","url_meta":{"origin":57325,"position":2},"title":"Governo de Feira amplia fun\u00e7\u00e3o da Secretaria de Agricultura","author":"Blog da Feira","date":"04\/02\/2021","format":false,"excerpt":"As secretarias municipais de Feira de Santana est\u00e3o sendo reestruturadas nas suas fun\u00e7\u00f5es e atribui\u00e7\u00f5es, foi o que revelou hoje o secret\u00e1rio de Agricultura, Pablo Roberto, em entrevista a um programa de r\u00e1dio, citando a pr\u00f3pria secretaria que assumiu este ano por decreto do prefeito Colbert Filho. Conduzido e reconduzido\u2026","rel":"","context":"Em &quot;Cidade&quot;","block_context":{"text":"Cidade","link":"https:\/\/blogdafeira.com.br\/home\/categoria\/cidade\/"},"img":{"alt_text":"","src":"https:\/\/i0.wp.com\/blogdafeira.com.br\/home\/wp-content\/uploads\/2020\/12\/IMG_1277-scaled.jpg?resize=350%2C200&ssl=1","width":350,"height":200,"srcset":"https:\/\/i0.wp.com\/blogdafeira.com.br\/home\/wp-content\/uploads\/2020\/12\/IMG_1277-scaled.jpg?resize=350%2C200&ssl=1 1x, https:\/\/i0.wp.com\/blogdafeira.com.br\/home\/wp-content\/uploads\/2020\/12\/IMG_1277-scaled.jpg?resize=525%2C300&ssl=1 1.5x, https:\/\/i0.wp.com\/blogdafeira.com.br\/home\/wp-content\/uploads\/2020\/12\/IMG_1277-scaled.jpg?resize=700%2C400&ssl=1 2x, https:\/\/i0.wp.com\/blogdafeira.com.br\/home\/wp-content\/uploads\/2020\/12\/IMG_1277-scaled.jpg?resize=1050%2C600&ssl=1 3x, https:\/\/i0.wp.com\/blogdafeira.com.br\/home\/wp-content\/uploads\/2020\/12\/IMG_1277-scaled.jpg?resize=1400%2C800&ssl=1 4x"},"classes":[]},{"id":24123,"url":"https:\/\/blogdafeira.com.br\/home\/2016\/11\/05\/condominios-criam-uma-nova-feira-que-se-estende-a-partir-da-noide-cerqueira\/","url_meta":{"origin":57325,"position":3},"title":"Condom\u00ednios criam uma nova Feira que se estende a partir da N\u00f3ide Cerqueira","author":"Blog da Feira","date":"05\/11\/2016","format":false,"excerpt":"A \u00a0avenida N\u00f3ide Cerqueira \u00e9 o mais importante vetor de crescimento urbano de Feira. A abertura da avenida agitou\u00a0o mercado imobili\u00e1rio regional. O primeiro projeto a se instalar na avenida foi o de um shopping. Um grupo formado por empres\u00e1rios locais associou-se ao Shopping Boulevard e lan\u00e7aram a pedra fundamental\u2026","rel":"","context":"Em &quot;Home&quot;","block_context":{"text":"Home","link":"https:\/\/blogdafeira.com.br\/home\/categoria\/raiz\/"},"img":{"alt_text":"brisa-ville","src":"https:\/\/i0.wp.com\/blogdafeira.com.br\/home\/wp-content\/uploads\/2016\/11\/BRISA-VILLE.jpg?resize=350%2C200","width":350,"height":200,"srcset":"https:\/\/i0.wp.com\/blogdafeira.com.br\/home\/wp-content\/uploads\/2016\/11\/BRISA-VILLE.jpg?resize=350%2C200 1x, https:\/\/i0.wp.com\/blogdafeira.com.br\/home\/wp-content\/uploads\/2016\/11\/BRISA-VILLE.jpg?resize=525%2C300 1.5x, https:\/\/i0.wp.com\/blogdafeira.com.br\/home\/wp-content\/uploads\/2016\/11\/BRISA-VILLE.jpg?resize=700%2C400 2x"},"classes":[]},{"id":9601,"url":"https:\/\/blogdafeira.com.br\/home\/2014\/03\/12\/morreu-a-velha-barauna-dos-currais-do-campo-do-gado-em-feira\/","url_meta":{"origin":57325,"position":4},"title":"Morreu a velha Bara\u00fana dos currais do Campo do Gado em Feira de Santana","author":"Blog da Feira","date":"12\/03\/2014","format":false,"excerpt":"A Bara\u00fana \u00a0j\u00e1 era centen\u00e1ria e encontrava-se \u00a0na 'trincheira do tanque' da Fazenda que foi desapropriada para l\u00e1 se instalar mais um Campo do Gado em Feira de Santana, na d\u00e9cada de 80. Com a constru\u00e7\u00e3o das edifica\u00e7\u00f5es do 'Complexo e Matadouro Campo do Gado', a velha Bara\u00fana (Melanoxylon brauna)\u00a0permaneceu\u2026","rel":"","context":"Em &quot;Home&quot;","block_context":{"text":"Home","link":"https:\/\/blogdafeira.com.br\/home\/categoria\/raiz\/"},"img":{"alt_text":"bara\u00fana","src":"https:\/\/i0.wp.com\/blogdafeira.com.br\/home\/wp-content\/uploads\/2014\/03\/bara%C3%BAna.jpg?resize=350%2C200","width":350,"height":200,"srcset":"https:\/\/i0.wp.com\/blogdafeira.com.br\/home\/wp-content\/uploads\/2014\/03\/bara%C3%BAna.jpg?resize=350%2C200 1x, https:\/\/i0.wp.com\/blogdafeira.com.br\/home\/wp-content\/uploads\/2014\/03\/bara%C3%BAna.jpg?resize=525%2C300 1.5x"},"classes":[]},{"id":46337,"url":"https:\/\/blogdafeira.com.br\/home\/2021\/07\/09\/o-distrito-da-matinha-e-a-expansao-urbana-comprometendo-a-historia\/","url_meta":{"origin":57325,"position":5},"title":"O distrito da Matinha e a expans\u00e3o urbana comprometendo a Hist\u00f3ria","author":"Antonio Rosevaldo","date":"09\/07\/2021","format":false,"excerpt":"Que Feira de Santana n\u00e3o tem um bom hist\u00f3rico em cuidar de sua Mem\u00f3ria, isso pode ser visto nas interven\u00e7\u00f5es no espa\u00e7o urbano e a destrui\u00e7\u00e3o do processo hist\u00f3rico com rupturas agressivas, deixando gera\u00e7\u00f5es futuras ao simples imaginar. Tipo assim: ah como seria essa cidade com todas as nascentes? e\u2026","rel":"","context":"Em &quot;Cidade&quot;","block_context":{"text":"Cidade","link":"https:\/\/blogdafeira.com.br\/home\/categoria\/cidade\/"},"img":{"alt_text":"","src":"https:\/\/i0.wp.com\/blogdafeira.com.br\/home\/wp-content\/uploads\/2020\/05\/matinha.jpg?resize=350%2C200&ssl=1","width":350,"height":200},"classes":[]}],"_links":{"self":[{"href":"https:\/\/blogdafeira.com.br\/home\/wp-json\/wp\/v2\/posts\/57325","targetHints":{"allow":["GET"]}}],"collection":[{"href":"https:\/\/blogdafeira.com.br\/home\/wp-json\/wp\/v2\/posts"}],"about":[{"href":"https:\/\/blogdafeira.com.br\/home\/wp-json\/wp\/v2\/types\/post"}],"author":[{"embeddable":true,"href":"https:\/\/blogdafeira.com.br\/home\/wp-json\/wp\/v2\/users\/1"}],"replies":[{"embeddable":true,"href":"https:\/\/blogdafeira.com.br\/home\/wp-json\/wp\/v2\/comments?post=57325"}],"version-history":[{"count":3,"href":"https:\/\/blogdafeira.com.br\/home\/wp-json\/wp\/v2\/posts\/57325\/revisions"}],"predecessor-version":[{"id":57328,"href":"https:\/\/blogdafeira.com.br\/home\/wp-json\/wp\/v2\/posts\/57325\/revisions\/57328"}],"wp:featuredmedia":[{"embeddable":true,"href":"https:\/\/blogdafeira.com.br\/home\/wp-json\/wp\/v2\/media\/57321"}],"wp:attachment":[{"href":"https:\/\/blogdafeira.com.br\/home\/wp-json\/wp\/v2\/media?parent=57325"}],"wp:term":[{"taxonomy":"category","embeddable":true,"href":"https:\/\/blogdafeira.com.br\/home\/wp-json\/wp\/v2\/categories?post=57325"},{"taxonomy":"post_tag","embeddable":true,"href":"https:\/\/blogdafeira.com.br\/home\/wp-json\/wp\/v2\/tags?post=57325"}],"curies":[{"name":"wp","href":"https:\/\/api.w.org\/{rel}","templated":true}]}}