{"id":57413,"date":"2023-05-03T19:32:57","date_gmt":"2023-05-03T22:32:57","guid":{"rendered":"https:\/\/blogdafeira.com.br\/home\/?p=57413"},"modified":"2023-08-09T00:12:12","modified_gmt":"2023-08-09T03:12:12","slug":"biblioteca-em-sao-jose-das-itapororocas-18-anos-e-a-cada-dia-menos-leitores","status":"publish","type":"post","link":"https:\/\/blogdafeira.com.br\/home\/2023\/05\/03\/biblioteca-em-sao-jose-das-itapororocas-18-anos-e-a-cada-dia-menos-leitores\/","title":{"rendered":"Biblioteca em S\u00e3o Jos\u00e9 das Itapororocas: 18 anos e a cada dia menos leitores"},"content":{"rendered":"<div id=\"blogd-231262791\" class=\"blogd-fim-do-post-mobile blogd-entity-placement\" style=\"margin-left: auto;margin-right: auto;text-align: center;\"><a href=\"https:\/\/www.sefaz.feiradesantana.ba.gov.br\/\" target=\"_blank\" aria-label=\"728&#215;90 (6)\"><img loading=\"lazy\" decoding=\"async\" src=\"https:\/\/blogdafeira.com.br\/home\/wp-content\/uploads\/2026\/03\/728x90-6.gif\" alt=\"\"  class=\"no-lazyload\" width=\"728\" height=\"90\"  style=\"display: inline-block;\" \/><\/a><\/div><p>Nem toda cidade tem uma biblioteca como a existente em S\u00e3o Jos\u00e9 das Itaporocas, o povoado sede do distrito de Maria Quit\u00e9ria em Feira de Santana.<\/p><div id=\"blogd-3813287152\" class=\"blogd-conteudo-2-mobile blogd-entity-placement\"><a href=\"https:\/\/feirenses.com.br\/\" target=\"_blank\" aria-label=\"feirenses\"><img loading=\"lazy\" decoding=\"async\" src=\"https:\/\/blogdafeira.com.br\/home\/wp-content\/uploads\/2026\/04\/feirenses.png\" alt=\"\"  srcset=\"https:\/\/blogdafeira.com.br\/home\/wp-content\/uploads\/2026\/04\/feirenses.png 300w, https:\/\/blogdafeira.com.br\/home\/wp-content\/uploads\/2026\/04\/feirenses-170x45.png 170w, https:\/\/blogdafeira.com.br\/home\/wp-content\/uploads\/2026\/04\/feirenses-280x74.png 280w\" sizes=\"(max-width: 300px) 100vw, 300px\" class=\"no-lazyload\" width=\"300\" height=\"79\"  style=\"display: inline-block;\" \/><\/a><\/div>\n<p>Inaugurada em 2005, a Biblioteca &#8220;Rachel de Freitas Ara\u00fajo&#8221; ocupa um im\u00f3vel privilegiado, em uma esquina defronte \u00e0 hist\u00f3rica igreja do povoado\u00a0 mais antigo de Feira de Santana. Tem um acervo diversificado que ocupa uma d\u00fazia de prateleiras, com espa\u00e7o para mesas de estudo.Ela foi a primeira biblioteca na zona rural e e \u00e9 fruto de uma parceria entre a Prefeitura e a ind\u00fastria Pirelli.<\/p>\n<p>Bem equipada, abre diariamente, mas a cada dia est\u00e1 menos frequentada por estudantes. Dois funcion\u00e1rios tomam conta do equipamento vazio de leitores. H\u00e1 livros que nunca sequer foram folheados nesses quase 20 anos de exist\u00eancia. Praticamente n\u00e3o h\u00e1 mais servi\u00e7o de empr\u00e9stimo de livros pois n\u00e3o h\u00e1 interesse.<\/p>\n<p><img loading=\"lazy\" decoding=\"async\" class=\"aligncenter size-large wp-image-57417\" src=\"https:\/\/blogdafeira.com.br\/home\/wp-content\/uploads\/2023\/05\/IMG_20230503_104924_310-1024x768.jpg\" alt=\"\" width=\"1024\" height=\"768\" srcset=\"https:\/\/blogdafeira.com.br\/home\/wp-content\/uploads\/2023\/05\/IMG_20230503_104924_310-1024x768.jpg 1024w, https:\/\/blogdafeira.com.br\/home\/wp-content\/uploads\/2023\/05\/IMG_20230503_104924_310-346x260.jpg 346w, https:\/\/blogdafeira.com.br\/home\/wp-content\/uploads\/2023\/05\/IMG_20230503_104924_310-170x128.jpg 170w, https:\/\/blogdafeira.com.br\/home\/wp-content\/uploads\/2023\/05\/IMG_20230503_104924_310-768x576.jpg 768w, https:\/\/blogdafeira.com.br\/home\/wp-content\/uploads\/2023\/05\/IMG_20230503_104924_310-1536x1152.jpg 1536w, https:\/\/blogdafeira.com.br\/home\/wp-content\/uploads\/2023\/05\/IMG_20230503_104924_310-2048x1536.jpg 2048w, https:\/\/blogdafeira.com.br\/home\/wp-content\/uploads\/2023\/05\/IMG_20230503_104924_310-249x187.jpg 249w, https:\/\/blogdafeira.com.br\/home\/wp-content\/uploads\/2023\/05\/IMG_20230503_104924_310-1170x878.jpg 1170w\" sizes=\"auto, (max-width: 1024px) 100vw, 1024px\" \/><\/p>\n<div id=\"blogd-3831716452\" class=\"blogd-final-post blogd-entity-placement\"><a href=\"https:\/\/www.feiradesantana.ba.leg.br\/\" target=\"_blank\" aria-label=\"BANNER-SITE-ENTREGADECHEQUE-CAMARADEFEIRA\"><img loading=\"lazy\" decoding=\"async\" src=\"https:\/\/blogdafeira.com.br\/home\/wp-content\/uploads\/2026\/03\/BANNER-SITE-ENTREGADECHEQUE-CAMARADEFEIRA.gif\" alt=\"\"  class=\"no-lazyload\" width=\"728\" height=\"90\"   \/><\/a><\/div><p>A professora Raquel de Freitas Ara\u00fajo, homenageada dando o nome \u00e0 biblioteca, nasceu em S\u00e3o Vicente, hoje distrito de Tiquaru\u00e7u, em 1936. Depois foi morar em Maria Quit\u00e9ria, aos 3 anos de idade. Foi mestra at\u00e9 se aposentar e atuou tamb\u00e9m como volunt\u00e1ria no Col\u00e9gio Maria Jos\u00e9 de Lima Silveira, onde ensinou em programas de educa\u00e7\u00e3o integrada.<\/p>\n<p>&nbsp;<\/p>\n","protected":false},"excerpt":{"rendered":"<p>Nem toda cidade tem uma biblioteca como a existente em S\u00e3o Jos\u00e9 das Itaporocas, o povoado sede do distrito de Maria Quit\u00e9ria em Feira de Santana. Inaugurada em 2005, a Biblioteca &#8220;Rachel de Freitas Ara\u00fajo&#8221; ocupa um im\u00f3vel privilegiado, em uma esquina defronte \u00e0 hist\u00f3rica igreja do povoado\u00a0 mais antigo de Feira de Santana. Tem<\/p>\n","protected":false},"author":1,"featured_media":57414,"comment_status":"open","ping_status":"open","sticky":false,"template":"","format":"standard","meta":{"jetpack_post_was_ever_published":false,"cybocfi_hide_featured_image":"","_jetpack_newsletter_access":"","_jetpack_dont_email_post_to_subs":false,"_jetpack_newsletter_tier_id":0,"_jetpack_memberships_contains_paywalled_content":false,"_jetpack_memberships_contains_paid_content":false,"footnotes":"","jetpack_publicize_message":"","jetpack_publicize_feature_enabled":true,"jetpack_social_post_already_shared":true,"jetpack_social_options":{"image_generator_settings":{"template":"highway","default_image_id":0,"font":"","enabled":false},"version":2}},"categories":[4,748,1],"tags":[],"class_list":["post-57413","post","type-post","status-publish","format-standard","has-post-thumbnail","hentry","category-cultura","category-distritos","category-raiz"],"jetpack_publicize_connections":[],"jetpack_featured_media_url":"https:\/\/blogdafeira.com.br\/home\/wp-content\/uploads\/2023\/05\/IMG_20230503_104817_169-scaled.jpg","jetpack_shortlink":"https:\/\/wp.me\/p3niVf-eW1","jetpack_sharing_enabled":true,"jetpack-related-posts":[{"id":47527,"url":"https:\/\/blogdafeira.com.br\/home\/2021\/09\/27\/bibliotecas-municipais-voltam-a-funcionar-nesta-segunda-27\/","url_meta":{"origin":57413,"position":0},"title":"Bibliotecas municipais voltam a funcionar nesta segunda (27)","author":"Blog da Feira","date":"27\/09\/2021","format":false,"excerpt":"As bibliotecas Arnold Ferreira da Silva, situada na rua Professor Geminiano Costa, e Professora Raquel de Freitas Ara\u00fajo, no distrito de Maria Quit\u00e9ria (S\u00e3o Jos\u00e9), ser\u00e3o reabertas ao p\u00fablico nesta segunda-feira, 27. Para isso, os equipamentos municipais adotaram medidas sanit\u00e1rias contra a Covid-19. Ser\u00e1 disponibilizado \u00e1lcool em gel e\u00a0a entrada\u2026","rel":"","context":"Em &quot;Cidade&quot;","block_context":{"text":"Cidade","link":"https:\/\/blogdafeira.com.br\/home\/categoria\/cidade\/"},"img":{"alt_text":"","src":"https:\/\/i0.wp.com\/blogdafeira.com.br\/home\/wp-content\/uploads\/2021\/09\/Biblioteca-Municipal-Foto-Jorge-Magalhaes.jpg?resize=350%2C200&ssl=1","width":350,"height":200,"srcset":"https:\/\/i0.wp.com\/blogdafeira.com.br\/home\/wp-content\/uploads\/2021\/09\/Biblioteca-Municipal-Foto-Jorge-Magalhaes.jpg?resize=350%2C200&ssl=1 1x, https:\/\/i0.wp.com\/blogdafeira.com.br\/home\/wp-content\/uploads\/2021\/09\/Biblioteca-Municipal-Foto-Jorge-Magalhaes.jpg?resize=525%2C300&ssl=1 1.5x, https:\/\/i0.wp.com\/blogdafeira.com.br\/home\/wp-content\/uploads\/2021\/09\/Biblioteca-Municipal-Foto-Jorge-Magalhaes.jpg?resize=700%2C400&ssl=1 2x, https:\/\/i0.wp.com\/blogdafeira.com.br\/home\/wp-content\/uploads\/2021\/09\/Biblioteca-Municipal-Foto-Jorge-Magalhaes.jpg?resize=1050%2C600&ssl=1 3x"},"classes":[]},{"id":65239,"url":"https:\/\/blogdafeira.com.br\/home\/2025\/01\/20\/governo-da-bahia-comeca-construcao-da-escola-quilombola-na-matinha\/","url_meta":{"origin":57413,"position":1},"title":"Governo da Bahia come\u00e7a constru\u00e7\u00e3o da Escola Quilombola na Matinha","author":"Blog da Feira","date":"20\/01\/2025","format":false,"excerpt":"M\u00e1quinas, equipamentos e instala\u00e7\u00f5es j\u00e1 est\u00e3o no local onde ser\u00e1\u00a0 constru\u00edda a Escola Estadual Quilombola da Matinha, em Feira de Santana. A escola foi anunciada, ano passado, pelo governador Jer\u00f4nimo, na pra\u00e7a do povoado sede do distrito. Or\u00e7ada em cerca de 20 milh\u00f5es de reais, a nova escola era uma\u2026","rel":"","context":"Em &quot;Distritos&quot;","block_context":{"text":"Distritos","link":"https:\/\/blogdafeira.com.br\/home\/categoria\/distritos\/"},"img":{"alt_text":"","src":"https:\/\/i0.wp.com\/blogdafeira.com.br\/home\/wp-content\/uploads\/2025\/01\/IMG_20250119_0925428082-scaled.jpg?resize=350%2C200&ssl=1","width":350,"height":200,"srcset":"https:\/\/i0.wp.com\/blogdafeira.com.br\/home\/wp-content\/uploads\/2025\/01\/IMG_20250119_0925428082-scaled.jpg?resize=350%2C200&ssl=1 1x, https:\/\/i0.wp.com\/blogdafeira.com.br\/home\/wp-content\/uploads\/2025\/01\/IMG_20250119_0925428082-scaled.jpg?resize=525%2C300&ssl=1 1.5x, https:\/\/i0.wp.com\/blogdafeira.com.br\/home\/wp-content\/uploads\/2025\/01\/IMG_20250119_0925428082-scaled.jpg?resize=700%2C400&ssl=1 2x, https:\/\/i0.wp.com\/blogdafeira.com.br\/home\/wp-content\/uploads\/2025\/01\/IMG_20250119_0925428082-scaled.jpg?resize=1050%2C600&ssl=1 3x, https:\/\/i0.wp.com\/blogdafeira.com.br\/home\/wp-content\/uploads\/2025\/01\/IMG_20250119_0925428082-scaled.jpg?resize=1400%2C800&ssl=1 4x"},"classes":[]},{"id":47280,"url":"https:\/\/blogdafeira.com.br\/home\/2021\/09\/06\/bibliotecas-municipais-estao-sendo-preparadas-para-reabertura\/","url_meta":{"origin":57413,"position":2},"title":"Bibliotecas municipais est\u00e3o sendo preparadas para reabertura","author":"Blog da Feira","date":"06\/09\/2021","format":false,"excerpt":"A Funda\u00e7\u00e3o Municipal de Tecnologia da Informa\u00e7\u00e3o, Telecomunica\u00e7\u00f5es e Cultura Egberto Tavares Costa (FUNTITTEC) est\u00e1 preparando as tr\u00eas bibliotecas municipais para voltarem a funcionar. S\u00e3o elas: Biblioteca Municipal Arnold Silva, situada na rua Edelvira de Oliveira, a Manoel Pimenta, em Humildes, e a Rachel Freitas, que fica no distrito de\u2026","rel":"","context":"Em &quot;Cidade&quot;","block_context":{"text":"Cidade","link":"https:\/\/blogdafeira.com.br\/home\/categoria\/cidade\/"},"img":{"alt_text":"","src":"https:\/\/i0.wp.com\/blogdafeira.com.br\/home\/wp-content\/uploads\/2021\/09\/Biblioteca-Municipal-Foto-Jorge-Magalhaes.jpg?resize=350%2C200&ssl=1","width":350,"height":200,"srcset":"https:\/\/i0.wp.com\/blogdafeira.com.br\/home\/wp-content\/uploads\/2021\/09\/Biblioteca-Municipal-Foto-Jorge-Magalhaes.jpg?resize=350%2C200&ssl=1 1x, https:\/\/i0.wp.com\/blogdafeira.com.br\/home\/wp-content\/uploads\/2021\/09\/Biblioteca-Municipal-Foto-Jorge-Magalhaes.jpg?resize=525%2C300&ssl=1 1.5x, https:\/\/i0.wp.com\/blogdafeira.com.br\/home\/wp-content\/uploads\/2021\/09\/Biblioteca-Municipal-Foto-Jorge-Magalhaes.jpg?resize=700%2C400&ssl=1 2x, https:\/\/i0.wp.com\/blogdafeira.com.br\/home\/wp-content\/uploads\/2021\/09\/Biblioteca-Municipal-Foto-Jorge-Magalhaes.jpg?resize=1050%2C600&ssl=1 3x"},"classes":[]},{"id":16285,"url":"https:\/\/blogdafeira.com.br\/home\/2015\/08\/21\/biblioteca-municipal-de-feira-reduz-tempo-de-funcionamento-para-o-publico\/","url_meta":{"origin":57413,"position":3},"title":"Biblioteca Municipal de Feira reduz tempo de funcionamento para o p\u00fablico","author":"Blog da Feira","date":"21\/08\/2015","format":false,"excerpt":"A Biblioteca Municipal \u2018Arnold Silva\u2019, a partir de setembro, vai fechar as portas 1 hora e meia mais cedo.Seis horas a menos de funcionamento por semana. Aberta at\u00e9 as 21:30 horas para acolher os leitores da noite, ela encerrar\u00e1 o expediente \u00e0s 20 horas. A Funda\u00e7\u00e3o Cultural que administra o\u2026","rel":"","context":"Em &quot;Home&quot;","block_context":{"text":"Home","link":"https:\/\/blogdafeira.com.br\/home\/categoria\/raiz\/"},"img":{"alt_text":"11338-3","src":"https:\/\/i0.wp.com\/blogdafeira.com.br\/home\/wp-content\/uploads\/2015\/04\/11338-3.jpg?resize=350%2C200","width":350,"height":200,"srcset":"https:\/\/i0.wp.com\/blogdafeira.com.br\/home\/wp-content\/uploads\/2015\/04\/11338-3.jpg?resize=350%2C200 1x, https:\/\/i0.wp.com\/blogdafeira.com.br\/home\/wp-content\/uploads\/2015\/04\/11338-3.jpg?resize=525%2C300 1.5x"},"classes":[]},{"id":11406,"url":"https:\/\/blogdafeira.com.br\/home\/2014\/07\/18\/ipuacu-de-feira-quer-uma-biblioteca-e-equipamentos-de-informatica\/","url_meta":{"origin":57413,"position":4},"title":"Ipua\u00e7u de Feira quer uma Biblioteca e equipamentos de inform\u00e1tica","author":"Blog da Feira","date":"18\/07\/2014","format":false,"excerpt":"Os moradores do distrito rural de Ipua\u00e7u apresentaram um elenco de reivindica\u00e7\u00f5es durante audi\u00eancia p\u00fablica, ontem, para a elabora\u00e7\u00e3o do projeto de Lei Or\u00e7ament\u00e1ria Anual (LOA) de Feira de Santana para o exerc\u00edcio 2015. Entre as reivindica\u00e7\u00f5es constam a constru\u00e7\u00e3o de uma biblioteca com equipamento de inform\u00e1tica para a sede\u2026","rel":"","context":"Em &quot;Distritos&quot;","block_context":{"text":"Distritos","link":"https:\/\/blogdafeira.com.br\/home\/categoria\/distritos\/"},"img":{"alt_text":"","src":"","width":0,"height":0},"classes":[]},{"id":54445,"url":"https:\/\/blogdafeira.com.br\/home\/2022\/09\/15\/o-aniversario-de-feira-e-a-biblioteca-municipal\/","url_meta":{"origin":57413,"position":5},"title":"O anivers\u00e1rio de Feira e a Biblioteca Municipal","author":"Andr\u00e9 Pomponet","date":"15\/09\/2022","format":false,"excerpt":"Domingo (18) a Feira de Santana completa 189 anos de emancipa\u00e7\u00e3o. N\u00e3o \u00e9 data redonda, mas \u00e9 sempre bom recordar e \u2013 sobretudo \u2013 estimular o debate sobre os destinos do munic\u00edpio. Isso se faz pouco por aqui. Lentamente, a afamada Princesa do Sert\u00e3o caminha para o seu bicenten\u00e1rio. Ser\u00e1\u2026","rel":"","context":"Em &quot;Colunistas&quot;","block_context":{"text":"Colunistas","link":"https:\/\/blogdafeira.com.br\/home\/categoria\/colunistas\/"},"img":{"alt_text":"","src":"https:\/\/i0.wp.com\/blogdafeira.com.br\/home\/wp-content\/uploads\/2022\/09\/60790121_2063879693741234_7148114792287305728_n.jpg?resize=350%2C200&ssl=1","width":350,"height":200,"srcset":"https:\/\/i0.wp.com\/blogdafeira.com.br\/home\/wp-content\/uploads\/2022\/09\/60790121_2063879693741234_7148114792287305728_n.jpg?resize=350%2C200&ssl=1 1x, https:\/\/i0.wp.com\/blogdafeira.com.br\/home\/wp-content\/uploads\/2022\/09\/60790121_2063879693741234_7148114792287305728_n.jpg?resize=525%2C300&ssl=1 1.5x, https:\/\/i0.wp.com\/blogdafeira.com.br\/home\/wp-content\/uploads\/2022\/09\/60790121_2063879693741234_7148114792287305728_n.jpg?resize=700%2C400&ssl=1 2x"},"classes":[]}],"_links":{"self":[{"href":"https:\/\/blogdafeira.com.br\/home\/wp-json\/wp\/v2\/posts\/57413","targetHints":{"allow":["GET"]}}],"collection":[{"href":"https:\/\/blogdafeira.com.br\/home\/wp-json\/wp\/v2\/posts"}],"about":[{"href":"https:\/\/blogdafeira.com.br\/home\/wp-json\/wp\/v2\/types\/post"}],"author":[{"embeddable":true,"href":"https:\/\/blogdafeira.com.br\/home\/wp-json\/wp\/v2\/users\/1"}],"replies":[{"embeddable":true,"href":"https:\/\/blogdafeira.com.br\/home\/wp-json\/wp\/v2\/comments?post=57413"}],"version-history":[{"count":4,"href":"https:\/\/blogdafeira.com.br\/home\/wp-json\/wp\/v2\/posts\/57413\/revisions"}],"predecessor-version":[{"id":57421,"href":"https:\/\/blogdafeira.com.br\/home\/wp-json\/wp\/v2\/posts\/57413\/revisions\/57421"}],"wp:featuredmedia":[{"embeddable":true,"href":"https:\/\/blogdafeira.com.br\/home\/wp-json\/wp\/v2\/media\/57414"}],"wp:attachment":[{"href":"https:\/\/blogdafeira.com.br\/home\/wp-json\/wp\/v2\/media?parent=57413"}],"wp:term":[{"taxonomy":"category","embeddable":true,"href":"https:\/\/blogdafeira.com.br\/home\/wp-json\/wp\/v2\/categories?post=57413"},{"taxonomy":"post_tag","embeddable":true,"href":"https:\/\/blogdafeira.com.br\/home\/wp-json\/wp\/v2\/tags?post=57413"}],"curies":[{"name":"wp","href":"https:\/\/api.w.org\/{rel}","templated":true}]}}