{"id":57530,"date":"2023-05-09T19:46:24","date_gmt":"2023-05-09T22:46:24","guid":{"rendered":"https:\/\/blogdafeira.com.br\/home\/?p=57530"},"modified":"2023-08-16T20:02:08","modified_gmt":"2023-08-16T23:02:08","slug":"jeronimo-em-feira-nesta-quarta-abre-seminario-de-economia-rural","status":"publish","type":"post","link":"https:\/\/blogdafeira.com.br\/home\/2023\/05\/09\/jeronimo-em-feira-nesta-quarta-abre-seminario-de-economia-rural\/","title":{"rendered":"Governo do Estado faz semin\u00e1rio sobre economia rural em Feira"},"content":{"rendered":"<div id=\"blogd-4256197231\" class=\"blogd-fim-do-post-mobile blogd-entity-placement\" style=\"margin-left: auto;margin-right: auto;text-align: center;\"><a href=\"https:\/\/www.sefaz.feiradesantana.ba.gov.br\/\" target=\"_blank\" aria-label=\"728&#215;90 (6)\"><img loading=\"lazy\" decoding=\"async\" src=\"https:\/\/blogdafeira.com.br\/home\/wp-content\/uploads\/2026\/03\/728x90-6.gif\" alt=\"\"  class=\"no-lazyload\" width=\"728\" height=\"90\"  style=\"display: inline-block;\" \/><\/a><\/div><p>Come\u00e7a\u00a0 nesta quarta-feira, 10, em Feira de Santana, no Col\u00e9gio Modelo Lu\u00eds Eduardo Magalh\u00e3es, \u00e0s 14 horas,\u00a0 o Semin\u00e1rio \u201cEstrat\u00e9gias para o Desenvolvimento Econ\u00f4mico a partir do Rural\u201d, promovido por meio da Companhia de Desenvolvimento e A\u00e7\u00e3o Regional (CAR) e a Secretaria de Desenvolvimento Rural (SDR).<\/p><div id=\"blogd-288914584\" class=\"blogd-conteudo-2-mobile blogd-entity-placement\"><a href=\"https:\/\/feirenses.com.br\/\" target=\"_blank\" aria-label=\"feirenses\"><img loading=\"lazy\" decoding=\"async\" src=\"https:\/\/blogdafeira.com.br\/home\/wp-content\/uploads\/2026\/04\/feirenses.png\" alt=\"\"  srcset=\"https:\/\/blogdafeira.com.br\/home\/wp-content\/uploads\/2026\/04\/feirenses.png 300w, https:\/\/blogdafeira.com.br\/home\/wp-content\/uploads\/2026\/04\/feirenses-170x45.png 170w, https:\/\/blogdafeira.com.br\/home\/wp-content\/uploads\/2026\/04\/feirenses-280x74.png 280w\" sizes=\"(max-width: 300px) 100vw, 300px\" class=\"no-lazyload\" width=\"300\" height=\"79\"  style=\"display: inline-block;\" \/><\/a><\/div>\n<figure class=\"wp-block-image size-large is-resized\"><\/figure>\n<p>O evento vai at\u00e9 sexta-feira e\u00a0 reunir\u00e1 gestores p\u00fablicos estaduais, prefeitos, secret\u00e1rios municipais e equipes t\u00e9cnicas de 21 Cons\u00f3rcios P\u00fablicos Municipais que desenvolvem pol\u00edticas p\u00fablicas para a agricultura familiar e o desenvolvimento rural, por meio de conv\u00eanios assinados com a CAR.<\/p>\n<p>Ainda na quarta-feira, acontece a palestra tema do evento com o diretor-presidente da CAR, Jeandro Ribeiro, que vai abordar as a\u00e7\u00f5es e estrat\u00e9gias que est\u00e3o sendo executadas pela CAR para o desenvolvimento rural sustent\u00e1vel nos pr\u00f3ximos anos.<\/p>\n<div id=\"blogd-581267135\" class=\"blogd-final-post blogd-entity-placement\"><a href=\"https:\/\/www.feiradesantana.ba.leg.br\/\" target=\"_blank\" aria-label=\"BANNER-SITE-ENTREGADECHEQUE-CAMARADEFEIRA\"><img loading=\"lazy\" decoding=\"async\" src=\"https:\/\/blogdafeira.com.br\/home\/wp-content\/uploads\/2026\/03\/BANNER-SITE-ENTREGADECHEQUE-CAMARADEFEIRA.gif\" alt=\"\"  class=\"no-lazyload\" width=\"728\" height=\"90\"   \/><\/a><\/div><p>Na quinta-feira (11), os representantes dos cons\u00f3rcios participar\u00e3o de cinco oficinas sobre as pol\u00edticas p\u00fablicas de Assist\u00eancia T\u00e9cnica e Extens\u00e3o Rural (ATER), Servi\u00e7o de Inspe\u00e7\u00e3o Municipal (SIM), Projeto de Mecaniza\u00e7\u00e3o Rural (Promer), Regulariza\u00e7\u00e3o Fundi\u00e1ria e Kits Produtivos. Na sexta-feira (12), a partir das 8h, o evento contar\u00e1 com a apresenta\u00e7\u00e3o dos resultados da a\u00e7\u00e3o Cacau+ do Cons\u00f3rcio Ciapra Baixo Sul, a ser ministrada pelo diretor-executivo do Ciapra, Leandro Ramos, depois\u00a0ser\u00e1 realizada uma plen\u00e1ria final de encaminhamentos do semin\u00e1rio.<\/p>\n<p>&nbsp;<\/p>\n","protected":false},"excerpt":{"rendered":"<p>Come\u00e7a\u00a0 nesta quarta-feira, 10, em Feira de Santana, no Col\u00e9gio Modelo Lu\u00eds Eduardo Magalh\u00e3es, \u00e0s 14 horas,\u00a0 o Semin\u00e1rio \u201cEstrat\u00e9gias para o Desenvolvimento Econ\u00f4mico a partir do Rural\u201d, promovido por meio da Companhia de Desenvolvimento e A\u00e7\u00e3o Regional (CAR) e a Secretaria de Desenvolvimento Rural (SDR). O evento vai at\u00e9 sexta-feira e\u00a0 reunir\u00e1 gestores p\u00fablicos<\/p>\n","protected":false},"author":1,"featured_media":57538,"comment_status":"open","ping_status":"open","sticky":false,"template":"","format":"standard","meta":{"jetpack_post_was_ever_published":false,"cybocfi_hide_featured_image":"","_jetpack_newsletter_access":"","_jetpack_dont_email_post_to_subs":false,"_jetpack_newsletter_tier_id":0,"_jetpack_memberships_contains_paywalled_content":false,"_jetpack_memberships_contains_paid_content":false,"footnotes":"","jetpack_publicize_message":"","jetpack_publicize_feature_enabled":true,"jetpack_social_post_already_shared":true,"jetpack_social_options":{"image_generator_settings":{"template":"highway","default_image_id":0,"font":"","enabled":false},"version":2}},"categories":[3,748,1],"tags":[],"class_list":["post-57530","post","type-post","status-publish","format-standard","has-post-thumbnail","hentry","category-cidade","category-distritos","category-raiz"],"jetpack_publicize_connections":[],"jetpack_featured_media_url":"https:\/\/blogdafeira.com.br\/home\/wp-content\/uploads\/2023\/05\/d152a46a-1032-453c-99ee-0f8da619c758-1024x1024-1.webp","jetpack_shortlink":"https:\/\/wp.me\/p3niVf-eXU","jetpack_sharing_enabled":true,"jetpack-related-posts":[{"id":71112,"url":"https:\/\/blogdafeira.com.br\/home\/2026\/01\/28\/ultima-etapa-da-conferencia-de-desenvolvimento-rural-solidario-da-bahia-sera-concluida-hoje-em-feira\/","url_meta":{"origin":57530,"position":0},"title":"\u00daltima etapa da Confer\u00eancia de Desenvolvimento Rural Solid\u00e1rio da Bahia ser\u00e1 conclu\u00edda hoje em Feira","author":"Secom\/Gov.BAHIA","date":"28\/01\/2026","format":false,"excerpt":"A \u00faltima etapa da 3\u00aa Confer\u00eancia Estadual de Desenvolvimento Rural Sustent\u00e1vel e Solid\u00e1rio 2025 na Bahia,\u00a0 organizada pelo Conselho Estadual de Desenvolvimento Rural Sustent\u00e1vel (CEDRS) e realizada pela Secretaria de Desenvolvimento Rural (SDR), ser\u00e1 conclu\u00edda hoje em Feira de Santana, com a elabora\u00e7\u00e3o de um \"Documento Final\" com propostas que\u2026","rel":"","context":"Em &quot;Destaques&quot;","block_context":{"text":"Destaques","link":"https:\/\/blogdafeira.com.br\/home\/categoria\/destaques\/"},"img":{"alt_text":"","src":"https:\/\/i0.wp.com\/blogdafeira.com.br\/home\/wp-content\/uploads\/2026\/01\/images-53.jpeg?resize=350%2C200&ssl=1","width":350,"height":200,"srcset":"https:\/\/i0.wp.com\/blogdafeira.com.br\/home\/wp-content\/uploads\/2026\/01\/images-53.jpeg?resize=350%2C200&ssl=1 1x, https:\/\/i0.wp.com\/blogdafeira.com.br\/home\/wp-content\/uploads\/2026\/01\/images-53.jpeg?resize=525%2C300&ssl=1 1.5x"},"classes":[]},{"id":48597,"url":"https:\/\/blogdafeira.com.br\/home\/2021\/11\/19\/abertas-as-inscricoes-para-feira-da-agricultura-familiar-e-economia-solidaria\/","url_meta":{"origin":57530,"position":1},"title":"Abertas as inscri\u00e7\u00f5es para Feira da Agricultura Familiar e Economia Solid\u00e1ria","author":"Secom\/Gov.BAHIA","date":"19\/11\/2021","format":false,"excerpt":"Est\u00e3o abertas, at\u00e9\u00a0 30 de novembro, as inscri\u00e7\u00f5es para a 12\u00aa Feira Baiana da Agricultura Familiar e Economia Solid\u00e1ria, que acontecer\u00e1 no per\u00edodo de 15 a 19 de dezembro, em formato h\u00edbrido, presencial e virtual. O edital\u00a0est\u00e1 dispon\u00edvel no site\u00a0www.sdr.ba.gov.br, com as\u00a0orienta\u00e7\u00f5es para a realiza\u00e7\u00e3o das inscri\u00e7\u00f5es. Podem se inscrever\u2026","rel":"","context":"Em &quot;Bahia&quot;","block_context":{"text":"Bahia","link":"https:\/\/blogdafeira.com.br\/home\/categoria\/bahia\/"},"img":{"alt_text":"","src":"https:\/\/i0.wp.com\/blogdafeira.com.br\/home\/wp-content\/uploads\/2021\/11\/WhatsApp-Image-2021-11-18-at-18.00.59.jpeg?resize=350%2C200&ssl=1","width":350,"height":200,"srcset":"https:\/\/i0.wp.com\/blogdafeira.com.br\/home\/wp-content\/uploads\/2021\/11\/WhatsApp-Image-2021-11-18-at-18.00.59.jpeg?resize=350%2C200&ssl=1 1x, https:\/\/i0.wp.com\/blogdafeira.com.br\/home\/wp-content\/uploads\/2021\/11\/WhatsApp-Image-2021-11-18-at-18.00.59.jpeg?resize=525%2C300&ssl=1 1.5x, https:\/\/i0.wp.com\/blogdafeira.com.br\/home\/wp-content\/uploads\/2021\/11\/WhatsApp-Image-2021-11-18-at-18.00.59.jpeg?resize=700%2C400&ssl=1 2x, https:\/\/i0.wp.com\/blogdafeira.com.br\/home\/wp-content\/uploads\/2021\/11\/WhatsApp-Image-2021-11-18-at-18.00.59.jpeg?resize=1050%2C600&ssl=1 3x"},"classes":[]},{"id":64745,"url":"https:\/\/blogdafeira.com.br\/home\/2024\/12\/02\/agricultura-familiar-e-cultura-nordestina-movimentam-a-capital-baiana-ate-o-dia-15\/","url_meta":{"origin":57530,"position":2},"title":"Agricultura familiar e cultura nordestina movimentam a capital baiana at\u00e9 o dia 15","author":"Secom\/Gov.BAHIA","date":"02\/12\/2024","format":false,"excerpt":"Prepare-se para vivenciar o melhor da agricultura familiar, cultura e gastronomia nordestina. A capital baiana ser\u00e1 palco da 15\u00aa Feira Baiana da Agricultura Familiar e Economia Solid\u00e1ria, at\u00e9 o dia 15, no Parque Costa Azul. Com entrada gratuita e vista deslumbrante da orla mar\u00edtima, o evento, j\u00e1 consolidado no calend\u00e1rio\u2026","rel":"","context":"Em &quot;Geral&quot;","block_context":{"text":"Geral","link":"https:\/\/blogdafeira.com.br\/home\/categoria\/geral\/"},"img":{"alt_text":"","src":"https:\/\/i0.wp.com\/blogdafeira.com.br\/home\/wp-content\/uploads\/2024\/12\/WhatsApp-Image-2024-11-28-at-18.45.14-1068x711-1.jpeg?resize=350%2C200&ssl=1","width":350,"height":200,"srcset":"https:\/\/i0.wp.com\/blogdafeira.com.br\/home\/wp-content\/uploads\/2024\/12\/WhatsApp-Image-2024-11-28-at-18.45.14-1068x711-1.jpeg?resize=350%2C200&ssl=1 1x, https:\/\/i0.wp.com\/blogdafeira.com.br\/home\/wp-content\/uploads\/2024\/12\/WhatsApp-Image-2024-11-28-at-18.45.14-1068x711-1.jpeg?resize=525%2C300&ssl=1 1.5x, https:\/\/i0.wp.com\/blogdafeira.com.br\/home\/wp-content\/uploads\/2024\/12\/WhatsApp-Image-2024-11-28-at-18.45.14-1068x711-1.jpeg?resize=700%2C400&ssl=1 2x, https:\/\/i0.wp.com\/blogdafeira.com.br\/home\/wp-content\/uploads\/2024\/12\/WhatsApp-Image-2024-11-28-at-18.45.14-1068x711-1.jpeg?resize=1050%2C600&ssl=1 3x"},"classes":[]},{"id":66145,"url":"https:\/\/blogdafeira.com.br\/home\/2025\/03\/13\/agroindustria-familiar-da-bahia-reunida-no-centro-de-convencoes-de-feira\/","url_meta":{"origin":57530,"position":3},"title":"Agroind\u00fastria familiar da Bahia reunida no Centro de Conven\u00e7\u00f5es de Feira","author":"Secom\/Gov.BAHIA","date":"13\/03\/2025","format":false,"excerpt":"O Teatro estava lotado, ontem, na abertura do MOVE-Agroind\u00fastria Familiar da Bahia, eventos organizado e promovido pelo Governo da Bahia por meio da Secretaria de Desenvolvimento Rural (SDR) e da Companhia de Desenvolvimento e A\u00e7\u00e3o Regional (CAR). \u00c9 o segundo evento, depois da abertura do equipamento, que o governo promove\u2026","rel":"","context":"Em &quot;Economia&quot;","block_context":{"text":"Economia","link":"https:\/\/blogdafeira.com.br\/home\/categoria\/economia\/"},"img":{"alt_text":"","src":"https:\/\/i0.wp.com\/blogdafeira.com.br\/home\/wp-content\/uploads\/2025\/03\/Fotos-Wuiga-RubiniGOVBA-3.jpeg?resize=350%2C200&ssl=1","width":350,"height":200,"srcset":"https:\/\/i0.wp.com\/blogdafeira.com.br\/home\/wp-content\/uploads\/2025\/03\/Fotos-Wuiga-RubiniGOVBA-3.jpeg?resize=350%2C200&ssl=1 1x, https:\/\/i0.wp.com\/blogdafeira.com.br\/home\/wp-content\/uploads\/2025\/03\/Fotos-Wuiga-RubiniGOVBA-3.jpeg?resize=525%2C300&ssl=1 1.5x, https:\/\/i0.wp.com\/blogdafeira.com.br\/home\/wp-content\/uploads\/2025\/03\/Fotos-Wuiga-RubiniGOVBA-3.jpeg?resize=700%2C400&ssl=1 2x, https:\/\/i0.wp.com\/blogdafeira.com.br\/home\/wp-content\/uploads\/2025\/03\/Fotos-Wuiga-RubiniGOVBA-3.jpeg?resize=1050%2C600&ssl=1 3x, https:\/\/i0.wp.com\/blogdafeira.com.br\/home\/wp-content\/uploads\/2025\/03\/Fotos-Wuiga-RubiniGOVBA-3.jpeg?resize=1400%2C800&ssl=1 4x"},"classes":[]},{"id":60220,"url":"https:\/\/blogdafeira.com.br\/home\/2023\/11\/29\/bahia-sem-fome-agora-e-lei-e-governo-lanca-comida-no-prato-para-20-mil-familias\/","url_meta":{"origin":57530,"position":4},"title":"&#8216;Bahia sem Fome&#8217; agora \u00e9 lei e Governo lan\u00e7a &#8220;Comida no Prato&#8221; para 20 mil fam\u00edlias","author":"Secom\/Gov.BAHIA","date":"29\/11\/2023","format":false,"excerpt":"O Governo\u00a0 do Estado sancionou, ontem,(28), a lei que criou o Programa Bahia sem Fome e anunciou diversas a\u00e7\u00f5es para impulsionar a produ\u00e7\u00e3o de alimentos, o acesso \u00e0 \u00e1gua e o combate \u00e0 fome na Bahia, por meio da Companhia de Desenvolvimento e A\u00e7\u00e3o Regional (CAR), empresa p\u00fablica\u00a0 vinculada \u00e0\u2026","rel":"","context":"Em &quot;Bahia&quot;","block_context":{"text":"Bahia","link":"https:\/\/blogdafeira.com.br\/home\/categoria\/bahia\/"},"img":{"alt_text":"","src":"https:\/\/i0.wp.com\/blogdafeira.com.br\/home\/wp-content\/uploads\/2023\/11\/Bahia-Sem-Fome-64-scaled.jpg?resize=350%2C200&ssl=1","width":350,"height":200,"srcset":"https:\/\/i0.wp.com\/blogdafeira.com.br\/home\/wp-content\/uploads\/2023\/11\/Bahia-Sem-Fome-64-scaled.jpg?resize=350%2C200&ssl=1 1x, https:\/\/i0.wp.com\/blogdafeira.com.br\/home\/wp-content\/uploads\/2023\/11\/Bahia-Sem-Fome-64-scaled.jpg?resize=525%2C300&ssl=1 1.5x, https:\/\/i0.wp.com\/blogdafeira.com.br\/home\/wp-content\/uploads\/2023\/11\/Bahia-Sem-Fome-64-scaled.jpg?resize=700%2C400&ssl=1 2x, https:\/\/i0.wp.com\/blogdafeira.com.br\/home\/wp-content\/uploads\/2023\/11\/Bahia-Sem-Fome-64-scaled.jpg?resize=1050%2C600&ssl=1 3x, https:\/\/i0.wp.com\/blogdafeira.com.br\/home\/wp-content\/uploads\/2023\/11\/Bahia-Sem-Fome-64-scaled.jpg?resize=1400%2C800&ssl=1 4x"},"classes":[]},{"id":40804,"url":"https:\/\/blogdafeira.com.br\/home\/2020\/09\/29\/feira-da-agricultura-familiar-deste-ano-tera-27-armazens-virtuais\/","url_meta":{"origin":57530,"position":5},"title":"Feira da Agricultura Familiar deste ano ter\u00e1 27 armaz\u00e9ns virtuais","author":"Secom\/Gov.BAHIA","date":"29\/09\/2020","format":false,"excerpt":"Est\u00e3o abertas as inscri\u00e7\u00f5es para 11\u00aa Feira Baiana da Agricultura Familiar e Economia Solid\u00e1ria (11\u00aa FEBAFES), a maior feira da agricultura familiar do pa\u00eds, que neste ano, por conta da pandemia do novo\u00a0coronav\u00edrus, ser\u00e1 realizada de modo virtual, no per\u00edodo de 5 a 13 de dezembro de 2020. Podem participar\u2026","rel":"","context":"Em &quot;Bahia&quot;","block_context":{"text":"Bahia","link":"https:\/\/blogdafeira.com.br\/home\/categoria\/bahia\/"},"img":{"alt_text":"","src":"https:\/\/i0.wp.com\/blogdafeira.com.br\/home\/wp-content\/uploads\/2020\/09\/capa-materia.png?resize=350%2C200&ssl=1","width":350,"height":200,"srcset":"https:\/\/i0.wp.com\/blogdafeira.com.br\/home\/wp-content\/uploads\/2020\/09\/capa-materia.png?resize=350%2C200&ssl=1 1x, https:\/\/i0.wp.com\/blogdafeira.com.br\/home\/wp-content\/uploads\/2020\/09\/capa-materia.png?resize=525%2C300&ssl=1 1.5x, https:\/\/i0.wp.com\/blogdafeira.com.br\/home\/wp-content\/uploads\/2020\/09\/capa-materia.png?resize=700%2C400&ssl=1 2x, https:\/\/i0.wp.com\/blogdafeira.com.br\/home\/wp-content\/uploads\/2020\/09\/capa-materia.png?resize=1050%2C600&ssl=1 3x"},"classes":[]}],"_links":{"self":[{"href":"https:\/\/blogdafeira.com.br\/home\/wp-json\/wp\/v2\/posts\/57530","targetHints":{"allow":["GET"]}}],"collection":[{"href":"https:\/\/blogdafeira.com.br\/home\/wp-json\/wp\/v2\/posts"}],"about":[{"href":"https:\/\/blogdafeira.com.br\/home\/wp-json\/wp\/v2\/types\/post"}],"author":[{"embeddable":true,"href":"https:\/\/blogdafeira.com.br\/home\/wp-json\/wp\/v2\/users\/1"}],"replies":[{"embeddable":true,"href":"https:\/\/blogdafeira.com.br\/home\/wp-json\/wp\/v2\/comments?post=57530"}],"version-history":[{"count":3,"href":"https:\/\/blogdafeira.com.br\/home\/wp-json\/wp\/v2\/posts\/57530\/revisions"}],"predecessor-version":[{"id":57539,"href":"https:\/\/blogdafeira.com.br\/home\/wp-json\/wp\/v2\/posts\/57530\/revisions\/57539"}],"wp:featuredmedia":[{"embeddable":true,"href":"https:\/\/blogdafeira.com.br\/home\/wp-json\/wp\/v2\/media\/57538"}],"wp:attachment":[{"href":"https:\/\/blogdafeira.com.br\/home\/wp-json\/wp\/v2\/media?parent=57530"}],"wp:term":[{"taxonomy":"category","embeddable":true,"href":"https:\/\/blogdafeira.com.br\/home\/wp-json\/wp\/v2\/categories?post=57530"},{"taxonomy":"post_tag","embeddable":true,"href":"https:\/\/blogdafeira.com.br\/home\/wp-json\/wp\/v2\/tags?post=57530"}],"curies":[{"name":"wp","href":"https:\/\/api.w.org\/{rel}","templated":true}]}}