{"id":57917,"date":"2023-06-01T18:41:05","date_gmt":"2023-06-01T21:41:05","guid":{"rendered":"https:\/\/blogdafeira.com.br\/home\/?p=57917"},"modified":"2023-09-20T23:58:08","modified_gmt":"2023-09-21T02:58:08","slug":"camara-de-vereadores-de-feira-aprova-cessao-de-area-publica-ao-senar","status":"publish","type":"post","link":"https:\/\/blogdafeira.com.br\/home\/2023\/06\/01\/camara-de-vereadores-de-feira-aprova-cessao-de-area-publica-ao-senar\/","title":{"rendered":"C\u00e2mara de Vereadores de Feira aprova cess\u00e3o de \u00e1rea p\u00fablica ao Senar"},"content":{"rendered":"<div id=\"blogd-4112317489\" class=\"blogd-fim-do-post-mobile blogd-entity-placement\" style=\"margin-left: auto;margin-right: auto;text-align: center;\"><a href=\"https:\/\/www.sefaz.feiradesantana.ba.gov.br\/\" target=\"_blank\" aria-label=\"728&#215;90 (6)\"><img loading=\"lazy\" decoding=\"async\" src=\"https:\/\/blogdafeira.com.br\/home\/wp-content\/uploads\/2026\/03\/728x90-6.gif\" alt=\"\"  class=\"no-lazyload\" width=\"728\" height=\"90\"  style=\"display: inline-block;\" \/><\/a><\/div><p>A C\u00e2mara de Feira de Santana aprovou em primeira e segunda vota\u00e7\u00f5es, esta quinta (1), autoriza\u00e7\u00e3o legislativa para que o Governo Municipal possa ceder, ao Senar (Servi\u00e7o Nacional de Aprendizagem Rural) uma \u00e1rea de 20 mil metros quadrados no Parque de Exposi\u00e7\u00f5es Jo\u00e3o Martins da Silva. O projeto, que teve voto favor\u00e1vel da unanimidade do plen\u00e1rio, viabiliza a constru\u00e7\u00e3o de um Centro de Excel\u00eancia em equideocultura (\u00e1rea da Zootecnia que trata da cria\u00e7\u00e3o de cavalos) naquele espa\u00e7o. O investimento previsto \u00e9 de R$ 16 milh\u00f5es, dinheiro que ser\u00e1 investido integralmente pelo \u00f3rg\u00e3o do &#8220;Sistema S&#8221;. Para votar hoje em car\u00e1ter definitivo, a presidente da Casa da Cidadania, Eremita Mota (PSDB), realizou sess\u00e3o extraordin\u00e1ria.<\/p><div id=\"blogd-1268530227\" class=\"blogd-conteudo-2-mobile blogd-entity-placement\"><a href=\"https:\/\/feirenses.com.br\/\" target=\"_blank\" aria-label=\"feirenses\"><img loading=\"lazy\" decoding=\"async\" src=\"https:\/\/blogdafeira.com.br\/home\/wp-content\/uploads\/2026\/04\/feirenses.png\" alt=\"\"  srcset=\"https:\/\/blogdafeira.com.br\/home\/wp-content\/uploads\/2026\/04\/feirenses.png 300w, https:\/\/blogdafeira.com.br\/home\/wp-content\/uploads\/2026\/04\/feirenses-170x45.png 170w, https:\/\/blogdafeira.com.br\/home\/wp-content\/uploads\/2026\/04\/feirenses-280x74.png 280w\" sizes=\"(max-width: 300px) 100vw, 300px\" class=\"no-lazyload\" width=\"300\" height=\"79\"  style=\"display: inline-block;\" \/><\/a><\/div>\n<p>Os vereadores contribu\u00edram para o aperfei\u00e7oamento da mat\u00e9ria atrav\u00e9s de tr\u00eas emendas. Uma delas, de autoria de Jhonatas Monteiro (PSOL), determina que ser\u00e1 realizada uma consulta p\u00fablica a cada cinco anos, ap\u00f3s inaugurado o polo de ensino e forma\u00e7\u00e3o, para avalia\u00e7\u00e3o do cumprimento da finalidade da concess\u00e3o, assim como dos direitos e obriga\u00e7\u00f5es constantes do termo contratual. Do mesmo autor, uma outra emenda estabelece que o &#8220;principal objetivo&#8221; do futuro n\u00facleo ser\u00e1 &#8220;oferecer diversos cursos e capacita\u00e7\u00f5es, presenciais e \u00e0 dist\u00e2ncia, sobretudo \u00e0 popula\u00e7\u00e3o rural do Munic\u00edpio e vinculada \u00e0 agricultura familiar&#8221;, por meio das atividades de forma\u00e7\u00e3o profissional, assist\u00eancia t\u00e9cnica e promo\u00e7\u00e3o social.<\/p>\n<p>A presidente da C\u00e2mara disse que foi necess\u00e1rio apurar e corrigir &#8220;algumas inconsist\u00eancias&#8221; do projeto, para que fosse pautado para vota\u00e7\u00e3o: \u00a0&#8220;A primeira delas foi a falta da escritura do terreno. Logo depois, percebemos que n\u00e3o constava a planta de localiza\u00e7\u00e3o para a constru\u00e7\u00e3o da escola e muito menos o prazo para in\u00edcio e conclus\u00e3o das obras&#8221;. \u00a0Para a constru\u00e7\u00e3o da unidade, o Senar condicionou a Prefeitura a revitaliza\u00e7\u00e3o do Parque, ponto tamb\u00e9m que n\u00e3o constava no projeto original.<\/p>\n<div id=\"blogd-2328834931\" class=\"blogd-final-post blogd-entity-placement\"><a href=\"https:\/\/www.feiradesantana.ba.leg.br\/\" target=\"_blank\" aria-label=\"BANNER-SITE-ENTREGADECHEQUE-CAMARADEFEIRA\"><img loading=\"lazy\" decoding=\"async\" src=\"https:\/\/blogdafeira.com.br\/home\/wp-content\/uploads\/2026\/03\/BANNER-SITE-ENTREGADECHEQUE-CAMARADEFEIRA.gif\" alt=\"\"  class=\"no-lazyload\" width=\"728\" height=\"90\"   \/><\/a><\/div><p>Foi formada uma comiss\u00e3o para, &#8220;a fundo analisar e conhecer o projeto. O grupo esteve na sede baiana do Senar, em Salvador, onde foi apresentado um cronograma com in\u00edcio das obras e conclus\u00e3o &#8211; em aproximadamente dois anos, \u00a0a escola dever\u00e1 ser entregue \u00e0 popula\u00e7\u00e3o. A dire\u00e7\u00e3o do \u00f3rg\u00e3o \u00a0convidou a C\u00e2mara para conhecer o Centro de Excel\u00eancia em Fruticultura em Juazeiro, uma unidade com o mesmo padr\u00e3o da que ser\u00e1 erguida em Feira de Santana, e assim foi feito. Recentemente, sanadas as pend\u00eancias, em entendimento com vereadores da base governista e da oposi\u00e7\u00e3o, Eremita anunciou prazo para apresenta\u00e7\u00e3o de emendas e data de vota\u00e7\u00e3o do projeto. &#8220;O compromisso est\u00e1 cumprido&#8221;, afirma.<\/p>\n","protected":false},"excerpt":{"rendered":"<p>A C\u00e2mara de Feira de Santana aprovou em primeira e segunda vota\u00e7\u00f5es, esta quinta (1), autoriza\u00e7\u00e3o legislativa para que o Governo Municipal possa ceder, ao Senar (Servi\u00e7o Nacional de Aprendizagem Rural) uma \u00e1rea de 20 mil metros quadrados no Parque de Exposi\u00e7\u00f5es Jo\u00e3o Martins da Silva. O projeto, que teve voto favor\u00e1vel da unanimidade do<\/p>\n","protected":false},"author":1,"featured_media":57918,"comment_status":"open","ping_status":"open","sticky":false,"template":"","format":"standard","meta":{"jetpack_post_was_ever_published":false,"cybocfi_hide_featured_image":"","_jetpack_newsletter_access":"","_jetpack_dont_email_post_to_subs":false,"_jetpack_newsletter_tier_id":0,"_jetpack_memberships_contains_paywalled_content":false,"_jetpack_memberships_contains_paid_content":false,"footnotes":"","jetpack_publicize_message":"","jetpack_publicize_feature_enabled":true,"jetpack_social_post_already_shared":true,"jetpack_social_options":{"image_generator_settings":{"template":"highway","default_image_id":0,"font":"","enabled":false},"version":2}},"categories":[1,631],"tags":[],"class_list":["post-57917","post","type-post","status-publish","format-standard","has-post-thumbnail","hentry","category-raiz","category-politica"],"jetpack_publicize_connections":[],"jetpack_featured_media_url":"https:\/\/blogdafeira.com.br\/home\/wp-content\/uploads\/2023\/06\/6478f23ebadcb.jpg","jetpack_shortlink":"https:\/\/wp.me\/p3niVf-f49","jetpack_sharing_enabled":true,"jetpack-related-posts":[{"id":57638,"url":"https:\/\/blogdafeira.com.br\/home\/2023\/05\/15\/camara-faz-audiencia-publica-antes-de-cede-hectares-do-parque-de-exposicao-para-o-senarira\/","url_meta":{"origin":57917,"position":0},"title":"C\u00e2mara faz &#8220;audi\u00eancia p\u00fablica&#8221; antes de ceder hectares do Parque de Exposi\u00e7\u00e3o para o SENAR","author":"Ascom\/CamaraDeVereadores","date":"15\/05\/2023","format":false,"excerpt":"Tr\u00eas hectares da \u00e1rea do Parque de Exposi\u00e7\u00e3o de Feira de Santana, um im\u00f3vel p\u00fablico com mais de 40 anos de exist\u00eancia poder\u00e1 ser ocupado por um Centro voltado para a forma\u00e7\u00e3o rural administrado pelo Senar, \u00f3rgt\u00e3o vinculado \u00e0 Confedera\u00e7\u00e3o Nacional da Agricultura (CNA) hoje presidida pelo pecuarista feirense Jo\u00e3o\u2026","rel":"","context":"Em &quot;Home&quot;","block_context":{"text":"Home","link":"https:\/\/blogdafeira.com.br\/home\/categoria\/raiz\/"},"img":{"alt_text":"","src":"https:\/\/i0.wp.com\/blogdafeira.com.br\/home\/wp-content\/uploads\/2023\/05\/f892de9fb0dcf1425d15d9815ae6bc42.jpg?resize=350%2C200&ssl=1","width":350,"height":200,"srcset":"https:\/\/i0.wp.com\/blogdafeira.com.br\/home\/wp-content\/uploads\/2023\/05\/f892de9fb0dcf1425d15d9815ae6bc42.jpg?resize=350%2C200&ssl=1 1x, https:\/\/i0.wp.com\/blogdafeira.com.br\/home\/wp-content\/uploads\/2023\/05\/f892de9fb0dcf1425d15d9815ae6bc42.jpg?resize=525%2C300&ssl=1 1.5x"},"classes":[]},{"id":55526,"url":"https:\/\/blogdafeira.com.br\/home\/2022\/11\/22\/vereadores-cortam-r-8-milhoes-da-suplementacao-para-hospital-da-mulher-em-feira\/","url_meta":{"origin":57917,"position":1},"title":"Vereadores cortam R$ 8 milh\u00f5es da suplementa\u00e7\u00e3o para Hospital da Mulher em Feira","author":"Ascom\/CamaraDeVereadores","date":"22\/11\/2022","format":false,"excerpt":"A maioria dos vereadores de Feira de Santana aprovou uma emenda ao pedido de suplemente\u00e7\u00e3o or\u00e7ament\u00e1ria feito pela Prefeitura e cortou 8 dos 23 milh\u00f5es de reais solicitados para suprir as necessidades de funcionamento e manuten\u00e7\u00e3o do Hospital da Mulher, da Funda\u00e7\u00e3o Hospitalar In\u00e1cia Pinto. Esse valor foi pedido formalmente\u2026","rel":"","context":"Em &quot;Home&quot;","block_context":{"text":"Home","link":"https:\/\/blogdafeira.com.br\/home\/categoria\/raiz\/"},"img":{"alt_text":"","src":"https:\/\/i0.wp.com\/blogdafeira.com.br\/home\/wp-content\/uploads\/2022\/11\/22112022152402-1.jpg?resize=350%2C200&ssl=1","width":350,"height":200,"srcset":"https:\/\/i0.wp.com\/blogdafeira.com.br\/home\/wp-content\/uploads\/2022\/11\/22112022152402-1.jpg?resize=350%2C200&ssl=1 1x, https:\/\/i0.wp.com\/blogdafeira.com.br\/home\/wp-content\/uploads\/2022\/11\/22112022152402-1.jpg?resize=525%2C300&ssl=1 1.5x, https:\/\/i0.wp.com\/blogdafeira.com.br\/home\/wp-content\/uploads\/2022\/11\/22112022152402-1.jpg?resize=700%2C400&ssl=1 2x, https:\/\/i0.wp.com\/blogdafeira.com.br\/home\/wp-content\/uploads\/2022\/11\/22112022152402-1.jpg?resize=1050%2C600&ssl=1 3x"},"classes":[]},{"id":57119,"url":"https:\/\/blogdafeira.com.br\/home\/2023\/04\/11\/vereadores-de-feira-aprovam-cessao-ao-governo-do-estado-da-area-do-centro-de-convencoes\/","url_meta":{"origin":57917,"position":2},"title":"Vereadores de Feira aprovam cess\u00e3o ao governo do Estado da \u00e1rea do Centro de Conven\u00e7\u00f5es","author":"Ascom\/CamaraDeVereadores","date":"11\/04\/2023","format":false,"excerpt":"Na sess\u00e3o ordin\u00e1rias desta quarta-feira, 12, os vereadores de Feira de Santana devem votar o projeto de lei do Executivo que cede ao governo do estado a \u00e1rea onde foi iniciada a constru\u00e7\u00e3o de um Centro de Conven\u00e7\u00f5es h\u00e1 mais de 16 anos e desde esse tempo paralisado. Segundo a\u2026","rel":"","context":"Em &quot;Cidade&quot;","block_context":{"text":"Cidade","link":"https:\/\/blogdafeira.com.br\/home\/categoria\/cidade\/"},"img":{"alt_text":"","src":"https:\/\/i0.wp.com\/blogdafeira.com.br\/home\/wp-content\/uploads\/2023\/04\/OIP-15.jpeg?resize=350%2C200&ssl=1","width":350,"height":200},"classes":[]},{"id":24547,"url":"https:\/\/blogdafeira.com.br\/home\/2016\/11\/23\/orcamento-de-feira-vai-ser-votado-nas-ultimas-sessoes-da-camara-de-vereadores\/","url_meta":{"origin":57917,"position":3},"title":"Or\u00e7amento de Feira vai ser votado nas \u00faltimas sess\u00f5es da C\u00e2mara de Vereadores","author":"Ascom\/CamaraDeVereadores","date":"23\/11\/2016","format":false,"excerpt":"Quando faltarem tr\u00eas ou quatro sess\u00f5es para o t\u00e9rmino desta legislatura, em meados de dezembro, \u00e9 que a C\u00e2mara de Vereadores de Feira colocar\u00e1 em discuss\u00e3o e vota\u00e7\u00e3o o projeto da Lei Or\u00e7ament\u00e1ria Anual (LOA) que define \u00a0as a\u00e7\u00f5es e investimentos \u00a0do Governo para o ano de 2017. O Or\u00e7amento\u2026","rel":"","context":"Em &quot;Home&quot;","block_context":{"text":"Home","link":"https:\/\/blogdafeira.com.br\/home\/categoria\/raiz\/"},"img":{"alt_text":"camara-de-veradores","src":"https:\/\/i0.wp.com\/blogdafeira.com.br\/home\/wp-content\/uploads\/2016\/11\/camara-de-veradores.jpg?resize=350%2C200","width":350,"height":200,"srcset":"https:\/\/i0.wp.com\/blogdafeira.com.br\/home\/wp-content\/uploads\/2016\/11\/camara-de-veradores.jpg?resize=350%2C200 1x, https:\/\/i0.wp.com\/blogdafeira.com.br\/home\/wp-content\/uploads\/2016\/11\/camara-de-veradores.jpg?resize=525%2C300 1.5x"},"classes":[]},{"id":47670,"url":"https:\/\/blogdafeira.com.br\/home\/2021\/10\/07\/aprovada-cpi-da-saude-da-camara-municipal\/","url_meta":{"origin":57917,"position":4},"title":"Aprovada CPI da Sa\u00fade da C\u00e2mara Municipal","author":"Ascom\/CamaraDeVereadores","date":"07\/10\/2021","format":false,"excerpt":"Com 11 votos favor\u00e1veis, oito contr\u00e1rios e uma absten\u00e7\u00e3o, a C\u00e2mara Municipal de Feira de Santana aprovou, nesta quinta-feira (7), a cria\u00e7\u00e3o da CPI da Sa\u00fade - Comiss\u00e3o Parlamentar de Inqu\u00e9rito. A comiss\u00e3o tem como membro titular o vereador Professor Ivamberg (PT) e, ainda, integram a equipe os vereadores Galeguinho\u2026","rel":"","context":"Em &quot;Cidade&quot;","block_context":{"text":"Cidade","link":"https:\/\/blogdafeira.com.br\/home\/categoria\/cidade\/"},"img":{"alt_text":"","src":"https:\/\/i0.wp.com\/blogdafeira.com.br\/home\/wp-content\/uploads\/2021\/10\/07102021131103.jpg?resize=350%2C200&ssl=1","width":350,"height":200,"srcset":"https:\/\/i0.wp.com\/blogdafeira.com.br\/home\/wp-content\/uploads\/2021\/10\/07102021131103.jpg?resize=350%2C200&ssl=1 1x, https:\/\/i0.wp.com\/blogdafeira.com.br\/home\/wp-content\/uploads\/2021\/10\/07102021131103.jpg?resize=525%2C300&ssl=1 1.5x, https:\/\/i0.wp.com\/blogdafeira.com.br\/home\/wp-content\/uploads\/2021\/10\/07102021131103.jpg?resize=700%2C400&ssl=1 2x, https:\/\/i0.wp.com\/blogdafeira.com.br\/home\/wp-content\/uploads\/2021\/10\/07102021131103.jpg?resize=1050%2C600&ssl=1 3x"},"classes":[]},{"id":57901,"url":"https:\/\/blogdafeira.com.br\/home\/2023\/05\/31\/vereadores-apresentam-quatro-emendas-ao-projeto-senar-parque-de-exposicoes\/","url_meta":{"origin":57917,"position":5},"title":"Vereadores apresentam quatro emendas ao &#8216;Projeto Senar\/Parque de Exposi\u00e7\u00f5es&#8217;","author":"Ascom\/CamaraDeVereadores","date":"31\/05\/2023","format":false,"excerpt":"Entra na pauta da sess\u00e3o desta quinta-feira,1, na\u00a0 C\u00e2mara de Vereadores Feira de Santana, o projeto do Executivo que cede uma \u00e1rea de terra do Parque de Exposi\u00e7\u00f5es Jo\u00e3o Martins da Silva para a implanta\u00e7\u00e3o de uma unidade do Senar. Dois vereadores deram entrada em quatro emendas ao projeto -\u2026","rel":"","context":"Em &quot;Geral&quot;","block_context":{"text":"Geral","link":"https:\/\/blogdafeira.com.br\/home\/categoria\/geral\/"},"img":{"alt_text":"","src":"https:\/\/i0.wp.com\/blogdafeira.com.br\/home\/wp-content\/uploads\/2023\/05\/images-8.jpeg?resize=350%2C200&ssl=1","width":350,"height":200},"classes":[]}],"_links":{"self":[{"href":"https:\/\/blogdafeira.com.br\/home\/wp-json\/wp\/v2\/posts\/57917","targetHints":{"allow":["GET"]}}],"collection":[{"href":"https:\/\/blogdafeira.com.br\/home\/wp-json\/wp\/v2\/posts"}],"about":[{"href":"https:\/\/blogdafeira.com.br\/home\/wp-json\/wp\/v2\/types\/post"}],"author":[{"embeddable":true,"href":"https:\/\/blogdafeira.com.br\/home\/wp-json\/wp\/v2\/users\/1"}],"replies":[{"embeddable":true,"href":"https:\/\/blogdafeira.com.br\/home\/wp-json\/wp\/v2\/comments?post=57917"}],"version-history":[{"count":1,"href":"https:\/\/blogdafeira.com.br\/home\/wp-json\/wp\/v2\/posts\/57917\/revisions"}],"predecessor-version":[{"id":57919,"href":"https:\/\/blogdafeira.com.br\/home\/wp-json\/wp\/v2\/posts\/57917\/revisions\/57919"}],"wp:featuredmedia":[{"embeddable":true,"href":"https:\/\/blogdafeira.com.br\/home\/wp-json\/wp\/v2\/media\/57918"}],"wp:attachment":[{"href":"https:\/\/blogdafeira.com.br\/home\/wp-json\/wp\/v2\/media?parent=57917"}],"wp:term":[{"taxonomy":"category","embeddable":true,"href":"https:\/\/blogdafeira.com.br\/home\/wp-json\/wp\/v2\/categories?post=57917"},{"taxonomy":"post_tag","embeddable":true,"href":"https:\/\/blogdafeira.com.br\/home\/wp-json\/wp\/v2\/tags?post=57917"}],"curies":[{"name":"wp","href":"https:\/\/api.w.org\/{rel}","templated":true}]}}