{"id":58130,"date":"2023-06-13T00:27:09","date_gmt":"2023-06-13T03:27:09","guid":{"rendered":"https:\/\/blogdafeira.com.br\/home\/?p=58130"},"modified":"2023-10-08T01:30:49","modified_gmt":"2023-10-08T04:30:49","slug":"jeronimo-anuncia-obras-no-centro-de-convencoes-de-feira-em-ate-90-dias","status":"publish","type":"post","link":"https:\/\/blogdafeira.com.br\/home\/2023\/06\/13\/jeronimo-anuncia-obras-no-centro-de-convencoes-de-feira-em-ate-90-dias\/","title":{"rendered":"Jer\u00f4nimo anuncia obras no Centro de Conven\u00e7\u00f5es de Feira em at\u00e9 90 dias"},"content":{"rendered":"<div id=\"blogd-400384990\" class=\"blogd-fim-do-post-mobile blogd-entity-placement\" style=\"margin-left: auto;margin-right: auto;text-align: center;\"><a href=\"https:\/\/www.sefaz.feiradesantana.ba.gov.br\/\" target=\"_blank\" aria-label=\"728&#215;90 (6)\"><img loading=\"lazy\" decoding=\"async\" src=\"https:\/\/blogdafeira.com.br\/home\/wp-content\/uploads\/2026\/03\/728x90-6.gif\" alt=\"\"  class=\"no-lazyload\" width=\"728\" height=\"90\"  style=\"display: inline-block;\" \/><\/a><\/div><p>Em coletiva de imprensa realizada em Salvador, na tarde de ontem (segunda-feira, 12), o governador Jer\u00f4nimo Rodrigues anunciou o lan\u00e7amento do edital de licita\u00e7\u00e3o para a constru\u00e7\u00e3o do Centro de Conven\u00e7\u00f5es de Feira de Santana. O Governo do Estado assumiu a obra, que estava paralisada desde 2004, e construir\u00e1 o equipamento por meio da Companhia de Desenvolvimento Urbano do Estado da Bahia (Conder). O empreendimento inclui tamb\u00e9m o Teatro do munic\u00edpio. O investimento previsto \u00e9 R$ 56 milh\u00f5es e as obras devem come\u00e7ar em at\u00e9 90 dias.<\/p><div id=\"blogd-2888141583\" class=\"blogd-conteudo-2-mobile blogd-entity-placement\"><a href=\"https:\/\/feirenses.com.br\/\" target=\"_blank\" aria-label=\"feirenses\"><img loading=\"lazy\" decoding=\"async\" src=\"https:\/\/blogdafeira.com.br\/home\/wp-content\/uploads\/2026\/04\/feirenses.png\" alt=\"\"  srcset=\"https:\/\/blogdafeira.com.br\/home\/wp-content\/uploads\/2026\/04\/feirenses.png 300w, https:\/\/blogdafeira.com.br\/home\/wp-content\/uploads\/2026\/04\/feirenses-170x45.png 170w, https:\/\/blogdafeira.com.br\/home\/wp-content\/uploads\/2026\/04\/feirenses-280x74.png 280w\" sizes=\"(max-width: 300px) 100vw, 300px\" class=\"no-lazyload\" width=\"300\" height=\"79\"  style=\"display: inline-block;\" \/><\/a><\/div>\n<p>\u201cA gente cumpriu todos os prazos, concluiu os projetos e, nesta ter\u00e7a (13), estar\u00e1 publicado no Di\u00e1rio Oficial o edital de licita\u00e7\u00e3o para o t\u00e3o sonhado Centro de Conven\u00e7\u00f5es de Feira. Depois de tantas etapas, come\u00e7aremos as obras nos pr\u00f3ximos meses\u201d, anunciou o governador Jer\u00f4nimo Rodrigues.<\/p>\n<p><img loading=\"lazy\" decoding=\"async\" class=\"aligncenter size-large wp-image-58132\" src=\"https:\/\/blogdafeira.com.br\/home\/wp-content\/uploads\/2023\/06\/IMG-20230612-WA0046-1068x448-1-1024x430.jpg\" alt=\"\" width=\"1024\" height=\"430\" srcset=\"https:\/\/blogdafeira.com.br\/home\/wp-content\/uploads\/2023\/06\/IMG-20230612-WA0046-1068x448-1-1024x430.jpg 1024w, https:\/\/blogdafeira.com.br\/home\/wp-content\/uploads\/2023\/06\/IMG-20230612-WA0046-1068x448-1-346x145.jpg 346w, https:\/\/blogdafeira.com.br\/home\/wp-content\/uploads\/2023\/06\/IMG-20230612-WA0046-1068x448-1-170x71.jpg 170w, https:\/\/blogdafeira.com.br\/home\/wp-content\/uploads\/2023\/06\/IMG-20230612-WA0046-1068x448-1-768x322.jpg 768w, https:\/\/blogdafeira.com.br\/home\/wp-content\/uploads\/2023\/06\/IMG-20230612-WA0046-1068x448-1-280x117.jpg 280w, https:\/\/blogdafeira.com.br\/home\/wp-content\/uploads\/2023\/06\/IMG-20230612-WA0046-1068x448-1.jpg 1068w\" sizes=\"auto, (max-width: 1024px) 100vw, 1024px\" \/><\/p>\n<div id=\"blogd-790477409\" class=\"blogd-final-post blogd-entity-placement\"><a href=\"https:\/\/www.feiradesantana.ba.leg.br\/\" target=\"_blank\" aria-label=\"BANNER-SITE-ENTREGADECHEQUE-CAMARADEFEIRA\"><img loading=\"lazy\" decoding=\"async\" src=\"https:\/\/blogdafeira.com.br\/home\/wp-content\/uploads\/2026\/03\/BANNER-SITE-ENTREGADECHEQUE-CAMARADEFEIRA.gif\" alt=\"\"  class=\"no-lazyload\" width=\"728\" height=\"90\"   \/><\/a><\/div><p>O terreno que abriga o Centro de Conven\u00e7\u00f5es e o Teatro possui 23.190 metros quadrados. O Centro de Conven\u00e7\u00f5es tem 2.350 m\u00b2 de \u00e1rea coberta para eventos, com capacidade para 1.600 pessoas, e audit\u00f3rio com 224 lugares. O teatro, com mais de quatro mil metros quadrados de \u00e1rea constru\u00edda, tem no projeto plateia com 639 assentos, foyer, bilheteria, house mix, salas diversas no pavimento t\u00e9rreo (camarins, salas multiuso) e no 1\u00ba pavimento (sala de dan\u00e7a, sala de m\u00fasica, sala de costura e salas multiuso). A \u00e1rea externa do empreendimento tem capacidade para cinco \u00f4nibus, 30 motos e 177 carros.<\/p>\n","protected":false},"excerpt":{"rendered":"<p>Em coletiva de imprensa realizada em Salvador, na tarde de ontem (segunda-feira, 12), o governador Jer\u00f4nimo Rodrigues anunciou o lan\u00e7amento do edital de licita\u00e7\u00e3o para a constru\u00e7\u00e3o do Centro de Conven\u00e7\u00f5es de Feira de Santana. O Governo do Estado assumiu a obra, que estava paralisada desde 2004, e construir\u00e1 o equipamento por meio da Companhia<\/p>\n","protected":false},"author":1,"featured_media":58131,"comment_status":"closed","ping_status":"closed","sticky":false,"template":"","format":"standard","meta":{"jetpack_post_was_ever_published":false,"cybocfi_hide_featured_image":"","_jetpack_newsletter_access":"","_jetpack_dont_email_post_to_subs":false,"_jetpack_newsletter_tier_id":0,"_jetpack_memberships_contains_paywalled_content":false,"_jetpack_memberships_contains_paid_content":false,"footnotes":"","jetpack_publicize_message":"","jetpack_publicize_feature_enabled":true,"jetpack_social_post_already_shared":true,"jetpack_social_options":{"image_generator_settings":{"template":"highway","default_image_id":0,"font":"","enabled":false},"version":2}},"categories":[3,1],"tags":[],"class_list":["post-58130","post","type-post","status-publish","format-standard","has-post-thumbnail","hentry","category-cidade","category-raiz"],"jetpack_publicize_connections":[],"jetpack_featured_media_url":"https:\/\/blogdafeira.com.br\/home\/wp-content\/uploads\/2023\/06\/IMG-20230612-WA0044-1068x453-1.jpg","jetpack_shortlink":"https:\/\/wp.me\/p3niVf-f7A","jetpack_sharing_enabled":true,"jetpack-related-posts":[{"id":57454,"url":"https:\/\/blogdafeira.com.br\/home\/2023\/05\/05\/centro-de-convencoesjeronimo-garante-recuperar-auditorio-do-teatro-e-estacionamento\/","url_meta":{"origin":58130,"position":0},"title":"Centro de Conven\u00e7\u00f5es:Jer\u00f4nimo garante recuperar &#8220;audit\u00f3rio do teatro e estacionamento&#8221;","author":"Secom\/Gov.BA","date":"05\/05\/2023","format":false,"excerpt":"Ainda n\u00e3o \u00e9 definitivo, mas a Conder entende que a estrutura \u00e9 boa, tanto a met\u00e1lica quanto a de concreto, que ainda n\u00e3o foi danificada pelo tempo. Mas, a equipe est\u00e1 tratando de fazer a an\u00e1lise t\u00e9cnica\", disse o governador Jer\u00f4nimo durante visita hoje pela manh\u00e3 (sexta-feira,5) \u00e0s obras do\u2026","rel":"","context":"Em &quot;Home&quot;","block_context":{"text":"Home","link":"https:\/\/blogdafeira.com.br\/home\/categoria\/raiz\/"},"img":{"alt_text":"","src":"https:\/\/i0.wp.com\/blogdafeira.com.br\/home\/wp-content\/uploads\/2023\/05\/Screenshot_20230505-1212282.png?resize=350%2C200&ssl=1","width":350,"height":200,"srcset":"https:\/\/i0.wp.com\/blogdafeira.com.br\/home\/wp-content\/uploads\/2023\/05\/Screenshot_20230505-1212282.png?resize=350%2C200&ssl=1 1x, https:\/\/i0.wp.com\/blogdafeira.com.br\/home\/wp-content\/uploads\/2023\/05\/Screenshot_20230505-1212282.png?resize=525%2C300&ssl=1 1.5x, https:\/\/i0.wp.com\/blogdafeira.com.br\/home\/wp-content\/uploads\/2023\/05\/Screenshot_20230505-1212282.png?resize=700%2C400&ssl=1 2x"},"classes":[]},{"id":63165,"url":"https:\/\/blogdafeira.com.br\/home\/2024\/08\/09\/centro-de-convencoes-da-feira-deve-estar-pronto-em-novembro-garante-o-governador\/","url_meta":{"origin":58130,"position":1},"title":"Centro de Conven\u00e7\u00f5es da Feira deve estar pronto em novembro, garante o governador","author":"Secom\/Gov.BA","date":"09\/08\/2024","format":false,"excerpt":"As obras de conclus\u00e3o e requalifica\u00e7\u00e3o do Centro de Conven\u00e7\u00f5es e Teatro de Feira de Santana foram visitadas , ontem,\u00a0 pelo governador Jer\u00f4nimo Rodrigues.\u00a0 Localizadas no bairro S\u00e3o Jo\u00e3o, elas est\u00e3o com 60% do projeto executado e previs\u00e3o de t\u00e9rmino para novembro de 2024. O investimento estadual \u00e9 de R$\u2026","rel":"","context":"Em &quot;Geral&quot;","block_context":{"text":"Geral","link":"https:\/\/blogdafeira.com.br\/home\/categoria\/geral\/"},"img":{"alt_text":"","src":"https:\/\/i0.wp.com\/blogdafeira.com.br\/home\/wp-content\/uploads\/2024\/08\/Foto-Feijao-Almeida-GOVBA-5.jpeg?resize=350%2C200&ssl=1","width":350,"height":200,"srcset":"https:\/\/i0.wp.com\/blogdafeira.com.br\/home\/wp-content\/uploads\/2024\/08\/Foto-Feijao-Almeida-GOVBA-5.jpeg?resize=350%2C200&ssl=1 1x, https:\/\/i0.wp.com\/blogdafeira.com.br\/home\/wp-content\/uploads\/2024\/08\/Foto-Feijao-Almeida-GOVBA-5.jpeg?resize=525%2C300&ssl=1 1.5x, https:\/\/i0.wp.com\/blogdafeira.com.br\/home\/wp-content\/uploads\/2024\/08\/Foto-Feijao-Almeida-GOVBA-5.jpeg?resize=700%2C400&ssl=1 2x, https:\/\/i0.wp.com\/blogdafeira.com.br\/home\/wp-content\/uploads\/2024\/08\/Foto-Feijao-Almeida-GOVBA-5.jpeg?resize=1050%2C600&ssl=1 3x, https:\/\/i0.wp.com\/blogdafeira.com.br\/home\/wp-content\/uploads\/2024\/08\/Foto-Feijao-Almeida-GOVBA-5.jpeg?resize=1400%2C800&ssl=1 4x"},"classes":[]},{"id":59613,"url":"https:\/\/blogdafeira.com.br\/home\/2023\/10\/02\/centro-de-convencoes-de-feira-esta-pronto-em-14-meses-garante-a-conder\/","url_meta":{"origin":58130,"position":2},"title":"Centro de Conven\u00e7\u00f5es de Feira est\u00e1 pronto em 14 meses, garante a Conder","author":"Secom\/Gov.BA","date":"02\/10\/2023","format":false,"excerpt":"Na tarde desta segunda-feira, 2, o governador da Bahia, Jer\u00f4nimo Rodrigues, acompanhado do deputado federal Z\u00e9 Neto, secret\u00e1rios e diversos pol\u00edticos, visitou hoje o \"canteiro de obras\" do Centro de Conven\u00e7\u00f5es, onde assinou a ordem de servi\u00e7o para que a obra seja retomada. A obra do Centro de Conven\u00e7\u00f5es foio\u2026","rel":"","context":"Em &quot;Cidade&quot;","block_context":{"text":"Cidade","link":"https:\/\/blogdafeira.com.br\/home\/categoria\/cidade\/"},"img":{"alt_text":"","src":"https:\/\/i0.wp.com\/blogdafeira.com.br\/home\/wp-content\/uploads\/2023\/10\/8gt7fl.jpg?resize=350%2C200&ssl=1","width":350,"height":200,"srcset":"https:\/\/i0.wp.com\/blogdafeira.com.br\/home\/wp-content\/uploads\/2023\/10\/8gt7fl.jpg?resize=350%2C200&ssl=1 1x, https:\/\/i0.wp.com\/blogdafeira.com.br\/home\/wp-content\/uploads\/2023\/10\/8gt7fl.jpg?resize=525%2C300&ssl=1 1.5x, https:\/\/i0.wp.com\/blogdafeira.com.br\/home\/wp-content\/uploads\/2023\/10\/8gt7fl.jpg?resize=700%2C400&ssl=1 2x"},"classes":[]},{"id":60346,"url":"https:\/\/blogdafeira.com.br\/home\/2023\/12\/06\/jeronimo-planeja-uma-serie-de-visitas-a-feira-nos-proximos-dias\/","url_meta":{"origin":58130,"position":3},"title":"Jer\u00f4nimo planeja uma s\u00e9rie de visitas a Feira nos pr\u00f3ximos dias","author":"Secom\/Gov.BA","date":"06\/12\/2023","format":false,"excerpt":"Feira de Santana vai entrar novamente no foco do governador Jer\u00f4nimo que chegou da sua segunda viagem internacional. O governo planeja uma s\u00e9rie de visitas dele\u00a0 a obras e projetos em andamento no Munic\u00edpio. As visitas est\u00e3o sendo programadas para que tenham ampla visibilidade e repercuss\u00e3o pol\u00edtica. O Centro de\u2026","rel":"","context":"Em &quot;Home&quot;","block_context":{"text":"Home","link":"https:\/\/blogdafeira.com.br\/home\/categoria\/raiz\/"},"img":{"alt_text":"","src":"https:\/\/i0.wp.com\/blogdafeira.com.br\/home\/wp-content\/uploads\/2023\/12\/images-47.jpeg?resize=350%2C200&ssl=1","width":350,"height":200,"srcset":"https:\/\/i0.wp.com\/blogdafeira.com.br\/home\/wp-content\/uploads\/2023\/12\/images-47.jpeg?resize=350%2C200&ssl=1 1x, https:\/\/i0.wp.com\/blogdafeira.com.br\/home\/wp-content\/uploads\/2023\/12\/images-47.jpeg?resize=525%2C300&ssl=1 1.5x"},"classes":[]},{"id":5674,"url":"https:\/\/blogdafeira.com.br\/home\/2013\/10\/22\/obras-do-governo-do-estado-em-feira-estao-emperradas\/","url_meta":{"origin":58130,"position":4},"title":"Obras do Governo do Estado em Feira est\u00e3o emperradas","author":"Secom\/Gov.BA","date":"22\/10\/2013","format":false,"excerpt":"Pelo menos tr\u00eas obras do Governo do Estado em Feira de Santana enfrentam problemas e est\u00e3o emperradas sem nenhum progresso vis\u00edvel: Lagoa Grande, Centro de Conven\u00e7\u00f5es e Ayrton Sena. O Centro de Conven\u00e7\u00f5es \u00e9 a mais antiga das tr\u00eas e teve in\u00edcio h\u00e1 mais de 10 anos.A avenida Ayrton Sena\u2026","rel":"","context":"Em &quot;Home&quot;","block_context":{"text":"Home","link":"https:\/\/blogdafeira.com.br\/home\/categoria\/raiz\/"},"img":{"alt_text":"","src":"","width":0,"height":0},"classes":[]},{"id":66057,"url":"https:\/\/blogdafeira.com.br\/home\/2025\/03\/11\/centro-de-convencoes-de-feira-continua-acefalo-angela-almeida-pautou-o-evento-do-dia-19\/","url_meta":{"origin":58130,"position":5},"title":"Centro de Conven\u00e7\u00f5es de Feira continua ac\u00e9falo; Angelo Almeida  &#8220;pautou&#8221; o evento do dia 19","author":"Secom\/Gov.BA","date":"11\/03\/2025","format":false,"excerpt":"O Centro de Conven\u00e7\u00f5es de Feira j\u00e1 tem evento, pago, marcado para o dia 19 mas o Governo da Bahia n\u00e3o definiu ainda o edital de PPP que pretende lan\u00e7ar para a gest\u00e3o dele e nem quem est\u00e1 respons\u00e1vel pela \"pauta\" do equipamento publico. O\u00a0 do dia 19, promovido por\u2026","rel":"","context":"Em &quot;Cultura&quot;","block_context":{"text":"Cultura","link":"https:\/\/blogdafeira.com.br\/home\/categoria\/cultura\/"},"img":{"alt_text":"","src":"https:\/\/i0.wp.com\/blogdafeira.com.br\/home\/wp-content\/uploads\/2025\/03\/images-4.jpeg?resize=350%2C200&ssl=1","width":350,"height":200,"srcset":"https:\/\/i0.wp.com\/blogdafeira.com.br\/home\/wp-content\/uploads\/2025\/03\/images-4.jpeg?resize=350%2C200&ssl=1 1x, https:\/\/i0.wp.com\/blogdafeira.com.br\/home\/wp-content\/uploads\/2025\/03\/images-4.jpeg?resize=525%2C300&ssl=1 1.5x, https:\/\/i0.wp.com\/blogdafeira.com.br\/home\/wp-content\/uploads\/2025\/03\/images-4.jpeg?resize=700%2C400&ssl=1 2x"},"classes":[]}],"_links":{"self":[{"href":"https:\/\/blogdafeira.com.br\/home\/wp-json\/wp\/v2\/posts\/58130","targetHints":{"allow":["GET"]}}],"collection":[{"href":"https:\/\/blogdafeira.com.br\/home\/wp-json\/wp\/v2\/posts"}],"about":[{"href":"https:\/\/blogdafeira.com.br\/home\/wp-json\/wp\/v2\/types\/post"}],"author":[{"embeddable":true,"href":"https:\/\/blogdafeira.com.br\/home\/wp-json\/wp\/v2\/users\/1"}],"replies":[{"embeddable":true,"href":"https:\/\/blogdafeira.com.br\/home\/wp-json\/wp\/v2\/comments?post=58130"}],"version-history":[{"count":2,"href":"https:\/\/blogdafeira.com.br\/home\/wp-json\/wp\/v2\/posts\/58130\/revisions"}],"predecessor-version":[{"id":58136,"href":"https:\/\/blogdafeira.com.br\/home\/wp-json\/wp\/v2\/posts\/58130\/revisions\/58136"}],"wp:featuredmedia":[{"embeddable":true,"href":"https:\/\/blogdafeira.com.br\/home\/wp-json\/wp\/v2\/media\/58131"}],"wp:attachment":[{"href":"https:\/\/blogdafeira.com.br\/home\/wp-json\/wp\/v2\/media?parent=58130"}],"wp:term":[{"taxonomy":"category","embeddable":true,"href":"https:\/\/blogdafeira.com.br\/home\/wp-json\/wp\/v2\/categories?post=58130"},{"taxonomy":"post_tag","embeddable":true,"href":"https:\/\/blogdafeira.com.br\/home\/wp-json\/wp\/v2\/tags?post=58130"}],"curies":[{"name":"wp","href":"https:\/\/api.w.org\/{rel}","templated":true}]}}