{"id":58321,"date":"2023-06-21T22:49:34","date_gmt":"2023-06-22T01:49:34","guid":{"rendered":"https:\/\/blogdafeira.com.br\/home\/?p=58321"},"modified":"2023-10-23T17:33:47","modified_gmt":"2023-10-23T20:33:47","slug":"cobertura-vacinal-em-feira-e-de-apenas-25-aponta-promotor","status":"publish","type":"post","link":"https:\/\/blogdafeira.com.br\/home\/2023\/06\/21\/cobertura-vacinal-em-feira-e-de-apenas-25-aponta-promotor\/","title":{"rendered":"Cobertura vacinal em Feira \u00e9 de apenas 25%, aponta promotor"},"content":{"rendered":"<div id=\"blogd-3925062778\" class=\"blogd-fim-do-post-mobile blogd-entity-placement\" style=\"margin-left: auto;margin-right: auto;text-align: center;\"><a href=\"https:\/\/www.sefaz.feiradesantana.ba.gov.br\/\" target=\"_blank\" aria-label=\"728&#215;90 (6)\"><img loading=\"lazy\" decoding=\"async\" src=\"https:\/\/blogdafeira.com.br\/home\/wp-content\/uploads\/2026\/03\/728x90-6.gif\" alt=\"\"  class=\"no-lazyload\" width=\"728\" height=\"90\"  style=\"display: inline-block;\" \/><\/a><\/div><p style=\"text-align: justify;\">O Munic\u00edpio de Feira de Santana registra apenas 25,51% de cobertura vacinal de sua popula\u00e7\u00e3o. Esse preocupante n\u00famero foi apresentado hoje (21) na Tribuna Livre da C\u00e2mara pelo promotor de justi\u00e7a Aldo Rodrigues. Convidado pela presidente da Casa, Eremita Mota (PSDB), o representante do Minist\u00e9rio P\u00fablico alertou para o iminente risco de que doen\u00e7as consideradas erradicadas possam voltar.<\/p><div id=\"blogd-2172079315\" class=\"blogd-conteudo-2-mobile blogd-entity-placement\"><a href=\"https:\/\/feirenses.com.br\/\" target=\"_blank\" aria-label=\"feirenses\"><img loading=\"lazy\" decoding=\"async\" src=\"https:\/\/blogdafeira.com.br\/home\/wp-content\/uploads\/2026\/04\/feirenses.png\" alt=\"\"  srcset=\"https:\/\/blogdafeira.com.br\/home\/wp-content\/uploads\/2026\/04\/feirenses.png 300w, https:\/\/blogdafeira.com.br\/home\/wp-content\/uploads\/2026\/04\/feirenses-170x45.png 170w, https:\/\/blogdafeira.com.br\/home\/wp-content\/uploads\/2026\/04\/feirenses-280x74.png 280w\" sizes=\"(max-width: 300px) 100vw, 300px\" class=\"no-lazyload\" width=\"300\" height=\"79\"  style=\"display: inline-block;\" \/><\/a><\/div>\n<p style=\"text-align: justify;\">Segundo ele, o quadro de baixo \u00edndice na vacina\u00e7\u00e3o ocorre em todo o pa\u00eds. De acordo com os dados do Plano Nacional de Imuniza\u00e7\u00e3o (PNI), a cidade cidade tem resultado ainda pior que a Bahia, 22\u00ba estado no ranking nacional com 37,54% de cobertura. O Nordeste atinge 39,53%.<\/p>\n<p style=\"text-align: justify;\">&#8220;Nosso trabalho \u00e9 fiscalizar e acompanhar as medidas adotadas pelo poder p\u00fablico. Estou aqui para alertar ao parlamento para algo alarmante e muito perigoso, que \u00e9 a pequena ades\u00e3o aos imunizantes que integram o calend\u00e1rio b\u00e1sico de vacina\u00e7\u00e3o&#8221;, disse\u00a0 o promotor. O promotor de justi\u00e7a defende a realiza\u00e7\u00e3o de uma grande a\u00e7\u00e3o com o objetivo de aumentar significativamente o n\u00famero de indiv\u00edduos vacinados. Al\u00e9m disso, convoca os vereadores a alertarem os pais, durante suas visitas aos bairros e distritos, sobre a responsabilidade deles na imuniza\u00e7\u00e3o dos filhos.<\/p>\n<p style=\"text-align: justify;\">Cumprindo a sua miss\u00e3o como \u00f3rg\u00e3o que monitora e fiscaliza temas de interesse coletivo da sociedade, o Minist\u00e9rio P\u00fablico, informa Aldo Rodrigues,\u00a0 j\u00e1\u00a0 &#8220;engatilhou&#8221; o denominado Pacto Nacional pela Consci\u00eancia Vacinal. Conforme o promotor, esta \u00e9 uma iniciativa do Conselho Nacional do Minist\u00e9rio P\u00fablico, com ades\u00e3o formal do MP-BA, inspirada no di\u00e1logo interinstitucional com organiza\u00e7\u00f5es e lideran\u00e7as respons\u00e1veis. O objetivo \u00e9 levar ao povo brasileiro uma mensagem sobre o quanto \u00e9 importante retomar \u00edndices seguros e homog\u00eaneos de cobertura vacinal em todo o pa\u00eds.<\/p>\n<div id=\"blogd-1150043829\" class=\"blogd-final-post blogd-entity-placement\"><a href=\"https:\/\/www.feiradesantana.ba.leg.br\/\" target=\"_blank\" aria-label=\"BANNER-SITE-ENTREGADECHEQUE-CAMARADEFEIRA\"><img loading=\"lazy\" decoding=\"async\" src=\"https:\/\/blogdafeira.com.br\/home\/wp-content\/uploads\/2026\/03\/BANNER-SITE-ENTREGADECHEQUE-CAMARADEFEIRA.gif\" alt=\"\"  class=\"no-lazyload\" width=\"728\" height=\"90\"   \/><\/a><\/div><p style=\"text-align: justify;\">O vereador Jhonatas Monteiro (PSOL) registrou que faltam, no Munic\u00edpio, agentes comunit\u00e1rios de sa\u00fade nos bairros e distritos para auxiliar nesta miss\u00e3o. J\u00e1 a presidente Eremita Mota convocou os \u00f3rg\u00e3os respons\u00e1veis a &#8220;agir imediatamente&#8221;, atrav\u00e9s de campanhas educativas em massa: &#8220;N\u00e3o podemos deixar que doen\u00e7as j\u00e1 extintas, como o sarampo, p\u00f3lio ou febre amarela, voltem a atormentar a nossa popula\u00e7\u00e3o, principalmente as crian\u00e7as&#8221;.<\/p>\n","protected":false},"excerpt":{"rendered":"<p>O Munic\u00edpio de Feira de Santana registra apenas 25,51% de cobertura vacinal de sua popula\u00e7\u00e3o. Esse preocupante n\u00famero foi apresentado hoje (21) na Tribuna Livre da C\u00e2mara pelo promotor de justi\u00e7a Aldo Rodrigues. Convidado pela presidente da Casa, Eremita Mota (PSDB), o representante do Minist\u00e9rio P\u00fablico alertou para o iminente risco de que doen\u00e7as consideradas<\/p>\n","protected":false},"author":1,"featured_media":58323,"comment_status":"open","ping_status":"open","sticky":false,"template":"","format":"standard","meta":{"jetpack_post_was_ever_published":false,"cybocfi_hide_featured_image":"","_jetpack_newsletter_access":"","_jetpack_dont_email_post_to_subs":false,"_jetpack_newsletter_tier_id":0,"_jetpack_memberships_contains_paywalled_content":false,"_jetpack_memberships_contains_paid_content":false,"footnotes":"","jetpack_publicize_message":"","jetpack_publicize_feature_enabled":true,"jetpack_social_post_already_shared":true,"jetpack_social_options":{"image_generator_settings":{"template":"highway","default_image_id":0,"font":"","enabled":false},"version":2}},"categories":[3,1],"tags":[],"class_list":["post-58321","post","type-post","status-publish","format-standard","has-post-thumbnail","hentry","category-cidade","category-raiz"],"jetpack_publicize_connections":[],"jetpack_featured_media_url":"https:\/\/blogdafeira.com.br\/home\/wp-content\/uploads\/2023\/06\/64933e900d6ee.jpg","jetpack_shortlink":"https:\/\/wp.me\/p3niVf-faF","jetpack_sharing_enabled":true,"jetpack-related-posts":[{"id":58361,"url":"https:\/\/blogdafeira.com.br\/home\/2023\/06\/22\/camara-planeja-audiencia-publica-sobre-baixa-cobertura-vacinal-em-feira\/","url_meta":{"origin":58321,"position":0},"title":"C\u00e2mara planeja audi\u00eancia p\u00fablica sobre baixa cobertura vacinal em Feira","author":"Ascom\/C\u00e2mara","date":"22\/06\/2023","format":false,"excerpt":"Diante do alerta feito pelo promotor p\u00fablico Aldo Rodrigues na Tribuna Livre da C\u00e2mara no dia 21, a Comiss\u00e3o de Sa\u00fade da Casa fez hoje uma peti\u00e7\u00e3o \u00e0 presidente Eremita Mota (PSDB) para que seja realizada uma Audi\u00eancia P\u00fablica sobre a baixa cobertura vacinal em Feira de Santana. \"A C\u00e2mara\u2026","rel":"","context":"Em &quot;Cidade&quot;","block_context":{"text":"Cidade","link":"https:\/\/blogdafeira.com.br\/home\/categoria\/cidade\/"},"img":{"alt_text":"","src":"https:\/\/i0.wp.com\/blogdafeira.com.br\/home\/wp-content\/uploads\/2021\/07\/camara-de-feira-de-santanananana.jpg?resize=350%2C200&ssl=1","width":350,"height":200,"srcset":"https:\/\/i0.wp.com\/blogdafeira.com.br\/home\/wp-content\/uploads\/2021\/07\/camara-de-feira-de-santanananana.jpg?resize=350%2C200&ssl=1 1x, https:\/\/i0.wp.com\/blogdafeira.com.br\/home\/wp-content\/uploads\/2021\/07\/camara-de-feira-de-santanananana.jpg?resize=525%2C300&ssl=1 1.5x"},"classes":[]},{"id":50577,"url":"https:\/\/blogdafeira.com.br\/home\/2022\/02\/08\/cala-a-boca-magno-ministerio-publico-alerta-que-e-obrigatorio-vacinar-criancas\/","url_meta":{"origin":58321,"position":1},"title":"&#8220;Cala a boca, Magno&#8221;: Minist\u00e9rio P\u00fablico alerta que \u00e9 obrigat\u00f3rio vacinar crian\u00e7as","author":"Ascom\/C\u00e2mara","date":"08\/02\/2022","format":false,"excerpt":"O Minist\u00e9rio P\u00fablico notificou o Governo Municipal para que fiscalize a obrigatoriedade da vacina\u00e7\u00e3o de crian\u00e7as de 5 a 11 anos contra a Covid 19, bem como de todos os imunizantes previstos no Plano Nacional de Vacina\u00e7\u00e3o. A promotora Idelzuith Freitas de Oliveira Nunes, autora do procedimento, determina inclusive que\u2026","rel":"","context":"Em &quot;Cidade&quot;","block_context":{"text":"Cidade","link":"https:\/\/blogdafeira.com.br\/home\/categoria\/cidade\/"},"img":{"alt_text":"","src":"","width":0,"height":0},"classes":[]},{"id":71809,"url":"https:\/\/blogdafeira.com.br\/home\/2026\/03\/26\/sabado-e-dia-d-contra-a-gripe-e-tera-vacimovel-defronte-a-prefeitura-de-feira\/","url_meta":{"origin":58321,"position":2},"title":"S\u00e1bado \u00e9 dia &#8220;D&#8221; contra a gripe e ter\u00e1 &#8216;Vacim\u00f3vel&#8217; defronte \u00e0 Prefeitura de Feira","author":"Ascom\/C\u00e2mara","date":"26\/03\/2026","format":false,"excerpt":"No Dia \u201cD\u201d de mobiliza\u00e7\u00e3o contra a gripe, no pr\u00f3ximo s\u00e1bado (28), a Secretaria Municipal de Sa\u00fade vai refor\u00e7ar a estrat\u00e9gia de imuniza\u00e7\u00e3o com o vacim\u00f3vel, que ficar\u00e1 posicionado em frente \u00e0 Prefeitura de Feira de Santana, facilitando o acesso de quem circula pela regi\u00e3o central da cidade. A a\u00e7\u00e3o\u2026","rel":"","context":"Em &quot;Destaques&quot;","block_context":{"text":"Destaques","link":"https:\/\/blogdafeira.com.br\/home\/categoria\/destaques\/"},"img":{"alt_text":"","src":"https:\/\/i0.wp.com\/blogdafeira.com.br\/home\/wp-content\/uploads\/2026\/03\/Vacimovel-Foto-Renata-Leite-e-Wevilly-Monteiro-2.jpg?resize=350%2C200&ssl=1","width":350,"height":200,"srcset":"https:\/\/i0.wp.com\/blogdafeira.com.br\/home\/wp-content\/uploads\/2026\/03\/Vacimovel-Foto-Renata-Leite-e-Wevilly-Monteiro-2.jpg?resize=350%2C200&ssl=1 1x, https:\/\/i0.wp.com\/blogdafeira.com.br\/home\/wp-content\/uploads\/2026\/03\/Vacimovel-Foto-Renata-Leite-e-Wevilly-Monteiro-2.jpg?resize=525%2C300&ssl=1 1.5x, https:\/\/i0.wp.com\/blogdafeira.com.br\/home\/wp-content\/uploads\/2026\/03\/Vacimovel-Foto-Renata-Leite-e-Wevilly-Monteiro-2.jpg?resize=700%2C400&ssl=1 2x, https:\/\/i0.wp.com\/blogdafeira.com.br\/home\/wp-content\/uploads\/2026\/03\/Vacimovel-Foto-Renata-Leite-e-Wevilly-Monteiro-2.jpg?resize=1050%2C600&ssl=1 3x"},"classes":[]},{"id":51587,"url":"https:\/\/blogdafeira.com.br\/home\/2022\/04\/03\/vacinacao-contra-sarampo-e-influenza-comeca-em-feira-nesta-segunda\/","url_meta":{"origin":58321,"position":3},"title":"Vacina\u00e7\u00e3o contra sarampo e influenza come\u00e7a em Feira nesta segunda","author":"Ascom\/C\u00e2mara","date":"03\/04\/2022","format":false,"excerpt":"A Campanha Nacional de Vacina\u00e7\u00e3o contra o Sarampo ser\u00e1 iniciada,\u00a0junto com a de Influenza, nesta segunda-feira, 4, em Feira de Santana. A estrat\u00e9gia adotada pelo Minist\u00e9rio da Sa\u00fade determina que os imunizantes sejam ofertados no mesmo dia para evitar o adiamento da aplica\u00e7\u00e3o, interrompendo a circula\u00e7\u00e3o dos v\u00edrus e protegendo\u2026","rel":"","context":"Em &quot;Cidade&quot;","block_context":{"text":"Cidade","link":"https:\/\/blogdafeira.com.br\/home\/categoria\/cidade\/"},"img":{"alt_text":"","src":"https:\/\/i0.wp.com\/blogdafeira.com.br\/home\/wp-content\/uploads\/2022\/04\/Campanha-Vacinacao-contra-o-Sarampo-GALERIA-Foto-Raylle-Ketlly-5.jpg?resize=350%2C200&ssl=1","width":350,"height":200,"srcset":"https:\/\/i0.wp.com\/blogdafeira.com.br\/home\/wp-content\/uploads\/2022\/04\/Campanha-Vacinacao-contra-o-Sarampo-GALERIA-Foto-Raylle-Ketlly-5.jpg?resize=350%2C200&ssl=1 1x, https:\/\/i0.wp.com\/blogdafeira.com.br\/home\/wp-content\/uploads\/2022\/04\/Campanha-Vacinacao-contra-o-Sarampo-GALERIA-Foto-Raylle-Ketlly-5.jpg?resize=525%2C300&ssl=1 1.5x, https:\/\/i0.wp.com\/blogdafeira.com.br\/home\/wp-content\/uploads\/2022\/04\/Campanha-Vacinacao-contra-o-Sarampo-GALERIA-Foto-Raylle-Ketlly-5.jpg?resize=700%2C400&ssl=1 2x, https:\/\/i0.wp.com\/blogdafeira.com.br\/home\/wp-content\/uploads\/2022\/04\/Campanha-Vacinacao-contra-o-Sarampo-GALERIA-Foto-Raylle-Ketlly-5.jpg?resize=1050%2C600&ssl=1 3x"},"classes":[]},{"id":63128,"url":"https:\/\/blogdafeira.com.br\/home\/2024\/08\/05\/radio-ministerio-publico-da-bahia-laca-programa-semanal-sobre-a-eleicao-em-outubro\/","url_meta":{"origin":58321,"position":4},"title":"R\u00e1dio Minist\u00e9rio P\u00fablico da Bahia lan\u00e7a programa semanal sobre a elei\u00e7\u00e3o em outubro","author":"Ascom\/C\u00e2mara","date":"05\/08\/2024","format":false,"excerpt":"A R\u00e1dio Ministerio P\u00fablico da Bahia, que completa seis anos nesta ter\u00e7a-feira, 6, lan\u00e7ou um programa especial \u2013 \u2018MP nas elei\u00e7\u00f5es \u2013 Garantindo a integridade da democracia\u2019. At\u00e9 o dia 7 de outubro, todas as segundas-feiras, o N\u00facleo de Apoio \u00e0s Promotorias de Justi\u00e7a Eleitorais do MP, por meio das\u2026","rel":"","context":"Em &quot;Elei\u00e7\u00f5es 2024&quot;","block_context":{"text":"Elei\u00e7\u00f5es 2024","link":"https:\/\/blogdafeira.com.br\/home\/categoria\/politica\/eleicoes-2024\/"},"img":{"alt_text":"","src":"https:\/\/i0.wp.com\/blogdafeira.com.br\/home\/wp-content\/uploads\/2024\/08\/img_2651_0.jpeg?resize=350%2C200&ssl=1","width":350,"height":200},"classes":[]},{"id":219,"url":"https:\/\/blogdafeira.com.br\/home\/2013\/04\/08\/promotores-de-feira-vao-a-brasilia-contra-a-pec-37\/","url_meta":{"origin":58321,"position":5},"title":"Promotores de Feira v\u00e3o a Bras\u00edlia contra a PEC 37","author":"Ascom\/C\u00e2mara","date":"08\/04\/2013","format":false,"excerpt":"No\u00a0dia\u00a024\u00a0deste\u00a0m\u00eas,promotores\u00a0que atuam em Feira de Santana v\u00e3o ao Congresso Nacional, em Bras\u00edlia, para um protesto contra o Projeto de Emenda Constitucional 37. A PEC 37, de 2011 \u00e9 de autoria do deputado amazonense \u00a0Lourival Mendes, do PT do B. Para o\u00a0promotor,\u00a0Alexandre\u00a0Cruz,\u00a0\u00a0vice-presidente da Associa\u00e7\u00e3o do Minist\u00e9rio P\u00fablico da Bahia, a proposta\u2026","rel":"","context":"Em &quot;Cidade&quot;","block_context":{"text":"Cidade","link":"https:\/\/blogdafeira.com.br\/home\/categoria\/cidade\/"},"img":{"alt_text":"promotores","src":"https:\/\/i0.wp.com\/blogdafeira.com.br\/home\/wp-content\/uploads\/2013\/04\/promotores-170x127.jpg?resize=350%2C200","width":350,"height":200},"classes":[]}],"_links":{"self":[{"href":"https:\/\/blogdafeira.com.br\/home\/wp-json\/wp\/v2\/posts\/58321","targetHints":{"allow":["GET"]}}],"collection":[{"href":"https:\/\/blogdafeira.com.br\/home\/wp-json\/wp\/v2\/posts"}],"about":[{"href":"https:\/\/blogdafeira.com.br\/home\/wp-json\/wp\/v2\/types\/post"}],"author":[{"embeddable":true,"href":"https:\/\/blogdafeira.com.br\/home\/wp-json\/wp\/v2\/users\/1"}],"replies":[{"embeddable":true,"href":"https:\/\/blogdafeira.com.br\/home\/wp-json\/wp\/v2\/comments?post=58321"}],"version-history":[{"count":1,"href":"https:\/\/blogdafeira.com.br\/home\/wp-json\/wp\/v2\/posts\/58321\/revisions"}],"predecessor-version":[{"id":58322,"href":"https:\/\/blogdafeira.com.br\/home\/wp-json\/wp\/v2\/posts\/58321\/revisions\/58322"}],"wp:featuredmedia":[{"embeddable":true,"href":"https:\/\/blogdafeira.com.br\/home\/wp-json\/wp\/v2\/media\/58323"}],"wp:attachment":[{"href":"https:\/\/blogdafeira.com.br\/home\/wp-json\/wp\/v2\/media?parent=58321"}],"wp:term":[{"taxonomy":"category","embeddable":true,"href":"https:\/\/blogdafeira.com.br\/home\/wp-json\/wp\/v2\/categories?post=58321"},{"taxonomy":"post_tag","embeddable":true,"href":"https:\/\/blogdafeira.com.br\/home\/wp-json\/wp\/v2\/tags?post=58321"}],"curies":[{"name":"wp","href":"https:\/\/api.w.org\/{rel}","templated":true}]}}