{"id":5840,"date":"2013-11-01T15:48:07","date_gmt":"2013-11-01T17:48:07","guid":{"rendered":"http:\/\/blogdafeira.com.br\/home\/?p=5840"},"modified":"2013-11-01T15:48:07","modified_gmt":"2013-11-01T17:48:07","slug":"via-expressa-de-salvador-vai-homenagear-a-revolta-dos-buzios","status":"publish","type":"post","link":"https:\/\/blogdafeira.com.br\/home\/2013\/11\/01\/via-expressa-de-salvador-vai-homenagear-a-revolta-dos-buzios\/","title":{"rendered":"Via Expressa de Salvador vai homenagear a Revolta dos B\u00fazios"},"content":{"rendered":"<div id=\"blogd-2274384330\" class=\"blogd-final-post blogd-entity-placement\"><a href=\"https:\/\/www.feiradesantana.ba.leg.br\/\" target=\"_blank\" aria-label=\"BANNER-SITE-ENTREGADECHEQUE-CAMARADEFEIRA\"><img loading=\"lazy\" decoding=\"async\" src=\"https:\/\/blogdafeira.com.br\/home\/wp-content\/uploads\/2026\/03\/BANNER-SITE-ENTREGADECHEQUE-CAMARADEFEIRA.gif\" alt=\"\"  class=\"no-lazyload\" width=\"728\" height=\"90\"   \/><\/a><\/div><div id=\"text_noti\">\n<div id=\"blogd-3548821596\" class=\"blogd-fim-do-post-mobile blogd-entity-placement\" style=\"margin-left: auto;margin-right: auto;text-align: center;\"><a href=\"https:\/\/www.sefaz.feiradesantana.ba.gov.br\/\" target=\"_blank\" aria-label=\"728&#215;90 (6)\"><img loading=\"lazy\" decoding=\"async\" src=\"https:\/\/blogdafeira.com.br\/home\/wp-content\/uploads\/2026\/03\/728x90-6.gif\" alt=\"\"  class=\"no-lazyload\" width=\"728\" height=\"90\"  style=\"display: inline-block;\" \/><\/a><\/div><p><img loading=\"lazy\" decoding=\"async\" class=\"aligncenter size-full wp-image-5841\" alt=\"011113CG 13copy\" src=\"http:\/\/blogdafeira.com.br\/home\/wp-content\/uploads\/2013\/11\/011113CG-13copy.jpg\" width=\"640\" height=\"427\" srcset=\"https:\/\/blogdafeira.com.br\/home\/wp-content\/uploads\/2013\/11\/011113CG-13copy.jpg 640w, https:\/\/blogdafeira.com.br\/home\/wp-content\/uploads\/2013\/11\/011113CG-13copy-170x113.jpg 170w, https:\/\/blogdafeira.com.br\/home\/wp-content\/uploads\/2013\/11\/011113CG-13copy-346x230.jpg 346w\" sizes=\"auto, (max-width: 640px) 100vw, 640px\" \/>O governador Jaques Wagner assinou nesta sexta-feira (1\u00ba), na cerim\u00f4nia de inaugura\u00e7\u00e3o da Via Expressa Ba\u00eda de Todos-os-Santos, autoriza\u00e7\u00e3o para lan\u00e7amento do edital para o concurso de interven\u00e7\u00f5es art\u00edsticas em homenagem aos her\u00f3is da <strong><a href=\"http:\/\/pt.wikipedia.org\/wiki\/Conjura%C3%A7%C3%A3o_baiana\" target=\"_blank\">Revolta dos B\u00fazios<\/a><\/strong> (Conjura\u00e7\u00e3o Baiana ou Revolta dos Alfaiates), ocorrida em Salvador no ano de 1798.<\/p><div id=\"blogd-2936359356\" class=\"blogd-conteudo-2-mobile blogd-entity-placement\"><a href=\"https:\/\/feirenses.com.br\/\" target=\"_blank\" aria-label=\"feirenses\"><img loading=\"lazy\" decoding=\"async\" src=\"https:\/\/blogdafeira.com.br\/home\/wp-content\/uploads\/2026\/04\/feirenses.png\" alt=\"\"  srcset=\"https:\/\/blogdafeira.com.br\/home\/wp-content\/uploads\/2026\/04\/feirenses.png 300w, https:\/\/blogdafeira.com.br\/home\/wp-content\/uploads\/2026\/04\/feirenses-170x45.png 170w, https:\/\/blogdafeira.com.br\/home\/wp-content\/uploads\/2026\/04\/feirenses-280x74.png 280w\" sizes=\"(max-width: 300px) 100vw, 300px\" class=\"no-lazyload\" width=\"300\" height=\"79\"  style=\"display: inline-block;\" \/><\/a><\/div>\n<p>Elaborado pela Secretaria Estadual de Promo\u00e7\u00e3o da Igualdade Racial (Sepromi), o edital prev\u00ea que os artistas selecionados elaborem, ao longo da Via Expressa, pain\u00e9is homenageando Manuel Faustino, Jo\u00e3o de Deus, Lucas Dantas e Lu\u00eds Gonzaga das Virgens, dentre outras lideran\u00e7as do movimento.<\/p>\n<p>A Via Expressa foi inaugurada com a presen\u00e7a da presidenta Dilma Roussef.<\/p>\n<\/div>\n","protected":false},"excerpt":{"rendered":"<p>O governador Jaques Wagner assinou nesta sexta-feira (1\u00ba), na cerim\u00f4nia de inaugura\u00e7\u00e3o da Via Expressa Ba\u00eda de Todos-os-Santos, autoriza\u00e7\u00e3o para lan\u00e7amento do edital para o concurso de interven\u00e7\u00f5es art\u00edsticas em homenagem aos her\u00f3is da Revolta dos B\u00fazios (Conjura\u00e7\u00e3o Baiana ou Revolta dos Alfaiates), ocorrida em Salvador no ano de 1798. Elaborado pela Secretaria Estadual de<\/p>\n","protected":false},"author":1,"featured_media":0,"comment_status":"closed","ping_status":"closed","sticky":false,"template":"","format":"standard","meta":{"jetpack_post_was_ever_published":false,"cybocfi_hide_featured_image":"","_jetpack_newsletter_access":"","_jetpack_dont_email_post_to_subs":false,"_jetpack_newsletter_tier_id":0,"_jetpack_memberships_contains_paywalled_content":false,"_jetpack_memberships_contains_paid_content":false,"footnotes":"","jetpack_publicize_message":"","jetpack_publicize_feature_enabled":true,"jetpack_social_post_already_shared":true,"jetpack_social_options":{"image_generator_settings":{"template":"highway","default_image_id":0,"font":"","enabled":false},"version":2}},"categories":[1],"tags":[],"class_list":["post-5840","post","type-post","status-publish","format-standard","hentry","category-raiz"],"jetpack_publicize_connections":[],"jetpack_featured_media_url":"","jetpack_shortlink":"https:\/\/wp.me\/p3niVf-1wc","jetpack_sharing_enabled":true,"jetpack-related-posts":[{"id":5804,"url":"https:\/\/blogdafeira.com.br\/home\/2013\/10\/30\/presidenta-dilma-vem-a-bahia-pela-segunda-vez-em-tres-semanas\/","url_meta":{"origin":5840,"position":0},"title":"Presidenta Dilma vem a Bahia pela segunda vez em tr\u00eas semanas","author":"Blog da Feira","date":"30\/10\/2013","format":false,"excerpt":"A presidenta Dilma Rousseff \u00a0entrega a Via Expressa Ba\u00eda de Todos-os-Santos, nesta sexta-feira (1\u00ba), \u00e0s 10 horas, em Salvador, com o governador Jacques Wagner, pol\u00edticos e autoridades baianas. Essa \u00e9 a segunda vez, \u00a0em apenas tr\u00eas semanas, que a Presidenta vem a Bahia. A Via Expressa \u00e9 considerado pelo governador\u2026","rel":"","context":"Em &quot;Home&quot;","block_context":{"text":"Home","link":"https:\/\/blogdafeira.com.br\/home\/categoria\/raiz\/"},"img":{"alt_text":"","src":"","width":0,"height":0},"classes":[]},{"id":3608,"url":"https:\/\/blogdafeira.com.br\/home\/2013\/07\/17\/revolta-urbanaprotestos-e-manifestacoes-em-bairros-de-feira\/","url_meta":{"origin":5840,"position":1},"title":"Revolta urbana:protestos e manifesta\u00e7\u00f5es em bairros de Feira","author":"Blog da Feira","date":"17\/07\/2013","format":false,"excerpt":"Uma onda de manifesta\u00e7\u00f5es e protestos 'tomou conta' dos bairros de Feira de Santana. Em menos de 10 dias, moradores de mais de 5 bairros populares da cidade realizaram manifesta\u00e7\u00f5es. Na manh\u00e3 de hoje dois bairros fizeram protestos, Concei\u00e7\u00e3o e SIM. No \u00faltimo a avenida Anel do Contorno foi interrompida.\u2026","rel":"","context":"Em &quot;Home&quot;","block_context":{"text":"Home","link":"https:\/\/blogdafeira.com.br\/home\/categoria\/raiz\/"},"img":{"alt_text":"","src":"","width":0,"height":0},"classes":[]},{"id":67302,"url":"https:\/\/blogdafeira.com.br\/home\/2025\/05\/15\/cemiterio-da-pupileira-achado-tem-potencial-de-abalar-as-bases-racistas-de-salvador\/","url_meta":{"origin":5840,"position":2},"title":"Cemit\u00e9rio da Pupileira: &#8220;achado tem potencial de abalar as bases racistas de Salvador&#8221;","author":"Blog da Feira","date":"15\/05\/2025","format":false,"excerpt":"Um ato interreligioso com a presen\u00e7a de lideran\u00e7as das religi\u00f5es de matriz africana, evang\u00e9lica, cat\u00f3lica e mu\u00e7ulmana marcou o in\u00edcio das escava\u00e7\u00f5es da \u00e1rea do estacionamento da Pupileira, no bairro de Nazar\u00e9, em Salvador, \u00e1rea que pode abrigar o maior cemit\u00e9rio de escravizados da Am\u00e9rica Latina. O ato teve como\u2026","rel":"","context":"Em &quot;Cultura&quot;","block_context":{"text":"Cultura","link":"https:\/\/blogdafeira.com.br\/home\/categoria\/cultura\/"},"img":{"alt_text":"","src":"https:\/\/i0.wp.com\/blogdafeira.com.br\/home\/wp-content\/uploads\/2025\/05\/img_4260-scaled.jpg?resize=350%2C200&ssl=1","width":350,"height":200,"srcset":"https:\/\/i0.wp.com\/blogdafeira.com.br\/home\/wp-content\/uploads\/2025\/05\/img_4260-scaled.jpg?resize=350%2C200&ssl=1 1x, https:\/\/i0.wp.com\/blogdafeira.com.br\/home\/wp-content\/uploads\/2025\/05\/img_4260-scaled.jpg?resize=525%2C300&ssl=1 1.5x, https:\/\/i0.wp.com\/blogdafeira.com.br\/home\/wp-content\/uploads\/2025\/05\/img_4260-scaled.jpg?resize=700%2C400&ssl=1 2x, https:\/\/i0.wp.com\/blogdafeira.com.br\/home\/wp-content\/uploads\/2025\/05\/img_4260-scaled.jpg?resize=1050%2C600&ssl=1 3x, https:\/\/i0.wp.com\/blogdafeira.com.br\/home\/wp-content\/uploads\/2025\/05\/img_4260-scaled.jpg?resize=1400%2C800&ssl=1 4x"},"classes":[]},{"id":50154,"url":"https:\/\/blogdafeira.com.br\/home\/2022\/01\/18\/arquivo-publico-da-bahia-celebra-132-anos-de-fundacao\/","url_meta":{"origin":5840,"position":3},"title":"Arquivo P\u00fablico da Bahia celebra 132 anos de funda\u00e7\u00e3o","author":"Blog da Feira","date":"18\/01\/2022","format":false,"excerpt":"Gerido pela Funda\u00e7\u00e3o Pedro Calmon (FPC\/SecultBa), o Arquivo P\u00fablico do Estado da Bahia (APEB) celebra 132 anos. S\u00e3o mais de sete quil\u00f4metros lineares ocupados por 40 milh\u00f5es de documentos custodiados que preservam, resguardam a hist\u00f3ria e a mem\u00f3ria da Bahia e do Brasil. O APEB custodia documentos produzidos e acumulados\u2026","rel":"","context":"Em &quot;Cultura&quot;","block_context":{"text":"Cultura","link":"https:\/\/blogdafeira.com.br\/home\/categoria\/cultura\/"},"img":{"alt_text":"","src":"https:\/\/i0.wp.com\/blogdafeira.com.br\/home\/wp-content\/uploads\/2022\/01\/Arquivo-Publico-da-Bahia-7-1024x683-1.jpg?resize=350%2C200&ssl=1","width":350,"height":200,"srcset":"https:\/\/i0.wp.com\/blogdafeira.com.br\/home\/wp-content\/uploads\/2022\/01\/Arquivo-Publico-da-Bahia-7-1024x683-1.jpg?resize=350%2C200&ssl=1 1x, https:\/\/i0.wp.com\/blogdafeira.com.br\/home\/wp-content\/uploads\/2022\/01\/Arquivo-Publico-da-Bahia-7-1024x683-1.jpg?resize=525%2C300&ssl=1 1.5x, https:\/\/i0.wp.com\/blogdafeira.com.br\/home\/wp-content\/uploads\/2022\/01\/Arquivo-Publico-da-Bahia-7-1024x683-1.jpg?resize=700%2C400&ssl=1 2x"},"classes":[]},{"id":1058,"url":"https:\/\/blogdafeira.com.br\/home\/2013\/04\/30\/wagner-anuncia-obra-de-17-milhoes-no-sistema-viario-de-salvador\/","url_meta":{"origin":5840,"position":4},"title":"Wagner anuncia obra de 17 milh\u00f5es no sistema vi\u00e1rio de Salvador","author":"Blog da Feira","date":"30\/04\/2013","format":false,"excerpt":"O governador Jacques Wagner, na presen\u00e7a do ministro dos Transportes, C\u00e9sar Borges, assina, nesta quinta-feira, ordem de servi\u00e7o para a implanta\u00e7\u00e3o de quatro passarelas da Via Expressa em Salvador. Duas passarelas na Avenida Heitor Dias, uma na Barros Reis e uma na Estrada da Rainha, todas com elevadores destinadas a\u2026","rel":"","context":"Em &quot;Cidade&quot;","block_context":{"text":"Cidade","link":"https:\/\/blogdafeira.com.br\/home\/categoria\/cidade\/"},"img":{"alt_text":"","src":"","width":0,"height":0},"classes":[]},{"id":16381,"url":"https:\/\/blogdafeira.com.br\/home\/2015\/08\/29\/monumento-em-salvador-marca-os-36-anos-da-lei-de-anistia-no-brasil\/","url_meta":{"origin":5840,"position":5},"title":"Monumento em Salvador marca os 36 anos da Lei de Anistia no Brasil","author":"Blog da Feira","date":"29\/08\/2015","format":false,"excerpt":"Quem passa pela Pra\u00e7a do Campo da P\u00f3lvora em dire\u00e7\u00e3o ao F\u00f3rum Ruy Barbosa, \u00a0ou \u00e0 esta\u00e7\u00e3o do metr\u00f4, em Salvador, a partir de agora encontra um marco que preserva a mem\u00f3ria dos\u00a0baianos e brasileiros que tombaram na luta por liberdade entre 1964 e 1985.:foi inaugurado, nesta sexta-feira (28), o\u00a0Monumento\u2026","rel":"","context":"Em &quot;Home&quot;","block_context":{"text":"Home","link":"https:\/\/blogdafeira.com.br\/home\/categoria\/raiz\/"},"img":{"alt_text":"anistia","src":"https:\/\/i0.wp.com\/blogdafeira.com.br\/home\/wp-content\/uploads\/2015\/08\/anistia.jpg?resize=350%2C200","width":350,"height":200,"srcset":"https:\/\/i0.wp.com\/blogdafeira.com.br\/home\/wp-content\/uploads\/2015\/08\/anistia.jpg?resize=350%2C200 1x, https:\/\/i0.wp.com\/blogdafeira.com.br\/home\/wp-content\/uploads\/2015\/08\/anistia.jpg?resize=525%2C300 1.5x, https:\/\/i0.wp.com\/blogdafeira.com.br\/home\/wp-content\/uploads\/2015\/08\/anistia.jpg?resize=700%2C400 2x"},"classes":[]}],"_links":{"self":[{"href":"https:\/\/blogdafeira.com.br\/home\/wp-json\/wp\/v2\/posts\/5840","targetHints":{"allow":["GET"]}}],"collection":[{"href":"https:\/\/blogdafeira.com.br\/home\/wp-json\/wp\/v2\/posts"}],"about":[{"href":"https:\/\/blogdafeira.com.br\/home\/wp-json\/wp\/v2\/types\/post"}],"author":[{"embeddable":true,"href":"https:\/\/blogdafeira.com.br\/home\/wp-json\/wp\/v2\/users\/1"}],"replies":[{"embeddable":true,"href":"https:\/\/blogdafeira.com.br\/home\/wp-json\/wp\/v2\/comments?post=5840"}],"version-history":[{"count":1,"href":"https:\/\/blogdafeira.com.br\/home\/wp-json\/wp\/v2\/posts\/5840\/revisions"}],"predecessor-version":[{"id":5842,"href":"https:\/\/blogdafeira.com.br\/home\/wp-json\/wp\/v2\/posts\/5840\/revisions\/5842"}],"wp:attachment":[{"href":"https:\/\/blogdafeira.com.br\/home\/wp-json\/wp\/v2\/media?parent=5840"}],"wp:term":[{"taxonomy":"category","embeddable":true,"href":"https:\/\/blogdafeira.com.br\/home\/wp-json\/wp\/v2\/categories?post=5840"},{"taxonomy":"post_tag","embeddable":true,"href":"https:\/\/blogdafeira.com.br\/home\/wp-json\/wp\/v2\/tags?post=5840"}],"curies":[{"name":"wp","href":"https:\/\/api.w.org\/{rel}","templated":true}]}}