{"id":58471,"date":"2023-06-29T16:58:36","date_gmt":"2023-06-29T19:58:36","guid":{"rendered":"https:\/\/blogdafeira.com.br\/home\/?p=58471"},"modified":"2023-10-24T00:51:23","modified_gmt":"2023-10-24T03:51:23","slug":"empossados-tres-novos-secretarios-do-governo-colbert","status":"publish","type":"post","link":"https:\/\/blogdafeira.com.br\/home\/2023\/06\/29\/empossados-tres-novos-secretarios-do-governo-colbert\/","title":{"rendered":"Empossados tr\u00eas novos secret\u00e1rios do governo Colbert"},"content":{"rendered":"<div id=\"blogd-236312372\" class=\"blogd-fim-do-post-mobile blogd-entity-placement\" style=\"margin-left: auto;margin-right: auto;text-align: center;\"><a href=\"https:\/\/www.sefaz.feiradesantana.ba.gov.br\/\" target=\"_blank\" aria-label=\"728&#215;90 (6)\"><img loading=\"lazy\" decoding=\"async\" src=\"https:\/\/blogdafeira.com.br\/home\/wp-content\/uploads\/2026\/03\/728x90-6.gif\" alt=\"\"  class=\"no-lazyload\" width=\"728\" height=\"90\"  style=\"display: inline-block;\" \/><\/a><\/div><p>Os novos secret\u00e1rios nomeados recentemente no Governo Municipal foram empossados pelo prefeito Colbert Filho nesta quinta-feira (29). O ato aconteceu na sala de reuni\u00f5es do Pa\u00e7o Municipal Maria Quit\u00e9ria e contou com a presen\u00e7a de v\u00e1rias autoridades e membros da equipe de governo.<\/p><div id=\"blogd-474476627\" class=\"blogd-conteudo-2-mobile blogd-entity-placement\"><a href=\"https:\/\/feirenses.com.br\/\" target=\"_blank\" aria-label=\"feirenses\"><img loading=\"lazy\" decoding=\"async\" src=\"https:\/\/blogdafeira.com.br\/home\/wp-content\/uploads\/2026\/04\/feirenses.png\" alt=\"\"  srcset=\"https:\/\/blogdafeira.com.br\/home\/wp-content\/uploads\/2026\/04\/feirenses.png 300w, https:\/\/blogdafeira.com.br\/home\/wp-content\/uploads\/2026\/04\/feirenses-170x45.png 170w, https:\/\/blogdafeira.com.br\/home\/wp-content\/uploads\/2026\/04\/feirenses-280x74.png 280w\" sizes=\"(max-width: 300px) 100vw, 300px\" class=\"no-lazyload\" width=\"300\" height=\"79\"  style=\"display: inline-block;\" \/><\/a><\/div>\n<p>Foram empossados o secret\u00e1rio de Transportes e Tr\u00e2nsito, S\u00e9rgio Barradas Carneiro; o secret\u00e1rio de Trabalho, Turismo e Desenvolvimento Econ\u00f4mico, Wilson Falc\u00e3o; e a secret\u00e1ria de Desenvolvimento Urbano, K\u00e1tia Maria Petillo Mota Ferreira.<\/p>\n<div id=\"blogd-1695606999\" class=\"blogd-final-post blogd-entity-placement\"><a href=\"https:\/\/www.feiradesantana.ba.leg.br\/\" target=\"_blank\" aria-label=\"BANNER-SITE-ENTREGADECHEQUE-CAMARADEFEIRA\"><img loading=\"lazy\" decoding=\"async\" src=\"https:\/\/blogdafeira.com.br\/home\/wp-content\/uploads\/2026\/03\/BANNER-SITE-ENTREGADECHEQUE-CAMARADEFEIRA.gif\" alt=\"\"  class=\"no-lazyload\" width=\"728\" height=\"90\"   \/><\/a><\/div><p>Na oportunidade, o prefeito Colbert Filho destacou que todos chegam \u00e0s respectivas pastas atentos aos desafios e necessidades da cidade e seus mun\u00edcipes.<\/p>\n","protected":false},"excerpt":{"rendered":"<p>Os novos secret\u00e1rios nomeados recentemente no Governo Municipal foram empossados pelo prefeito Colbert Filho nesta quinta-feira (29). O ato aconteceu na sala de reuni\u00f5es do Pa\u00e7o Municipal Maria Quit\u00e9ria e contou com a presen\u00e7a de v\u00e1rias autoridades e membros da equipe de governo. Foram empossados o secret\u00e1rio de Transportes e Tr\u00e2nsito, S\u00e9rgio Barradas Carneiro; o<\/p>\n","protected":false},"author":1,"featured_media":58472,"comment_status":"open","ping_status":"open","sticky":false,"template":"","format":"standard","meta":{"jetpack_post_was_ever_published":false,"cybocfi_hide_featured_image":"","_jetpack_newsletter_access":"","_jetpack_dont_email_post_to_subs":false,"_jetpack_newsletter_tier_id":0,"_jetpack_memberships_contains_paywalled_content":false,"_jetpack_memberships_contains_paid_content":false,"footnotes":"","jetpack_publicize_message":"","jetpack_publicize_feature_enabled":true,"jetpack_social_post_already_shared":true,"jetpack_social_options":{"image_generator_settings":{"template":"highway","default_image_id":0,"font":"","enabled":false},"version":2}},"categories":[1,631],"tags":[],"class_list":["post-58471","post","type-post","status-publish","format-standard","has-post-thumbnail","hentry","category-raiz","category-politica"],"jetpack_publicize_connections":[],"jetpack_featured_media_url":"https:\/\/blogdafeira.com.br\/home\/wp-content\/uploads\/2023\/06\/Posse-de-Secretarios-MunicipaisFoto-ACM-5.jpeg","jetpack_shortlink":"https:\/\/wp.me\/p3niVf-fd5","jetpack_sharing_enabled":true,"jetpack-related-posts":[{"id":42900,"url":"https:\/\/blogdafeira.com.br\/home\/2021\/01\/04\/colbert-reempossa-secretarios-e-fala-em-aperfeicoar-gestao\/","url_meta":{"origin":58471,"position":0},"title":"Colbert reempossa secret\u00e1rios e fala em &#8220;aperfei\u00e7oar&#8221; gest\u00e3o","author":"Secom\/FSA","date":"04\/01\/2021","format":false,"excerpt":"O prefeito Colbert Martins empossou na manh\u00e3 desta segunda-feira, 4, quatro integrantes do seu secretariado, em ato ocorrido no Pa\u00e7o Municipal Maria Quit\u00e9ria. Foram reconduzidos aos seus respectivos cargos Edson Borges\u00a0 na Secretaria\u00a0 de Comunica\u00e7\u00e3o Social, Expedito Eloy na Secretaria da Fazenda, Denilton Brito na Secretaria de Governo, e Moacir\u2026","rel":"","context":"Em &quot;Cidade&quot;","block_context":{"text":"Cidade","link":"https:\/\/blogdafeira.com.br\/home\/categoria\/cidade\/"},"img":{"alt_text":"","src":"https:\/\/i0.wp.com\/blogdafeira.com.br\/home\/wp-content\/uploads\/2021\/01\/Prefeito-Posse-Secretarios-Fotos-Washington-Nery-04-01-21-7.jpeg?resize=350%2C200&ssl=1","width":350,"height":200,"srcset":"https:\/\/i0.wp.com\/blogdafeira.com.br\/home\/wp-content\/uploads\/2021\/01\/Prefeito-Posse-Secretarios-Fotos-Washington-Nery-04-01-21-7.jpeg?resize=350%2C200&ssl=1 1x, https:\/\/i0.wp.com\/blogdafeira.com.br\/home\/wp-content\/uploads\/2021\/01\/Prefeito-Posse-Secretarios-Fotos-Washington-Nery-04-01-21-7.jpeg?resize=525%2C300&ssl=1 1.5x, https:\/\/i0.wp.com\/blogdafeira.com.br\/home\/wp-content\/uploads\/2021\/01\/Prefeito-Posse-Secretarios-Fotos-Washington-Nery-04-01-21-7.jpeg?resize=700%2C400&ssl=1 2x, https:\/\/i0.wp.com\/blogdafeira.com.br\/home\/wp-content\/uploads\/2021\/01\/Prefeito-Posse-Secretarios-Fotos-Washington-Nery-04-01-21-7.jpeg?resize=1050%2C600&ssl=1 3x"},"classes":[]},{"id":35036,"url":"https:\/\/blogdafeira.com.br\/home\/2020\/01\/31\/colbert-empossa-61-novos-professores-marlede-comemora-fruto-da-luta-da-nossa-entidade-2\/","url_meta":{"origin":58471,"position":1},"title":"Colbert empossa 61 novos professores; Marlede comemora: \u201cfruto da luta da nossa entidade\u201d","author":"Secom\/FSA","date":"31\/01\/2020","format":false,"excerpt":"O prefeito de Feira de Santana, Colbert Filho, deu posse a 61 professores aprovados no concurso p\u00fablico realizado em 2018. Por desist\u00eancia ou outros motivos de ordem pessoal, dos 100 primeiros classificados naquele certame, 39 n\u00e3o atenderam \u00e0 convoca\u00e7\u00e3o da Secretaria Municipal de Educa\u00e7\u00e3o. Foram aprovados 919 candidatos. Os que\u2026","rel":"","context":"Em &quot;Cidade&quot;","block_context":{"text":"Cidade","link":"https:\/\/blogdafeira.com.br\/home\/categoria\/cidade\/"},"img":{"alt_text":"","src":"https:\/\/i0.wp.com\/blogdafeira.com.br\/home\/wp-content\/uploads\/2020\/01\/posse2_2-346x231.jpeg?resize=350%2C200","width":350,"height":200},"classes":[]},{"id":42867,"url":"https:\/\/blogdafeira.com.br\/home\/2021\/01\/02\/colbert-fala-em-pesquisa-sobre-abrir-ou-nao-escolas-sem-a-vacina\/","url_meta":{"origin":58471,"position":2},"title":"Colbert fala em pesquisa sobre abrir ou n\u00e3o escolas sem a vacina","author":"Secom\/FSA","date":"02\/01\/2021","format":false,"excerpt":"Depende de autoriza\u00e7\u00e3o do Governo do Estado, atrav\u00e9s do seu Conselho de Educa\u00e7\u00e3o, o retorno das aulas na rede municipal de ensino em Feira de Santana, afirmou nesta sexta (1) o prefeito Colbert Martins Filho (MDB), durante discurso na sess\u00e3o solene da C\u00e2mara em que ele, o vice-prefeito Fernando de\u2026","rel":"","context":"Em &quot;Cidade&quot;","block_context":{"text":"Cidade","link":"https:\/\/blogdafeira.com.br\/home\/categoria\/cidade\/"},"img":{"alt_text":"","src":"https:\/\/i0.wp.com\/blogdafeira.com.br\/home\/wp-content\/uploads\/2021\/01\/Screenshot_20210102-0747543.png?resize=350%2C200&ssl=1","width":350,"height":200,"srcset":"https:\/\/i0.wp.com\/blogdafeira.com.br\/home\/wp-content\/uploads\/2021\/01\/Screenshot_20210102-0747543.png?resize=350%2C200&ssl=1 1x, https:\/\/i0.wp.com\/blogdafeira.com.br\/home\/wp-content\/uploads\/2021\/01\/Screenshot_20210102-0747543.png?resize=525%2C300&ssl=1 1.5x"},"classes":[]},{"id":2954,"url":"https:\/\/blogdafeira.com.br\/home\/2013\/06\/25\/prefeito-de-feira-empossa-mais-64-professores-da-rede-publica\/","url_meta":{"origin":58471,"position":3},"title":"Prefeito de Feira empossa mais 64 professores da rede p\u00fablica","author":"Secom\/FSA","date":"25\/06\/2013","format":false,"excerpt":"As escolas municipais v\u00e3o receber na volta das f\u00e9rias, a partir de 3 de julho, mais 64 novos professores que foram empossados no Teatro \u00c2ngela Almeida, no Centro de Cultura Maestro Miro, nesta ter\u00e7a-feira, 25, pelo prefeito Jos\u00e9 Ronaldo e os secret\u00e1rios Jo\u00e3o Marinho, de Administra\u00e7\u00e3o, e Jayana Ribeiro, de\u2026","rel":"","context":"Em &quot;Home&quot;","block_context":{"text":"Home","link":"https:\/\/blogdafeira.com.br\/home\/categoria\/raiz\/"},"img":{"alt_text":"","src":"","width":0,"height":0},"classes":[]},{"id":8961,"url":"https:\/\/blogdafeira.com.br\/home\/2014\/02\/06\/ronaldo-e-ildes-empossam-o-conselho-de-seguranca-alimentar-de-feira\/","url_meta":{"origin":58471,"position":4},"title":"Ronaldo e Ildes empossam Conselho de Seguran\u00e7a Alimentar de Feira","author":"Secom\/FSA","date":"06\/02\/2014","format":false,"excerpt":"O prefeito de Feira, Jos\u00e9 Ronaldo, e o secret\u00e1rio de Desenvolvimento Social, Ildes Ferreira, d\u00e3o posse nesta sexta-feira os membros do Conselho Municipal de Seguran\u00e7a Alimentar. A solenidade vai acontecer \u00e0s 14 horas, na sala de reuni\u00f5es do Gabinete do Prefeito, no Pa\u00e7o Municipal \u2018Maria Quit\u00e9ria\u2019. Ser\u00e3o empossados 42 membros\u2026","rel":"","context":"Em &quot;Home&quot;","block_context":{"text":"Home","link":"https:\/\/blogdafeira.com.br\/home\/categoria\/raiz\/"},"img":{"alt_text":"tutelares","src":"https:\/\/i0.wp.com\/blogdafeira.com.br\/home\/wp-content\/uploads\/2014\/01\/tutelares.jpg?resize=350%2C200","width":350,"height":200,"srcset":"https:\/\/i0.wp.com\/blogdafeira.com.br\/home\/wp-content\/uploads\/2014\/01\/tutelares.jpg?resize=350%2C200 1x, https:\/\/i0.wp.com\/blogdafeira.com.br\/home\/wp-content\/uploads\/2014\/01\/tutelares.jpg?resize=525%2C300 1.5x"},"classes":[]},{"id":31805,"url":"https:\/\/blogdafeira.com.br\/home\/2019\/06\/27\/direcao-da-ufrb-em-feira-de-santana-quer-audiencia-com-colbert-para-pedir-apoio-ao-campus-novo\/","url_meta":{"origin":58471,"position":5},"title":"Dire\u00e7\u00e3o da UFRB em Feira de Santana quer audi\u00eancia com Colbert para pedir apoio ao campus novo","author":"Secom\/FSA","date":"27\/06\/2019","format":false,"excerpt":"Ap\u00f3s as declara\u00e7\u00f5es do secret\u00e1rio de Meio Ambiente de Feira, Arc\u00eanio Oliveira, antecipando dificuldades que a Universidade Federal do Rec\u00f4ncavo da Bahia (UFRB) vai ter para legalizar junto \u00e0 Prefeitura a implanta\u00e7\u00e3o de um campus na BR-116 Sul, a dire\u00e7\u00e3o da institui\u00e7\u00e3o divulgou uma 'nota de esclarecimento' onde anuncia que\u2026","rel":"","context":"Em &quot;Home&quot;","block_context":{"text":"Home","link":"https:\/\/blogdafeira.com.br\/home\/categoria\/raiz\/"},"img":{"alt_text":"","src":"https:\/\/i0.wp.com\/blogdafeira.com.br\/home\/wp-content\/uploads\/2019\/06\/100354-3-1.jpg?resize=350%2C200","width":350,"height":200},"classes":[]}],"_links":{"self":[{"href":"https:\/\/blogdafeira.com.br\/home\/wp-json\/wp\/v2\/posts\/58471","targetHints":{"allow":["GET"]}}],"collection":[{"href":"https:\/\/blogdafeira.com.br\/home\/wp-json\/wp\/v2\/posts"}],"about":[{"href":"https:\/\/blogdafeira.com.br\/home\/wp-json\/wp\/v2\/types\/post"}],"author":[{"embeddable":true,"href":"https:\/\/blogdafeira.com.br\/home\/wp-json\/wp\/v2\/users\/1"}],"replies":[{"embeddable":true,"href":"https:\/\/blogdafeira.com.br\/home\/wp-json\/wp\/v2\/comments?post=58471"}],"version-history":[{"count":1,"href":"https:\/\/blogdafeira.com.br\/home\/wp-json\/wp\/v2\/posts\/58471\/revisions"}],"predecessor-version":[{"id":58473,"href":"https:\/\/blogdafeira.com.br\/home\/wp-json\/wp\/v2\/posts\/58471\/revisions\/58473"}],"wp:featuredmedia":[{"embeddable":true,"href":"https:\/\/blogdafeira.com.br\/home\/wp-json\/wp\/v2\/media\/58472"}],"wp:attachment":[{"href":"https:\/\/blogdafeira.com.br\/home\/wp-json\/wp\/v2\/media?parent=58471"}],"wp:term":[{"taxonomy":"category","embeddable":true,"href":"https:\/\/blogdafeira.com.br\/home\/wp-json\/wp\/v2\/categories?post=58471"},{"taxonomy":"post_tag","embeddable":true,"href":"https:\/\/blogdafeira.com.br\/home\/wp-json\/wp\/v2\/tags?post=58471"}],"curies":[{"name":"wp","href":"https:\/\/api.w.org\/{rel}","templated":true}]}}