{"id":58674,"date":"2023-07-17T13:25:58","date_gmt":"2023-07-17T16:25:58","guid":{"rendered":"https:\/\/blogdafeira.com.br\/home\/?p=58674"},"modified":"2023-10-24T00:51:22","modified_gmt":"2023-10-24T03:51:22","slug":"governo-da-bahia-inaugura-em-feira-escola-de-tempo-integral-onde-foi-a-fazenda-do-menor","status":"publish","type":"post","link":"https:\/\/blogdafeira.com.br\/home\/2023\/07\/17\/governo-da-bahia-inaugura-em-feira-escola-de-tempo-integral-onde-foi-a-fazenda-do-menor\/","title":{"rendered":"Governo da Bahia inaugura em Feira escola de tempo integral onde foi a Fazenda do Menor"},"content":{"rendered":"<div id=\"blogd-464650243\" class=\"blogd-fim-do-post-mobile blogd-entity-placement\" style=\"margin-left: auto;margin-right: auto;text-align: center;\"><a href=\"https:\/\/www.sefaz.feiradesantana.ba.gov.br\/\" target=\"_blank\" aria-label=\"728&#215;90 (6)\"><img loading=\"lazy\" decoding=\"async\" src=\"https:\/\/blogdafeira.com.br\/home\/wp-content\/uploads\/2026\/03\/728x90-6.gif\" alt=\"\"  class=\"no-lazyload\" width=\"728\" height=\"90\"  style=\"display: inline-block;\" \/><\/a><\/div><p>O governador Jer\u00f4nimo Rodrigues, os ministros Rui Costa, Casa Civil, e Camilo Santana, Educa\u00e7\u00e3o, inauguraram hoje em Feira de Santana uma <strong><a href=\"https:\/\/www.bahia.ba.gov.br\/2023\/07\/noticias\/educacao\/ao-lado-de-ministros-governador-entrega-colegio-de-tempo-integral-e-adere-a-programas-federais-em-feira-de-santana\/\">escola, de tempo integral,<\/a><\/strong> no local onde funcionou a antiga Fazenda do Menor.<\/p><div id=\"blogd-1707135890\" class=\"blogd-conteudo-2-mobile blogd-entity-placement\"><a href=\"https:\/\/feirenses.com.br\/\" target=\"_blank\" aria-label=\"feirenses\"><img loading=\"lazy\" decoding=\"async\" src=\"https:\/\/blogdafeira.com.br\/home\/wp-content\/uploads\/2026\/04\/feirenses.png\" alt=\"\"  srcset=\"https:\/\/blogdafeira.com.br\/home\/wp-content\/uploads\/2026\/04\/feirenses.png 300w, https:\/\/blogdafeira.com.br\/home\/wp-content\/uploads\/2026\/04\/feirenses-170x45.png 170w, https:\/\/blogdafeira.com.br\/home\/wp-content\/uploads\/2026\/04\/feirenses-280x74.png 280w\" sizes=\"(max-width: 300px) 100vw, 300px\" class=\"no-lazyload\" width=\"300\" height=\"79\"  style=\"display: inline-block;\" \/><\/a><\/div>\n<p>Com gin\u00e1sio de esportes,\u00a0 piscina, teatro, 36 salas, laborat\u00f3rios e audit\u00f3rios, a nova escola est\u00e1 no bairro do Avi\u00e1rio, um dos mais populosos da cidade.<\/p>\n<div id=\"blogd-1062116176\" class=\"blogd-final-post blogd-entity-placement\"><a href=\"https:\/\/www.feiradesantana.ba.leg.br\/\" target=\"_blank\" aria-label=\"BANNER-SITE-ENTREGADECHEQUE-CAMARADEFEIRA\"><img loading=\"lazy\" decoding=\"async\" src=\"https:\/\/blogdafeira.com.br\/home\/wp-content\/uploads\/2026\/03\/BANNER-SITE-ENTREGADECHEQUE-CAMARADEFEIRA.gif\" alt=\"\"  class=\"no-lazyload\" width=\"728\" height=\"90\"   \/><\/a><\/div><p>A Fazenda do Menor\u00a0 de Feira de Santana foi desativada em 2012. O in\u00edcio da constru\u00e7\u00e3o da escola (licita\u00e7\u00e3o,ordem de servi\u00e7os, etc) foi em 2021. A FAMFS foi parceira do ent\u00e3o Minist\u00e9rio dos Esportes de onde recebeu, em oito anos, cerca de R$ 60 milh\u00f5es em conv\u00eanios. J\u00e1 em 2004 houve acusa\u00e7\u00f5es de irregularidades pelo Minist\u00e9rio P\u00fablico. Era o presidente da Funda\u00e7\u00e3o de Apoio ao Menor de Feira de Santana (Famfs), Ant\u00f4nio Lopes Ribeiro. Ele mais quatro empres\u00e1rios foram responsabilizados pelo desvio de R$ 5.703.050,29 em recursos federais<\/p>\n","protected":false},"excerpt":{"rendered":"<p>O governador Jer\u00f4nimo Rodrigues, os ministros Rui Costa, Casa Civil, e Camilo Santana, Educa\u00e7\u00e3o, inauguraram hoje em Feira de Santana uma escola, de tempo integral, no local onde funcionou a antiga Fazenda do Menor. Com gin\u00e1sio de esportes,\u00a0 piscina, teatro, 36 salas, laborat\u00f3rios e audit\u00f3rios, a nova escola est\u00e1 no bairro do Avi\u00e1rio, um dos<\/p>\n","protected":false},"author":1,"featured_media":58675,"comment_status":"open","ping_status":"open","sticky":false,"template":"","format":"standard","meta":{"jetpack_post_was_ever_published":false,"cybocfi_hide_featured_image":"","_jetpack_newsletter_access":"","_jetpack_dont_email_post_to_subs":false,"_jetpack_newsletter_tier_id":0,"_jetpack_memberships_contains_paywalled_content":false,"_jetpack_memberships_contains_paid_content":false,"footnotes":"","jetpack_publicize_message":"","jetpack_publicize_feature_enabled":true,"jetpack_social_post_already_shared":true,"jetpack_social_options":{"image_generator_settings":{"template":"highway","default_image_id":0,"font":"","enabled":false},"version":2}},"categories":[751,1,631],"tags":[],"class_list":["post-58674","post","type-post","status-publish","format-standard","has-post-thumbnail","hentry","category-geral","category-raiz","category-politica"],"jetpack_publicize_connections":[],"jetpack_featured_media_url":"https:\/\/blogdafeira.com.br\/home\/wp-content\/uploads\/2023\/07\/IMG-20230717-WA0029.jpg","jetpack_shortlink":"https:\/\/wp.me\/p3niVf-fgm","jetpack_sharing_enabled":true,"jetpack-related-posts":[{"id":47513,"url":"https:\/\/blogdafeira.com.br\/home\/2021\/09\/22\/seguranca-publica-nao-e-so-policiamento-ostensivo-alerta-vereador\/","url_meta":{"origin":58674,"position":0},"title":"&#8220;Seguran\u00e7a p\u00fablica n\u00e3o \u00e9 s\u00f3 policiamento ostensivo&#8221;, alerta vereador","author":"Blog da Feira","date":"22\/09\/2021","format":false,"excerpt":"\"Se fala muito aqui na C\u00e2mara a respeito da seguran\u00e7a p\u00fablica em Feira de Santana, e eu sempre disse que ela \u00e9 multifatorial; n\u00e3o \u00e9 apenas o policiamento ostensivo que vai contribuir diretamente para a diminui\u00e7\u00e3o da viol\u00eancia. N\u00f3s precisamos aumentar escolas e trabalhar na qualidade das pessoas, e o\u2026","rel":"","context":"Em &quot;Home&quot;","block_context":{"text":"Home","link":"https:\/\/blogdafeira.com.br\/home\/categoria\/raiz\/"},"img":{"alt_text":"","src":"https:\/\/i0.wp.com\/blogdafeira.com.br\/home\/wp-content\/uploads\/2021\/09\/22092021134056.jpg?resize=350%2C200&ssl=1","width":350,"height":200,"srcset":"https:\/\/i0.wp.com\/blogdafeira.com.br\/home\/wp-content\/uploads\/2021\/09\/22092021134056.jpg?resize=350%2C200&ssl=1 1x, https:\/\/i0.wp.com\/blogdafeira.com.br\/home\/wp-content\/uploads\/2021\/09\/22092021134056.jpg?resize=525%2C300&ssl=1 1.5x, https:\/\/i0.wp.com\/blogdafeira.com.br\/home\/wp-content\/uploads\/2021\/09\/22092021134056.jpg?resize=700%2C400&ssl=1 2x, https:\/\/i0.wp.com\/blogdafeira.com.br\/home\/wp-content\/uploads\/2021\/09\/22092021134056.jpg?resize=1050%2C600&ssl=1 3x"},"classes":[]},{"id":47633,"url":"https:\/\/blogdafeira.com.br\/home\/2021\/10\/04\/estado-tem-64-milhoes-para-investir-em-escolasna-feira\/","url_meta":{"origin":58674,"position":1},"title":"Estado tem R$ 64 milh\u00f5es para investir em escolas na Feira","author":"Blog da Feira","date":"04\/10\/2021","format":false,"excerpt":"A Secretaria da Educa\u00e7\u00e3o do Estado (SEC) realizou uma vistoria t\u00e9cnica em unidades da rede estadual de ensino, no s\u00e1bado (2), em Feira de Santana, e em terrenos que poder\u00e3o sediar novas escolas estaduais. Para o munic\u00edpio, o Estado destinou mais de 64 milh\u00f5es para construir novas escolas em tempo\u2026","rel":"","context":"Em &quot;Cidade&quot;","block_context":{"text":"Cidade","link":"https:\/\/blogdafeira.com.br\/home\/categoria\/cidade\/"},"img":{"alt_text":"","src":"https:\/\/i0.wp.com\/blogdafeira.com.br\/home\/wp-content\/uploads\/2021\/10\/WhatsApp-Image-2021-10-02-at-15.02.32.jpeg?resize=350%2C200&ssl=1","width":350,"height":200,"srcset":"https:\/\/i0.wp.com\/blogdafeira.com.br\/home\/wp-content\/uploads\/2021\/10\/WhatsApp-Image-2021-10-02-at-15.02.32.jpeg?resize=350%2C200&ssl=1 1x, https:\/\/i0.wp.com\/blogdafeira.com.br\/home\/wp-content\/uploads\/2021\/10\/WhatsApp-Image-2021-10-02-at-15.02.32.jpeg?resize=525%2C300&ssl=1 1.5x, https:\/\/i0.wp.com\/blogdafeira.com.br\/home\/wp-content\/uploads\/2021\/10\/WhatsApp-Image-2021-10-02-at-15.02.32.jpeg?resize=700%2C400&ssl=1 2x, https:\/\/i0.wp.com\/blogdafeira.com.br\/home\/wp-content\/uploads\/2021\/10\/WhatsApp-Image-2021-10-02-at-15.02.32.jpeg?resize=1050%2C600&ssl=1 3x, https:\/\/i0.wp.com\/blogdafeira.com.br\/home\/wp-content\/uploads\/2021\/10\/WhatsApp-Image-2021-10-02-at-15.02.32.jpeg?resize=1400%2C800&ssl=1 4x"},"classes":[]},{"id":63160,"url":"https:\/\/blogdafeira.com.br\/home\/2024\/08\/08\/jeronimo-e-recebido-na-matinha-com-samba-de-roda-e-presentes-da-agricultura-familiar\/","url_meta":{"origin":58674,"position":2},"title":"Jer\u00f4nimo \u00e9 recebido na Matinha com samba-de-roda e presentes da agricultura familiar","author":"Blog da Feira","date":"08\/08\/2024","format":false,"excerpt":"O governador Jer\u00f4nimo Rodrigues assinou a autoriza\u00e7\u00e3o para licitar uma escola em tempo integral para o distrito da Matinha, onde foi recebido, na pra\u00e7a da sede do povoado, com muito samba-de-roda e presentes da agricultura familiar. Acompanhado de secret\u00e1rios, assessores e pol\u00edticos feirenses, o governador fez um longo pronunciamento, onde\u2026","rel":"","context":"Em &quot;Distritos&quot;","block_context":{"text":"Distritos","link":"https:\/\/blogdafeira.com.br\/home\/categoria\/distritos\/"},"img":{"alt_text":"","src":"https:\/\/i0.wp.com\/blogdafeira.com.br\/home\/wp-content\/uploads\/2024\/08\/20240808_191855.jpg?resize=350%2C200&ssl=1","width":350,"height":200,"srcset":"https:\/\/i0.wp.com\/blogdafeira.com.br\/home\/wp-content\/uploads\/2024\/08\/20240808_191855.jpg?resize=350%2C200&ssl=1 1x, https:\/\/i0.wp.com\/blogdafeira.com.br\/home\/wp-content\/uploads\/2024\/08\/20240808_191855.jpg?resize=525%2C300&ssl=1 1.5x, https:\/\/i0.wp.com\/blogdafeira.com.br\/home\/wp-content\/uploads\/2024\/08\/20240808_191855.jpg?resize=700%2C400&ssl=1 2x"},"classes":[]},{"id":70395,"url":"https:\/\/blogdafeira.com.br\/home\/2025\/11\/28\/escola-de-tempo-integral-gov-luiz-viana-filho-inaugura-nucleo-de-capoeira-em-parceria-com-malungo\/","url_meta":{"origin":58674,"position":3},"title":"Escola estadual  &#8216;Gov. Luiz Viana Filho&#8217; inaugura N\u00facleo de Capoeira em parceria com Malungo","author":"Blog da Feira","date":"28\/11\/2025","format":false,"excerpt":"A Escola de Tempo Integral Governador Luiz Viana Filho, em Feira de Santana, em parceria com o Grupo de Capoeira Malungo, inaugurou\u00a0 quarta (26),\u00a0 o N\u00facleo de Capoeira (NUCAP). A cerim\u00f4nia foi realizada na biblioteca da unidade escolar e marca um novo cap\u00edtulo no compromisso da escola com a valoriza\u00e7\u00e3o\u2026","rel":"","context":"Em &quot;Cidade&quot;","block_context":{"text":"Cidade","link":"https:\/\/blogdafeira.com.br\/home\/categoria\/cidade\/"},"img":{"alt_text":"","src":"https:\/\/i0.wp.com\/blogdafeira.com.br\/home\/wp-content\/uploads\/2025\/11\/Colegio-Estadual-Luiz-Viana-Filho_-Foto-Ed-Santos-Acorda-Cidade.webp?resize=350%2C200&ssl=1","width":350,"height":200,"srcset":"https:\/\/i0.wp.com\/blogdafeira.com.br\/home\/wp-content\/uploads\/2025\/11\/Colegio-Estadual-Luiz-Viana-Filho_-Foto-Ed-Santos-Acorda-Cidade.webp?resize=350%2C200&ssl=1 1x, https:\/\/i0.wp.com\/blogdafeira.com.br\/home\/wp-content\/uploads\/2025\/11\/Colegio-Estadual-Luiz-Viana-Filho_-Foto-Ed-Santos-Acorda-Cidade.webp?resize=525%2C300&ssl=1 1.5x"},"classes":[]},{"id":57283,"url":"https:\/\/blogdafeira.com.br\/home\/2023\/04\/27\/jeronimo-inaugurou-escola-na-chapada-nesta-sexta-feira-entrega-moradias-em-feira\/","url_meta":{"origin":58674,"position":4},"title":"Jer\u00f4nimo inaugurou escola na Chapada; nesta sexta-feira entrega moradias em Feira","author":"Blog da Feira","date":"27\/04\/2023","format":false,"excerpt":"Nesta quinta-feira (27), o governador Jer\u00f4nimo Rodrigues inaugurou a nova sede do Col\u00e9gio Estadual de Tempo Integral Jos\u00e9 de Souza Machado, no munic\u00edpio de Central, na Chapada Diamantina. Com investimento total de R$ 26 milh\u00f5es do Governo do Estado, a nova unidade disp\u00f5e de 12 salas de aula, quatro laborat\u00f3rios,\u2026","rel":"","context":"Em &quot;Bahia&quot;","block_context":{"text":"Bahia","link":"https:\/\/blogdafeira.com.br\/home\/categoria\/bahia\/"},"img":{"alt_text":"","src":"https:\/\/i0.wp.com\/blogdafeira.com.br\/home\/wp-content\/uploads\/2023\/04\/715d0180-0ffe-484a-8e7e-539b7bbd3556.jpg?resize=350%2C200&ssl=1","width":350,"height":200,"srcset":"https:\/\/i0.wp.com\/blogdafeira.com.br\/home\/wp-content\/uploads\/2023\/04\/715d0180-0ffe-484a-8e7e-539b7bbd3556.jpg?resize=350%2C200&ssl=1 1x, https:\/\/i0.wp.com\/blogdafeira.com.br\/home\/wp-content\/uploads\/2023\/04\/715d0180-0ffe-484a-8e7e-539b7bbd3556.jpg?resize=525%2C300&ssl=1 1.5x, https:\/\/i0.wp.com\/blogdafeira.com.br\/home\/wp-content\/uploads\/2023\/04\/715d0180-0ffe-484a-8e7e-539b7bbd3556.jpg?resize=700%2C400&ssl=1 2x, https:\/\/i0.wp.com\/blogdafeira.com.br\/home\/wp-content\/uploads\/2023\/04\/715d0180-0ffe-484a-8e7e-539b7bbd3556.jpg?resize=1050%2C600&ssl=1 3x, https:\/\/i0.wp.com\/blogdafeira.com.br\/home\/wp-content\/uploads\/2023\/04\/715d0180-0ffe-484a-8e7e-539b7bbd3556.jpg?resize=1400%2C800&ssl=1 4x"},"classes":[]},{"id":71083,"url":"https:\/\/blogdafeira.com.br\/home\/2026\/01\/26\/jeronimo-inaugura-a-100a-escola-de-tempo-integral-em-maracas\/","url_meta":{"origin":58674,"position":5},"title":"Jer\u00f4nimo inaugura a  100\u00aa escola de tempo integral em Marac\u00e1s","author":"Blog da Feira","date":"26\/01\/2026","format":false,"excerpt":"A educa\u00e7\u00e3o baiana viveu um momento hist\u00f3rico, s\u00e1bado (24), em Marac\u00e1s, no sudoeste da Bahia. Ao inaugurar o Col\u00e9gio Estadual de Tempo Integral Iracy Marlene da Hora Passos, Jer\u00f4nimo Rodrigues alcan\u00e7ou, em tr\u00eas anos de governo, a marca simb\u00f3lica e transformadora da 100\u00aa escola de tempo integralcom obras iniciadas e\u2026","rel":"","context":"Em &quot;Cidade&quot;","block_context":{"text":"Cidade","link":"https:\/\/blogdafeira.com.br\/home\/categoria\/cidade\/"},"img":{"alt_text":"","src":"https:\/\/i0.wp.com\/blogdafeira.com.br\/home\/wp-content\/uploads\/2026\/01\/Fotos-Wuiga-RubiniGOVBA-2_2.jpg?resize=350%2C200&ssl=1","width":350,"height":200,"srcset":"https:\/\/i0.wp.com\/blogdafeira.com.br\/home\/wp-content\/uploads\/2026\/01\/Fotos-Wuiga-RubiniGOVBA-2_2.jpg?resize=350%2C200&ssl=1 1x, https:\/\/i0.wp.com\/blogdafeira.com.br\/home\/wp-content\/uploads\/2026\/01\/Fotos-Wuiga-RubiniGOVBA-2_2.jpg?resize=525%2C300&ssl=1 1.5x, https:\/\/i0.wp.com\/blogdafeira.com.br\/home\/wp-content\/uploads\/2026\/01\/Fotos-Wuiga-RubiniGOVBA-2_2.jpg?resize=700%2C400&ssl=1 2x, https:\/\/i0.wp.com\/blogdafeira.com.br\/home\/wp-content\/uploads\/2026\/01\/Fotos-Wuiga-RubiniGOVBA-2_2.jpg?resize=1050%2C600&ssl=1 3x, https:\/\/i0.wp.com\/blogdafeira.com.br\/home\/wp-content\/uploads\/2026\/01\/Fotos-Wuiga-RubiniGOVBA-2_2.jpg?resize=1400%2C800&ssl=1 4x"},"classes":[]}],"_links":{"self":[{"href":"https:\/\/blogdafeira.com.br\/home\/wp-json\/wp\/v2\/posts\/58674","targetHints":{"allow":["GET"]}}],"collection":[{"href":"https:\/\/blogdafeira.com.br\/home\/wp-json\/wp\/v2\/posts"}],"about":[{"href":"https:\/\/blogdafeira.com.br\/home\/wp-json\/wp\/v2\/types\/post"}],"author":[{"embeddable":true,"href":"https:\/\/blogdafeira.com.br\/home\/wp-json\/wp\/v2\/users\/1"}],"replies":[{"embeddable":true,"href":"https:\/\/blogdafeira.com.br\/home\/wp-json\/wp\/v2\/comments?post=58674"}],"version-history":[{"count":3,"href":"https:\/\/blogdafeira.com.br\/home\/wp-json\/wp\/v2\/posts\/58674\/revisions"}],"predecessor-version":[{"id":58681,"href":"https:\/\/blogdafeira.com.br\/home\/wp-json\/wp\/v2\/posts\/58674\/revisions\/58681"}],"wp:featuredmedia":[{"embeddable":true,"href":"https:\/\/blogdafeira.com.br\/home\/wp-json\/wp\/v2\/media\/58675"}],"wp:attachment":[{"href":"https:\/\/blogdafeira.com.br\/home\/wp-json\/wp\/v2\/media?parent=58674"}],"wp:term":[{"taxonomy":"category","embeddable":true,"href":"https:\/\/blogdafeira.com.br\/home\/wp-json\/wp\/v2\/categories?post=58674"},{"taxonomy":"post_tag","embeddable":true,"href":"https:\/\/blogdafeira.com.br\/home\/wp-json\/wp\/v2\/tags?post=58674"}],"curies":[{"name":"wp","href":"https:\/\/api.w.org\/{rel}","templated":true}]}}