{"id":58822,"date":"2023-07-31T05:12:03","date_gmt":"2023-07-31T08:12:03","guid":{"rendered":"https:\/\/blogdafeira.com.br\/home\/?p=58822"},"modified":"2023-10-24T00:51:20","modified_gmt":"2023-10-24T03:51:20","slug":"beco-da-energia-e-a-lei-paulo-gustavo-em-feira","status":"publish","type":"post","link":"https:\/\/blogdafeira.com.br\/home\/2023\/07\/31\/beco-da-energia-e-a-lei-paulo-gustavo-em-feira\/","title":{"rendered":"Beco da Energia com piso novo e a Lei Paulo Gustavo em Feira"},"content":{"rendered":"<div id=\"blogd-1153756243\" class=\"blogd-fim-do-post-mobile blogd-entity-placement\" style=\"margin-left: auto;margin-right: auto;text-align: center;\"><a href=\"https:\/\/www.sefaz.feiradesantana.ba.gov.br\/\" target=\"_blank\" aria-label=\"728&#215;90 (6)\"><img loading=\"lazy\" decoding=\"async\" src=\"https:\/\/blogdafeira.com.br\/home\/wp-content\/uploads\/2026\/03\/728x90-6.gif\" alt=\"\"  class=\"no-lazyload\" width=\"728\" height=\"90\"  style=\"display: inline-block;\" \/><\/a><\/div><p style=\"text-align: justify;\">O famoso Beco da Energia, no centro antigo de Feira de Santana est\u00e1 com o piso novo, adequado ao Projeto Centro que pavimentou e drenou grande parte do n\u00facleo comercial da cidade, inclusive a rua Marechal ao qual os Becos do Moc\u00f3 e da Energia est\u00e3o diretamente ligados. O principal\u00a0 t\u00fanel de drenagem do centro da cidade (tunnel liner) passa no subterr\u00e2neo do Beco do Moc\u00f3.<\/p><div id=\"blogd-2287800814\" class=\"blogd-conteudo-2-mobile blogd-entity-placement\"><a href=\"https:\/\/feirenses.com.br\/\" target=\"_blank\" aria-label=\"feirenses\"><img loading=\"lazy\" decoding=\"async\" src=\"https:\/\/blogdafeira.com.br\/home\/wp-content\/uploads\/2026\/04\/feirenses.png\" alt=\"\"  srcset=\"https:\/\/blogdafeira.com.br\/home\/wp-content\/uploads\/2026\/04\/feirenses.png 300w, https:\/\/blogdafeira.com.br\/home\/wp-content\/uploads\/2026\/04\/feirenses-170x45.png 170w, https:\/\/blogdafeira.com.br\/home\/wp-content\/uploads\/2026\/04\/feirenses-280x74.png 280w\" sizes=\"(max-width: 300px) 100vw, 300px\" class=\"no-lazyload\" width=\"300\" height=\"79\"  style=\"display: inline-block;\" \/><\/a><\/div>\n<p style=\"text-align: justify;\">O Beco da Energia tem a singularidade de ter suas paredes com obras de arte grafitadas e um cen\u00e1rio arquitet\u00f4nico e social adequado a eventos de cultura de rua.\u00c9 o nascedouro do movimento &#8216;O Beco \u00c9 Nosso&#8217; idealizado e integrado pelo multi artista M\u00e1rcio Punk.<\/p>\n<div id=\"blogd-744025576\" class=\"blogd-final-post blogd-entity-placement\"><a href=\"https:\/\/www.feiradesantana.ba.leg.br\/\" target=\"_blank\" aria-label=\"BANNER-SITE-ENTREGADECHEQUE-CAMARADEFEIRA\"><img loading=\"lazy\" decoding=\"async\" src=\"https:\/\/blogdafeira.com.br\/home\/wp-content\/uploads\/2026\/03\/BANNER-SITE-ENTREGADECHEQUE-CAMARADEFEIRA.gif\" alt=\"\"  class=\"no-lazyload\" width=\"728\" height=\"90\"   \/><\/a><\/div><p style=\"text-align: justify;\">A pavimenta\u00e7\u00e3o do Beco da Energia sinaliza a disposi\u00e7\u00e3o do Poder P\u00fablico de incentivar o uso multifuncional do Beco da Energia e estimular novas a\u00e7\u00f5es culturais, inclusive num momento em que acontecer\u00e3o produ\u00e7\u00f5es audiovisuais na cidade financiadas\u00a0 por recursos\u00a0 \u00a0da Lei Paulo Gustavo que s\u00e3o da ordem de R$ 4,6 milh\u00f5es podendo chegar a 5 milh\u00f5es, segundo um movimento surgido nos \u00faltimos dias no segmento.<\/p>\n","protected":false},"excerpt":{"rendered":"<p>O famoso Beco da Energia, no centro antigo de Feira de Santana est\u00e1 com o piso novo, adequado ao Projeto Centro que pavimentou e drenou grande parte do n\u00facleo comercial da cidade, inclusive a rua Marechal ao qual os Becos do Moc\u00f3 e da Energia est\u00e3o diretamente ligados. O principal\u00a0 t\u00fanel de drenagem do centro<\/p>\n","protected":false},"author":1,"featured_media":58823,"comment_status":"open","ping_status":"open","sticky":false,"template":"","format":"standard","meta":{"jetpack_post_was_ever_published":false,"cybocfi_hide_featured_image":"","_jetpack_newsletter_access":"","_jetpack_dont_email_post_to_subs":false,"_jetpack_newsletter_tier_id":0,"_jetpack_memberships_contains_paywalled_content":false,"_jetpack_memberships_contains_paid_content":false,"footnotes":"","jetpack_publicize_message":"","jetpack_publicize_feature_enabled":true,"jetpack_social_post_already_shared":true,"jetpack_social_options":{"image_generator_settings":{"template":"highway","default_image_id":0,"font":"","enabled":false},"version":2}},"categories":[3,4,1],"tags":[],"class_list":["post-58822","post","type-post","status-publish","format-standard","has-post-thumbnail","hentry","category-cidade","category-cultura","category-raiz"],"jetpack_publicize_connections":[],"jetpack_featured_media_url":"https:\/\/blogdafeira.com.br\/home\/wp-content\/uploads\/2023\/07\/IMG_20230729_161340561_HDR-scaled.jpg","jetpack_shortlink":"https:\/\/wp.me\/p3niVf-fiK","jetpack_sharing_enabled":true,"jetpack-related-posts":[{"id":44175,"url":"https:\/\/blogdafeira.com.br\/home\/2021\/03\/16\/charles-mendes-homenageia-marcio-punk-no-beco-da-energia\/","url_meta":{"origin":58822,"position":0},"title":"Charles Mendes homenageia M\u00e1rcio Punk no Beco da Energia","author":"Blog da Feira","date":"16\/03\/2021","format":false,"excerpt":"A obra est\u00e1 aberta a todos no Beco da Energia, no centro de Feira de Santana. Uma releitura em homenagem a meu Brother Multi Artista M\u00e1rcio Punk, diz o artista pl\u00e1stico, grafiteiro, Charles Mendes, o autor. O Beco da Energia \u00e9 espa\u00e7o cultural de rua e ponto alternativo de cultura.\u2026","rel":"","context":"Em &quot;Cidade&quot;","block_context":{"text":"Cidade","link":"https:\/\/blogdafeira.com.br\/home\/categoria\/cidade\/"},"img":{"alt_text":"","src":"https:\/\/i0.wp.com\/blogdafeira.com.br\/home\/wp-content\/uploads\/2021\/03\/Screenshot_20210316-1959542.png?resize=350%2C200&ssl=1","width":350,"height":200,"srcset":"https:\/\/i0.wp.com\/blogdafeira.com.br\/home\/wp-content\/uploads\/2021\/03\/Screenshot_20210316-1959542.png?resize=350%2C200&ssl=1 1x, https:\/\/i0.wp.com\/blogdafeira.com.br\/home\/wp-content\/uploads\/2021\/03\/Screenshot_20210316-1959542.png?resize=525%2C300&ssl=1 1.5x, https:\/\/i0.wp.com\/blogdafeira.com.br\/home\/wp-content\/uploads\/2021\/03\/Screenshot_20210316-1959542.png?resize=700%2C400&ssl=1 2x"},"classes":[]},{"id":16558,"url":"https:\/\/blogdafeira.com.br\/home\/2015\/09\/07\/domingo-no-beco-da-energia-e-so-arte-e-cultura\/","url_meta":{"origin":58822,"position":1},"title":"Domingo no Beco da Energia \u00e9 s\u00f3 arte e cultura","author":"Blog da Feira","date":"07\/09\/2015","format":false,"excerpt":"A mo\u00e7a faz um turbante muito incrementado na cabe\u00e7a de M\u00e1rcio Punk, sentado na porta do bar de Cl\u00e9rcia e sua cachorrinha Pirigite (piriguete+brigite). Punk \u00e9 o idealizador disso tudo que est\u00e1 acontecendo no Beco da Energia. De uns dias pra c\u00e1 o Beco mudou. As paredes ganharam vida, cores,\u2026","rel":"","context":"Em &quot;Home&quot;","block_context":{"text":"Home","link":"https:\/\/blogdafeira.com.br\/home\/categoria\/raiz\/"},"img":{"alt_text":"marcio punkff","src":"https:\/\/i0.wp.com\/blogdafeira.com.br\/home\/wp-content\/uploads\/2015\/09\/marcio-punkff.jpg?resize=350%2C200","width":350,"height":200},"classes":[]},{"id":40910,"url":"https:\/\/blogdafeira.com.br\/home\/2020\/10\/03\/secretarios-vao-ao-beco-da-energia-e-garantem-apoio-do-governo\/","url_meta":{"origin":58822,"position":2},"title":"Secret\u00e1rios v\u00e3o ao Beco da Energia e garantem apoio do Governo","author":"Blog da Feira","date":"03\/10\/2020","format":false,"excerpt":"O projeto Novo Centro, voltado para a requalifica\u00e7\u00e3o do centro comercial de Feira de Santana, ser\u00e1 estendido tamb\u00e9m ao Beco da Energia, local emblem\u00e1tico e palco de diversas manifesta\u00e7\u00f5es culturais. As interven\u00e7\u00f5es, voltadas para revitaliza\u00e7\u00e3o do espa\u00e7o, foram discutidas pelo Governo Municipal com moradores e pessoas que trabalham ou frequentam\u2026","rel":"","context":"Em &quot;Cidade&quot;","block_context":{"text":"Cidade","link":"https:\/\/blogdafeira.com.br\/home\/categoria\/cidade\/"},"img":{"alt_text":"","src":"https:\/\/i0.wp.com\/blogdafeira.com.br\/home\/wp-content\/uploads\/2020\/10\/Projeto-dentro-do-beco-da-energia-25-09-2020-Foto-Izinaldo-Barreto-1.jpg?resize=350%2C200&ssl=1","width":350,"height":200,"srcset":"https:\/\/i0.wp.com\/blogdafeira.com.br\/home\/wp-content\/uploads\/2020\/10\/Projeto-dentro-do-beco-da-energia-25-09-2020-Foto-Izinaldo-Barreto-1.jpg?resize=350%2C200&ssl=1 1x, https:\/\/i0.wp.com\/blogdafeira.com.br\/home\/wp-content\/uploads\/2020\/10\/Projeto-dentro-do-beco-da-energia-25-09-2020-Foto-Izinaldo-Barreto-1.jpg?resize=525%2C300&ssl=1 1.5x, https:\/\/i0.wp.com\/blogdafeira.com.br\/home\/wp-content\/uploads\/2020\/10\/Projeto-dentro-do-beco-da-energia-25-09-2020-Foto-Izinaldo-Barreto-1.jpg?resize=700%2C400&ssl=1 2x, https:\/\/i0.wp.com\/blogdafeira.com.br\/home\/wp-content\/uploads\/2020\/10\/Projeto-dentro-do-beco-da-energia-25-09-2020-Foto-Izinaldo-Barreto-1.jpg?resize=1050%2C600&ssl=1 3x"},"classes":[]},{"id":58452,"url":"https:\/\/blogdafeira.com.br\/home\/2023\/06\/28\/beco-da-energia-esta-em-obras-de-revitalizacao-chegou-o-projeto-centro\/","url_meta":{"origin":58822,"position":3},"title":"Beco da Energia est\u00e1 em obras de revitaliza\u00e7\u00e3o: chegou o Projeto Centro","author":"Blog da Feira","date":"28\/06\/2023","format":false,"excerpt":"O Projeto Centro de Feira de Santana finalmente chegou ao Beco da Energia. Aguardado desde que as obras na Marechal foram iniciadas, elas avan\u00e7am pela art\u00e9ria que liga essa rua central\u00a0 ao Beco do Moc\u00f3. O Beco da Energia foi palco de um dos maiores movimentos de cultura de rua\u2026","rel":"","context":"Em &quot;Cidade&quot;","block_context":{"text":"Cidade","link":"https:\/\/blogdafeira.com.br\/home\/categoria\/cidade\/"},"img":{"alt_text":"","src":"https:\/\/i0.wp.com\/blogdafeira.com.br\/home\/wp-content\/uploads\/2023\/06\/IMG-20230628-WA00083.jpg?resize=350%2C200&ssl=1","width":350,"height":200,"srcset":"https:\/\/i0.wp.com\/blogdafeira.com.br\/home\/wp-content\/uploads\/2023\/06\/IMG-20230628-WA00083.jpg?resize=350%2C200&ssl=1 1x, https:\/\/i0.wp.com\/blogdafeira.com.br\/home\/wp-content\/uploads\/2023\/06\/IMG-20230628-WA00083.jpg?resize=525%2C300&ssl=1 1.5x, https:\/\/i0.wp.com\/blogdafeira.com.br\/home\/wp-content\/uploads\/2023\/06\/IMG-20230628-WA00083.jpg?resize=700%2C400&ssl=1 2x, https:\/\/i0.wp.com\/blogdafeira.com.br\/home\/wp-content\/uploads\/2023\/06\/IMG-20230628-WA00083.jpg?resize=1050%2C600&ssl=1 3x"},"classes":[]},{"id":71532,"url":"https:\/\/blogdafeira.com.br\/home\/2026\/03\/04\/mercado-imobiliario-chega-ao-beco-da-energia-no-centro-antigo-da-feira\/","url_meta":{"origin":58822,"position":4},"title":"Mercado imobili\u00e1rio chega ao &#8216;Beco da Energia&#8217; no centro antigo da Feira","author":"Blog da Feira","date":"04\/03\/2026","format":false,"excerpt":"Um im\u00f3vel encontra-se \u00e0 venda no Beco da Energia, um enclave em L,\u00a0 para pedestres,\u00a0 entre a Marechal e o Beco do Moc\u00f3, no centro antigo da Feira. No im\u00f3vel funcionou o bar e boate de Claudia, parceira de M\u00e1rcio Punk, Marcelo Ven\u00edcio, Elsimar Pond\u00e9, Charles Mendes, Karen Mendes e\u2026","rel":"","context":"Em &quot;Cultura&quot;","block_context":{"text":"Cultura","link":"https:\/\/blogdafeira.com.br\/home\/categoria\/cultura\/"},"img":{"alt_text":"","src":"https:\/\/i0.wp.com\/blogdafeira.com.br\/home\/wp-content\/uploads\/2026\/03\/IMG_20260302_155435883_HDR2-scaled.jpg?resize=350%2C200&ssl=1","width":350,"height":200,"srcset":"https:\/\/i0.wp.com\/blogdafeira.com.br\/home\/wp-content\/uploads\/2026\/03\/IMG_20260302_155435883_HDR2-scaled.jpg?resize=350%2C200&ssl=1 1x, https:\/\/i0.wp.com\/blogdafeira.com.br\/home\/wp-content\/uploads\/2026\/03\/IMG_20260302_155435883_HDR2-scaled.jpg?resize=525%2C300&ssl=1 1.5x, https:\/\/i0.wp.com\/blogdafeira.com.br\/home\/wp-content\/uploads\/2026\/03\/IMG_20260302_155435883_HDR2-scaled.jpg?resize=700%2C400&ssl=1 2x, https:\/\/i0.wp.com\/blogdafeira.com.br\/home\/wp-content\/uploads\/2026\/03\/IMG_20260302_155435883_HDR2-scaled.jpg?resize=1050%2C600&ssl=1 3x, https:\/\/i0.wp.com\/blogdafeira.com.br\/home\/wp-content\/uploads\/2026\/03\/IMG_20260302_155435883_HDR2-scaled.jpg?resize=1400%2C800&ssl=1 4x"},"classes":[]},{"id":43514,"url":"https:\/\/blogdafeira.com.br\/home\/2021\/02\/17\/uma-escultura-para-marcio-punk-no-beco-da-energia\/","url_meta":{"origin":58822,"position":5},"title":"Uma escultura para M\u00e1rcio Punk no Beco da Energia","author":"J\u00e2nio R\u00eago","date":"17\/02\/2021","format":false,"excerpt":"Brigitte, a cachorrinha de vestido de chita, dormita sobre a almofada e dona Cleia ao lado toma conta do neg\u00f3cio. Quem entra pelo Beco do Moco \u00e9 a primeira do lado direito. Da fachada desce um toldo com listras coloridas sobre o qual, tem tempos, cresce uma trepadeira daquelas de\u2026","rel":"","context":"Em &quot;Colunistas&quot;","block_context":{"text":"Colunistas","link":"https:\/\/blogdafeira.com.br\/home\/categoria\/colunistas\/"},"img":{"alt_text":"","src":"https:\/\/i0.wp.com\/blogdafeira.com.br\/home\/wp-content\/uploads\/2021\/02\/FB_IMG_1613749189505.jpg?resize=350%2C200&ssl=1","width":350,"height":200,"srcset":"https:\/\/i0.wp.com\/blogdafeira.com.br\/home\/wp-content\/uploads\/2021\/02\/FB_IMG_1613749189505.jpg?resize=350%2C200&ssl=1 1x, https:\/\/i0.wp.com\/blogdafeira.com.br\/home\/wp-content\/uploads\/2021\/02\/FB_IMG_1613749189505.jpg?resize=525%2C300&ssl=1 1.5x, https:\/\/i0.wp.com\/blogdafeira.com.br\/home\/wp-content\/uploads\/2021\/02\/FB_IMG_1613749189505.jpg?resize=700%2C400&ssl=1 2x"},"classes":[]}],"_links":{"self":[{"href":"https:\/\/blogdafeira.com.br\/home\/wp-json\/wp\/v2\/posts\/58822","targetHints":{"allow":["GET"]}}],"collection":[{"href":"https:\/\/blogdafeira.com.br\/home\/wp-json\/wp\/v2\/posts"}],"about":[{"href":"https:\/\/blogdafeira.com.br\/home\/wp-json\/wp\/v2\/types\/post"}],"author":[{"embeddable":true,"href":"https:\/\/blogdafeira.com.br\/home\/wp-json\/wp\/v2\/users\/1"}],"replies":[{"embeddable":true,"href":"https:\/\/blogdafeira.com.br\/home\/wp-json\/wp\/v2\/comments?post=58822"}],"version-history":[{"count":5,"href":"https:\/\/blogdafeira.com.br\/home\/wp-json\/wp\/v2\/posts\/58822\/revisions"}],"predecessor-version":[{"id":58881,"href":"https:\/\/blogdafeira.com.br\/home\/wp-json\/wp\/v2\/posts\/58822\/revisions\/58881"}],"wp:featuredmedia":[{"embeddable":true,"href":"https:\/\/blogdafeira.com.br\/home\/wp-json\/wp\/v2\/media\/58823"}],"wp:attachment":[{"href":"https:\/\/blogdafeira.com.br\/home\/wp-json\/wp\/v2\/media?parent=58822"}],"wp:term":[{"taxonomy":"category","embeddable":true,"href":"https:\/\/blogdafeira.com.br\/home\/wp-json\/wp\/v2\/categories?post=58822"},{"taxonomy":"post_tag","embeddable":true,"href":"https:\/\/blogdafeira.com.br\/home\/wp-json\/wp\/v2\/tags?post=58822"}],"curies":[{"name":"wp","href":"https:\/\/api.w.org\/{rel}","templated":true}]}}