{"id":58935,"date":"2023-08-07T19:00:33","date_gmt":"2023-08-07T22:00:33","guid":{"rendered":"https:\/\/blogdafeira.com.br\/home\/?p=58935"},"modified":"2023-10-24T00:51:19","modified_gmt":"2023-10-24T03:51:19","slug":"ze-neto-apresenta-projeto-de-duplicacao-do-contorno-de-feira-no-dia-18","status":"publish","type":"post","link":"https:\/\/blogdafeira.com.br\/home\/2023\/08\/07\/ze-neto-apresenta-projeto-de-duplicacao-do-contorno-de-feira-no-dia-18\/","title":{"rendered":"Z\u00e9 Neto apresenta projeto de duplica\u00e7\u00e3o do Contorno de Feira no dia 18"},"content":{"rendered":"<div id=\"blogd-3569565842\" class=\"blogd-fim-do-post-mobile blogd-entity-placement\" style=\"margin-left: auto;margin-right: auto;text-align: center;\"><a href=\"https:\/\/www.sefaz.feiradesantana.ba.gov.br\/\" target=\"_blank\" aria-label=\"728&#215;90 (6)\"><img loading=\"lazy\" decoding=\"async\" src=\"https:\/\/blogdafeira.com.br\/home\/wp-content\/uploads\/2026\/03\/728x90-6.gif\" alt=\"\"  class=\"no-lazyload\" width=\"728\" height=\"90\"  style=\"display: inline-block;\" \/><\/a><\/div><p>No pr\u00f3ximo dia 18, uma sexta-feira , \u00e0s 10horas, no Teatro da CDL de Feira de Santana, o deputado federal Z\u00e9 Neto, pr\u00e9 candidato do PT a Prefeitura de Feira de Santana, apresenta o projeto da \u00faltima etapa de duplica\u00e7\u00e3o do trecho da avenida do Contorno que vai do Viaduto do Cajueiro \u00e0 Cidade Nova, sa\u00edda para Serrinha.<\/p><div id=\"blogd-2447691381\" class=\"blogd-conteudo-2-mobile blogd-entity-placement\"><a href=\"https:\/\/feirenses.com.br\/\" target=\"_blank\" aria-label=\"feirenses\"><img loading=\"lazy\" decoding=\"async\" src=\"https:\/\/blogdafeira.com.br\/home\/wp-content\/uploads\/2026\/04\/feirenses.png\" alt=\"\"  srcset=\"https:\/\/blogdafeira.com.br\/home\/wp-content\/uploads\/2026\/04\/feirenses.png 300w, https:\/\/blogdafeira.com.br\/home\/wp-content\/uploads\/2026\/04\/feirenses-170x45.png 170w, https:\/\/blogdafeira.com.br\/home\/wp-content\/uploads\/2026\/04\/feirenses-280x74.png 280w\" sizes=\"(max-width: 300px) 100vw, 300px\" class=\"no-lazyload\" width=\"300\" height=\"79\"  style=\"display: inline-block;\" \/><\/a><\/div>\n<p>\u00c9 o trecho mais denso do percurso, cujo fluxo \u00e9 de 35 mil ve\u00edculos por dia. <em>Tal trecho \u00e9 o mais desafiador, dada a grande import\u00e2ncia para Feira de Santana e para o Brasil<\/em>, diz o deputado, acrescentando que foram\u00a0 inclu\u00eddos a constru\u00e7\u00e3o de 5 passarelas e 3 viadutos, na extens\u00e3o do Contorno que ser\u00e1 duplicada, para facilitar a mobilidade<\/p>\n<div id=\"blogd-2469488863\" class=\"blogd-final-post blogd-entity-placement\"><a href=\"https:\/\/www.feiradesantana.ba.leg.br\/\" target=\"_blank\" aria-label=\"BANNER-SITE-ENTREGADECHEQUE-CAMARADEFEIRA\"><img loading=\"lazy\" decoding=\"async\" src=\"https:\/\/blogdafeira.com.br\/home\/wp-content\/uploads\/2026\/03\/BANNER-SITE-ENTREGADECHEQUE-CAMARADEFEIRA.gif\" alt=\"\"  class=\"no-lazyload\" width=\"728\" height=\"90\"   \/><\/a><\/div><p>Nesta segunda-feira, 7, o deputado e aliados estiveram no escrit\u00f3rio central do DNIT em Salvador conversando sobre o projeto.<\/p>\n","protected":false},"excerpt":{"rendered":"<p>No pr\u00f3ximo dia 18, uma sexta-feira , \u00e0s 10horas, no Teatro da CDL de Feira de Santana, o deputado federal Z\u00e9 Neto, pr\u00e9 candidato do PT a Prefeitura de Feira de Santana, apresenta o projeto da \u00faltima etapa de duplica\u00e7\u00e3o do trecho da avenida do Contorno que vai do Viaduto do Cajueiro \u00e0 Cidade Nova,<\/p>\n","protected":false},"author":1,"featured_media":58936,"comment_status":"open","ping_status":"open","sticky":false,"template":"","format":"standard","meta":{"jetpack_post_was_ever_published":false,"cybocfi_hide_featured_image":"","_jetpack_newsletter_access":"","_jetpack_dont_email_post_to_subs":false,"_jetpack_newsletter_tier_id":0,"_jetpack_memberships_contains_paywalled_content":false,"_jetpack_memberships_contains_paid_content":false,"footnotes":"","jetpack_publicize_message":"","jetpack_publicize_feature_enabled":true,"jetpack_social_post_already_shared":true,"jetpack_social_options":{"image_generator_settings":{"template":"highway","default_image_id":0,"font":"","enabled":false},"version":2}},"categories":[1,631],"tags":[],"class_list":["post-58935","post","type-post","status-publish","format-standard","has-post-thumbnail","hentry","category-raiz","category-politica"],"jetpack_publicize_connections":[],"jetpack_featured_media_url":"https:\/\/blogdafeira.com.br\/home\/wp-content\/uploads\/2023\/08\/IMG-20230807-WA0074.jpg","jetpack_shortlink":"https:\/\/wp.me\/p3niVf-fkz","jetpack_sharing_enabled":true,"jetpack-related-posts":[{"id":59153,"url":"https:\/\/blogdafeira.com.br\/home\/2023\/08\/19\/duplicacao-do-contorno-preve-tres-viadutos-e-quatro-passarelas\/","url_meta":{"origin":58935,"position":0},"title":"Duplica\u00e7\u00e3o do Contorno prev\u00ea tr\u00eas viadutos e quatro passarelas","author":"Blog da Feira","date":"19\/08\/2023","format":false,"excerpt":"Na pr\u00f3xima semana o 'Projeto Geom\u00e9trico' da duplica\u00e7\u00e3o de 7km do Anel do Contorno (trecho Cajueiro-Cidade Nova) ser\u00e1 entregue ao DNIT pela empresa de engenharia contratada. O\u00a0 que foi apresentado ontem\u00a0 na CDL (C\u00e2mara de Dirigentes Lojistas) foi a \"concep\u00e7\u00e3o\" do projeto que duplica o trecho Cajueiro-Cidade Nova do Anel\u2026","rel":"","context":"Em &quot;Cidade&quot;","block_context":{"text":"Cidade","link":"https:\/\/blogdafeira.com.br\/home\/categoria\/cidade\/"},"img":{"alt_text":"","src":"https:\/\/i0.wp.com\/blogdafeira.com.br\/home\/wp-content\/uploads\/2023\/08\/IMG_20230818_1015393792-2.jpg?resize=350%2C200&ssl=1","width":350,"height":200,"srcset":"https:\/\/i0.wp.com\/blogdafeira.com.br\/home\/wp-content\/uploads\/2023\/08\/IMG_20230818_1015393792-2.jpg?resize=350%2C200&ssl=1 1x, https:\/\/i0.wp.com\/blogdafeira.com.br\/home\/wp-content\/uploads\/2023\/08\/IMG_20230818_1015393792-2.jpg?resize=525%2C300&ssl=1 1.5x, https:\/\/i0.wp.com\/blogdafeira.com.br\/home\/wp-content\/uploads\/2023\/08\/IMG_20230818_1015393792-2.jpg?resize=700%2C400&ssl=1 2x, https:\/\/i0.wp.com\/blogdafeira.com.br\/home\/wp-content\/uploads\/2023\/08\/IMG_20230818_1015393792-2.jpg?resize=1050%2C600&ssl=1 3x, https:\/\/i0.wp.com\/blogdafeira.com.br\/home\/wp-content\/uploads\/2023\/08\/IMG_20230818_1015393792-2.jpg?resize=1400%2C800&ssl=1 4x"},"classes":[]},{"id":58696,"url":"https:\/\/blogdafeira.com.br\/home\/2023\/07\/19\/em-reuniao-com-ze-neto-ministro-renan-filho-garante-recursos-para-a-duplicacao-do-contorno-e-da-br-116-norte\/","url_meta":{"origin":58935,"position":1},"title":"Ministro Renan Filho garante recursos para duplica\u00e7\u00e3o do Contorno e da 116 Norte","author":"Blog da Feira","date":"19\/07\/2023","format":false,"excerpt":"Em reuni\u00e3o com o deputado Z\u00e9 Neto (PT) e representantes do Com\u00e9rcio de Feira, o ministro dos Transportes, Renan Filho, garantiu os recursos para a duplica\u00e7\u00e3o da Avenida de Contorno (Cajueiro\/Cidade Nova); da BR 116 Norte (Feira\/Serrinha) e para finaliza\u00e7\u00e3o das obras da parte do Contorno que liga a Cidade\u2026","rel":"","context":"Em &quot;Cidade&quot;","block_context":{"text":"Cidade","link":"https:\/\/blogdafeira.com.br\/home\/categoria\/cidade\/"},"img":{"alt_text":"","src":"https:\/\/i0.wp.com\/blogdafeira.com.br\/home\/wp-content\/uploads\/2023\/07\/Imagem-do-WhatsApp-de-2023-07-19-as-19.23.57.jpg?resize=350%2C200&ssl=1","width":350,"height":200,"srcset":"https:\/\/i0.wp.com\/blogdafeira.com.br\/home\/wp-content\/uploads\/2023\/07\/Imagem-do-WhatsApp-de-2023-07-19-as-19.23.57.jpg?resize=350%2C200&ssl=1 1x, https:\/\/i0.wp.com\/blogdafeira.com.br\/home\/wp-content\/uploads\/2023\/07\/Imagem-do-WhatsApp-de-2023-07-19-as-19.23.57.jpg?resize=525%2C300&ssl=1 1.5x, https:\/\/i0.wp.com\/blogdafeira.com.br\/home\/wp-content\/uploads\/2023\/07\/Imagem-do-WhatsApp-de-2023-07-19-as-19.23.57.jpg?resize=700%2C400&ssl=1 2x, https:\/\/i0.wp.com\/blogdafeira.com.br\/home\/wp-content\/uploads\/2023\/07\/Imagem-do-WhatsApp-de-2023-07-19-as-19.23.57.jpg?resize=1050%2C600&ssl=1 3x"},"classes":[]},{"id":56406,"url":"https:\/\/blogdafeira.com.br\/home\/2023\/02\/08\/ministro-da-infraestrutura-promete-recursos-para-duplicar-anel-de-contorno\/","url_meta":{"origin":58935,"position":2},"title":"Ministro da Infraestrutura promete recursos para duplicar Anel de Contorno","author":"Blog da Feira","date":"08\/02\/2023","format":false,"excerpt":"Em reuni\u00e3o na \u00faltima ter\u00e7a (7) com o deputado federal Z\u00e9 Neto (PT), o Ministro da infraestrutura, Renan Filho, prometeu garantir os recursos necess\u00e1rios para a duplica\u00e7\u00e3o completa do Anel de Contorno e da BR-116 Norte no trecho que liga Feira\u00a0 de Santana a Serrinha. O Contorno, que integra a\u2026","rel":"","context":"Em &quot;Bahia&quot;","block_context":{"text":"Bahia","link":"https:\/\/blogdafeira.com.br\/home\/categoria\/bahia\/"},"img":{"alt_text":"","src":"https:\/\/i0.wp.com\/blogdafeira.com.br\/home\/wp-content\/uploads\/2023\/02\/renan-filho.jpg?resize=350%2C200&ssl=1","width":350,"height":200,"srcset":"https:\/\/i0.wp.com\/blogdafeira.com.br\/home\/wp-content\/uploads\/2023\/02\/renan-filho.jpg?resize=350%2C200&ssl=1 1x, https:\/\/i0.wp.com\/blogdafeira.com.br\/home\/wp-content\/uploads\/2023\/02\/renan-filho.jpg?resize=525%2C300&ssl=1 1.5x, https:\/\/i0.wp.com\/blogdafeira.com.br\/home\/wp-content\/uploads\/2023\/02\/renan-filho.jpg?resize=700%2C400&ssl=1 2x"},"classes":[]},{"id":64815,"url":"https:\/\/blogdafeira.com.br\/home\/2024\/12\/09\/duvidas-sobre-a-duplicacao-do-trecho-leste-do-anel-do-contorno-de-feira\/","url_meta":{"origin":58935,"position":3},"title":"D\u00favidas sobre a duplica\u00e7\u00e3o do trecho leste do Anel do Contorno de Feira","author":"Blog da Feira","date":"09\/12\/2024","format":false,"excerpt":"Semana passada o deputado Z\u00e9 Neto foi \u00e0s redes sociais e anunciou \"uma \u00f3tima not\u00edcia\" pra Feira, a homologa\u00e7\u00e3o da empresa que ganhou a licita\u00e7\u00e3o para fazer a t\u00e3o sonhada duplica\u00e7\u00e3o da banda leste do Anel do Contorno. A duplica\u00e7\u00e3o, a ser feita pelo Governo Federal, \u00e9 uma bandeira antiga\u2026","rel":"","context":"Em &quot;Cidade&quot;","block_context":{"text":"Cidade","link":"https:\/\/blogdafeira.com.br\/home\/categoria\/cidade\/"},"img":{"alt_text":"","src":"https:\/\/i0.wp.com\/blogdafeira.com.br\/home\/wp-content\/uploads\/2024\/07\/Feira-de-Santana-Fotos-Matheus-LandimGOVBA-2-1068x600-1.jpeg?resize=350%2C200&ssl=1","width":350,"height":200,"srcset":"https:\/\/i0.wp.com\/blogdafeira.com.br\/home\/wp-content\/uploads\/2024\/07\/Feira-de-Santana-Fotos-Matheus-LandimGOVBA-2-1068x600-1.jpeg?resize=350%2C200&ssl=1 1x, https:\/\/i0.wp.com\/blogdafeira.com.br\/home\/wp-content\/uploads\/2024\/07\/Feira-de-Santana-Fotos-Matheus-LandimGOVBA-2-1068x600-1.jpeg?resize=525%2C300&ssl=1 1.5x, https:\/\/i0.wp.com\/blogdafeira.com.br\/home\/wp-content\/uploads\/2024\/07\/Feira-de-Santana-Fotos-Matheus-LandimGOVBA-2-1068x600-1.jpeg?resize=700%2C400&ssl=1 2x, https:\/\/i0.wp.com\/blogdafeira.com.br\/home\/wp-content\/uploads\/2024\/07\/Feira-de-Santana-Fotos-Matheus-LandimGOVBA-2-1068x600-1.jpeg?resize=1050%2C600&ssl=1 3x"},"classes":[]},{"id":64929,"url":"https:\/\/blogdafeira.com.br\/home\/2024\/12\/18\/duplicacao-do-anel-do-contorno-um-projeto-que-a-populacao-precisa-conhecer-melhor\/","url_meta":{"origin":58935,"position":4},"title":"Duplica\u00e7\u00e3o do Anel do Contorno, um projeto que a popula\u00e7\u00e3o precisa conhecer melhor","author":"J\u00e2nio R\u00eago","date":"18\/12\/2024","format":false,"excerpt":"Se \u00e9 pra fazer, vamos fazer bem feito, era o jarg\u00e3o de um publicit\u00e1rio baiano que virou uma fera do marketing pol\u00edtico nos anos 80, ap\u00f3s fazer a campanha de Waldir Pires. \u00c9 assim que tem que ser pensada a duplica\u00e7\u00e3o do \u00faltimo trecho do Anel do Contorno de Feira,\u2026","rel":"","context":"Em &quot;Geral&quot;","block_context":{"text":"Geral","link":"https:\/\/blogdafeira.com.br\/home\/categoria\/geral\/"},"img":{"alt_text":"","src":"https:\/\/i0.wp.com\/blogdafeira.com.br\/home\/wp-content\/uploads\/2024\/12\/Screenshot_20241211-0819502.png?resize=350%2C200&ssl=1","width":350,"height":200,"srcset":"https:\/\/i0.wp.com\/blogdafeira.com.br\/home\/wp-content\/uploads\/2024\/12\/Screenshot_20241211-0819502.png?resize=350%2C200&ssl=1 1x, https:\/\/i0.wp.com\/blogdafeira.com.br\/home\/wp-content\/uploads\/2024\/12\/Screenshot_20241211-0819502.png?resize=525%2C300&ssl=1 1.5x, https:\/\/i0.wp.com\/blogdafeira.com.br\/home\/wp-content\/uploads\/2024\/12\/Screenshot_20241211-0819502.png?resize=700%2C400&ssl=1 2x, https:\/\/i0.wp.com\/blogdafeira.com.br\/home\/wp-content\/uploads\/2024\/12\/Screenshot_20241211-0819502.png?resize=1050%2C600&ssl=1 3x"},"classes":[]},{"id":62740,"url":"https:\/\/blogdafeira.com.br\/home\/2024\/07\/05\/dnit-admite-reestudar-locais-de-passarelas-no-projeto-de-duplicacao-do-anel-de-contorno-da-feira\/","url_meta":{"origin":58935,"position":5},"title":"DNIT admite reestudar locais de passarelas no projeto de duplica\u00e7\u00e3o do Anel de Contorno da Feira","author":"Blog da Feira","date":"05\/07\/2024","format":false,"excerpt":"Design e localiza\u00e7\u00e3o de passarelas para pedestres,especialmente a que vai atender a travessia entre a Cidade Nova e os bairros do Centen\u00e1rio e Queimadinha, a arboriza\u00e7\u00e3o e a integra\u00e7\u00e3o da drenagem da obra com o sistema j\u00e1 existente nos dois lados do Anel, foram algumas das abordagens feitas hoje na\u2026","rel":"","context":"Em &quot;Cidade&quot;","block_context":{"text":"Cidade","link":"https:\/\/blogdafeira.com.br\/home\/categoria\/cidade\/"},"img":{"alt_text":"","src":"https:\/\/i0.wp.com\/blogdafeira.com.br\/home\/wp-content\/uploads\/2024\/07\/20240705_164819.jpg?resize=350%2C200&ssl=1","width":350,"height":200,"srcset":"https:\/\/i0.wp.com\/blogdafeira.com.br\/home\/wp-content\/uploads\/2024\/07\/20240705_164819.jpg?resize=350%2C200&ssl=1 1x, https:\/\/i0.wp.com\/blogdafeira.com.br\/home\/wp-content\/uploads\/2024\/07\/20240705_164819.jpg?resize=525%2C300&ssl=1 1.5x, https:\/\/i0.wp.com\/blogdafeira.com.br\/home\/wp-content\/uploads\/2024\/07\/20240705_164819.jpg?resize=700%2C400&ssl=1 2x, https:\/\/i0.wp.com\/blogdafeira.com.br\/home\/wp-content\/uploads\/2024\/07\/20240705_164819.jpg?resize=1050%2C600&ssl=1 3x, https:\/\/i0.wp.com\/blogdafeira.com.br\/home\/wp-content\/uploads\/2024\/07\/20240705_164819.jpg?resize=1400%2C800&ssl=1 4x"},"classes":[]}],"_links":{"self":[{"href":"https:\/\/blogdafeira.com.br\/home\/wp-json\/wp\/v2\/posts\/58935","targetHints":{"allow":["GET"]}}],"collection":[{"href":"https:\/\/blogdafeira.com.br\/home\/wp-json\/wp\/v2\/posts"}],"about":[{"href":"https:\/\/blogdafeira.com.br\/home\/wp-json\/wp\/v2\/types\/post"}],"author":[{"embeddable":true,"href":"https:\/\/blogdafeira.com.br\/home\/wp-json\/wp\/v2\/users\/1"}],"replies":[{"embeddable":true,"href":"https:\/\/blogdafeira.com.br\/home\/wp-json\/wp\/v2\/comments?post=58935"}],"version-history":[{"count":1,"href":"https:\/\/blogdafeira.com.br\/home\/wp-json\/wp\/v2\/posts\/58935\/revisions"}],"predecessor-version":[{"id":58937,"href":"https:\/\/blogdafeira.com.br\/home\/wp-json\/wp\/v2\/posts\/58935\/revisions\/58937"}],"wp:featuredmedia":[{"embeddable":true,"href":"https:\/\/blogdafeira.com.br\/home\/wp-json\/wp\/v2\/media\/58936"}],"wp:attachment":[{"href":"https:\/\/blogdafeira.com.br\/home\/wp-json\/wp\/v2\/media?parent=58935"}],"wp:term":[{"taxonomy":"category","embeddable":true,"href":"https:\/\/blogdafeira.com.br\/home\/wp-json\/wp\/v2\/categories?post=58935"},{"taxonomy":"post_tag","embeddable":true,"href":"https:\/\/blogdafeira.com.br\/home\/wp-json\/wp\/v2\/tags?post=58935"}],"curies":[{"name":"wp","href":"https:\/\/api.w.org\/{rel}","templated":true}]}}