{"id":58989,"date":"2023-08-10T00:23:45","date_gmt":"2023-08-10T03:23:45","guid":{"rendered":"https:\/\/blogdafeira.com.br\/home\/?p=58989"},"modified":"2023-10-24T00:51:19","modified_gmt":"2023-10-24T03:51:19","slug":"documentario-conta-experiencia-dos-alunos-de-paulo-freire-no-rn-hoje-na-tve","status":"publish","type":"post","link":"https:\/\/blogdafeira.com.br\/home\/2023\/08\/10\/documentario-conta-experiencia-dos-alunos-de-paulo-freire-no-rn-hoje-na-tve\/","title":{"rendered":"Document\u00e1rio conta experi\u00eancia de alunos de Paulo Freire: hoje na TVE"},"content":{"rendered":"<div id=\"blogd-3152266310\" class=\"blogd-fim-do-post-mobile blogd-entity-placement\" style=\"margin-left: auto;margin-right: auto;text-align: center;\"><a href=\"https:\/\/www.sefaz.feiradesantana.ba.gov.br\/\" target=\"_blank\" aria-label=\"728&#215;90 (6)\"><img loading=\"lazy\" decoding=\"async\" src=\"https:\/\/blogdafeira.com.br\/home\/wp-content\/uploads\/2026\/03\/728x90-6.gif\" alt=\"\"  class=\"no-lazyload\" width=\"728\" height=\"90\"  style=\"display: inline-block;\" \/><\/a><\/div><p>Nesta quinta-feira (10), \u00e0s 20h, a TVE exibe o document\u00e1rio \u201840 Horas na Mem\u00f3ria: Resgate da Experi\u00eancia dos Alunos de Paulo Freire em Angicos\u2019, com dire\u00e7\u00e3o de Passos Jr. e produ\u00e7\u00e3o da Universidade Federal Rural do Semi-\u00c1rido (Ufersa). A obra traz o depoimento de 19 ex-alunos do m\u00e9todo de Paulo Freire e a experi\u00eancia que os tirou do analfabetismo.<\/p><div id=\"blogd-489066505\" class=\"blogd-conteudo-2-mobile blogd-entity-placement\"><a href=\"https:\/\/feirenses.com.br\/\" target=\"_blank\" aria-label=\"feirenses\"><img loading=\"lazy\" decoding=\"async\" src=\"https:\/\/blogdafeira.com.br\/home\/wp-content\/uploads\/2026\/04\/feirenses.png\" alt=\"\"  srcset=\"https:\/\/blogdafeira.com.br\/home\/wp-content\/uploads\/2026\/04\/feirenses.png 300w, https:\/\/blogdafeira.com.br\/home\/wp-content\/uploads\/2026\/04\/feirenses-170x45.png 170w, https:\/\/blogdafeira.com.br\/home\/wp-content\/uploads\/2026\/04\/feirenses-280x74.png 280w\" sizes=\"(max-width: 300px) 100vw, 300px\" class=\"no-lazyload\" width=\"300\" height=\"79\"  style=\"display: inline-block;\" \/><\/a><\/div>\n<p>Em 1963, h\u00e1 exatos 60 anos, foi realizado na pequena cidade de Angicos, no sert\u00e3o do Rio Grande do Norte, o programa piloto de alfabetiza\u00e7\u00e3o de jovens e adultos, sob a supervis\u00e3o e m\u00e9todo do educador Paulo Freire. A ideia, trazida de Recife pelos C\u00edrculos de Cultura, era de conseguir alfabetizar adultos de forma r\u00e1pida e barata. A entrega dos diplomas da primeira turma tiveram a presen\u00e7a do ent\u00e3o presidente, Jo\u00e3o Goulart.<\/p>\n<p>No document\u00e1rio, os ex-alunos, j\u00e1 idosos na faixa dos 70 anos, relatam o acontecimento do seu ponto de vista. Eles contam as transforma\u00e7\u00f5es que a experi\u00eancia permitiu na vida deles, como a capacidade de votar, a consci\u00eancia cidad\u00e3 e a diferen\u00e7a para as gera\u00e7\u00f5es seguintes.<\/p>\n<p><strong>Acompanhe a TVE nas redes sociais:<\/strong><\/p>\n<p><a href=\"http:\/\/instagram.com\/tvebahia\" target=\"_blank\" rel=\"noopener\" data-saferedirecturl=\"https:\/\/www.google.com\/url?q=http:\/\/instagram.com\/tvebahia&amp;source=gmail&amp;ust=1691700141133000&amp;usg=AOvVaw2_wl6yVfigAkYnMSqeU92m\">instagram.com\/tvebahia<\/a><\/p>\n<p><a href=\"http:\/\/tiktok.com\/@tvebahia\" target=\"_blank\" rel=\"noopener\" data-saferedirecturl=\"https:\/\/www.google.com\/url?q=http:\/\/tiktok.com\/@tvebahia&amp;source=gmail&amp;ust=1691700141133000&amp;usg=AOvVaw0_PmwpDpeqUO0fn4oy_wG9\">tiktok.com\/@tvebahia<\/a><\/p>\n<p><a href=\"http:\/\/facebook.com\/tvebahia\" target=\"_blank\" rel=\"noopener\" data-saferedirecturl=\"https:\/\/www.google.com\/url?q=http:\/\/facebook.com\/tvebahia&amp;source=gmail&amp;ust=1691700141133000&amp;usg=AOvVaw2VLkIHPlOMk-Xa0sAz38Iu\">facebook.com\/tvebahia<\/a><\/p>\n<p><a href=\"http:\/\/youtube.com\/tvebahia\" target=\"_blank\" rel=\"noopener\" data-saferedirecturl=\"https:\/\/www.google.com\/url?q=http:\/\/youtube.com\/tvebahia&amp;source=gmail&amp;ust=1691700141133000&amp;usg=AOvVaw33yIlDGpbCTfFVpGr69A5E\">youtube.com\/tvebahia<\/a><\/p>\n<div id=\"blogd-3093040155\" class=\"blogd-final-post blogd-entity-placement\"><a href=\"https:\/\/www.feiradesantana.ba.leg.br\/\" target=\"_blank\" aria-label=\"BANNER-SITE-ENTREGADECHEQUE-CAMARADEFEIRA\"><img loading=\"lazy\" decoding=\"async\" src=\"https:\/\/blogdafeira.com.br\/home\/wp-content\/uploads\/2026\/03\/BANNER-SITE-ENTREGADECHEQUE-CAMARADEFEIRA.gif\" alt=\"\"  class=\"no-lazyload\" width=\"728\" height=\"90\"   \/><\/a><\/div><p><a href=\"http:\/\/twitter.com\/tvebahia\" target=\"_blank\" rel=\"noopener\" data-saferedirecturl=\"https:\/\/www.google.com\/url?q=http:\/\/twitter.com\/tvebahia&amp;source=gmail&amp;ust=1691700141133000&amp;usg=AOvVaw0_utxOygUyIAY5tun-k050\">twitter.com\/tvebahia<\/a><\/p>\n","protected":false},"excerpt":{"rendered":"<p>Nesta quinta-feira (10), \u00e0s 20h, a TVE exibe o document\u00e1rio \u201840 Horas na Mem\u00f3ria: Resgate da Experi\u00eancia dos Alunos de Paulo Freire em Angicos\u2019, com dire\u00e7\u00e3o de Passos Jr. e produ\u00e7\u00e3o da Universidade Federal Rural do Semi-\u00c1rido (Ufersa). A obra traz o depoimento de 19 ex-alunos do m\u00e9todo de Paulo Freire e a experi\u00eancia que<\/p>\n","protected":false},"author":1,"featured_media":58990,"comment_status":"open","ping_status":"open","sticky":false,"template":"","format":"standard","meta":{"jetpack_post_was_ever_published":false,"cybocfi_hide_featured_image":"","_jetpack_newsletter_access":"","_jetpack_dont_email_post_to_subs":false,"_jetpack_newsletter_tier_id":0,"_jetpack_memberships_contains_paywalled_content":false,"_jetpack_memberships_contains_paid_content":false,"footnotes":"","jetpack_publicize_message":"","jetpack_publicize_feature_enabled":true,"jetpack_social_post_already_shared":true,"jetpack_social_options":{"image_generator_settings":{"template":"highway","default_image_id":0,"font":"","enabled":false},"version":2}},"categories":[4,1],"tags":[],"class_list":["post-58989","post","type-post","status-publish","format-standard","has-post-thumbnail","hentry","category-cultura","category-raiz"],"jetpack_publicize_connections":[],"jetpack_featured_media_url":"https:\/\/blogdafeira.com.br\/home\/wp-content\/uploads\/2023\/08\/unnamed.jpg","jetpack_shortlink":"https:\/\/wp.me\/p3niVf-flr","jetpack_sharing_enabled":true,"jetpack-related-posts":[{"id":32802,"url":"https:\/\/blogdafeira.com.br\/home\/2019\/09\/09\/mais-uma-expofeira-sem-show-milionario-muito-forro-e-quatro-angicos-plantados-no-parque-joao-martins\/","url_meta":{"origin":58989,"position":0},"title":"Mais uma ExpoFeira sem show milion\u00e1rio, muito forr\u00f3 e quatro angicos plantados no Parque Jo\u00e3o Martins","author":"Ascom\/irdeb","date":"09\/09\/2019","format":false,"excerpt":"Terminou neste domingo, 8, a quadrag\u00e9sima quarta(44) ExpoFeira, a exposi\u00e7ao agropecu\u00e1ria anual no Parque Jo\u00e3o Martins da Silva em Feira de Santana. Desde o ano passado a exposi\u00e7ao acontece sem os shows de cantores e bandas famosas, de cach\u00eas milion\u00e1rios que atraiam milhares de pessoas ao evento. A Prefeitura de\u2026","rel":"","context":"Em &quot;Home&quot;","block_context":{"text":"Home","link":"https:\/\/blogdafeira.com.br\/home\/categoria\/raiz\/"},"img":{"alt_text":"","src":"https:\/\/i0.wp.com\/blogdafeira.com.br\/home\/wp-content\/uploads\/2019\/09\/892019092109-346x194.jpg?resize=350%2C200","width":350,"height":200},"classes":[]},{"id":53653,"url":"https:\/\/blogdafeira.com.br\/home\/2022\/08\/06\/vida-de-euclides-teixeira-neto-em-documentario-na-tve-dr-ocride\/","url_meta":{"origin":58989,"position":1},"title":"Vida de Euclides Teixeira Neto em document\u00e1rio na TVE:  &#8220;Dr. Ocride&#8221;","author":"Ascom\/irdeb","date":"06\/08\/2022","format":false,"excerpt":"A TVE exibe, neste s\u00e1bado (06), \u00e0s 22h, o document\u00e1rio \u2018Dr. Ocride\u2019, que conta a vida pol\u00edtica e liter\u00e1ria do escritor, advogado e pol\u00edtico sulbaiano, Euclides Jos\u00e9 Teixeira Neto. Dirigido por Edson Bastos e Henrique Filho, o filme traz depoimentos de familiares, amigos e pol\u00edticos que conviveram com ele. Conhecido\u2026","rel":"","context":"Em &quot;Cultura&quot;","block_context":{"text":"Cultura","link":"https:\/\/blogdafeira.com.br\/home\/categoria\/cultura\/"},"img":{"alt_text":"","src":"https:\/\/i0.wp.com\/blogdafeira.com.br\/home\/wp-content\/uploads\/2022\/08\/unnamed-12.jpg?resize=350%2C200&ssl=1","width":350,"height":200,"srcset":"https:\/\/i0.wp.com\/blogdafeira.com.br\/home\/wp-content\/uploads\/2022\/08\/unnamed-12.jpg?resize=350%2C200&ssl=1 1x, https:\/\/i0.wp.com\/blogdafeira.com.br\/home\/wp-content\/uploads\/2022\/08\/unnamed-12.jpg?resize=525%2C300&ssl=1 1.5x"},"classes":[]},{"id":63814,"url":"https:\/\/blogdafeira.com.br\/home\/2024\/09\/16\/correios-faz-selo-especial-em-homenagem-ao-educador-paulo-freire\/","url_meta":{"origin":58989,"position":2},"title":"Correios faz selo especial em homenagem ao educador Paulo Freire","author":"Ascom\/irdeb","date":"16\/09\/2024","format":false,"excerpt":"Os Correios lan\u00e7am, na quinta-feira (19), uma emiss\u00e3o postal (selo)\u00a0 especial em homenagem a Paulo Freire. Os eventos de lan\u00e7amento do selo e do carimbo comemorativo ocorrem simultaneamente nas capitais paulista e pernambucana. Em S\u00e3o Paulo, a celebra\u00e7\u00e3o ser\u00e1 realizada na C\u00e2mara Municipal, \u00e0s 19h30. No Recife, as homenagens ganham\u2026","rel":"","context":"Em &quot;Cultura&quot;","block_context":{"text":"Cultura","link":"https:\/\/blogdafeira.com.br\/home\/categoria\/cultura\/"},"img":{"alt_text":"","src":"https:\/\/i0.wp.com\/blogdafeira.com.br\/home\/wp-content\/uploads\/2024\/09\/20240916133212484405o-1.jpg?resize=350%2C200&ssl=1","width":350,"height":200,"srcset":"https:\/\/i0.wp.com\/blogdafeira.com.br\/home\/wp-content\/uploads\/2024\/09\/20240916133212484405o-1.jpg?resize=350%2C200&ssl=1 1x, https:\/\/i0.wp.com\/blogdafeira.com.br\/home\/wp-content\/uploads\/2024\/09\/20240916133212484405o-1.jpg?resize=525%2C300&ssl=1 1.5x, https:\/\/i0.wp.com\/blogdafeira.com.br\/home\/wp-content\/uploads\/2024\/09\/20240916133212484405o-1.jpg?resize=700%2C400&ssl=1 2x"},"classes":[]},{"id":5087,"url":"https:\/\/blogdafeira.com.br\/home\/2013\/09\/17\/geilson-cobra-na-assembleia-melhoria-do-sinal-da-tve-na-regiao-de-feira\/","url_meta":{"origin":58989,"position":3},"title":"Geilson cobra na Assembleia melhoria do sinal da TVE na regi\u00e3o de Feira","author":"Ascom\/irdeb","date":"17\/09\/2013","format":false,"excerpt":"Em pronunciamento na Assembleia Legislativa nesta segunda-feira (16), o deputado estadual Carlos Geilson (PTN) cobrou melhorias no sinal da TV Educativa da Bahia na regi\u00e3o de Feira de Santana. \u201cA TVE \u00e9 uma op\u00e7\u00e3o que voc\u00ea tem de TV educativa, que traz document\u00e1rios, movimentos culturais, que s\u00e3o importantes e devemos\u2026","rel":"","context":"Em &quot;Home&quot;","block_context":{"text":"Home","link":"https:\/\/blogdafeira.com.br\/home\/categoria\/raiz\/"},"img":{"alt_text":"","src":"","width":0,"height":0},"classes":[]},{"id":47497,"url":"https:\/\/blogdafeira.com.br\/home\/2021\/09\/21\/festival-literario-de-feira-celebra-centenario-de-paulo-freire\/","url_meta":{"origin":58989,"position":4},"title":"Festival Liter\u00e1rio de Feira celebra centen\u00e1rio de Paulo Freire","author":"Ascom\/irdeb","date":"21\/09\/2021","format":false,"excerpt":"Com atividades para todas as idades, come\u00e7ou hoje (21) a 14\u00aa edi\u00e7\u00e3o da Feira do Livro \/ Festival Liter\u00e1rio e Cultural de Feira de Santana (Flifs), evento organizado pela Universidade Estadual de Feira de Santana (Uefs). A solenidade de abertura, assim como ser\u00e3o todas as demais atividades da Flifs, foi\u2026","rel":"","context":"Em &quot;Cultura&quot;","block_context":{"text":"Cultura","link":"https:\/\/blogdafeira.com.br\/home\/categoria\/cultura\/"},"img":{"alt_text":"","src":"https:\/\/i0.wp.com\/blogdafeira.com.br\/home\/wp-content\/uploads\/2021\/09\/images.png?resize=350%2C200&ssl=1","width":350,"height":200},"classes":[]},{"id":33534,"url":"https:\/\/blogdafeira.com.br\/home\/2019\/10\/28\/todo-cuidado-do-mundo-maes-de-filhos-com-zica-virus-sao-tema-de-documentario-na-tve-bahia-nesta-terca-feira\/","url_meta":{"origin":58989,"position":5},"title":"&#8220;Todo Cuidado do Mundo&#8221;: M\u00e3es de filhos com Zica V\u00edrus s\u00e3o tema de document\u00e1rio na TVE Bahia nesta ter\u00e7a-feira","author":"Ascom\/irdeb","date":"28\/10\/2019","format":false,"excerpt":"Nesta ter\u00e7a-feira (29), \u00e0s 19h, a TVE Bahia exibe o document\u00e1rio \u2018Todo Cuidado do Mundo\u2019, que d\u00e1 voz \u00e0s mulheres que tiveram seus filhos nascidos com microcefalia. O doc contou com o apoio de conte\u00fado da tese de doutorado da pesquisadora Paula de Souza Silva Freitas, \u201cAs Pol\u00edticas P\u00fablicas de\u2026","rel":"","context":"Em &quot;Home&quot;","block_context":{"text":"Home","link":"https:\/\/blogdafeira.com.br\/home\/categoria\/raiz\/"},"img":{"alt_text":"","src":"https:\/\/i0.wp.com\/blogdafeira.com.br\/home\/wp-content\/uploads\/2019\/10\/bannerOcanaldocarnaval-346x43.png?resize=350%2C200","width":350,"height":200},"classes":[]}],"_links":{"self":[{"href":"https:\/\/blogdafeira.com.br\/home\/wp-json\/wp\/v2\/posts\/58989","targetHints":{"allow":["GET"]}}],"collection":[{"href":"https:\/\/blogdafeira.com.br\/home\/wp-json\/wp\/v2\/posts"}],"about":[{"href":"https:\/\/blogdafeira.com.br\/home\/wp-json\/wp\/v2\/types\/post"}],"author":[{"embeddable":true,"href":"https:\/\/blogdafeira.com.br\/home\/wp-json\/wp\/v2\/users\/1"}],"replies":[{"embeddable":true,"href":"https:\/\/blogdafeira.com.br\/home\/wp-json\/wp\/v2\/comments?post=58989"}],"version-history":[{"count":3,"href":"https:\/\/blogdafeira.com.br\/home\/wp-json\/wp\/v2\/posts\/58989\/revisions"}],"predecessor-version":[{"id":58993,"href":"https:\/\/blogdafeira.com.br\/home\/wp-json\/wp\/v2\/posts\/58989\/revisions\/58993"}],"wp:featuredmedia":[{"embeddable":true,"href":"https:\/\/blogdafeira.com.br\/home\/wp-json\/wp\/v2\/media\/58990"}],"wp:attachment":[{"href":"https:\/\/blogdafeira.com.br\/home\/wp-json\/wp\/v2\/media?parent=58989"}],"wp:term":[{"taxonomy":"category","embeddable":true,"href":"https:\/\/blogdafeira.com.br\/home\/wp-json\/wp\/v2\/categories?post=58989"},{"taxonomy":"post_tag","embeddable":true,"href":"https:\/\/blogdafeira.com.br\/home\/wp-json\/wp\/v2\/tags?post=58989"}],"curies":[{"name":"wp","href":"https:\/\/api.w.org\/{rel}","templated":true}]}}