{"id":59336,"date":"2023-09-14T18:18:59","date_gmt":"2023-09-14T21:18:59","guid":{"rendered":"https:\/\/blogdafeira.com.br\/home\/?p=59336"},"modified":"2023-10-24T00:51:17","modified_gmt":"2023-10-24T03:51:17","slug":"seresta-da-vitoria-nunca-acabou","status":"publish","type":"post","link":"https:\/\/blogdafeira.com.br\/home\/2023\/09\/14\/seresta-da-vitoria-nunca-acabou\/","title":{"rendered":"&#8216;Seresta da Vit\u00f3ria&#8217; nunca acabou"},"content":{"rendered":"<div id=\"blogd-1438205568\" class=\"blogd-fim-do-post-mobile blogd-entity-placement\" style=\"margin-left: auto;margin-right: auto;text-align: center;\"><a href=\"https:\/\/www.sefaz.feiradesantana.ba.gov.br\/\" target=\"_blank\" aria-label=\"728&#215;90 (6)\"><img loading=\"lazy\" decoding=\"async\" src=\"https:\/\/blogdafeira.com.br\/home\/wp-content\/uploads\/2026\/03\/728x90-6.gif\" alt=\"\"  class=\"no-lazyload\" width=\"728\" height=\"90\"  style=\"display: inline-block;\" \/><\/a><\/div><p>A &#8216;Seresta da Vit\u00f3ria &#8216; nunca acabou,<br \/>\nmudou de estilo e p\u00fablico,<br \/>\nmas continua acontecendo, todos os s\u00e1bados. E \u00e9 essa &#8216;Seresta&#8217; que mant\u00e9m de p\u00e9 esse pr\u00e9dio hist\u00f3rico de Feira de Santana. A seresta\u00a0 cl\u00e1ssica resistiu at\u00e9 o in\u00edcio deste\u00a0 s\u00e9culo, com\u00a0 metais, cordas, percuss\u00e3o e cantores rom\u00e2nticos. E os frequentadores ainda subiam a escada de madeira que j\u00e1 rangia envelhecida.<\/p><div id=\"blogd-1310516482\" class=\"blogd-conteudo-2-mobile blogd-entity-placement\"><a href=\"https:\/\/feirenses.com.br\/\" target=\"_blank\" aria-label=\"feirenses\"><img loading=\"lazy\" decoding=\"async\" src=\"https:\/\/blogdafeira.com.br\/home\/wp-content\/uploads\/2026\/04\/feirenses.png\" alt=\"\"  srcset=\"https:\/\/blogdafeira.com.br\/home\/wp-content\/uploads\/2026\/04\/feirenses.png 300w, https:\/\/blogdafeira.com.br\/home\/wp-content\/uploads\/2026\/04\/feirenses-170x45.png 170w, https:\/\/blogdafeira.com.br\/home\/wp-content\/uploads\/2026\/04\/feirenses-280x74.png 280w\" sizes=\"(max-width: 300px) 100vw, 300px\" class=\"no-lazyload\" width=\"300\" height=\"79\"  style=\"display: inline-block;\" \/><\/a><\/div>\n<div id=\"blogd-658375016\" class=\"blogd-final-post blogd-entity-placement\"><a href=\"https:\/\/www.feiradesantana.ba.leg.br\/\" target=\"_blank\" aria-label=\"BANNER-SITE-ENTREGADECHEQUE-CAMARADEFEIRA\"><img loading=\"lazy\" decoding=\"async\" src=\"https:\/\/blogdafeira.com.br\/home\/wp-content\/uploads\/2026\/03\/BANNER-SITE-ENTREGADECHEQUE-CAMARADEFEIRA.gif\" alt=\"\"  class=\"no-lazyload\" width=\"728\" height=\"90\"   \/><\/a><\/div><p>O fato \u00e9 que o pr\u00e9dio continua ali na Conselheiro Franco, ativo e funcional, enquanto outros est\u00e3o ruindo, sem ru\u00eddos.<\/p>\n","protected":false},"excerpt":{"rendered":"<p>A &#8216;Seresta da Vit\u00f3ria &#8216; nunca acabou, mudou de estilo e p\u00fablico, mas continua acontecendo, todos os s\u00e1bados. E \u00e9 essa &#8216;Seresta&#8217; que mant\u00e9m de p\u00e9 esse pr\u00e9dio hist\u00f3rico de Feira de Santana. A seresta\u00a0 cl\u00e1ssica resistiu at\u00e9 o in\u00edcio deste\u00a0 s\u00e9culo, com\u00a0 metais, cordas, percuss\u00e3o e cantores rom\u00e2nticos. E os frequentadores ainda subiam a<\/p>\n","protected":false},"author":8,"featured_media":59338,"comment_status":"open","ping_status":"open","sticky":false,"template":"","format":"standard","meta":{"jetpack_post_was_ever_published":false,"cybocfi_hide_featured_image":"","_jetpack_newsletter_access":"","_jetpack_dont_email_post_to_subs":false,"_jetpack_newsletter_tier_id":0,"_jetpack_memberships_contains_paywalled_content":false,"_jetpack_memberships_contains_paid_content":false,"footnotes":"","jetpack_publicize_message":"","jetpack_publicize_feature_enabled":true,"jetpack_social_post_already_shared":true,"jetpack_social_options":{"image_generator_settings":{"template":"highway","default_image_id":0,"font":"","enabled":false},"version":2}},"categories":[592,1],"tags":[],"class_list":["post-59336","post","type-post","status-publish","format-standard","has-post-thumbnail","hentry","category-colunistas","category-raiz"],"jetpack_publicize_connections":[],"jetpack_featured_media_url":"https:\/\/blogdafeira.com.br\/home\/wp-content\/uploads\/2023\/09\/IMG_20230914_154816486_HDR-scaled.jpg","jetpack_shortlink":"https:\/\/wp.me\/p3niVf-fr2","jetpack_sharing_enabled":true,"jetpack-related-posts":[{"id":27231,"url":"https:\/\/blogdafeira.com.br\/home\/2017\/06\/26\/bando-anunciador-vai-ter-rocasound-na-sacada-do-predio-da-vitoria\/","url_meta":{"origin":59336,"position":0},"title":"Bando Anunciador vai ter Ro\u00e7aSound na sacada do pr\u00e9dio da Vit\u00f3ria","author":"Blog da Feira","date":"26\/06\/2017","format":false,"excerpt":"Avisa a Geral!!!! Esse ano com a parceria da Seresta da Vit\u00f3ria , estaremos mais uma vez na melhor festa de Rua do interior da Bahia. A sacada do pr\u00e9dio da Filarm\u00f4nica da Vit\u00f3ria ser\u00e1 nosso palco, nesse 3\u00b0ano consecutivo na festa do Bando Anunciador . Vem Meter Dan\u00e7a com\u2026","rel":"","context":"Em &quot;Home&quot;","block_context":{"text":"Home","link":"https:\/\/blogdafeira.com.br\/home\/categoria\/raiz\/"},"img":{"alt_text":"fb_img_1498500624638","src":"https:\/\/i0.wp.com\/blogdafeira.com.br\/home\/wp-content\/uploads\/2017\/06\/FB_IMG_1498500624638-563x1024.jpg?resize=350%2C200","width":350,"height":200,"srcset":"https:\/\/i0.wp.com\/blogdafeira.com.br\/home\/wp-content\/uploads\/2017\/06\/FB_IMG_1498500624638-563x1024.jpg?resize=350%2C200 1x, https:\/\/i0.wp.com\/blogdafeira.com.br\/home\/wp-content\/uploads\/2017\/06\/FB_IMG_1498500624638-563x1024.jpg?resize=525%2C300 1.5x"},"classes":[]},{"id":13926,"url":"https:\/\/blogdafeira.com.br\/home\/2014\/12\/10\/briga-juridica-envolve-o-conservado-predio-da-filarmonica-vitoria-em-feira\/","url_meta":{"origin":59336,"position":1},"title":"Briga jur\u00eddica envolve o conservado pr\u00e9dio da Filarm\u00f4nica Vit\u00f3ria em Feira","author":"Blog da Feira","date":"10\/12\/2014","format":false,"excerpt":"Uma briga jur\u00eddica envolve a Filarm\u00f4nica Vit\u00f3ria de Feira de Santana e os usu\u00e1rios do pr\u00e9dio sede da entidade que fica na avenida Conselheiro Franco, no centro da cidade, e \u00e9 um dos edif\u00edcios\u00a0antigos mais conservados que existem no centro hist\u00f3rico da cidade. A Justi\u00e7a acatou reclama\u00e7\u00e3o de s\u00f3cios da\u2026","rel":"","context":"Em &quot;Home&quot;","block_context":{"text":"Home","link":"https:\/\/blogdafeira.com.br\/home\/categoria\/raiz\/"},"img":{"alt_text":"VITORIA","src":"https:\/\/i0.wp.com\/blogdafeira.com.br\/home\/wp-content\/uploads\/2014\/12\/VITORIA.jpg?resize=350%2C200","width":350,"height":200,"srcset":"https:\/\/i0.wp.com\/blogdafeira.com.br\/home\/wp-content\/uploads\/2014\/12\/VITORIA.jpg?resize=350%2C200 1x, https:\/\/i0.wp.com\/blogdafeira.com.br\/home\/wp-content\/uploads\/2014\/12\/VITORIA.jpg?resize=525%2C300 1.5x"},"classes":[]},{"id":26800,"url":"https:\/\/blogdafeira.com.br\/home\/2017\/05\/04\/obecoenosso-faz-baile-pre-micareta-de-feira-na-sede-da-filarmonica-vitoria-nesta-sexta\/","url_meta":{"origin":59336,"position":2},"title":"OBeco\u00c9Nosso faz baile pr\u00e9-Micareta de Feira na sede da Filarm\u00f4nica Vit\u00f3ria nesta sexta","author":"Blog da Feira","date":"04\/05\/2017","format":false,"excerpt":"O movimento cultural O Beco \u00e9 Nosso inova mais uma vez e \u00a0ocupa a sede da tradicional Filarm\u00f4nica Vit\u00f3ria, no centro de Feira de Santana, e realiza um Baile Pr\u00e9 Micareta, nesta sexta feira, 5. \u00a0A concep\u00e7\u00e3o do projeto \u00e9 do artista M\u00e1rcio Punk. No pr\u00e9dio da Filarm\u00f4nnica, um dos\u2026","rel":"","context":"Em &quot;Home&quot;","block_context":{"text":"Home","link":"https:\/\/blogdafeira.com.br\/home\/categoria\/raiz\/"},"img":{"alt_text":"beco-vitoria","src":"https:\/\/i0.wp.com\/blogdafeira.com.br\/home\/wp-content\/uploads\/2017\/05\/beco-VIT%C3%93RIA.jpg?resize=350%2C200","width":350,"height":200,"srcset":"https:\/\/i0.wp.com\/blogdafeira.com.br\/home\/wp-content\/uploads\/2017\/05\/beco-VIT%C3%93RIA.jpg?resize=350%2C200 1x, https:\/\/i0.wp.com\/blogdafeira.com.br\/home\/wp-content\/uploads\/2017\/05\/beco-VIT%C3%93RIA.jpg?resize=525%2C300 1.5x"},"classes":[]},{"id":26308,"url":"https:\/\/blogdafeira.com.br\/home\/2017\/03\/28\/micareta-do-beco-e-nosso-comeca-pela-sede-da-filarmonica-vitoria-dia-5-de-maio\/","url_meta":{"origin":59336,"position":3},"title":"Micareta do Beco \u00e9 Nosso come\u00e7a pela sede da Filarm\u00f4nica Vit\u00f3ria dia 5 de maio","author":"Blog da Feira","date":"28\/03\/2017","format":false,"excerpt":"","rel":"","context":"Em &quot;Home&quot;","block_context":{"text":"Home","link":"https:\/\/blogdafeira.com.br\/home\/categoria\/raiz\/"},"img":{"alt_text":"seresta-da-vitoria","src":"https:\/\/i0.wp.com\/blogdafeira.com.br\/home\/wp-content\/uploads\/2017\/03\/SERESTA-DA-VITORIA.jpg?resize=350%2C200","width":350,"height":200},"classes":[]},{"id":52473,"url":"https:\/\/blogdafeira.com.br\/home\/2022\/05\/20\/o-santo-e-o-menino\/","url_meta":{"origin":59336,"position":4},"title":"O santo e o menino","author":"J\u00e2nio R\u00eago","date":"20\/05\/2022","format":false,"excerpt":"Ele vem sempre a Feira de Santana, desce dos carros da linha de Santo Estev\u00e3o aqui na pra\u00e7a e nunca havia prestado aten\u00e7\u00e3o naquele pedestal do \"santo com o menino\". - E quem disse a voc\u00ea que ali \u00e9 um santo?, interrompeu o mais b\u00eabado sentado no recanto da entrada\u2026","rel":"","context":"Em &quot;Colunistas&quot;","block_context":{"text":"Colunistas","link":"https:\/\/blogdafeira.com.br\/home\/categoria\/colunistas\/"},"img":{"alt_text":"","src":"https:\/\/i0.wp.com\/blogdafeira.com.br\/home\/wp-content\/uploads\/2022\/05\/IMG_20220520_155043_214.webp?resize=350%2C200&ssl=1","width":350,"height":200,"srcset":"https:\/\/i0.wp.com\/blogdafeira.com.br\/home\/wp-content\/uploads\/2022\/05\/IMG_20220520_155043_214.webp?resize=350%2C200&ssl=1 1x, https:\/\/i0.wp.com\/blogdafeira.com.br\/home\/wp-content\/uploads\/2022\/05\/IMG_20220520_155043_214.webp?resize=525%2C300&ssl=1 1.5x, https:\/\/i0.wp.com\/blogdafeira.com.br\/home\/wp-content\/uploads\/2022\/05\/IMG_20220520_155043_214.webp?resize=700%2C400&ssl=1 2x"},"classes":[]},{"id":18144,"url":"https:\/\/blogdafeira.com.br\/home\/2015\/12\/07\/filarmonica-euterpe-feirense-comemora-94-anos-de-fundacao\/","url_meta":{"origin":59336,"position":5},"title":"Filarm\u00f4nica Euterpe Feirense comemora 94 anos de funda\u00e7\u00e3o","author":"Blog da Feira","date":"07\/12\/2015","format":false,"excerpt":"Fundada em 1921, a Sociedade Filarm\u00f4nica Euterpe Feirense comemora 94 anos de exist\u00eancia no pr\u00f3ximo dia 13 de dezembro, constituindo-se num dos mais antigos, e ainda no seleto grupo de clubes sociais do pa\u00eds em a\u00e7\u00e3o. Na programa\u00e7\u00e3o comemorativa est\u00e1 prevista show de seresta no s\u00e1bado, dia 12, a partir\u2026","rel":"","context":"Em &quot;Home&quot;","block_context":{"text":"Home","link":"https:\/\/blogdafeira.com.br\/home\/categoria\/raiz\/"},"img":{"alt_text":"","src":"","width":0,"height":0},"classes":[]}],"_links":{"self":[{"href":"https:\/\/blogdafeira.com.br\/home\/wp-json\/wp\/v2\/posts\/59336","targetHints":{"allow":["GET"]}}],"collection":[{"href":"https:\/\/blogdafeira.com.br\/home\/wp-json\/wp\/v2\/posts"}],"about":[{"href":"https:\/\/blogdafeira.com.br\/home\/wp-json\/wp\/v2\/types\/post"}],"author":[{"embeddable":true,"href":"https:\/\/blogdafeira.com.br\/home\/wp-json\/wp\/v2\/users\/8"}],"replies":[{"embeddable":true,"href":"https:\/\/blogdafeira.com.br\/home\/wp-json\/wp\/v2\/comments?post=59336"}],"version-history":[{"count":1,"href":"https:\/\/blogdafeira.com.br\/home\/wp-json\/wp\/v2\/posts\/59336\/revisions"}],"predecessor-version":[{"id":59337,"href":"https:\/\/blogdafeira.com.br\/home\/wp-json\/wp\/v2\/posts\/59336\/revisions\/59337"}],"wp:featuredmedia":[{"embeddable":true,"href":"https:\/\/blogdafeira.com.br\/home\/wp-json\/wp\/v2\/media\/59338"}],"wp:attachment":[{"href":"https:\/\/blogdafeira.com.br\/home\/wp-json\/wp\/v2\/media?parent=59336"}],"wp:term":[{"taxonomy":"category","embeddable":true,"href":"https:\/\/blogdafeira.com.br\/home\/wp-json\/wp\/v2\/categories?post=59336"},{"taxonomy":"post_tag","embeddable":true,"href":"https:\/\/blogdafeira.com.br\/home\/wp-json\/wp\/v2\/tags?post=59336"}],"curies":[{"name":"wp","href":"https:\/\/api.w.org\/{rel}","templated":true}]}}