{"id":59651,"date":"2023-10-04T22:32:51","date_gmt":"2023-10-05T01:32:51","guid":{"rendered":"https:\/\/blogdafeira.com.br\/home\/?p=59651"},"modified":"2023-11-01T14:47:40","modified_gmt":"2023-11-01T17:47:40","slug":"em-ilheus-pesca-artesanal-cresce-80-com-investimento-do-governo-da-bahia","status":"publish","type":"post","link":"https:\/\/blogdafeira.com.br\/home\/2023\/10\/04\/em-ilheus-pesca-artesanal-cresce-80-com-investimento-do-governo-da-bahia\/","title":{"rendered":"Em Ilh\u00e9us, pesca artesanal cresce 80% com investimento do governo da Bahia"},"content":{"rendered":"<div id=\"blogd-3169914652\" class=\"blogd-fim-do-post-mobile blogd-entity-placement\" style=\"margin-left: auto;margin-right: auto;text-align: center;\"><a href=\"https:\/\/www.sefaz.feiradesantana.ba.gov.br\/\" target=\"_blank\" aria-label=\"728&#215;90 (6)\"><img loading=\"lazy\" decoding=\"async\" src=\"https:\/\/blogdafeira.com.br\/home\/wp-content\/uploads\/2026\/03\/728x90-6.gif\" alt=\"\"  class=\"no-lazyload\" width=\"728\" height=\"90\"  style=\"display: inline-block;\" \/><\/a><\/div><p style=\"text-align: justify;\">Com uma produ\u00e7\u00e3o anual acima de 34 mil toneladas, a Bahia \u00e9 hoje o nono estado com maior produ\u00e7\u00e3o nacional de pescado, segundo os dados do Anu\u00e1rio do Peixe BR 2023, levantamento realizado pela Associa\u00e7\u00e3o Brasileira da Piscicultura (Peixe BR). A pesca no estado \u00e9 predominantemente artesanal, e possui cerca de 130 mil pescadores cadastrados, conforme a Bahia Pesca, empresa vinculada \u00e0 Secretaria de Agricultura, Pecu\u00e1ria, Irriga\u00e7\u00e3o, Pesca e Aquicultura da Bahia \u2013 Seagri.<\/p><div id=\"blogd-94995182\" class=\"blogd-conteudo-2-mobile blogd-entity-placement\"><a href=\"https:\/\/feirenses.com.br\/\" target=\"_blank\" aria-label=\"feirenses\"><img loading=\"lazy\" decoding=\"async\" src=\"https:\/\/blogdafeira.com.br\/home\/wp-content\/uploads\/2026\/04\/feirenses.png\" alt=\"\"  srcset=\"https:\/\/blogdafeira.com.br\/home\/wp-content\/uploads\/2026\/04\/feirenses.png 300w, https:\/\/blogdafeira.com.br\/home\/wp-content\/uploads\/2026\/04\/feirenses-170x45.png 170w, https:\/\/blogdafeira.com.br\/home\/wp-content\/uploads\/2026\/04\/feirenses-280x74.png 280w\" sizes=\"(max-width: 300px) 100vw, 300px\" class=\"no-lazyload\" width=\"300\" height=\"79\"  style=\"display: inline-block;\" \/><\/a><\/div>\n<p style=\"text-align: justify;\">Em Ilh\u00e9us, munic\u00edpio localizado no litoral sul do estado da Bahia, investimentos do Governo do estado alavancaram a produ\u00e7\u00e3o artesanal\u00a0que cresceu cerca de 80% de acordo com a Companhia de Desenvolvimento e A\u00e7\u00e3o Regional (CAR) \u2013 \u00f3rg\u00e3o vinculado \u00e0 Secretaria de Desenvolvimento Rural (SDR).<\/p>\n<p style=\"text-align: justify;\">A iniciativa faz parte do projeto Bahia Produtiva, desenvolvido pela CAR-BA com cofinanciamento do Banco Mundial. O projeto busca aproximar as a\u00e7\u00f5es de pol\u00edticas p\u00fablicas a realidade local,\u00a0como explica o diretor presidente da CAR-BA, Jeandro Ribeiro.<\/p>\n<p style=\"text-align: justify;\">\u201cUma forma de entender e qualificar a pol\u00edtica p\u00fablica foi o primeiro escutar as comunidades rurais. E l\u00e1 na comunidade Lagoa Encantada \u2013 Ilh\u00e9us \u2013, foi demandado para a gente os investimentos que condizem com a realidade local. Ent\u00e3o n\u00f3s lan\u00e7amos um edital espec\u00edfico para essas \u00e1reas de conserva\u00e7\u00e3o, onde j\u00e1 existe uma pol\u00edtica estadual e municipal, determinando o que pode e o que n\u00e3o pode ser feito e ent\u00e3o, a partir desse cen\u00e1rio, foi concebido um projeto para essa comunidade Lagoa Encantada, onde esses pescadores e pescadoras receberam embarca\u00e7\u00f5es, equipamentos e apetrechos de pesca, de utens\u00edlios adaptados \u00e0 realidade local\u201d, explica.<\/p>\n<p style=\"text-align: justify;\">De acordo com o diretor-presidente da CAR, ao todo foram destinados R$ 140 milh\u00f5es para o territ\u00f3rio litoral sul do estado. Al\u00e9m dos equipamentos, os pescadores de Ilh\u00e9us, v\u00e3o contar com a instala\u00e7\u00e3o de uma f\u00e1brica de gelo na regi\u00e3o para dar suporte na produ\u00e7\u00e3o.<\/p>\n<p style=\"text-align: justify;\">Segundo a CAR-BA, al\u00e9m da pesca, o munic\u00edpio de Ilh\u00e9us se destaca em outras cadeias de produ\u00e7\u00e3o, como o cacau e a apicultura. \u201cEm 2023, come\u00e7am a se aflorar v\u00e1rios investimentos, unidade de processamento de frutos, unidade de processamento derivados do cacau, que far\u00e1 ali o chocolate tamb\u00e9m. Tudo isso come\u00e7a a aflorar nessa regi\u00e3o t\u00e3o importante j\u00e1 da Bahia, que \u00e9 a regi\u00e3o cacaueira\u201d, diz o diretor-presidente.<\/p>\n<p style=\"text-align: justify;\">Um outro munic\u00edpio que vem recebendo investimentos foi o de Canavieiras, localizado a 115 km de Ilh\u00e9us. \u201cL\u00e1 tamb\u00e9m apoiamos um projeto, com essa particularidade de ajustar a pol\u00edtica p\u00fablica a uma reserva extrativista que l\u00e1 existe e foi feita. L\u00e1 tem um investimento voltado ao turismo comunit\u00e1rio, ou seja, que enxerga a comunidade rural e quanto ela pode fazer receptivo de turistas e apresentar esse turista a realidade local dos ribeirinhos e ribeirinhas\u201d, ressalta Ribeiro.<\/p>\n<div id=\"blogd-788527604\" class=\"blogd-final-post blogd-entity-placement\"><a href=\"https:\/\/www.feiradesantana.ba.leg.br\/\" target=\"_blank\" aria-label=\"BANNER-SITE-ENTREGADECHEQUE-CAMARADEFEIRA\"><img loading=\"lazy\" decoding=\"async\" src=\"https:\/\/blogdafeira.com.br\/home\/wp-content\/uploads\/2026\/03\/BANNER-SITE-ENTREGADECHEQUE-CAMARADEFEIRA.gif\" alt=\"\"  class=\"no-lazyload\" width=\"728\" height=\"90\"   \/><\/a><\/div><p style=\"text-align: justify;\">De acordo com a CAR-BA, no estado o investimento em pol\u00edticas p\u00fablicas para agricultura familiar chega ao valor de R$ 3,5 bilh\u00f5es.<\/p>\n<p>&nbsp;<\/p>\n","protected":false},"excerpt":{"rendered":"<p>Com uma produ\u00e7\u00e3o anual acima de 34 mil toneladas, a Bahia \u00e9 hoje o nono estado com maior produ\u00e7\u00e3o nacional de pescado, segundo os dados do Anu\u00e1rio do Peixe BR 2023, levantamento realizado pela Associa\u00e7\u00e3o Brasileira da Piscicultura (Peixe BR). A pesca no estado \u00e9 predominantemente artesanal, e possui cerca de 130 mil pescadores cadastrados,<\/p>\n","protected":false},"author":1,"featured_media":59652,"comment_status":"open","ping_status":"open","sticky":false,"template":"","format":"standard","meta":{"jetpack_post_was_ever_published":false,"cybocfi_hide_featured_image":"","_jetpack_newsletter_access":"","_jetpack_dont_email_post_to_subs":false,"_jetpack_newsletter_tier_id":0,"_jetpack_memberships_contains_paywalled_content":false,"_jetpack_memberships_contains_paid_content":false,"footnotes":"","jetpack_publicize_message":"","jetpack_publicize_feature_enabled":true,"jetpack_social_post_already_shared":true,"jetpack_social_options":{"image_generator_settings":{"template":"highway","default_image_id":0,"font":"","enabled":false},"version":2}},"categories":[680,1],"tags":[],"class_list":["post-59651","post","type-post","status-publish","format-standard","has-post-thumbnail","hentry","category-bahia","category-raiz"],"jetpack_publicize_connections":[],"jetpack_featured_media_url":"https:\/\/blogdafeira.com.br\/home\/wp-content\/uploads\/2023\/10\/DSC_1865-scaled.jpg","jetpack_shortlink":"https:\/\/wp.me\/p3niVf-fw7","jetpack_sharing_enabled":true,"jetpack-related-posts":[{"id":50435,"url":"https:\/\/blogdafeira.com.br\/home\/2022\/02\/01\/cooperativa-produz-300kg-mes-de-file-de-tilapias-na-barragem-de-sobradinho\/","url_meta":{"origin":59651,"position":0},"title":"Cooperativa produz 300kg\/m\u00eas de fil\u00e9 de til\u00e1pias na barragem de Sobradinho","author":"Brasil 61","date":"01\/02\/2022","format":false,"excerpt":"O fil\u00e9 de til\u00e1pia tem excelentes qualidades nutricionais e \u00e9 vers\u00e1til na cozinha, podendo ser utilizado na elabora\u00e7\u00e3o de diversificados pratos. Ele se tornou o principal produto da\u00a0Cooperativa de Produ\u00e7\u00e3o e Comercializa\u00e7\u00e3o dos Derivados de Peixe de\u00a0Sobradinho\u00a0(Coopes), que comercializa o peixe a v\u00e1cuo, em embalagens de 1 quilo. O peixe,\u2026","rel":"","context":"Em &quot;Distritos&quot;","block_context":{"text":"Distritos","link":"https:\/\/blogdafeira.com.br\/home\/categoria\/distritos\/"},"img":{"alt_text":"","src":"https:\/\/i0.wp.com\/blogdafeira.com.br\/home\/wp-content\/uploads\/2022\/02\/WhatsApp-Image-2022-01-31-at-13.40.17-1.jpeg?resize=350%2C200&ssl=1","width":350,"height":200,"srcset":"https:\/\/i0.wp.com\/blogdafeira.com.br\/home\/wp-content\/uploads\/2022\/02\/WhatsApp-Image-2022-01-31-at-13.40.17-1.jpeg?resize=350%2C200&ssl=1 1x, https:\/\/i0.wp.com\/blogdafeira.com.br\/home\/wp-content\/uploads\/2022\/02\/WhatsApp-Image-2022-01-31-at-13.40.17-1.jpeg?resize=525%2C300&ssl=1 1.5x, https:\/\/i0.wp.com\/blogdafeira.com.br\/home\/wp-content\/uploads\/2022\/02\/WhatsApp-Image-2022-01-31-at-13.40.17-1.jpeg?resize=700%2C400&ssl=1 2x, https:\/\/i0.wp.com\/blogdafeira.com.br\/home\/wp-content\/uploads\/2022\/02\/WhatsApp-Image-2022-01-31-at-13.40.17-1.jpeg?resize=1050%2C600&ssl=1 3x"},"classes":[]},{"id":60220,"url":"https:\/\/blogdafeira.com.br\/home\/2023\/11\/29\/bahia-sem-fome-agora-e-lei-e-governo-lanca-comida-no-prato-para-20-mil-familias\/","url_meta":{"origin":59651,"position":1},"title":"&#8216;Bahia sem Fome&#8217; agora \u00e9 lei e Governo lan\u00e7a &#8220;Comida no Prato&#8221; para 20 mil fam\u00edlias","author":"Brasil 61","date":"29\/11\/2023","format":false,"excerpt":"O Governo\u00a0 do Estado sancionou, ontem,(28), a lei que criou o Programa Bahia sem Fome e anunciou diversas a\u00e7\u00f5es para impulsionar a produ\u00e7\u00e3o de alimentos, o acesso \u00e0 \u00e1gua e o combate \u00e0 fome na Bahia, por meio da Companhia de Desenvolvimento e A\u00e7\u00e3o Regional (CAR), empresa p\u00fablica\u00a0 vinculada \u00e0\u2026","rel":"","context":"Em &quot;Bahia&quot;","block_context":{"text":"Bahia","link":"https:\/\/blogdafeira.com.br\/home\/categoria\/bahia\/"},"img":{"alt_text":"","src":"https:\/\/i0.wp.com\/blogdafeira.com.br\/home\/wp-content\/uploads\/2023\/11\/Bahia-Sem-Fome-64-scaled.jpg?resize=350%2C200&ssl=1","width":350,"height":200,"srcset":"https:\/\/i0.wp.com\/blogdafeira.com.br\/home\/wp-content\/uploads\/2023\/11\/Bahia-Sem-Fome-64-scaled.jpg?resize=350%2C200&ssl=1 1x, https:\/\/i0.wp.com\/blogdafeira.com.br\/home\/wp-content\/uploads\/2023\/11\/Bahia-Sem-Fome-64-scaled.jpg?resize=525%2C300&ssl=1 1.5x, https:\/\/i0.wp.com\/blogdafeira.com.br\/home\/wp-content\/uploads\/2023\/11\/Bahia-Sem-Fome-64-scaled.jpg?resize=700%2C400&ssl=1 2x, https:\/\/i0.wp.com\/blogdafeira.com.br\/home\/wp-content\/uploads\/2023\/11\/Bahia-Sem-Fome-64-scaled.jpg?resize=1050%2C600&ssl=1 3x, https:\/\/i0.wp.com\/blogdafeira.com.br\/home\/wp-content\/uploads\/2023\/11\/Bahia-Sem-Fome-64-scaled.jpg?resize=1400%2C800&ssl=1 4x"},"classes":[]},{"id":69401,"url":"https:\/\/blogdafeira.com.br\/home\/2025\/09\/04\/soja-segue-como-a-principal-cultura-agricola-da-bahia-871-milhoes-de-toneladas\/","url_meta":{"origin":59651,"position":2},"title":"Soja segue como a principal cultura agr\u00edcola da Bahia: 8,71 milh\u00f5es de toneladas,","author":"Brasil 61","date":"04\/09\/2025","format":false,"excerpt":"Bahia deve colher quase 13,6 milh\u00f5es de toneladas de gr\u00e3os na safra 2024\/25, segundo o 11\u00ba levantamento divulgado pela Companhia Nacional de Abastecimento (Conab), divulgado na \u00faltima segunda-feira (1\u00ba). O volume representa um crescimento de 9,6% em rela\u00e7\u00e3o \u00e0 safra anterior e consolida o estado como l\u00edder regional, respondendo por\u2026","rel":"","context":"Em &quot;Economia&quot;","block_context":{"text":"Economia","link":"https:\/\/blogdafeira.com.br\/home\/categoria\/economia\/"},"img":{"alt_text":"","src":"https:\/\/i0.wp.com\/blogdafeira.com.br\/home\/wp-content\/uploads\/2025\/09\/Soja_foto_Divulgacao_SeagriBA.jpeg?resize=350%2C200&ssl=1","width":350,"height":200,"srcset":"https:\/\/i0.wp.com\/blogdafeira.com.br\/home\/wp-content\/uploads\/2025\/09\/Soja_foto_Divulgacao_SeagriBA.jpeg?resize=350%2C200&ssl=1 1x, https:\/\/i0.wp.com\/blogdafeira.com.br\/home\/wp-content\/uploads\/2025\/09\/Soja_foto_Divulgacao_SeagriBA.jpeg?resize=525%2C300&ssl=1 1.5x, https:\/\/i0.wp.com\/blogdafeira.com.br\/home\/wp-content\/uploads\/2025\/09\/Soja_foto_Divulgacao_SeagriBA.jpeg?resize=700%2C400&ssl=1 2x"},"classes":[]},{"id":43261,"url":"https:\/\/blogdafeira.com.br\/home\/2021\/02\/04\/vereador-cobra-da-embasa-despoluicao-dos-rios-jacuipe-paraguacu\/","url_meta":{"origin":59651,"position":3},"title":"Vereador cobra da Embasa despolui\u00e7\u00e3o dos rios Jacu\u00edpe e Paragua\u00e7u","author":"Brasil 61","date":"04\/02\/2021","format":false,"excerpt":"O que a Embasa, estatal respons\u00e1vel pelo abastecimento de \u00e1gua e esgotamento sanit\u00e1rio em Feira de Santana, est\u00e1 fazendo pela recupera\u00e7\u00e3o dos rios Jacu\u00edpe e Paragua\u00e7u, que alimenta o Lago de Pedra do Cavalo? O questionamento \u00e9 do vereador Jurandy Carvalho (PL), preocupado com o futuro desses mananciais. Pedra do\u2026","rel":"","context":"Em &quot;Bahia&quot;","block_context":{"text":"Bahia","link":"https:\/\/blogdafeira.com.br\/home\/categoria\/bahia\/"},"img":{"alt_text":"","src":"https:\/\/i0.wp.com\/blogdafeira.com.br\/home\/wp-content\/uploads\/2021\/02\/Screenshot_20210204-1527172.png?resize=350%2C200&ssl=1","width":350,"height":200,"srcset":"https:\/\/i0.wp.com\/blogdafeira.com.br\/home\/wp-content\/uploads\/2021\/02\/Screenshot_20210204-1527172.png?resize=350%2C200&ssl=1 1x, https:\/\/i0.wp.com\/blogdafeira.com.br\/home\/wp-content\/uploads\/2021\/02\/Screenshot_20210204-1527172.png?resize=525%2C300&ssl=1 1.5x"},"classes":[]},{"id":64108,"url":"https:\/\/blogdafeira.com.br\/home\/2024\/10\/04\/agricultura-familiar-recolocou-a-bahia-como-lider-na-producao-de-cacau\/","url_meta":{"origin":59651,"position":4},"title":"Agricultura familiar recolocou a Bahia como l\u00edder na produ\u00e7\u00e3o de cacau","author":"Brasil 61","date":"04\/10\/2024","format":false,"excerpt":"Cerca de 80% dos estabelecimentos rurais dedicados ao cultivo do cacau na Bahia s\u00e3o da agricultura familiar. Esses agricultores foram\u00a0 os\u00a0 grandes respons\u00e1veis pelo retorno da Bahia \u00e0 lideran\u00e7a nacional na produ\u00e7\u00e3o de cacau, superando o estado do Par\u00e1 em 2023, com uma produ\u00e7\u00e3o de 139.011 toneladas de am\u00eandoas, segundo\u2026","rel":"","context":"Em &quot;Economia&quot;","block_context":{"text":"Economia","link":"https:\/\/blogdafeira.com.br\/home\/categoria\/economia\/"},"img":{"alt_text":"","src":"https:\/\/i0.wp.com\/blogdafeira.com.br\/home\/wp-content\/uploads\/2024\/10\/WhatsApp-Image-2024-10-01-at-16.44.291-900x600-1.jpeg?resize=350%2C200&ssl=1","width":350,"height":200,"srcset":"https:\/\/i0.wp.com\/blogdafeira.com.br\/home\/wp-content\/uploads\/2024\/10\/WhatsApp-Image-2024-10-01-at-16.44.291-900x600-1.jpeg?resize=350%2C200&ssl=1 1x, https:\/\/i0.wp.com\/blogdafeira.com.br\/home\/wp-content\/uploads\/2024\/10\/WhatsApp-Image-2024-10-01-at-16.44.291-900x600-1.jpeg?resize=525%2C300&ssl=1 1.5x, https:\/\/i0.wp.com\/blogdafeira.com.br\/home\/wp-content\/uploads\/2024\/10\/WhatsApp-Image-2024-10-01-at-16.44.291-900x600-1.jpeg?resize=700%2C400&ssl=1 2x"},"classes":[]},{"id":62026,"url":"https:\/\/blogdafeira.com.br\/home\/2024\/05\/02\/governo-do-estado-prorroga-prazo-para-a-inscricao-no-edital-bahia-sem-fome\/","url_meta":{"origin":59651,"position":5},"title":"Governo do Estado prorroga prazo para a inscri\u00e7\u00e3o no edital Bahia Sem Fome","author":"Brasil 61","date":"02\/05\/2024","format":false,"excerpt":"\u00a0 O Governo do Estado da Bahia estendeu, at\u00e9 o dia 6 de maio de 2024, o prazo para inscri\u00e7\u00f5es no Edital Bahia Sem Fome \u2013 \u00c1gua para Produ\u00e7\u00e3o de Alimentos e Dessedenta\u00e7\u00e3o Animal. Essa medida visa ampliar o acesso \u00e0 \u00e1gua para a produ\u00e7\u00e3o de alimentos e dessedenta\u00e7\u00e3o animal\u2026","rel":"","context":"Em &quot;Bahia&quot;","block_context":{"text":"Bahia","link":"https:\/\/blogdafeira.com.br\/home\/categoria\/bahia\/"},"img":{"alt_text":"","src":"https:\/\/i0.wp.com\/blogdafeira.com.br\/home\/wp-content\/uploads\/2024\/05\/WhatsApp-Image-2024-04-26-at-12.07.44-2-1068x712-1.jpeg?resize=350%2C200&ssl=1","width":350,"height":200,"srcset":"https:\/\/i0.wp.com\/blogdafeira.com.br\/home\/wp-content\/uploads\/2024\/05\/WhatsApp-Image-2024-04-26-at-12.07.44-2-1068x712-1.jpeg?resize=350%2C200&ssl=1 1x, https:\/\/i0.wp.com\/blogdafeira.com.br\/home\/wp-content\/uploads\/2024\/05\/WhatsApp-Image-2024-04-26-at-12.07.44-2-1068x712-1.jpeg?resize=525%2C300&ssl=1 1.5x, https:\/\/i0.wp.com\/blogdafeira.com.br\/home\/wp-content\/uploads\/2024\/05\/WhatsApp-Image-2024-04-26-at-12.07.44-2-1068x712-1.jpeg?resize=700%2C400&ssl=1 2x, https:\/\/i0.wp.com\/blogdafeira.com.br\/home\/wp-content\/uploads\/2024\/05\/WhatsApp-Image-2024-04-26-at-12.07.44-2-1068x712-1.jpeg?resize=1050%2C600&ssl=1 3x"},"classes":[]}],"_links":{"self":[{"href":"https:\/\/blogdafeira.com.br\/home\/wp-json\/wp\/v2\/posts\/59651","targetHints":{"allow":["GET"]}}],"collection":[{"href":"https:\/\/blogdafeira.com.br\/home\/wp-json\/wp\/v2\/posts"}],"about":[{"href":"https:\/\/blogdafeira.com.br\/home\/wp-json\/wp\/v2\/types\/post"}],"author":[{"embeddable":true,"href":"https:\/\/blogdafeira.com.br\/home\/wp-json\/wp\/v2\/users\/1"}],"replies":[{"embeddable":true,"href":"https:\/\/blogdafeira.com.br\/home\/wp-json\/wp\/v2\/comments?post=59651"}],"version-history":[{"count":1,"href":"https:\/\/blogdafeira.com.br\/home\/wp-json\/wp\/v2\/posts\/59651\/revisions"}],"predecessor-version":[{"id":59653,"href":"https:\/\/blogdafeira.com.br\/home\/wp-json\/wp\/v2\/posts\/59651\/revisions\/59653"}],"wp:featuredmedia":[{"embeddable":true,"href":"https:\/\/blogdafeira.com.br\/home\/wp-json\/wp\/v2\/media\/59652"}],"wp:attachment":[{"href":"https:\/\/blogdafeira.com.br\/home\/wp-json\/wp\/v2\/media?parent=59651"}],"wp:term":[{"taxonomy":"category","embeddable":true,"href":"https:\/\/blogdafeira.com.br\/home\/wp-json\/wp\/v2\/categories?post=59651"},{"taxonomy":"post_tag","embeddable":true,"href":"https:\/\/blogdafeira.com.br\/home\/wp-json\/wp\/v2\/tags?post=59651"}],"curies":[{"name":"wp","href":"https:\/\/api.w.org\/{rel}","templated":true}]}}