{"id":5970,"date":"2013-11-08T17:00:27","date_gmt":"2013-11-08T19:00:27","guid":{"rendered":"http:\/\/blogdafeira.com.br\/home\/?p=5970"},"modified":"2013-11-08T17:00:27","modified_gmt":"2013-11-08T19:00:27","slug":"expectativa-de-segundo-turno-na-eleicao-do-ped-do-pt-em-feira","status":"publish","type":"post","link":"https:\/\/blogdafeira.com.br\/home\/2013\/11\/08\/expectativa-de-segundo-turno-na-eleicao-do-ped-do-pt-em-feira\/","title":{"rendered":"Expectativa de  &#8216;segundo turno&#8217; na elei\u00e7\u00e3o do PED do PT em Feira"},"content":{"rendered":"<div id=\"blogd-1968230008\" class=\"blogd-fim-do-post-mobile blogd-entity-placement\" style=\"margin-left: auto;margin-right: auto;text-align: center;\"><a href=\"https:\/\/www.sefaz.feiradesantana.ba.gov.br\/\" target=\"_blank\" aria-label=\"728&#215;90 (6)\"><img loading=\"lazy\" decoding=\"async\" src=\"https:\/\/blogdafeira.com.br\/home\/wp-content\/uploads\/2026\/03\/728x90-6.gif\" alt=\"\"  class=\"no-lazyload\" width=\"728\" height=\"90\"  style=\"display: inline-block;\" \/><\/a><\/div><p><a href=\"http:\/\/blogdafeira.com.br\/home\/?attachment_id=5975\" rel=\"attachment wp-att-5975\"><img loading=\"lazy\" decoding=\"async\" class=\"aligncenter size-full wp-image-5975\" alt=\"jaime\" src=\"http:\/\/blogdafeira.com.br\/home\/wp-content\/uploads\/2013\/11\/jaime.jpg\" width=\"640\" height=\"426\" srcset=\"https:\/\/blogdafeira.com.br\/home\/wp-content\/uploads\/2013\/11\/jaime.jpg 640w, https:\/\/blogdafeira.com.br\/home\/wp-content\/uploads\/2013\/11\/jaime-170x113.jpg 170w, https:\/\/blogdafeira.com.br\/home\/wp-content\/uploads\/2013\/11\/jaime-346x230.jpg 346w\" sizes=\"auto, (max-width: 640px) 100vw, 640px\" \/><\/a>Em Feira de Santana tr\u00eas chapas ou correntes do PT disputam a Presid\u00eancia do partido no munic\u00edpio.<\/p><div id=\"blogd-2644126433\" class=\"blogd-conteudo-2-mobile blogd-entity-placement\"><a href=\"https:\/\/feirenses.com.br\/\" target=\"_blank\" aria-label=\"feirenses\"><img loading=\"lazy\" decoding=\"async\" src=\"https:\/\/blogdafeira.com.br\/home\/wp-content\/uploads\/2026\/04\/feirenses.png\" alt=\"\"  srcset=\"https:\/\/blogdafeira.com.br\/home\/wp-content\/uploads\/2026\/04\/feirenses.png 300w, https:\/\/blogdafeira.com.br\/home\/wp-content\/uploads\/2026\/04\/feirenses-170x45.png 170w, https:\/\/blogdafeira.com.br\/home\/wp-content\/uploads\/2026\/04\/feirenses-280x74.png 280w\" sizes=\"(max-width: 300px) 100vw, 300px\" class=\"no-lazyload\" width=\"300\" height=\"79\"  style=\"display: inline-block;\" \/><\/a><\/div>\n<p>A Presid\u00eancia do PT de Feira \u00e9 \u00a0hoje exercida pelo engenheiro Jaime Cruz, um quadro hist\u00f3rico do petismo baiano, \u00a0reconhecido pelo perfil de &#8216;apaziaguador e equilibrado&#8217;.<\/p>\n<div id=\"blogd-3201739599\" class=\"blogd-final-post blogd-entity-placement\"><a href=\"https:\/\/www.feiradesantana.ba.leg.br\/\" target=\"_blank\" aria-label=\"BANNER-SITE-ENTREGADECHEQUE-CAMARADEFEIRA\"><img loading=\"lazy\" decoding=\"async\" src=\"https:\/\/blogdafeira.com.br\/home\/wp-content\/uploads\/2026\/03\/BANNER-SITE-ENTREGADECHEQUE-CAMARADEFEIRA.gif\" alt=\"\"  class=\"no-lazyload\" width=\"728\" height=\"90\"   \/><\/a><\/div><p>Com tr\u00eas chapas inscritas, o Processo de Elei\u00e7\u00e3o Direta do PT, acontece neste s\u00e1bado com a expectativa de acontecer um &#8216;segundo turno&#8217;, caso seja mantida a candidato de Gilson.<\/p>\n","protected":false},"excerpt":{"rendered":"<p>Em Feira de Santana tr\u00eas chapas ou correntes do PT disputam a Presid\u00eancia do partido no munic\u00edpio. A Presid\u00eancia do PT de Feira \u00e9 \u00a0hoje exercida pelo engenheiro Jaime Cruz, um quadro hist\u00f3rico do petismo baiano, \u00a0reconhecido pelo perfil de &#8216;apaziaguador e equilibrado&#8217;. Com tr\u00eas chapas inscritas, o Processo de Elei\u00e7\u00e3o Direta do PT, acontece<\/p>\n","protected":false},"author":1,"featured_media":0,"comment_status":"closed","ping_status":"closed","sticky":false,"template":"","format":"standard","meta":{"jetpack_post_was_ever_published":false,"cybocfi_hide_featured_image":"","_jetpack_newsletter_access":"","_jetpack_dont_email_post_to_subs":false,"_jetpack_newsletter_tier_id":0,"_jetpack_memberships_contains_paywalled_content":false,"_jetpack_memberships_contains_paid_content":false,"footnotes":"","jetpack_publicize_message":"","jetpack_publicize_feature_enabled":true,"jetpack_social_post_already_shared":true,"jetpack_social_options":{"image_generator_settings":{"template":"highway","default_image_id":0,"font":"","enabled":false},"version":2}},"categories":[1],"tags":[],"class_list":["post-5970","post","type-post","status-publish","format-standard","hentry","category-raiz"],"jetpack_publicize_connections":[],"jetpack_featured_media_url":"","jetpack_shortlink":"https:\/\/wp.me\/p3niVf-1yi","jetpack_sharing_enabled":true,"jetpack-related-posts":[{"id":26473,"url":"https:\/\/blogdafeira.com.br\/home\/2017\/04\/09\/pt-de-feira-faz-eleicao-com-502-votantes-e-segundo-turno-vai-ser-no-dia-30\/","url_meta":{"origin":5970,"position":0},"title":"PT de Feira faz elei\u00e7\u00e3o com 502 votantes e segundo turno vai ser no dia 30","author":"Blog da Feira","date":"09\/04\/2017","format":false,"excerpt":"O Partido dos Trabalhadores (PT) de Feira de Santana realizou neste domingo o primeiro turno para eleger o novo Diret\u00f3rio Municipal do partido. Tr\u00eas chapas concorreram. A chapa encabe\u00e7ada por Ivannide Santa B\u00e1rbara foi a mais votada e \u00a0obteve 219 votos, contra 212 de Gerinaldo Costa e 65 de Jaime\u2026","rel":"","context":"Em &quot;Home&quot;","block_context":{"text":"Home","link":"https:\/\/blogdafeira.com.br\/home\/categoria\/raiz\/"},"img":{"alt_text":"ivanide-santa-barbara","src":"https:\/\/i0.wp.com\/blogdafeira.com.br\/home\/wp-content\/uploads\/2017\/03\/ivanide-santa-barbara-346x230.jpg?resize=350%2C200","width":350,"height":200},"classes":[]},{"id":26438,"url":"https:\/\/blogdafeira.com.br\/home\/2017\/04\/05\/domingo-o-pt-de-feira-escolhe-gerinaldo-jaime-cruz-ou-ivanide-para-presidente\/","url_meta":{"origin":5970,"position":1},"title":"PT de Feira escolhe Gerinaldo, Jaime Cruz ou Ivanide para Presidente","author":"Blog da Feira","date":"05\/04\/2017","format":false,"excerpt":"O ex-presidente do PT de Feira, engenheiro Jaime Cruz tamb\u00e9m \u00e9 candidato a presidente do partido. \u00a0Ele foi o \u00faltimo a se inscrever e vai concorrer com Gerinaldo Costa e Ivanide Santa B\u00e1rbara. A elei\u00e7\u00e3o acontece neste domingo, dia 9, \u00a0no Col\u00e9gio Estadual Luiz Eduardo Magalh\u00e3es. Primeiro houve uma tentativa\u2026","rel":"","context":"Em &quot;Home&quot;","block_context":{"text":"Home","link":"https:\/\/blogdafeira.com.br\/home\/categoria\/raiz\/"},"img":{"alt_text":"jaime cruz","src":"https:\/\/i0.wp.com\/blogdafeira.com.br\/home\/wp-content\/uploads\/2014\/03\/jaime-cruz.jpg?resize=350%2C200","width":350,"height":200,"srcset":"https:\/\/i0.wp.com\/blogdafeira.com.br\/home\/wp-content\/uploads\/2014\/03\/jaime-cruz.jpg?resize=350%2C200 1x, https:\/\/i0.wp.com\/blogdafeira.com.br\/home\/wp-content\/uploads\/2014\/03\/jaime-cruz.jpg?resize=525%2C300 1.5x"},"classes":[]},{"id":67226,"url":"https:\/\/blogdafeira.com.br\/home\/2025\/05\/13\/jeronimo-e-ze-neto-sao-adversarios-na-eleicao-para-a-presidencia-do-pt-de-feira\/","url_meta":{"origin":5970,"position":2},"title":"Jer\u00f4nimo e Z\u00e9 Neto s\u00e3o advers\u00e1rios na elei\u00e7\u00e3o para a presid\u00eancia do PT de Feira","author":"Blog da Feira","date":"13\/05\/2025","format":false,"excerpt":"O vereador feirense\u00a0 Ivamberg Lima, do PT, quer ser tamb\u00e9m presidente do seu partido no Munic\u00edpio, que tem o segundo maior col\u00e9gio eleitoral da Bahia. Ivamberg \u00e9 do grupo pr\u00f3ximo do deputado federal\u00a0 Z\u00e9 Neto que controla o partido e polariza seu nome com Z\u00e9 Ronaldo h\u00e1 cerca de 20\u2026","rel":"","context":"Em &quot;Home&quot;","block_context":{"text":"Home","link":"https:\/\/blogdafeira.com.br\/home\/categoria\/raiz\/"},"img":{"alt_text":"","src":"https:\/\/i0.wp.com\/blogdafeira.com.br\/home\/wp-content\/uploads\/2025\/05\/InShot_20250513_101735822.jpg?resize=350%2C200&ssl=1","width":350,"height":200,"srcset":"https:\/\/i0.wp.com\/blogdafeira.com.br\/home\/wp-content\/uploads\/2025\/05\/InShot_20250513_101735822.jpg?resize=350%2C200&ssl=1 1x, https:\/\/i0.wp.com\/blogdafeira.com.br\/home\/wp-content\/uploads\/2025\/05\/InShot_20250513_101735822.jpg?resize=525%2C300&ssl=1 1.5x, https:\/\/i0.wp.com\/blogdafeira.com.br\/home\/wp-content\/uploads\/2025\/05\/InShot_20250513_101735822.jpg?resize=700%2C400&ssl=1 2x, https:\/\/i0.wp.com\/blogdafeira.com.br\/home\/wp-content\/uploads\/2025\/05\/InShot_20250513_101735822.jpg?resize=1050%2C600&ssl=1 3x, https:\/\/i0.wp.com\/blogdafeira.com.br\/home\/wp-content\/uploads\/2025\/05\/InShot_20250513_101735822.jpg?resize=1400%2C800&ssl=1 4x"},"classes":[]},{"id":12607,"url":"https:\/\/blogdafeira.com.br\/home\/2014\/09\/29\/rui-costa-aposta-em-virada-no-primeiro-turno-da-eleicao-na-bahia\/","url_meta":{"origin":5970,"position":3},"title":"Rui Costa aposta em &#8216;virada&#8217; no primeiro turno da elei\u00e7\u00e3o na Bahia","author":"Blog da Feira","date":"29\/09\/2014","format":false,"excerpt":"Confiante que a elei\u00e7\u00e3o ser\u00e1 decidida de forma favor\u00e1vel a sua chapa logo no primeiro turno, o governista Rui Costa (PT), em entrevista exclusiva \u00e0\u00a0Tribuna, falou de tudo: movimenta\u00e7\u00e3o da reta final, campanha presidencial e o envolvimento de seu nome no esc\u00e2ndalo do Instituto Brasil. O petista se defendeu, disse\u2026","rel":"","context":"Em &quot;Home&quot;","block_context":{"text":"Home","link":"https:\/\/blogdafeira.com.br\/home\/categoria\/raiz\/"},"img":{"alt_text":"","src":"","width":0,"height":0},"classes":[]},{"id":32337,"url":"https:\/\/blogdafeira.com.br\/home\/2019\/08\/09\/tres-correntes-disputam-a-presidencia-do-pt-de-feira-em-setembro\/","url_meta":{"origin":5970,"position":4},"title":"Tr\u00eas &#8216;correntes&#8217; disputam a presid\u00eancia do PT de Feira em setembro","author":"J\u00e2nio R\u00eago","date":"09\/08\/2019","format":false,"excerpt":"Quando setembro chegar acontece a elei\u00e7\u00e3o para o diret\u00f3rio municipal do Partido dos Trabalhadores (PT) em Feira de Santana e o partido tem, at\u00e9 agora, pelo menos tr\u00eas candidaturas j\u00e1 colocadas para substituir a atual diretoria que \u00e9 encabe\u00e7ada por Ivanide Santa B\u00e1rbara. Ivanide lan\u00e7ou o nome de Adriano Costa\u2026","rel":"","context":"Em &quot;Home&quot;","block_context":{"text":"Home","link":"https:\/\/blogdafeira.com.br\/home\/categoria\/raiz\/"},"img":{"alt_text":"","src":"https:\/\/i0.wp.com\/blogdafeira.com.br\/home\/wp-content\/uploads\/2019\/08\/20190805_101633.jpg?resize=350%2C200","width":350,"height":200,"srcset":"https:\/\/i0.wp.com\/blogdafeira.com.br\/home\/wp-content\/uploads\/2019\/08\/20190805_101633.jpg?resize=350%2C200 1x, https:\/\/i0.wp.com\/blogdafeira.com.br\/home\/wp-content\/uploads\/2019\/08\/20190805_101633.jpg?resize=525%2C300 1.5x, https:\/\/i0.wp.com\/blogdafeira.com.br\/home\/wp-content\/uploads\/2019\/08\/20190805_101633.jpg?resize=700%2C400 2x, https:\/\/i0.wp.com\/blogdafeira.com.br\/home\/wp-content\/uploads\/2019\/08\/20190805_101633.jpg?resize=1050%2C600 3x, https:\/\/i0.wp.com\/blogdafeira.com.br\/home\/wp-content\/uploads\/2019\/08\/20190805_101633.jpg?resize=1400%2C800 4x"},"classes":[]},{"id":4695,"url":"https:\/\/blogdafeira.com.br\/home\/2013\/09\/02\/eleicao-do-pt-em-feira-vai-medir-o-poder-de-fogo-de-ze-neto\/","url_meta":{"origin":5970,"position":5},"title":"Elei\u00e7\u00e3o do PT em Feira vai medir o &#8216;poder de fogo&#8217; de Z\u00e9 Neto","author":"Blog da Feira","date":"02\/09\/2013","format":false,"excerpt":"O Processo de Elei\u00e7\u00e3o Direta (PED) do PT em Feira de Santana, que acontece neste m\u00eas de setembro,vai revelar a quantas anda a for\u00e7a pol\u00edtica do deputado Z\u00e9 Neto no munic\u00edpio. Rec\u00e9m sa\u00eddo de uma 'arenga' com o vereador feirense Pablo Roberto, que chegou a conclamar os petistas contra o\u2026","rel":"","context":"Em &quot;Home&quot;","block_context":{"text":"Home","link":"https:\/\/blogdafeira.com.br\/home\/categoria\/raiz\/"},"img":{"alt_text":"","src":"","width":0,"height":0},"classes":[]}],"_links":{"self":[{"href":"https:\/\/blogdafeira.com.br\/home\/wp-json\/wp\/v2\/posts\/5970","targetHints":{"allow":["GET"]}}],"collection":[{"href":"https:\/\/blogdafeira.com.br\/home\/wp-json\/wp\/v2\/posts"}],"about":[{"href":"https:\/\/blogdafeira.com.br\/home\/wp-json\/wp\/v2\/types\/post"}],"author":[{"embeddable":true,"href":"https:\/\/blogdafeira.com.br\/home\/wp-json\/wp\/v2\/users\/1"}],"replies":[{"embeddable":true,"href":"https:\/\/blogdafeira.com.br\/home\/wp-json\/wp\/v2\/comments?post=5970"}],"version-history":[{"count":2,"href":"https:\/\/blogdafeira.com.br\/home\/wp-json\/wp\/v2\/posts\/5970\/revisions"}],"predecessor-version":[{"id":5976,"href":"https:\/\/blogdafeira.com.br\/home\/wp-json\/wp\/v2\/posts\/5970\/revisions\/5976"}],"wp:attachment":[{"href":"https:\/\/blogdafeira.com.br\/home\/wp-json\/wp\/v2\/media?parent=5970"}],"wp:term":[{"taxonomy":"category","embeddable":true,"href":"https:\/\/blogdafeira.com.br\/home\/wp-json\/wp\/v2\/categories?post=5970"},{"taxonomy":"post_tag","embeddable":true,"href":"https:\/\/blogdafeira.com.br\/home\/wp-json\/wp\/v2\/tags?post=5970"}],"curies":[{"name":"wp","href":"https:\/\/api.w.org\/{rel}","templated":true}]}}