{"id":59806,"date":"2023-10-24T00:43:27","date_gmt":"2023-10-24T03:43:27","guid":{"rendered":"https:\/\/blogdafeira.com.br\/home\/?p=59806"},"modified":"2023-11-22T14:02:15","modified_gmt":"2023-11-22T17:02:15","slug":"medicos-vao-receber-comenda-maria-quiteria-na-camara-de-vereadores","status":"publish","type":"post","link":"https:\/\/blogdafeira.com.br\/home\/2023\/10\/24\/medicos-vao-receber-comenda-maria-quiteria-na-camara-de-vereadores\/","title":{"rendered":"M\u00e9dicos v\u00e3o receber Comenda Maria Quit\u00e9ria na C\u00e2mara de Vereadores"},"content":{"rendered":"<div id=\"blogd-1032664638\" class=\"blogd-fim-do-post-mobile blogd-entity-placement\" style=\"margin-left: auto;margin-right: auto;text-align: center;\"><a href=\"https:\/\/www.sefaz.feiradesantana.ba.gov.br\/\" target=\"_blank\" aria-label=\"728&#215;90 (6)\"><img loading=\"lazy\" decoding=\"async\" src=\"https:\/\/blogdafeira.com.br\/home\/wp-content\/uploads\/2026\/03\/728x90-6.gif\" alt=\"\"  class=\"no-lazyload\" width=\"728\" height=\"90\"  style=\"display: inline-block;\" \/><\/a><\/div><p>Em raz\u00e3o dos relevantes servi\u00e7os prestados neste Munic\u00edpio, dois renomados m\u00e9dicos v\u00e3o receber da C\u00e2mara Municipal de Feira de Santana, na pr\u00f3xima quinta (26), \u00e0s 19h, a Comenda Maria Quit\u00e9ria. A ginecologista e obstetra Em\u00edlia Stela de Almeida Cruz e o urologista Rodrigo Serapi\u00e3o Mendes est\u00e3o sendo homenageados por iniciativa do vereador Lulinha (UB), autor dos projetos de Decreto Legislativo concedendo as honrarias. &#8220;<em>Ambos s\u00e3o profissionais renomados nesta cidade, reconhecidos por seu trabalho junto \u00e0 comunidade e com grande destaque em suas \u00e1reas de atua\u00e7\u00e3o&#8221;<\/em>, justifica o proponente das homenagens.<\/p><div id=\"blogd-1974008403\" class=\"blogd-conteudo-2-mobile blogd-entity-placement\"><a href=\"https:\/\/feirenses.com.br\/\" target=\"_blank\" aria-label=\"feirenses\"><img loading=\"lazy\" decoding=\"async\" src=\"https:\/\/blogdafeira.com.br\/home\/wp-content\/uploads\/2026\/04\/feirenses.png\" alt=\"\"  srcset=\"https:\/\/blogdafeira.com.br\/home\/wp-content\/uploads\/2026\/04\/feirenses.png 300w, https:\/\/blogdafeira.com.br\/home\/wp-content\/uploads\/2026\/04\/feirenses-170x45.png 170w, https:\/\/blogdafeira.com.br\/home\/wp-content\/uploads\/2026\/04\/feirenses-280x74.png 280w\" sizes=\"(max-width: 300px) 100vw, 300px\" class=\"no-lazyload\" width=\"300\" height=\"79\"  style=\"display: inline-block;\" \/><\/a><\/div>\n<p>Nascida em 8 de junho de 1964, Em\u00edlia Stela \u00e9 natural de Serra Preta. Estudou no Col\u00e9gio Nobre em Feira de Santana e, logo depois de concluir os estudos no Munic\u00edpio, passou em Medicina na Escola Bahiana de Medicina e Sa\u00fade P\u00fablica, em Salvador. Fez especializa\u00e7\u00e3o em Ginecologia e Obstetr\u00edcia e, em 1988, retornou a Feira de Santana onde fixou resid\u00eancia, constituiu fam\u00edlia e come\u00e7ou a exercer suas atividades profissionais. A m\u00e9dica j\u00e1 recebeu da C\u00e2mara o t\u00edtulo de Cidad\u00e3 Feirense, concedido por meio do mesmo vereador que agora a distingue com a Comenda Maria Quit\u00e9ria.<\/p>\n<div id=\"blogd-4141268241\" class=\"blogd-final-post blogd-entity-placement\"><a href=\"https:\/\/www.feiradesantana.ba.leg.br\/\" target=\"_blank\" aria-label=\"BANNER-SITE-ENTREGADECHEQUE-CAMARADEFEIRA\"><img loading=\"lazy\" decoding=\"async\" src=\"https:\/\/blogdafeira.com.br\/home\/wp-content\/uploads\/2026\/03\/BANNER-SITE-ENTREGADECHEQUE-CAMARADEFEIRA.gif\" alt=\"\"  class=\"no-lazyload\" width=\"728\" height=\"90\"   \/><\/a><\/div><p>Feirense, casado e pai das meninas Lara, 8 anos, e Lu\u00edza, de 6, Rodrigo Serapi\u00e3o tem mais de cinco mil procedimentos cir\u00fargicos realizados, al\u00e9m de uma expressiva atua\u00e7\u00e3o em transplantes renais. Fez o ensino fundamental nas escolas Recanto Infantil, Leonardo da Vinci e An\u00edsio Teixeira. Em 1995, passou em vestibular de Medicina na Escola de Ci\u00eancias M\u00e9dicas, em Alagoas. Quatro anos depois, em 2000, foi selecionado para fazer o internato m\u00e9dico no Hospital Regional da Asa Norte, em Bras\u00edlia. Ap\u00f3s formatura, aprovado para resid\u00eancias em cirurgia geral e urologia. Leciona no curso de Medicina da faculdade Est\u00e1cio, em Alagoinhas, e tem se destacado na capta\u00e7\u00e3o de \u00f3rg\u00e3os para doa\u00e7\u00e3o no estado da Bahia.<\/p>\n","protected":false},"excerpt":{"rendered":"<p>Em raz\u00e3o dos relevantes servi\u00e7os prestados neste Munic\u00edpio, dois renomados m\u00e9dicos v\u00e3o receber da C\u00e2mara Municipal de Feira de Santana, na pr\u00f3xima quinta (26), \u00e0s 19h, a Comenda Maria Quit\u00e9ria. A ginecologista e obstetra Em\u00edlia Stela de Almeida Cruz e o urologista Rodrigo Serapi\u00e3o Mendes est\u00e3o sendo homenageados por iniciativa do vereador Lulinha (UB), autor<\/p>\n","protected":false},"author":1,"featured_media":59807,"comment_status":"open","ping_status":"open","sticky":false,"template":"","format":"standard","meta":{"jetpack_post_was_ever_published":false,"cybocfi_hide_featured_image":"","_jetpack_newsletter_access":"","_jetpack_dont_email_post_to_subs":false,"_jetpack_newsletter_tier_id":0,"_jetpack_memberships_contains_paywalled_content":false,"_jetpack_memberships_contains_paid_content":false,"footnotes":"","jetpack_publicize_message":"","jetpack_publicize_feature_enabled":true,"jetpack_social_post_already_shared":true,"jetpack_social_options":{"image_generator_settings":{"template":"highway","default_image_id":0,"font":"","enabled":false},"version":2}},"categories":[3,1],"tags":[],"class_list":["post-59806","post","type-post","status-publish","format-standard","has-post-thumbnail","hentry","category-cidade","category-raiz"],"jetpack_publicize_connections":[],"jetpack_featured_media_url":"https:\/\/blogdafeira.com.br\/home\/wp-content\/uploads\/2023\/10\/65369a295aa7c.jpeg","jetpack_shortlink":"https:\/\/wp.me\/p3niVf-fyC","jetpack_sharing_enabled":true,"jetpack-related-posts":[{"id":32753,"url":"https:\/\/blogdafeira.com.br\/home\/2019\/09\/06\/graca-cordeiro-recebe-comenda-maria-quiteria-da-camara-de-vereadores-de-feira-de-santana\/","url_meta":{"origin":59806,"position":0},"title":"Gra\u00e7a Cordeiro recebe &#8216;Comenda Maria Quit\u00e9ria&#8217; da C\u00e2mara de Vereadores de Feira de Santana","author":"Secom\/FSA","date":"06\/09\/2019","format":false,"excerpt":"A diretora de Turismo, da Prefeitura de Feira de Santana, Gra\u00e7a Cordeiro, foi homenageada com a Comenda Maria Quit\u00e9ria, na C\u00e2mara de Vereadores na noite de ter\u00e7a-feira, 3. O vereador Luiz Augusto de Jesus, autor do decreto de lei, destacou a compet\u00eancia de Gra\u00e7a Cordeiro, reconhecendo nela \u201cuma mulher guerreira,\u2026","rel":"","context":"Em &quot;Home&quot;","block_context":{"text":"Home","link":"https:\/\/blogdafeira.com.br\/home\/categoria\/raiz\/"},"img":{"alt_text":"","src":"https:\/\/i0.wp.com\/blogdafeira.com.br\/home\/wp-content\/uploads\/2019\/09\/69383832_10214081537303583_1395769946343997440_n-225x300.jpg?resize=350%2C200","width":350,"height":200},"classes":[]},{"id":42365,"url":"https:\/\/blogdafeira.com.br\/home\/2020\/12\/09\/presidente-da-assembleia-de-deus-em-feira-recebera-comenda-maria-quiteria\/","url_meta":{"origin":59806,"position":1},"title":"Presidente da Assembleia de Deus em Feira receber\u00e1  &#8216;Comenda Maria Quit\u00e9ria&#8217;","author":"Secom\/FSA","date":"09\/12\/2020","format":false,"excerpt":"O presidente da Igreja Evang\u00e9lica Assembleia de Deus em Feira de Santana (ADEFS) e vice-presidente da Conven\u00e7\u00e3o Estadual das Igrejas Evang\u00e9licas Assembleias de Deus no Estado da Bahia (CEADEB), pastor Joeser Cruz Santana, ser\u00e1 homenageado pela C\u00e2mara Municipal com a Comenda Maria Quit\u00e9ria. A distin\u00e7\u00e3o foi aprovada na ter\u00e7a (08),\u2026","rel":"","context":"Em &quot;Cidade&quot;","block_context":{"text":"Cidade","link":"https:\/\/blogdafeira.com.br\/home\/categoria\/cidade\/"},"img":{"alt_text":"","src":"https:\/\/i0.wp.com\/blogdafeira.com.br\/home\/wp-content\/uploads\/2020\/12\/5fcfc8fdae855-750x751-1.jpg?resize=350%2C200&ssl=1","width":350,"height":200,"srcset":"https:\/\/i0.wp.com\/blogdafeira.com.br\/home\/wp-content\/uploads\/2020\/12\/5fcfc8fdae855-750x751-1.jpg?resize=350%2C200&ssl=1 1x, https:\/\/i0.wp.com\/blogdafeira.com.br\/home\/wp-content\/uploads\/2020\/12\/5fcfc8fdae855-750x751-1.jpg?resize=525%2C300&ssl=1 1.5x, https:\/\/i0.wp.com\/blogdafeira.com.br\/home\/wp-content\/uploads\/2020\/12\/5fcfc8fdae855-750x751-1.jpg?resize=700%2C400&ssl=1 2x"},"classes":[]},{"id":31153,"url":"https:\/\/blogdafeira.com.br\/home\/2019\/04\/08\/celiah-zaiin-recebe-comenda-maria-quiteria-do-municipio-de-salvador\/","url_meta":{"origin":59806,"position":2},"title":"Celiah Zaiin recebe comenda &#8216;Maria Quit\u00e9ria&#8217; do munic\u00edpio de Salvador","author":"Secom\/FSA","date":"08\/04\/2019","format":false,"excerpt":"Artista, comendadora, int\u00e9rprete de hinos, graduada em M\u00fasica pela UFBA, Celiah Zaiin recebe amanh\u00e3 (9), \u00e0s 9 horas,a Comenda Maria Quit\u00e9ria na C\u00e2mara Municipal de Salvador. Moradora em Feira de Santana, onde nasceu Maria Quit\u00e9ria, Zaiin se projetou no meio art\u00edstico do estado\u00a0 vestindo-se como a hero\u00edna do 2 de\u2026","rel":"","context":"Em &quot;Home&quot;","block_context":{"text":"Home","link":"https:\/\/blogdafeira.com.br\/home\/categoria\/raiz\/"},"img":{"alt_text":"","src":"https:\/\/i0.wp.com\/blogdafeira.com.br\/home\/wp-content\/uploads\/2019\/04\/MARIA-QUITERIA-E-ACM-BUSTO.jpg?resize=350%2C200","width":350,"height":200},"classes":[]},{"id":60457,"url":"https:\/\/blogdafeira.com.br\/home\/2023\/12\/14\/cordelista-jurivaldo-alves-recebe-titulo-e-comenda-na-camara-de-vereadores-de-feira\/","url_meta":{"origin":59806,"position":3},"title":"Cordelista Jurivaldo Alves recebe t\u00edtulo e comenda na C\u00e2mara de Vereadores de Feira","author":"Secom\/FSA","date":"14\/12\/2023","format":false,"excerpt":"O folheteiro cordelista propagandista cangaceir\u00f3logo e numism\u00e1tico Jurivaldo Alves recebeu nesta quinta-feira,14, na C\u00e2mara de Vereadores de Feira de Santana o t\u00edtulo de 'Cidad\u00e3o Feirense' e a Comenda Maria Quit\u00e9ria, as mais altas honrarias concedidas pelo Poder Legislativo do Munic\u00edpio. Jurivaldo estava acompanhado de dois filhos, uma filha e Neto,\u2026","rel":"","context":"Em &quot;Cultura&quot;","block_context":{"text":"Cultura","link":"https:\/\/blogdafeira.com.br\/home\/categoria\/cultura\/"},"img":{"alt_text":"","src":"https:\/\/i0.wp.com\/blogdafeira.com.br\/home\/wp-content\/uploads\/2023\/12\/IMG-20231214-WA00931.jpg?resize=350%2C200&ssl=1","width":350,"height":200,"srcset":"https:\/\/i0.wp.com\/blogdafeira.com.br\/home\/wp-content\/uploads\/2023\/12\/IMG-20231214-WA00931.jpg?resize=350%2C200&ssl=1 1x, https:\/\/i0.wp.com\/blogdafeira.com.br\/home\/wp-content\/uploads\/2023\/12\/IMG-20231214-WA00931.jpg?resize=525%2C300&ssl=1 1.5x, https:\/\/i0.wp.com\/blogdafeira.com.br\/home\/wp-content\/uploads\/2023\/12\/IMG-20231214-WA00931.jpg?resize=700%2C400&ssl=1 2x, https:\/\/i0.wp.com\/blogdafeira.com.br\/home\/wp-content\/uploads\/2023\/12\/IMG-20231214-WA00931.jpg?resize=1050%2C600&ssl=1 3x, https:\/\/i0.wp.com\/blogdafeira.com.br\/home\/wp-content\/uploads\/2023\/12\/IMG-20231214-WA00931.jpg?resize=1400%2C800&ssl=1 4x"},"classes":[]},{"id":59270,"url":"https:\/\/blogdafeira.com.br\/home\/2023\/09\/11\/camara-entrega-na-quinta-feira-comenda-maria-quiteria-a-dom-zanoni\/","url_meta":{"origin":59806,"position":4},"title":"C\u00e2mara entrega na quinta-feira Comenda Maria Quit\u00e9ria a Dom Zanoni","author":"Secom\/FSA","date":"11\/09\/2023","format":false,"excerpt":"Prestes a completar oito anos \u00e0 frente da Arquidiocese de Feira de Santana, o arcebispo dom Zanoni Demettino Castro receber\u00e1 nesta quinta (14), da C\u00e2mara de Feira de Santana, a Comenda Maria Quit\u00e9ria. A honraria, de iniciativa da presidente da C\u00e2mara, Eremita Mota (PSDB), foi aprovada pelos vereadores por unanimidade.\u2026","rel":"","context":"Em &quot;Geral&quot;","block_context":{"text":"Geral","link":"https:\/\/blogdafeira.com.br\/home\/categoria\/geral\/"},"img":{"alt_text":"","src":"https:\/\/i0.wp.com\/blogdafeira.com.br\/home\/wp-content\/uploads\/2023\/09\/64ff40b16c03a-1.jpeg?resize=350%2C200&ssl=1","width":350,"height":200,"srcset":"https:\/\/i0.wp.com\/blogdafeira.com.br\/home\/wp-content\/uploads\/2023\/09\/64ff40b16c03a-1.jpeg?resize=350%2C200&ssl=1 1x, https:\/\/i0.wp.com\/blogdafeira.com.br\/home\/wp-content\/uploads\/2023\/09\/64ff40b16c03a-1.jpeg?resize=525%2C300&ssl=1 1.5x, https:\/\/i0.wp.com\/blogdafeira.com.br\/home\/wp-content\/uploads\/2023\/09\/64ff40b16c03a-1.jpeg?resize=700%2C400&ssl=1 2x"},"classes":[]},{"id":53719,"url":"https:\/\/blogdafeira.com.br\/home\/2022\/08\/09\/correia-zezito-indica-anderson-talisca-para-receber-comenda-maria-quiteria\/","url_meta":{"origin":59806,"position":5},"title":"Correia Zezito indica Anderson Talisca para receber Comenda Maria Quit\u00e9ria","author":"Secom\/FSA","date":"09\/08\/2022","format":false,"excerpt":"Considerado a maior revela\u00e7\u00e3o de Feira de Santana para o futebol nos \u00faltimos anos, o jogador Anderson Talisca, atualmente no Al-Nassr, da Ar\u00e1bia Saudita, dever\u00e1 ser homenageado com a Comenda Maria Quit\u00e9ria, pela C\u00e2mara Municipal de Feira de Santana. O respons\u00e1vel pela indica\u00e7\u00e3o \u00e9 o vereador Correia Zezito (Patriota). A\u2026","rel":"","context":"Em &quot;Esporte&quot;","block_context":{"text":"Esporte","link":"https:\/\/blogdafeira.com.br\/home\/categoria\/esporte\/"},"img":{"alt_text":"","src":"https:\/\/i0.wp.com\/blogdafeira.com.br\/home\/wp-content\/uploads\/2022\/08\/anderson-taliscajpg.jpg?resize=350%2C200&ssl=1","width":350,"height":200,"srcset":"https:\/\/i0.wp.com\/blogdafeira.com.br\/home\/wp-content\/uploads\/2022\/08\/anderson-taliscajpg.jpg?resize=350%2C200&ssl=1 1x, https:\/\/i0.wp.com\/blogdafeira.com.br\/home\/wp-content\/uploads\/2022\/08\/anderson-taliscajpg.jpg?resize=525%2C300&ssl=1 1.5x"},"classes":[]}],"_links":{"self":[{"href":"https:\/\/blogdafeira.com.br\/home\/wp-json\/wp\/v2\/posts\/59806","targetHints":{"allow":["GET"]}}],"collection":[{"href":"https:\/\/blogdafeira.com.br\/home\/wp-json\/wp\/v2\/posts"}],"about":[{"href":"https:\/\/blogdafeira.com.br\/home\/wp-json\/wp\/v2\/types\/post"}],"author":[{"embeddable":true,"href":"https:\/\/blogdafeira.com.br\/home\/wp-json\/wp\/v2\/users\/1"}],"replies":[{"embeddable":true,"href":"https:\/\/blogdafeira.com.br\/home\/wp-json\/wp\/v2\/comments?post=59806"}],"version-history":[{"count":1,"href":"https:\/\/blogdafeira.com.br\/home\/wp-json\/wp\/v2\/posts\/59806\/revisions"}],"predecessor-version":[{"id":59808,"href":"https:\/\/blogdafeira.com.br\/home\/wp-json\/wp\/v2\/posts\/59806\/revisions\/59808"}],"wp:featuredmedia":[{"embeddable":true,"href":"https:\/\/blogdafeira.com.br\/home\/wp-json\/wp\/v2\/media\/59807"}],"wp:attachment":[{"href":"https:\/\/blogdafeira.com.br\/home\/wp-json\/wp\/v2\/media?parent=59806"}],"wp:term":[{"taxonomy":"category","embeddable":true,"href":"https:\/\/blogdafeira.com.br\/home\/wp-json\/wp\/v2\/categories?post=59806"},{"taxonomy":"post_tag","embeddable":true,"href":"https:\/\/blogdafeira.com.br\/home\/wp-json\/wp\/v2\/tags?post=59806"}],"curies":[{"name":"wp","href":"https:\/\/api.w.org\/{rel}","templated":true}]}}