{"id":59915,"date":"2023-11-06T20:34:23","date_gmt":"2023-11-06T23:34:23","guid":{"rendered":"https:\/\/blogdafeira.com.br\/home\/?p=59915"},"modified":"2023-11-27T18:51:40","modified_gmt":"2023-11-27T21:51:40","slug":"129-da-populacao-feirense-tem-mais-de-60-anos","status":"publish","type":"post","link":"https:\/\/blogdafeira.com.br\/home\/2023\/11\/06\/129-da-populacao-feirense-tem-mais-de-60-anos\/","title":{"rendered":"12,9% da popula\u00e7\u00e3o feirense tem mais de 60 anos"},"content":{"rendered":"<div id=\"blogd-3511095157\" class=\"blogd-fim-do-post-mobile blogd-entity-placement\" style=\"margin-left: auto;margin-right: auto;text-align: center;\"><a href=\"https:\/\/www.sefaz.feiradesantana.ba.gov.br\/\" target=\"_blank\" aria-label=\"728&#215;90 (6)\"><img loading=\"lazy\" decoding=\"async\" src=\"https:\/\/blogdafeira.com.br\/home\/wp-content\/uploads\/2026\/03\/728x90-6.gif\" alt=\"\"  class=\"no-lazyload\" width=\"728\" height=\"90\"  style=\"display: inline-block;\" \/><\/a><\/div><p style=\"text-align: justify;\">A popula\u00e7\u00e3o idosa na Feira de Santana \u2013 aquela com 60 anos ou mais de idade \u2013 cresceu muito entre os censos 2010 e 2022 do Instituto Brasileiro de Geografia e Estat\u00edstica, o IBGE. O salto quantitativo j\u00e1 era esperado, claro, mas houve tamb\u00e9m um expressivo avan\u00e7o percentual. Neste, o total de idosos passou de 8,7% dos feirenses em 2010 para impressionantes 12,89% no levantamento mais recente.<\/p><div id=\"blogd-3003248475\" class=\"blogd-conteudo-2-mobile blogd-entity-placement\"><a href=\"https:\/\/feirenses.com.br\/\" target=\"_blank\" aria-label=\"feirenses\"><img loading=\"lazy\" decoding=\"async\" src=\"https:\/\/blogdafeira.com.br\/home\/wp-content\/uploads\/2026\/04\/feirenses.png\" alt=\"\"  srcset=\"https:\/\/blogdafeira.com.br\/home\/wp-content\/uploads\/2026\/04\/feirenses.png 300w, https:\/\/blogdafeira.com.br\/home\/wp-content\/uploads\/2026\/04\/feirenses-170x45.png 170w, https:\/\/blogdafeira.com.br\/home\/wp-content\/uploads\/2026\/04\/feirenses-280x74.png 280w\" sizes=\"(max-width: 300px) 100vw, 300px\" class=\"no-lazyload\" width=\"300\" height=\"79\"  style=\"display: inline-block;\" \/><\/a><\/div>\n<p style=\"text-align: justify;\">Hoje h\u00e1, precisamente, 79.445 mulheres e homens com idade superior a 60 anos. Quase 80 mil pessoas num universo de 616 almas no total. As mulheres \u2013 como \u00e9 \u00f3bvio \u2013 s\u00e3o franca maioria: 47,2 mil, em rela\u00e7\u00e3o aos 32,1 mil homens. Tamb\u00e9m \u00e9 \u00f3bvio que o maior contingente se concentra na faixa et\u00e1ria dos 60 at\u00e9 os 64 anos: 11 mil homens e 14,4 mil mulheres.<\/p>\n<p style=\"text-align: justify;\">A partir da\u00ed as quantidades v\u00e3o declinando: 10,9 mil mulheres e 7,9 mil homens entre 65 e 69 anos; na faixa seguinte \u2013 entre 70 e 74 anos \u2013 eles s\u00e3o 5,7 mil e elas representam 8,4 mil; entre 75 e 79 anos as mulheres s\u00e3o 5,7 mil e os homens 3,5 mil. No topo \u2013 idade superior a 100 anos \u2013 h\u00e1 apenas 37 homens e 120 mulheres.<\/p>\n<p style=\"text-align: justify;\">O munic\u00edpio, como se sabe, replica a tend\u00eancia nacional de envelhecimento da popula\u00e7\u00e3o. Muito se abordou a quest\u00e3o nos \u00faltimos dias, em in\u00fameras reportagens e em entrevistas com especialistas. N\u00e3o faltaram, como sempre, os clich\u00eas sobre os segredos para se manter saud\u00e1vel e ativo ou sobre como se chegar a um s\u00e9culo de vida.<\/p>\n<p style=\"text-align: justify;\">Menos repisada \u00e9 a discuss\u00e3o sobre como o Pa\u00eds vai se adaptar a essa nova realidade, com popula\u00e7\u00e3o envelhecida e demandando servi\u00e7os \u2013 p\u00fablicos e privados \u2013 muito espec\u00edficos. N\u00e3o \u00e9 exagero apostar que, provavelmente, essa vai ser um dos grandes temas das pr\u00f3ximas d\u00e9cadas.<\/p>\n<p style=\"text-align: justify;\">Um texto curto, despretensioso, obviamente n\u00e3o vai esgotar a multiplicidade de nuances envolvidas na quest\u00e3o, que \u00e9 bem complexa. Mas pode-se apontar para atores relevantes que, necessariamente, precisam ocupar-se com o tema.<\/p>\n<p style=\"text-align: justify;\">Um deles \u00e9 o Legislativo. Aqui na Feira de Santana, a C\u00e2mara Municipal \u2013 que se limita, quase sempre, a celebrar o dia disso ou o dia daquilo \u2013 tem que se movimentar, mobilizar a sociedade e pressionar o Executivo. Este, por sua vez, para robustecer suas a\u00e7\u00f5es, precisa engajar os in\u00fameros atores interessados.<\/p>\n<p style=\"text-align: justify;\">Tudo bem que aqui n\u00e3o \u00e9 Paris, nem Amsterdam, nem mesmo Montevid\u00e9u, com sua mania de constru\u00e7\u00e3o de pol\u00edticas de maneira participativa. Mas \u00e9 bom lembrar que essa gente \u2013 mesmo sem a obrigatoriedade do voto a partir de certa idade \u2013 vota e, ano ap\u00f3s ano, cresce.<\/p>\n<div id=\"blogd-1321528962\" class=\"blogd-final-post blogd-entity-placement\"><a href=\"https:\/\/www.feiradesantana.ba.leg.br\/\" target=\"_blank\" aria-label=\"BANNER-SITE-ENTREGADECHEQUE-CAMARADEFEIRA\"><img loading=\"lazy\" decoding=\"async\" src=\"https:\/\/blogdafeira.com.br\/home\/wp-content\/uploads\/2026\/03\/BANNER-SITE-ENTREGADECHEQUE-CAMARADEFEIRA.gif\" alt=\"\"  class=\"no-lazyload\" width=\"728\" height=\"90\"   \/><\/a><\/div><p style=\"text-align: justify;\">N\u00e3o apenas vota, como representa boa parte da popula\u00e7\u00e3o&#8230;<\/p>\n","protected":false},"excerpt":{"rendered":"<p>A popula\u00e7\u00e3o idosa na Feira de Santana \u2013 aquela com 60 anos ou mais de idade \u2013 cresceu muito entre os censos 2010 e 2022 do Instituto Brasileiro de Geografia e Estat\u00edstica, o IBGE. O salto quantitativo j\u00e1 era esperado, claro, mas houve tamb\u00e9m um expressivo avan\u00e7o percentual. Neste, o total de idosos passou de<\/p>\n","protected":false},"author":13,"featured_media":59919,"comment_status":"open","ping_status":"open","sticky":false,"template":"","format":"standard","meta":{"jetpack_post_was_ever_published":false,"cybocfi_hide_featured_image":"","_jetpack_newsletter_access":"","_jetpack_dont_email_post_to_subs":false,"_jetpack_newsletter_tier_id":0,"_jetpack_memberships_contains_paywalled_content":false,"_jetpack_memberships_contains_paid_content":false,"footnotes":"","jetpack_publicize_message":"","jetpack_publicize_feature_enabled":true,"jetpack_social_post_already_shared":true,"jetpack_social_options":{"image_generator_settings":{"template":"highway","default_image_id":0,"font":"","enabled":false},"version":2}},"categories":[3,592,1],"tags":[],"class_list":["post-59915","post","type-post","status-publish","format-standard","has-post-thumbnail","hentry","category-cidade","category-colunistas","category-raiz"],"jetpack_publicize_connections":[],"jetpack_featured_media_url":"https:\/\/blogdafeira.com.br\/home\/wp-content\/uploads\/2023\/11\/64d65faa1bdd8.jpeg","jetpack_shortlink":"https:\/\/wp.me\/p3niVf-fAn","jetpack_sharing_enabled":true,"jetpack-related-posts":[{"id":63967,"url":"https:\/\/blogdafeira.com.br\/home\/2024\/09\/24\/mulheres-dependem-mais-do-bolsa-familia-em-feira\/","url_meta":{"origin":59915,"position":0},"title":"Mulheres dependem mais do Bolsa Fam\u00edlia em Feira","author":"Andr\u00e9 Pomponet","date":"24\/09\/2024","format":false,"excerpt":"Nenhuma mulher figura nas chapas para as elei\u00e7\u00f5es majorit\u00e1rias aqui na Feira de Santana em 2024. Nota-se, tamb\u00e9m, que pouco se fala delas nos programas eleitorais. Mesmo assim, as mulheres constituem a maior parte do eleitorado feirense (55%), de acordo com dados do Tribunal Superior Eleitoral. Por outro lado est\u00e3o,\u2026","rel":"","context":"Em &quot;Colunistas&quot;","block_context":{"text":"Colunistas","link":"https:\/\/blogdafeira.com.br\/home\/categoria\/colunistas\/"},"img":{"alt_text":"","src":"https:\/\/i0.wp.com\/blogdafeira.com.br\/home\/wp-content\/uploads\/2024\/09\/Estes-sao-os-BONUS-que-mulheres-do-Bolsa-Familia-PODEM-receber-e-nao-sabem-veja-1024x683.jpg.webp?resize=350%2C200&ssl=1","width":350,"height":200,"srcset":"https:\/\/i0.wp.com\/blogdafeira.com.br\/home\/wp-content\/uploads\/2024\/09\/Estes-sao-os-BONUS-que-mulheres-do-Bolsa-Familia-PODEM-receber-e-nao-sabem-veja-1024x683.jpg.webp?resize=350%2C200&ssl=1 1x, https:\/\/i0.wp.com\/blogdafeira.com.br\/home\/wp-content\/uploads\/2024\/09\/Estes-sao-os-BONUS-que-mulheres-do-Bolsa-Familia-PODEM-receber-e-nao-sabem-veja-1024x683.jpg.webp?resize=525%2C300&ssl=1 1.5x, https:\/\/i0.wp.com\/blogdafeira.com.br\/home\/wp-content\/uploads\/2024\/09\/Estes-sao-os-BONUS-que-mulheres-do-Bolsa-Familia-PODEM-receber-e-nao-sabem-veja-1024x683.jpg.webp?resize=700%2C400&ssl=1 2x"},"classes":[]},{"id":60201,"url":"https:\/\/blogdafeira.com.br\/home\/2023\/11\/28\/quem-mais-depende-do-bolsa-familia-em-feira\/","url_meta":{"origin":59915,"position":1},"title":"Quem mais depende do Bolsa Fam\u00edlia em Feira","author":"Andr\u00e9 Pomponet","date":"28\/11\/2023","format":false,"excerpt":"Mulheres, crian\u00e7as e jovens est\u00e3o entre os segmentos da popula\u00e7\u00e3o feirense que mais dependem dos repasses do Programa Bolsa Fam\u00edlia, resgatado no come\u00e7o da atual gest\u00e3o de Lula (PT). As informa\u00e7\u00f5es que embasam a constata\u00e7\u00e3o est\u00e3o dispon\u00edveis no site do Minist\u00e9rio de Desenvolvimento e Assist\u00eancia Social, Fam\u00edlia e Combate \u00e0\u2026","rel":"","context":"Em &quot;Colunistas&quot;","block_context":{"text":"Colunistas","link":"https:\/\/blogdafeira.com.br\/home\/categoria\/colunistas\/"},"img":{"alt_text":"","src":"https:\/\/i0.wp.com\/blogdafeira.com.br\/home\/wp-content\/uploads\/2023\/11\/185768.jpg?resize=350%2C200&ssl=1","width":350,"height":200,"srcset":"https:\/\/i0.wp.com\/blogdafeira.com.br\/home\/wp-content\/uploads\/2023\/11\/185768.jpg?resize=350%2C200&ssl=1 1x, https:\/\/i0.wp.com\/blogdafeira.com.br\/home\/wp-content\/uploads\/2023\/11\/185768.jpg?resize=525%2C300&ssl=1 1.5x"},"classes":[]},{"id":72108,"url":"https:\/\/blogdafeira.com.br\/home\/2026\/04\/23\/um-pouco-sobre-bonfim-de-feira\/","url_meta":{"origin":59915,"position":2},"title":"Um pouco sobre Bonfim de Feira","author":"Andr\u00e9 Pomponet","date":"23\/04\/2026","format":false,"excerpt":"Bonfim de Feira \u00e9 o distrito mais a oeste da Feira de Santana. Tamb\u00e9m \u00e9 um dos mais distantes da sede do munic\u00edpio: pouco mais de 30 quil\u00f4metros. Para chegar at\u00e9 l\u00e1 \u00e9 necess\u00e1rio deixar a cidade pela BR 116 Sul e, mais \u00e0 frente, ap\u00f3s a ponte sobre o\u2026","rel":"","context":"Em &quot;Colunistas&quot;","block_context":{"text":"Colunistas","link":"https:\/\/blogdafeira.com.br\/home\/categoria\/colunistas\/"},"img":{"alt_text":"","src":"https:\/\/i0.wp.com\/blogdafeira.com.br\/home\/wp-content\/uploads\/2026\/04\/IMG_20250210_1054049053-scaled.jpg?resize=350%2C200&ssl=1","width":350,"height":200,"srcset":"https:\/\/i0.wp.com\/blogdafeira.com.br\/home\/wp-content\/uploads\/2026\/04\/IMG_20250210_1054049053-scaled.jpg?resize=350%2C200&ssl=1 1x, https:\/\/i0.wp.com\/blogdafeira.com.br\/home\/wp-content\/uploads\/2026\/04\/IMG_20250210_1054049053-scaled.jpg?resize=525%2C300&ssl=1 1.5x, https:\/\/i0.wp.com\/blogdafeira.com.br\/home\/wp-content\/uploads\/2026\/04\/IMG_20250210_1054049053-scaled.jpg?resize=700%2C400&ssl=1 2x, https:\/\/i0.wp.com\/blogdafeira.com.br\/home\/wp-content\/uploads\/2026\/04\/IMG_20250210_1054049053-scaled.jpg?resize=1050%2C600&ssl=1 3x, https:\/\/i0.wp.com\/blogdafeira.com.br\/home\/wp-content\/uploads\/2026\/04\/IMG_20250210_1054049053-scaled.jpg?resize=1400%2C800&ssl=1 4x"},"classes":[]},{"id":71865,"url":"https:\/\/blogdafeira.com.br\/home\/2026\/04\/01\/o-distrito-da-matinha-em-numeros\/","url_meta":{"origin":59915,"position":3},"title":"O distrito da Matinha em n\u00fameros","author":"Andr\u00e9 Pomponet","date":"01\/04\/2026","format":false,"excerpt":"Emancipado de Maria Quit\u00e9ria em 2008, o distrito da Matinha \u00e9 um dos mais carism\u00e1ticos da Feira de Santana. Antigo ref\u00fagio de negros escravizados que fundaram ali um quilombo, o distrito pulsa cultura ancestral no samba, na ocupa\u00e7\u00e3o do seu espa\u00e7o, no plantio e na colheita e na simp\u00e1tica hospitalidade\u2026","rel":"","context":"Em &quot;Colunistas&quot;","block_context":{"text":"Colunistas","link":"https:\/\/blogdafeira.com.br\/home\/categoria\/colunistas\/"},"img":{"alt_text":"","src":"https:\/\/i0.wp.com\/blogdafeira.com.br\/home\/wp-content\/uploads\/2026\/04\/20191108_160554_HDR2.jpg?resize=350%2C200&ssl=1","width":350,"height":200,"srcset":"https:\/\/i0.wp.com\/blogdafeira.com.br\/home\/wp-content\/uploads\/2026\/04\/20191108_160554_HDR2.jpg?resize=350%2C200&ssl=1 1x, https:\/\/i0.wp.com\/blogdafeira.com.br\/home\/wp-content\/uploads\/2026\/04\/20191108_160554_HDR2.jpg?resize=525%2C300&ssl=1 1.5x, https:\/\/i0.wp.com\/blogdafeira.com.br\/home\/wp-content\/uploads\/2026\/04\/20191108_160554_HDR2.jpg?resize=700%2C400&ssl=1 2x, https:\/\/i0.wp.com\/blogdafeira.com.br\/home\/wp-content\/uploads\/2026\/04\/20191108_160554_HDR2.jpg?resize=1050%2C600&ssl=1 3x, https:\/\/i0.wp.com\/blogdafeira.com.br\/home\/wp-content\/uploads\/2026\/04\/20191108_160554_HDR2.jpg?resize=1400%2C800&ssl=1 4x"},"classes":[]},{"id":59870,"url":"https:\/\/blogdafeira.com.br\/home\/2023\/10\/30\/matanca-explica-reducao-na-populacao-masculina-em-feira\/","url_meta":{"origin":59915,"position":4},"title":"Matan\u00e7a explica redu\u00e7\u00e3o na popula\u00e7\u00e3o masculina em Feira?","author":"Andr\u00e9 Pomponet","date":"30\/10\/2023","format":false,"excerpt":"O Instituto Brasileiro de Geografia e Estat\u00edstica (IBGE) divulgou semana passada uma nova fornada de informa\u00e7\u00f5es sobre o Censo 2022. Nela constata-se, por exemplo, que o n\u00famero de mulheres \u00e9 superior ao de homens na maioria dos estados e em muitos munic\u00edpios brasileiros. A Feira de Santana, obviamente, replica a\u2026","rel":"","context":"Em &quot;Colunistas&quot;","block_context":{"text":"Colunistas","link":"https:\/\/blogdafeira.com.br\/home\/categoria\/colunistas\/"},"img":{"alt_text":"","src":"https:\/\/i0.wp.com\/blogdafeira.com.br\/home\/wp-content\/uploads\/2023\/10\/Screenshot_20230919-201019-460x260_c.webp?resize=350%2C200&ssl=1","width":350,"height":200},"classes":[]},{"id":71919,"url":"https:\/\/blogdafeira.com.br\/home\/2026\/04\/07\/a-urbanizacao-do-distrito-maria-quiteria\/","url_meta":{"origin":59915,"position":5},"title":"A urbaniza\u00e7\u00e3o do distrito Maria Quit\u00e9ria\u00a0","author":"Andr\u00e9 Pomponet","date":"07\/04\/2026","format":false,"excerpt":"Dados do Censo 2022 do Instituto Brasileiro de Geografia e Estat\u00edstica (IBGE) indicam que o distrito Maria Quit\u00e9ria possui popula\u00e7\u00e3o de, exatas, 15.961 pessoas. Contrariando a l\u00f3gica de esvaziamento das comunidades rurais observada no Brasil nas \u00faltimas d\u00e9cadas, o distrito ganhou popula\u00e7\u00e3o em rela\u00e7\u00e3o a 2010, quando foram contabilizados cerca\u2026","rel":"","context":"Em &quot;Colunistas&quot;","block_context":{"text":"Colunistas","link":"https:\/\/blogdafeira.com.br\/home\/categoria\/colunistas\/"},"img":{"alt_text":"","src":"https:\/\/i0.wp.com\/blogdafeira.com.br\/home\/wp-content\/uploads\/2026\/04\/IMG_20160901_114231721_HDR2-scaled.jpg?resize=350%2C200&ssl=1","width":350,"height":200,"srcset":"https:\/\/i0.wp.com\/blogdafeira.com.br\/home\/wp-content\/uploads\/2026\/04\/IMG_20160901_114231721_HDR2-scaled.jpg?resize=350%2C200&ssl=1 1x, https:\/\/i0.wp.com\/blogdafeira.com.br\/home\/wp-content\/uploads\/2026\/04\/IMG_20160901_114231721_HDR2-scaled.jpg?resize=525%2C300&ssl=1 1.5x, https:\/\/i0.wp.com\/blogdafeira.com.br\/home\/wp-content\/uploads\/2026\/04\/IMG_20160901_114231721_HDR2-scaled.jpg?resize=700%2C400&ssl=1 2x, https:\/\/i0.wp.com\/blogdafeira.com.br\/home\/wp-content\/uploads\/2026\/04\/IMG_20160901_114231721_HDR2-scaled.jpg?resize=1050%2C600&ssl=1 3x, https:\/\/i0.wp.com\/blogdafeira.com.br\/home\/wp-content\/uploads\/2026\/04\/IMG_20160901_114231721_HDR2-scaled.jpg?resize=1400%2C800&ssl=1 4x"},"classes":[]}],"_links":{"self":[{"href":"https:\/\/blogdafeira.com.br\/home\/wp-json\/wp\/v2\/posts\/59915","targetHints":{"allow":["GET"]}}],"collection":[{"href":"https:\/\/blogdafeira.com.br\/home\/wp-json\/wp\/v2\/posts"}],"about":[{"href":"https:\/\/blogdafeira.com.br\/home\/wp-json\/wp\/v2\/types\/post"}],"author":[{"embeddable":true,"href":"https:\/\/blogdafeira.com.br\/home\/wp-json\/wp\/v2\/users\/13"}],"replies":[{"embeddable":true,"href":"https:\/\/blogdafeira.com.br\/home\/wp-json\/wp\/v2\/comments?post=59915"}],"version-history":[{"count":4,"href":"https:\/\/blogdafeira.com.br\/home\/wp-json\/wp\/v2\/posts\/59915\/revisions"}],"predecessor-version":[{"id":59920,"href":"https:\/\/blogdafeira.com.br\/home\/wp-json\/wp\/v2\/posts\/59915\/revisions\/59920"}],"wp:featuredmedia":[{"embeddable":true,"href":"https:\/\/blogdafeira.com.br\/home\/wp-json\/wp\/v2\/media\/59919"}],"wp:attachment":[{"href":"https:\/\/blogdafeira.com.br\/home\/wp-json\/wp\/v2\/media?parent=59915"}],"wp:term":[{"taxonomy":"category","embeddable":true,"href":"https:\/\/blogdafeira.com.br\/home\/wp-json\/wp\/v2\/categories?post=59915"},{"taxonomy":"post_tag","embeddable":true,"href":"https:\/\/blogdafeira.com.br\/home\/wp-json\/wp\/v2\/tags?post=59915"}],"curies":[{"name":"wp","href":"https:\/\/api.w.org\/{rel}","templated":true}]}}