{"id":60467,"date":"2023-12-15T08:41:49","date_gmt":"2023-12-15T11:41:49","guid":{"rendered":"https:\/\/blogdafeira.com.br\/home\/?p=60467"},"modified":"2024-01-12T18:05:11","modified_gmt":"2024-01-12T21:05:11","slug":"cordelista-jurivaldo-alves-cidadao-feirense","status":"publish","type":"post","link":"https:\/\/blogdafeira.com.br\/home\/2023\/12\/15\/cordelista-jurivaldo-alves-cidadao-feirense\/","title":{"rendered":"Cordelista Jurivaldo Alves, Cidad\u00e3o Feirense"},"content":{"rendered":"<div id=\"blogd-3482970479\" class=\"blogd-fim-do-post-mobile blogd-entity-placement\" style=\"margin-left: auto;margin-right: auto;text-align: center;\"><a href=\"https:\/\/www.sefaz.feiradesantana.ba.gov.br\/\" target=\"_blank\" aria-label=\"728&#215;90 (6)\"><img loading=\"lazy\" decoding=\"async\" src=\"https:\/\/blogdafeira.com.br\/home\/wp-content\/uploads\/2026\/03\/728x90-6.gif\" alt=\"\"  class=\"no-lazyload\" width=\"728\" height=\"90\"  style=\"display: inline-block;\" \/><\/a><\/div><p>O folheteiro e cordelista Jurivaldo Alves da Silva recebeu nesta quinta-feira (14) dupla homenagem na C\u00e2mara Municipal: al\u00e9m do t\u00edtulo de Cidad\u00e3o Feirense, foi agraciado com a Comenda Maria Quit\u00e9ria. A homenagem \u00e9 mais que merecida. Afinal, h\u00e1 d\u00e9cadas o cordelista nascido em Baixa Grande peleja pela cultura popular, nordestina, sertaneja.<\/p><div id=\"blogd-1164832492\" class=\"blogd-conteudo-2-mobile blogd-entity-placement\"><a href=\"https:\/\/feirenses.com.br\/\" target=\"_blank\" aria-label=\"feirenses\"><img loading=\"lazy\" decoding=\"async\" src=\"https:\/\/blogdafeira.com.br\/home\/wp-content\/uploads\/2026\/04\/feirenses.png\" alt=\"\"  srcset=\"https:\/\/blogdafeira.com.br\/home\/wp-content\/uploads\/2026\/04\/feirenses.png 300w, https:\/\/blogdafeira.com.br\/home\/wp-content\/uploads\/2026\/04\/feirenses-170x45.png 170w, https:\/\/blogdafeira.com.br\/home\/wp-content\/uploads\/2026\/04\/feirenses-280x74.png 280w\" sizes=\"(max-width: 300px) 100vw, 300px\" class=\"no-lazyload\" width=\"300\" height=\"79\"  style=\"display: inline-block;\" \/><\/a><\/div>\n<p>No discurso de agradecimento \u2013 que lembrou muito aqueles bate-papos informais, descompromissados, dos sertanejos de Baixa Grande \u2013 ele contou casos, relembrou antigas aventuras como folheteiro e exaltou algumas das personalidades do cordel, como o falecido Ant\u00f4nio Alves.<\/p>\n<p>Chegou \u00e0 Feira de Santana \u201cem 60 e poucos\u201d, conforme frisou e, no dia seguinte, j\u00e1 carregava cesto na cabe\u00e7a trabalhando na feira-livre do antigo mercado, que hoje \u00e9 o Mercado de Arte Popular, o MAP. Atualmente, a prop\u00f3sito, ele tem box no mesmo MAP, depois de muito pelejar vendendo cordel em pra\u00e7as e cal\u00e7adas.<\/p>\n<p>Com orgulho, ele relembra que suas cinco d\u00e9cadas militando pelo cordel levaram-no a ser reconhecido no Brasil inteiro e tamb\u00e9m fora das fronteiras do Pa\u00eds. N\u00e3o \u00e9 incomum a presen\u00e7a de turistas l\u00e1 no MAP, com a finalidade de conhec\u00ea-lo.<\/p>\n<p>Na solenidade, o repentista Cear\u00e1 fez reverberar no Legislativo um repente em homenagem ao novo Cidad\u00e3o Feirense. Ant\u00f4nia Patr\u00edcia, filha do cordelista, homenageou-o lendo na tribuna o cordel \u201cA hist\u00f3ria do folheteiro Jurivaldo Alves da Silva\u201d.<\/p>\n<div id=\"blogd-418473518\" class=\"blogd-final-post blogd-entity-placement\"><a href=\"https:\/\/www.feiradesantana.ba.leg.br\/\" target=\"_blank\" aria-label=\"BANNER-SITE-ENTREGADECHEQUE-CAMARADEFEIRA\"><img loading=\"lazy\" decoding=\"async\" src=\"https:\/\/blogdafeira.com.br\/home\/wp-content\/uploads\/2026\/03\/BANNER-SITE-ENTREGADECHEQUE-CAMARADEFEIRA.gif\" alt=\"\"  class=\"no-lazyload\" width=\"728\" height=\"90\"   \/><\/a><\/div><p>As duas homenagens foram propostas pelo vereador Correia Zezito. Nem sempre o Legislativo feirense \u00e9 feliz na concess\u00e3o de suas honrarias. Mas, desta vez, foi duplamente feliz. Jurivaldo Alves merece a distin\u00e7\u00e3o, por sua longa colabora\u00e7\u00e3o para manter viva a cultura sertaneja.<\/p>\n","protected":false},"excerpt":{"rendered":"<p>O folheteiro e cordelista Jurivaldo Alves da Silva recebeu nesta quinta-feira (14) dupla homenagem na C\u00e2mara Municipal: al\u00e9m do t\u00edtulo de Cidad\u00e3o Feirense, foi agraciado com a Comenda Maria Quit\u00e9ria. A homenagem \u00e9 mais que merecida. Afinal, h\u00e1 d\u00e9cadas o cordelista nascido em Baixa Grande peleja pela cultura popular, nordestina, sertaneja. No discurso de agradecimento<\/p>\n","protected":false},"author":13,"featured_media":60468,"comment_status":"open","ping_status":"open","sticky":false,"template":"","format":"standard","meta":{"jetpack_post_was_ever_published":false,"cybocfi_hide_featured_image":"","_jetpack_newsletter_access":"","_jetpack_dont_email_post_to_subs":false,"_jetpack_newsletter_tier_id":0,"_jetpack_memberships_contains_paywalled_content":false,"_jetpack_memberships_contains_paid_content":false,"footnotes":"","jetpack_publicize_message":"","jetpack_publicize_feature_enabled":true,"jetpack_social_post_already_shared":true,"jetpack_social_options":{"image_generator_settings":{"template":"highway","default_image_id":0,"font":"","enabled":false},"version":2}},"categories":[592,4,1],"tags":[],"class_list":["post-60467","post","type-post","status-publish","format-standard","has-post-thumbnail","hentry","category-colunistas","category-cultura","category-raiz"],"jetpack_publicize_connections":[],"jetpack_featured_media_url":"https:\/\/blogdafeira.com.br\/home\/wp-content\/uploads\/2023\/12\/IMG-20231214-WA0069.jpg","jetpack_shortlink":"https:\/\/wp.me\/p3niVf-fJh","jetpack_sharing_enabled":true,"jetpack-related-posts":[{"id":60457,"url":"https:\/\/blogdafeira.com.br\/home\/2023\/12\/14\/cordelista-jurivaldo-alves-recebe-titulo-e-comenda-na-camara-de-vereadores-de-feira\/","url_meta":{"origin":60467,"position":0},"title":"Cordelista Jurivaldo Alves recebe t\u00edtulo e comenda na C\u00e2mara de Vereadores de Feira","author":"Blog da Feira","date":"14\/12\/2023","format":false,"excerpt":"O folheteiro cordelista propagandista cangaceir\u00f3logo e numism\u00e1tico Jurivaldo Alves recebeu nesta quinta-feira,14, na C\u00e2mara de Vereadores de Feira de Santana o t\u00edtulo de 'Cidad\u00e3o Feirense' e a Comenda Maria Quit\u00e9ria, as mais altas honrarias concedidas pelo Poder Legislativo do Munic\u00edpio. Jurivaldo estava acompanhado de dois filhos, uma filha e Neto,\u2026","rel":"","context":"Em &quot;Cultura&quot;","block_context":{"text":"Cultura","link":"https:\/\/blogdafeira.com.br\/home\/categoria\/cultura\/"},"img":{"alt_text":"","src":"https:\/\/i0.wp.com\/blogdafeira.com.br\/home\/wp-content\/uploads\/2023\/12\/IMG-20231214-WA00931.jpg?resize=350%2C200&ssl=1","width":350,"height":200,"srcset":"https:\/\/i0.wp.com\/blogdafeira.com.br\/home\/wp-content\/uploads\/2023\/12\/IMG-20231214-WA00931.jpg?resize=350%2C200&ssl=1 1x, https:\/\/i0.wp.com\/blogdafeira.com.br\/home\/wp-content\/uploads\/2023\/12\/IMG-20231214-WA00931.jpg?resize=525%2C300&ssl=1 1.5x, https:\/\/i0.wp.com\/blogdafeira.com.br\/home\/wp-content\/uploads\/2023\/12\/IMG-20231214-WA00931.jpg?resize=700%2C400&ssl=1 2x, https:\/\/i0.wp.com\/blogdafeira.com.br\/home\/wp-content\/uploads\/2023\/12\/IMG-20231214-WA00931.jpg?resize=1050%2C600&ssl=1 3x, https:\/\/i0.wp.com\/blogdafeira.com.br\/home\/wp-content\/uploads\/2023\/12\/IMG-20231214-WA00931.jpg?resize=1400%2C800&ssl=1 4x"},"classes":[]},{"id":45255,"url":"https:\/\/blogdafeira.com.br\/home\/2021\/05\/03\/o-folheteiro-jurivaldo-alves-esta-no-youtube\/","url_meta":{"origin":60467,"position":1},"title":"&#8216;O Folheteiro Jurivaldo Alves&#8217; est\u00e1 no YouTube","author":"Blog da Feira","date":"03\/05\/2021","format":false,"excerpt":"O seu Jurivaldo Alves Folheteiro cordelista Baixagrandense, feirense Um respeitado artista Lan\u00e7ou nesta quinta-feira Um trabalho de primeira Um v\u00eddeo doc., assista! O seu Jurivaldo Alves Folheteiro, cordelista Baixagrandense, feirense Um respeitado artista Lan\u00e7ou nesta quinta-feira Um trabalho de primeira Um v\u00eddeo doc., assista! O cordel faz parte da vida\u2026","rel":"","context":"Em &quot;Cultura&quot;","block_context":{"text":"Cultura","link":"https:\/\/blogdafeira.com.br\/home\/categoria\/cultura\/"},"img":{"alt_text":"","src":"https:\/\/i0.wp.com\/img.youtube.com\/vi\/Bi8NqnHRzjA\/0.jpg?resize=350%2C200","width":350,"height":200},"classes":[]},{"id":27733,"url":"https:\/\/blogdafeira.com.br\/home\/2017\/08\/07\/museu-itinerante-do-cordel-de-jurivaldo-alves-esta-montado-no-map-de-feira\/","url_meta":{"origin":60467,"position":2},"title":"Museu Itinerante do Cordel, de Jurivaldo Alves, est\u00e1 montado no MAP de Feira","author":"Blog da Feira","date":"07\/08\/2017","format":false,"excerpt":"Folheteiro desde menino, quando ajudava o poeta Rodolfo Coelho Cavalcanti a vender seus cord\u00e9is na feira livre da segunda-feira em Feira de Santana, Jurivaldo Alves \u00e9 dono de um 'Museu Itinerante do Cordel', composto de in\u00fameros cl\u00e1ssicos dessa leg\u00edtima literatura popular nordestina que est\u00e1 em exposi\u00e7\u00e3o gratuita no Mercado de\u2026","rel":"","context":"Em &quot;Home&quot;","block_context":{"text":"Home","link":"https:\/\/blogdafeira.com.br\/home\/categoria\/raiz\/"},"img":{"alt_text":"img_20170807_111322553","src":"https:\/\/i0.wp.com\/blogdafeira.com.br\/home\/wp-content\/uploads\/2017\/08\/IMG_20170807_111322553-1024x576.jpg?resize=350%2C200","width":350,"height":200,"srcset":"https:\/\/i0.wp.com\/blogdafeira.com.br\/home\/wp-content\/uploads\/2017\/08\/IMG_20170807_111322553-1024x576.jpg?resize=350%2C200 1x, https:\/\/i0.wp.com\/blogdafeira.com.br\/home\/wp-content\/uploads\/2017\/08\/IMG_20170807_111322553-1024x576.jpg?resize=525%2C300 1.5x, https:\/\/i0.wp.com\/blogdafeira.com.br\/home\/wp-content\/uploads\/2017\/08\/IMG_20170807_111322553-1024x576.jpg?resize=700%2C400 2x"},"classes":[]},{"id":67657,"url":"https:\/\/blogdafeira.com.br\/home\/2025\/06\/05\/67657\/","url_meta":{"origin":60467,"position":3},"title":"Dia Municipal do Cordel comemorado no Mercado de Arte Popular de Feira de Santana","author":"Blog da Feira","date":"05\/06\/2025","format":false,"excerpt":"Cordelistas, cantadores, declamadores, admiradores deste g\u00eanero da literatura popular, al\u00e9m de vendedores de xilogravuras e folhetos, prestigiaram o encontro destes artistas, realizado hoje (n quinta-feira, 5,)no MAP (Mercado de Arte Popular). O evento foi marcado por uma dupla homenagem. A primeira, pela passagem do Dia Municipal do Cordel, e a\u2026","rel":"","context":"Em &quot;Cultura&quot;","block_context":{"text":"Cultura","link":"https:\/\/blogdafeira.com.br\/home\/categoria\/cultura\/"},"img":{"alt_text":"","src":"https:\/\/i0.wp.com\/blogdafeira.com.br\/home\/wp-content\/uploads\/2025\/06\/Encontro-de-Violeiros-Repentistas-Cordelistas-e-Escritores-Foto-Jorge-Magalhaes-4.jpeg?resize=350%2C200&ssl=1","width":350,"height":200,"srcset":"https:\/\/i0.wp.com\/blogdafeira.com.br\/home\/wp-content\/uploads\/2025\/06\/Encontro-de-Violeiros-Repentistas-Cordelistas-e-Escritores-Foto-Jorge-Magalhaes-4.jpeg?resize=350%2C200&ssl=1 1x, https:\/\/i0.wp.com\/blogdafeira.com.br\/home\/wp-content\/uploads\/2025\/06\/Encontro-de-Violeiros-Repentistas-Cordelistas-e-Escritores-Foto-Jorge-Magalhaes-4.jpeg?resize=525%2C300&ssl=1 1.5x, https:\/\/i0.wp.com\/blogdafeira.com.br\/home\/wp-content\/uploads\/2025\/06\/Encontro-de-Violeiros-Repentistas-Cordelistas-e-Escritores-Foto-Jorge-Magalhaes-4.jpeg?resize=700%2C400&ssl=1 2x, https:\/\/i0.wp.com\/blogdafeira.com.br\/home\/wp-content\/uploads\/2025\/06\/Encontro-de-Violeiros-Repentistas-Cordelistas-e-Escritores-Foto-Jorge-Magalhaes-4.jpeg?resize=1050%2C600&ssl=1 3x"},"classes":[]},{"id":45106,"url":"https:\/\/blogdafeira.com.br\/home\/2021\/04\/23\/o-folheteiro-e-o-map\/","url_meta":{"origin":60467,"position":4},"title":"&#8220;O Folheteiro&#8221; e o Map","author":"J\u00e2nio R\u00eago","date":"23\/04\/2021","format":false,"excerpt":"jurivaldo alves. o folheteiro do mercado de arte popular de feira de santana \u00e9 a estrela do document\u00e1rio sobre sua vida e os folhetos de cordel nas feiras das cidades. jurivaldo gosta de atuar. j\u00e1 fez lampi\u00e3o num ensaio de filme nunca conclu\u00eddo, mas nesse ele faz o seu pr\u00f3prio\u2026","rel":"","context":"Em &quot;Colunistas&quot;","block_context":{"text":"Colunistas","link":"https:\/\/blogdafeira.com.br\/home\/categoria\/colunistas\/"},"img":{"alt_text":"","src":"https:\/\/i0.wp.com\/blogdafeira.com.br\/home\/wp-content\/uploads\/2021\/04\/IMG_20210423_174613_095.jpg?resize=350%2C200&ssl=1","width":350,"height":200,"srcset":"https:\/\/i0.wp.com\/blogdafeira.com.br\/home\/wp-content\/uploads\/2021\/04\/IMG_20210423_174613_095.jpg?resize=350%2C200&ssl=1 1x, https:\/\/i0.wp.com\/blogdafeira.com.br\/home\/wp-content\/uploads\/2021\/04\/IMG_20210423_174613_095.jpg?resize=525%2C300&ssl=1 1.5x, https:\/\/i0.wp.com\/blogdafeira.com.br\/home\/wp-content\/uploads\/2021\/04\/IMG_20210423_174613_095.jpg?resize=700%2C400&ssl=1 2x"},"classes":[]},{"id":62380,"url":"https:\/\/blogdafeira.com.br\/home\/2024\/06\/06\/jurivaldo-esta-de-volta-ao-map-e-nesta-sexta7-e-o-dia-municipal-da-literatura-de-cordel\/","url_meta":{"origin":60467,"position":5},"title":"Jurivaldo est\u00e1 de volta ao MAP e nesta sexta,7, \u00e9 o Dia Municipal da Literatura de Cordel","author":"Blog da Feira","date":"06\/06\/2024","format":false,"excerpt":"Desde 2010 que Feira de Santana, atrav\u00e9s de projeto de lei do ent\u00e3o vereador e radialista Frei Cal, tem o Dia Municipal da Literatura de Cordel:\u00a0 7 de junho. Essa\u00a0 data \u00e9\u00a0 uma refer\u00eancia ao nascimento do cordelista feirense Antonio Alves da Silva, \u201cum dos mais expressivos nomes nesta arte\u2026","rel":"","context":"Em &quot;Cultura&quot;","block_context":{"text":"Cultura","link":"https:\/\/blogdafeira.com.br\/home\/categoria\/cultura\/"},"img":{"alt_text":"","src":"https:\/\/i0.wp.com\/blogdafeira.com.br\/home\/wp-content\/uploads\/2024\/06\/Screenshot_20240304-1016052.png?resize=350%2C200&ssl=1","width":350,"height":200,"srcset":"https:\/\/i0.wp.com\/blogdafeira.com.br\/home\/wp-content\/uploads\/2024\/06\/Screenshot_20240304-1016052.png?resize=350%2C200&ssl=1 1x, https:\/\/i0.wp.com\/blogdafeira.com.br\/home\/wp-content\/uploads\/2024\/06\/Screenshot_20240304-1016052.png?resize=525%2C300&ssl=1 1.5x, https:\/\/i0.wp.com\/blogdafeira.com.br\/home\/wp-content\/uploads\/2024\/06\/Screenshot_20240304-1016052.png?resize=700%2C400&ssl=1 2x, https:\/\/i0.wp.com\/blogdafeira.com.br\/home\/wp-content\/uploads\/2024\/06\/Screenshot_20240304-1016052.png?resize=1050%2C600&ssl=1 3x"},"classes":[]}],"_links":{"self":[{"href":"https:\/\/blogdafeira.com.br\/home\/wp-json\/wp\/v2\/posts\/60467","targetHints":{"allow":["GET"]}}],"collection":[{"href":"https:\/\/blogdafeira.com.br\/home\/wp-json\/wp\/v2\/posts"}],"about":[{"href":"https:\/\/blogdafeira.com.br\/home\/wp-json\/wp\/v2\/types\/post"}],"author":[{"embeddable":true,"href":"https:\/\/blogdafeira.com.br\/home\/wp-json\/wp\/v2\/users\/13"}],"replies":[{"embeddable":true,"href":"https:\/\/blogdafeira.com.br\/home\/wp-json\/wp\/v2\/comments?post=60467"}],"version-history":[{"count":1,"href":"https:\/\/blogdafeira.com.br\/home\/wp-json\/wp\/v2\/posts\/60467\/revisions"}],"predecessor-version":[{"id":60469,"href":"https:\/\/blogdafeira.com.br\/home\/wp-json\/wp\/v2\/posts\/60467\/revisions\/60469"}],"wp:featuredmedia":[{"embeddable":true,"href":"https:\/\/blogdafeira.com.br\/home\/wp-json\/wp\/v2\/media\/60468"}],"wp:attachment":[{"href":"https:\/\/blogdafeira.com.br\/home\/wp-json\/wp\/v2\/media?parent=60467"}],"wp:term":[{"taxonomy":"category","embeddable":true,"href":"https:\/\/blogdafeira.com.br\/home\/wp-json\/wp\/v2\/categories?post=60467"},{"taxonomy":"post_tag","embeddable":true,"href":"https:\/\/blogdafeira.com.br\/home\/wp-json\/wp\/v2\/tags?post=60467"}],"curies":[{"name":"wp","href":"https:\/\/api.w.org\/{rel}","templated":true}]}}