{"id":60769,"date":"2024-01-10T18:01:04","date_gmt":"2024-01-10T21:01:04","guid":{"rendered":"https:\/\/blogdafeira.com.br\/home\/?p=60769"},"modified":"2024-03-18T22:51:48","modified_gmt":"2024-03-19T01:51:48","slug":"jeronimo-deu-inicio-na-bahia-ao-projeto-ferias-na-escola-com-mais-saber-e-sabores","status":"publish","type":"post","link":"https:\/\/blogdafeira.com.br\/home\/2024\/01\/10\/jeronimo-deu-inicio-na-bahia-ao-projeto-ferias-na-escola-com-mais-saber-e-sabores\/","title":{"rendered":"Jer\u00f4nimo deu in\u00edcio na Bahia ao projeto F\u00e9rias na Escola com mais Saber e Sabores&#8221;"},"content":{"rendered":"<div id=\"blogd-1040515935\" class=\"blogd-fim-do-post-mobile blogd-entity-placement\" style=\"margin-left: auto;margin-right: auto;text-align: center;\"><a href=\"https:\/\/www.sefaz.feiradesantana.ba.gov.br\/\" target=\"_blank\" aria-label=\"728&#215;90 (6)\"><img loading=\"lazy\" decoding=\"async\" src=\"https:\/\/blogdafeira.com.br\/home\/wp-content\/uploads\/2026\/03\/728x90-6.gif\" alt=\"\"  class=\"no-lazyload\" width=\"728\" height=\"90\"  style=\"display: inline-block;\" \/><\/a><\/div><p>O projeto &#8220;F\u00e9rias na Escola com mais Saber e Sabores&#8221; foi lan\u00e7ado, nesta quarta-feira (10), pelo governador Jer\u00f4nimo Rodrigues e pelo vice-governador, Geraldo J\u00fanior, no Col\u00e9gio Estadual de Tempo Integral Professora No\u00eamia Rego, no bairro de Val\u00e9ria, em Salvador. Em Feira de Santana, o lan\u00e7amento foi presidido pelo secret\u00e1rio de Direitos Humanos, Felipe Freitas .<\/p><div id=\"blogd-3653844661\" class=\"blogd-conteudo-2-mobile blogd-entity-placement\"><a href=\"https:\/\/feirenses.com.br\/\" target=\"_blank\" aria-label=\"feirenses\"><img loading=\"lazy\" decoding=\"async\" src=\"https:\/\/blogdafeira.com.br\/home\/wp-content\/uploads\/2026\/04\/feirenses.png\" alt=\"\"  srcset=\"https:\/\/blogdafeira.com.br\/home\/wp-content\/uploads\/2026\/04\/feirenses.png 300w, https:\/\/blogdafeira.com.br\/home\/wp-content\/uploads\/2026\/04\/feirenses-170x45.png 170w, https:\/\/blogdafeira.com.br\/home\/wp-content\/uploads\/2026\/04\/feirenses-280x74.png 280w\" sizes=\"(max-width: 300px) 100vw, 300px\" class=\"no-lazyload\" width=\"300\" height=\"79\"  style=\"display: inline-block;\" \/><\/a><\/div>\n<p>O lan\u00e7amento do projeto foi realizado simultaneamente nas seguintes unidades da rede p\u00fablica de ensino: Centro Territorial de Educa\u00e7\u00e3o Profissional do Vale do Jiquiri\u00e7\u00e1, em Amargosa; Col\u00e9gio Estadual de Tempo Integral de Am\u00e9lia Rodrigues; Col\u00e9gio Estadual Jos\u00e9 Vicente Leal, em Ara\u00e7\u00e1s; Col\u00e9gio Estadual de Tempo Integral de Barra do Cho\u00e7a; Col\u00e9gio Estadual Quilombola de Tempo Integral da Bacia do Iguape, em Cachoeira; Col\u00e9gio Modelo Lu\u00eds Eduardo Magalh\u00e3es, em Cama\u00e7ari; Col\u00e9gio Estadual de Tempo Integral de Feira de Santana; Centro Estadual de Educa\u00e7\u00e3o Profissional em Tecnologia, em Lauro De Freitas; Col\u00e9gio Estadual Ministro Oliveira Brito, em Olindina; e no Col\u00e9gio Estadual Gentil Para\u00edso Martins, em Valen\u00e7a<\/p>\n<p>A iniciativa oferece oficinas e outras atividades a 131 mil estudantes da rede estadual de ensino, em cerca de 500 escolas pela Bahia, de 10 a 31 deste m\u00eas, com a proposta de fortalecer o v\u00ednculo e a participa\u00e7\u00e3o estudantil, a partir do potencial art\u00edstico e cultural de cada localidade.<\/p>\n<p>A iniciativa segue a orienta\u00e7\u00e3o metodol\u00f3gica do Programa Educa Mais Bahia, programa implementado pela SEC, que oferta oficinas educativas durante o ano letivo, envolvendo toda a comunidade escolar. O Educa Mais Bahia amplia a jornada nas escolas mediante oficinas de artes, esportes, m\u00fasica e fortalecimento das aprendizagens.<\/p>\n<p>A a\u00e7\u00e3o ser\u00e1 desenvolvida de forma articulada com outras secretarias estaduais, a exemplo das pastas de Cultura (Secult-BA), Justi\u00e7a e Direitos Humanos (SJDH), de Desenvolvimento Social (Seades) e da Sa\u00fade (Sesab). O F\u00e9rias na Escola com mais Saber e Sabor tamb\u00e9m conta com a parceria da Secretaria da Seguran\u00e7a P\u00fablica (SSP), que aumentar\u00e1 a aten\u00e7\u00e3o \u00e0 seguran\u00e7a no entorno das escolas com atividades. \u201cEssas s\u00e3o a\u00e7\u00f5es integradas do Estado que primam pela participa\u00e7\u00e3o da comunidade e colocam a educa\u00e7\u00e3o como um eixo para transformar a vida das pessoas\u201d, destacou Geraldo J\u00fanior.<\/p>\n<div id=\"blogd-2375931399\" class=\"blogd-final-post blogd-entity-placement\"><a href=\"https:\/\/www.feiradesantana.ba.leg.br\/\" target=\"_blank\" aria-label=\"BANNER-SITE-ENTREGADECHEQUE-CAMARADEFEIRA\"><img loading=\"lazy\" decoding=\"async\" src=\"https:\/\/blogdafeira.com.br\/home\/wp-content\/uploads\/2026\/03\/BANNER-SITE-ENTREGADECHEQUE-CAMARADEFEIRA.gif\" alt=\"\"  class=\"no-lazyload\" width=\"728\" height=\"90\"   \/><\/a><\/div><p>Foto: Feij\u00e3o Almeida\/GOVBA<\/p>\n","protected":false},"excerpt":{"rendered":"<p>O projeto &#8220;F\u00e9rias na Escola com mais Saber e Sabores&#8221; foi lan\u00e7ado, nesta quarta-feira (10), pelo governador Jer\u00f4nimo Rodrigues e pelo vice-governador, Geraldo J\u00fanior, no Col\u00e9gio Estadual de Tempo Integral Professora No\u00eamia Rego, no bairro de Val\u00e9ria, em Salvador. Em Feira de Santana, o lan\u00e7amento foi presidido pelo secret\u00e1rio de Direitos Humanos, Felipe Freitas .<\/p>\n","protected":false},"author":1,"featured_media":60770,"comment_status":"open","ping_status":"open","sticky":false,"template":"","format":"standard","meta":{"jetpack_post_was_ever_published":false,"cybocfi_hide_featured_image":"","_jetpack_newsletter_access":"","_jetpack_dont_email_post_to_subs":false,"_jetpack_newsletter_tier_id":0,"_jetpack_memberships_contains_paywalled_content":false,"_jetpack_memberships_contains_paid_content":false,"footnotes":"","jetpack_publicize_message":"","jetpack_publicize_feature_enabled":true,"jetpack_social_post_already_shared":true,"jetpack_social_options":{"image_generator_settings":{"template":"highway","default_image_id":0,"font":"","enabled":false},"version":2}},"categories":[680,1],"tags":[],"class_list":["post-60769","post","type-post","status-publish","format-standard","has-post-thumbnail","hentry","category-bahia","category-raiz"],"jetpack_publicize_connections":[],"jetpack_featured_media_url":"https:\/\/blogdafeira.com.br\/home\/wp-content\/uploads\/2024\/01\/60338c83-bb2f-4f4c-a9d1-da719dccd07e-1068x719-1.jpg","jetpack_shortlink":"https:\/\/wp.me\/p3niVf-fO9","jetpack_sharing_enabled":true,"jetpack-related-posts":[{"id":63007,"url":"https:\/\/blogdafeira.com.br\/home\/2024\/07\/25\/jeronimo-entrega-escola-tempo-integral-ana-angelica-vergne-de-morais\/","url_meta":{"origin":60769,"position":0},"title":"Jer\u00f4nimo entrega Escola Tempo Integral &#8220;Ana Ang\u00e9lica Vergne de Morais&#8221;","author":"Secom\/Gov.Bahia","date":"25\/07\/2024","format":false,"excerpt":"O governador Jer\u00f4nimo Rodrigues inaugurou, nesta quinta (25), a nova sede do Col\u00e9gio Estadual de Tempo Integral Professora Ana Ang\u00e9lica Vergne de Morais. Ainda na cidade, o chefe do executivo baiano entregou a pavimenta\u00e7\u00e3o do trecho de rodovia que liga o entroncamento da BR-116 ao distrito de Tiquaru\u00e7u e recebeu\u2026","rel":"","context":"Em &quot;Geral&quot;","block_context":{"text":"Geral","link":"https:\/\/blogdafeira.com.br\/home\/categoria\/geral\/"},"img":{"alt_text":"","src":"https:\/\/i0.wp.com\/blogdafeira.com.br\/home\/wp-content\/uploads\/2024\/07\/Fotos-Feijao-AlmeidaGOVBA-1-1.jpeg?resize=350%2C200&ssl=1","width":350,"height":200,"srcset":"https:\/\/i0.wp.com\/blogdafeira.com.br\/home\/wp-content\/uploads\/2024\/07\/Fotos-Feijao-AlmeidaGOVBA-1-1.jpeg?resize=350%2C200&ssl=1 1x, https:\/\/i0.wp.com\/blogdafeira.com.br\/home\/wp-content\/uploads\/2024\/07\/Fotos-Feijao-AlmeidaGOVBA-1-1.jpeg?resize=525%2C300&ssl=1 1.5x, https:\/\/i0.wp.com\/blogdafeira.com.br\/home\/wp-content\/uploads\/2024\/07\/Fotos-Feijao-AlmeidaGOVBA-1-1.jpeg?resize=700%2C400&ssl=1 2x, https:\/\/i0.wp.com\/blogdafeira.com.br\/home\/wp-content\/uploads\/2024\/07\/Fotos-Feijao-AlmeidaGOVBA-1-1.jpeg?resize=1050%2C600&ssl=1 3x, https:\/\/i0.wp.com\/blogdafeira.com.br\/home\/wp-content\/uploads\/2024\/07\/Fotos-Feijao-AlmeidaGOVBA-1-1.jpeg?resize=1400%2C800&ssl=1 4x"},"classes":[]},{"id":64039,"url":"https:\/\/blogdafeira.com.br\/home\/2024\/10\/01\/bule-bule-celebra-a-63a-escola-de-tempo-integral-entregue-por-jeronimo-a-antonio-cardoso\/","url_meta":{"origin":60769,"position":1},"title":"Bule-Bule celebra a 63\u00aa escola de tempo integral, entregue por Jer\u00f4nimo a Ant\u00f4nio Cardoso","author":"Secom\/Gov.Bahia","date":"01\/10\/2024","format":false,"excerpt":"A semana come\u00e7ou com boas not\u00edcias para os moradores da cidade de Ant\u00f4nio Cardoso, a 30 km de Feira de Santana,\u00a0 no territ\u00f3rio Portal do Sert\u00e3o. O governador Jer\u00f4nimo Rodrigues foi at\u00e9 o munic\u00edpio ontem(30) e entregou um col\u00e9gio de tempo integral para alunos do campo, al\u00e9m de um \u00f4nibus\u2026","rel":"","context":"Em &quot;Geral&quot;","block_context":{"text":"Geral","link":"https:\/\/blogdafeira.com.br\/home\/categoria\/geral\/"},"img":{"alt_text":"","src":"https:\/\/i0.wp.com\/blogdafeira.com.br\/home\/wp-content\/uploads\/2024\/10\/Foto-Matheus-LandimGOVBA-1-1068x600-1.jpeg?resize=350%2C200&ssl=1","width":350,"height":200,"srcset":"https:\/\/i0.wp.com\/blogdafeira.com.br\/home\/wp-content\/uploads\/2024\/10\/Foto-Matheus-LandimGOVBA-1-1068x600-1.jpeg?resize=350%2C200&ssl=1 1x, https:\/\/i0.wp.com\/blogdafeira.com.br\/home\/wp-content\/uploads\/2024\/10\/Foto-Matheus-LandimGOVBA-1-1068x600-1.jpeg?resize=525%2C300&ssl=1 1.5x, https:\/\/i0.wp.com\/blogdafeira.com.br\/home\/wp-content\/uploads\/2024\/10\/Foto-Matheus-LandimGOVBA-1-1068x600-1.jpeg?resize=700%2C400&ssl=1 2x, https:\/\/i0.wp.com\/blogdafeira.com.br\/home\/wp-content\/uploads\/2024\/10\/Foto-Matheus-LandimGOVBA-1-1068x600-1.jpeg?resize=1050%2C600&ssl=1 3x"},"classes":[]},{"id":56374,"url":"https:\/\/blogdafeira.com.br\/home\/2023\/02\/06\/algumas-escolas-estaduais-vao-abrir-no-fim-de-semana-anunciou-jeronimo\/","url_meta":{"origin":60769,"position":2},"title":"Algumas escolas estaduais v\u00e3o abrir no fim de semana, anunciou Jer\u00f4nimo","author":"Secom\/Gov.Bahia","date":"06\/02\/2023","format":false,"excerpt":"Realizada pela primeira vez no interior, a aula inaugural da rede estadual de ensino foi transmitida pela internet, durante visita do governador Jer\u00f4nimo Rodrigues\u00a0 \u00e0 cidade de Am\u00e9lia Rodrigues, onde\u00a0 inaugurou o novo Col\u00e9gio Estadual de Tempo Integral de Am\u00e9lia Rodrigues. A escola tem capacidade para 1.160 estudantes e contou\u2026","rel":"","context":"Em &quot;Bahia&quot;","block_context":{"text":"Bahia","link":"https:\/\/blogdafeira.com.br\/home\/categoria\/bahia\/"},"img":{"alt_text":"","src":"https:\/\/i0.wp.com\/blogdafeira.com.br\/home\/wp-content\/uploads\/2023\/01\/Fotos-Fernando-VivasGOVBA-1-1068x712-1.webp?resize=350%2C200&ssl=1","width":350,"height":200,"srcset":"https:\/\/i0.wp.com\/blogdafeira.com.br\/home\/wp-content\/uploads\/2023\/01\/Fotos-Fernando-VivasGOVBA-1-1068x712-1.webp?resize=350%2C200&ssl=1 1x, https:\/\/i0.wp.com\/blogdafeira.com.br\/home\/wp-content\/uploads\/2023\/01\/Fotos-Fernando-VivasGOVBA-1-1068x712-1.webp?resize=525%2C300&ssl=1 1.5x, https:\/\/i0.wp.com\/blogdafeira.com.br\/home\/wp-content\/uploads\/2023\/01\/Fotos-Fernando-VivasGOVBA-1-1068x712-1.webp?resize=700%2C400&ssl=1 2x, https:\/\/i0.wp.com\/blogdafeira.com.br\/home\/wp-content\/uploads\/2023\/01\/Fotos-Fernando-VivasGOVBA-1-1068x712-1.webp?resize=1050%2C600&ssl=1 3x"},"classes":[]},{"id":65579,"url":"https:\/\/blogdafeira.com.br\/home\/2025\/02\/09\/jeronimo-inaugura-colegio-em-conceicao-do-jacuipe-e-concede-entrevista-a-um-pool-de-radios-de-feira\/","url_meta":{"origin":60769,"position":3},"title":"Jer\u00f4nimo inaugura col\u00e9gio em Concei\u00e7\u00e3o do Jacu\u00edpe e concede entrevista a um &#8216;pool&#8217; de r\u00e1dios de Feira","author":"Secom\/Gov.Bahia","date":"09\/02\/2025","format":false,"excerpt":"Na manh\u00e3 desta segunda-feira (10), o governador Jer\u00f4nimo Rodrigues abrir\u00e1 oficialmente o ano letivo de 2025 da rede p\u00fablica estadual de ensino, inaugurando o novo Col\u00e9gio Estadual de Tempo Integral de Concei\u00e7\u00e3o do Jacu\u00edpe. De um est\u00fadio improvisado em uma das salas do novo col\u00e9gio. O governador vai con Eder\u2026","rel":"","context":"Em &quot;Home&quot;","block_context":{"text":"Home","link":"https:\/\/blogdafeira.com.br\/home\/categoria\/raiz\/"},"img":{"alt_text":"","src":"https:\/\/i0.wp.com\/blogdafeira.com.br\/home\/wp-content\/uploads\/2025\/02\/IMG-20250209-WA0022.jpg?resize=350%2C200&ssl=1","width":350,"height":200,"srcset":"https:\/\/i0.wp.com\/blogdafeira.com.br\/home\/wp-content\/uploads\/2025\/02\/IMG-20250209-WA0022.jpg?resize=350%2C200&ssl=1 1x, https:\/\/i0.wp.com\/blogdafeira.com.br\/home\/wp-content\/uploads\/2025\/02\/IMG-20250209-WA0022.jpg?resize=525%2C300&ssl=1 1.5x, https:\/\/i0.wp.com\/blogdafeira.com.br\/home\/wp-content\/uploads\/2025\/02\/IMG-20250209-WA0022.jpg?resize=700%2C400&ssl=1 2x"},"classes":[]},{"id":61660,"url":"https:\/\/blogdafeira.com.br\/home\/2024\/03\/18\/estado-completa-74-escolas-de-ensino-integral-entregues-em-pouco-mais-de-um-ano\/","url_meta":{"origin":60769,"position":4},"title":"Estado completa 74 escolas de ensino integral entregues em pouco mais de um ano","author":"Secom\/Gov.Bahia","date":"18\/03\/2024","format":false,"excerpt":"O Col\u00e9gio Estadual Carlito de Carvalho, em Macajuba, na regi\u00e3o do Piemonte do Paragua\u00e7u, \u00e9 mais uma das 74\u00a0 unidades de ensino integral inauguradas na Bahia desde o in\u00edcio de 2023. O equipamento, que foi ampliado e modernizado, est\u00e1 entre os investimentos realizados pelo Estado no munic\u00edpio que, neste s\u00e1bado\u2026","rel":"","context":"Em &quot;Bahia&quot;","block_context":{"text":"Bahia","link":"https:\/\/blogdafeira.com.br\/home\/categoria\/bahia\/"},"img":{"alt_text":"","src":"https:\/\/i0.wp.com\/blogdafeira.com.br\/home\/wp-content\/uploads\/2024\/03\/Fotos_-Joa-Souza_GOVBAApp-Image-2024-03-16-at-12.42.10.jpeg?resize=350%2C200&ssl=1","width":350,"height":200,"srcset":"https:\/\/i0.wp.com\/blogdafeira.com.br\/home\/wp-content\/uploads\/2024\/03\/Fotos_-Joa-Souza_GOVBAApp-Image-2024-03-16-at-12.42.10.jpeg?resize=350%2C200&ssl=1 1x, https:\/\/i0.wp.com\/blogdafeira.com.br\/home\/wp-content\/uploads\/2024\/03\/Fotos_-Joa-Souza_GOVBAApp-Image-2024-03-16-at-12.42.10.jpeg?resize=525%2C300&ssl=1 1.5x, https:\/\/i0.wp.com\/blogdafeira.com.br\/home\/wp-content\/uploads\/2024\/03\/Fotos_-Joa-Souza_GOVBAApp-Image-2024-03-16-at-12.42.10.jpeg?resize=700%2C400&ssl=1 2x, https:\/\/i0.wp.com\/blogdafeira.com.br\/home\/wp-content\/uploads\/2024\/03\/Fotos_-Joa-Souza_GOVBAApp-Image-2024-03-16-at-12.42.10.jpeg?resize=1050%2C600&ssl=1 3x, https:\/\/i0.wp.com\/blogdafeira.com.br\/home\/wp-content\/uploads\/2024\/03\/Fotos_-Joa-Souza_GOVBAApp-Image-2024-03-16-at-12.42.10.jpeg?resize=1400%2C800&ssl=1 4x"},"classes":[]},{"id":47633,"url":"https:\/\/blogdafeira.com.br\/home\/2021\/10\/04\/estado-tem-64-milhoes-para-investir-em-escolasna-feira\/","url_meta":{"origin":60769,"position":5},"title":"Estado tem R$ 64 milh\u00f5es para investir em escolas na Feira","author":"Secom\/Gov.Bahia","date":"04\/10\/2021","format":false,"excerpt":"A Secretaria da Educa\u00e7\u00e3o do Estado (SEC) realizou uma vistoria t\u00e9cnica em unidades da rede estadual de ensino, no s\u00e1bado (2), em Feira de Santana, e em terrenos que poder\u00e3o sediar novas escolas estaduais. Para o munic\u00edpio, o Estado destinou mais de 64 milh\u00f5es para construir novas escolas em tempo\u2026","rel":"","context":"Em &quot;Cidade&quot;","block_context":{"text":"Cidade","link":"https:\/\/blogdafeira.com.br\/home\/categoria\/cidade\/"},"img":{"alt_text":"","src":"https:\/\/i0.wp.com\/blogdafeira.com.br\/home\/wp-content\/uploads\/2021\/10\/WhatsApp-Image-2021-10-02-at-15.02.32.jpeg?resize=350%2C200&ssl=1","width":350,"height":200,"srcset":"https:\/\/i0.wp.com\/blogdafeira.com.br\/home\/wp-content\/uploads\/2021\/10\/WhatsApp-Image-2021-10-02-at-15.02.32.jpeg?resize=350%2C200&ssl=1 1x, https:\/\/i0.wp.com\/blogdafeira.com.br\/home\/wp-content\/uploads\/2021\/10\/WhatsApp-Image-2021-10-02-at-15.02.32.jpeg?resize=525%2C300&ssl=1 1.5x, https:\/\/i0.wp.com\/blogdafeira.com.br\/home\/wp-content\/uploads\/2021\/10\/WhatsApp-Image-2021-10-02-at-15.02.32.jpeg?resize=700%2C400&ssl=1 2x, https:\/\/i0.wp.com\/blogdafeira.com.br\/home\/wp-content\/uploads\/2021\/10\/WhatsApp-Image-2021-10-02-at-15.02.32.jpeg?resize=1050%2C600&ssl=1 3x, https:\/\/i0.wp.com\/blogdafeira.com.br\/home\/wp-content\/uploads\/2021\/10\/WhatsApp-Image-2021-10-02-at-15.02.32.jpeg?resize=1400%2C800&ssl=1 4x"},"classes":[]}],"_links":{"self":[{"href":"https:\/\/blogdafeira.com.br\/home\/wp-json\/wp\/v2\/posts\/60769","targetHints":{"allow":["GET"]}}],"collection":[{"href":"https:\/\/blogdafeira.com.br\/home\/wp-json\/wp\/v2\/posts"}],"about":[{"href":"https:\/\/blogdafeira.com.br\/home\/wp-json\/wp\/v2\/types\/post"}],"author":[{"embeddable":true,"href":"https:\/\/blogdafeira.com.br\/home\/wp-json\/wp\/v2\/users\/1"}],"replies":[{"embeddable":true,"href":"https:\/\/blogdafeira.com.br\/home\/wp-json\/wp\/v2\/comments?post=60769"}],"version-history":[{"count":1,"href":"https:\/\/blogdafeira.com.br\/home\/wp-json\/wp\/v2\/posts\/60769\/revisions"}],"predecessor-version":[{"id":60771,"href":"https:\/\/blogdafeira.com.br\/home\/wp-json\/wp\/v2\/posts\/60769\/revisions\/60771"}],"wp:featuredmedia":[{"embeddable":true,"href":"https:\/\/blogdafeira.com.br\/home\/wp-json\/wp\/v2\/media\/60770"}],"wp:attachment":[{"href":"https:\/\/blogdafeira.com.br\/home\/wp-json\/wp\/v2\/media?parent=60769"}],"wp:term":[{"taxonomy":"category","embeddable":true,"href":"https:\/\/blogdafeira.com.br\/home\/wp-json\/wp\/v2\/categories?post=60769"},{"taxonomy":"post_tag","embeddable":true,"href":"https:\/\/blogdafeira.com.br\/home\/wp-json\/wp\/v2\/tags?post=60769"}],"curies":[{"name":"wp","href":"https:\/\/api.w.org\/{rel}","templated":true}]}}