{"id":61190,"date":"2024-02-21T04:34:32","date_gmt":"2024-02-21T07:34:32","guid":{"rendered":"https:\/\/blogdafeira.com.br\/home\/?p=61190"},"modified":"2024-05-08T14:53:56","modified_gmt":"2024-05-08T17:53:56","slug":"governo-da-bahia-contabiliza-cerca-de-4-mil-pessoas-desalojadas-com-as-chuvas","status":"publish","type":"post","link":"https:\/\/blogdafeira.com.br\/home\/2024\/02\/21\/governo-da-bahia-contabiliza-cerca-de-4-mil-pessoas-desalojadas-com-as-chuvas\/","title":{"rendered":"Governo da Bahia contabiliza cerca de 4 mil pessoas desalojadas com as chuvas"},"content":{"rendered":"<div id=\"blogd-124044635\" class=\"blogd-fim-do-post-mobile blogd-entity-placement\" style=\"margin-left: auto;margin-right: auto;text-align: center;\"><a href=\"https:\/\/www.sefaz.feiradesantana.ba.gov.br\/\" target=\"_blank\" aria-label=\"728&#215;90 (6)\"><img loading=\"lazy\" decoding=\"async\" src=\"https:\/\/blogdafeira.com.br\/home\/wp-content\/uploads\/2026\/03\/728x90-6.gif\" alt=\"\"  class=\"no-lazyload\" width=\"728\" height=\"90\"  style=\"display: inline-block;\" \/><\/a><\/div><p>Com base em informa\u00e7\u00f5es recebidas das Prefeituras, a Superintend\u00eancia de Prote\u00e7\u00e3o e Defesa Civil da Bahia (Sudec) informou que\u00a0 s\u00e3o mais de 200 pessoas\u00a0 desabrigadas quase 4 mil\u00a0 desalojadas em decorr\u00eancia dos efeitos diretos do desastre. At\u00e9 o momento, foram contabilizados seis \u00f3bitos.<\/p><div id=\"blogd-3202384574\" class=\"blogd-conteudo-2-mobile blogd-entity-placement\"><a href=\"https:\/\/feirenses.com.br\/\" target=\"_blank\" aria-label=\"feirenses\"><img loading=\"lazy\" decoding=\"async\" src=\"https:\/\/blogdafeira.com.br\/home\/wp-content\/uploads\/2026\/04\/feirenses.png\" alt=\"\"  srcset=\"https:\/\/blogdafeira.com.br\/home\/wp-content\/uploads\/2026\/04\/feirenses.png 300w, https:\/\/blogdafeira.com.br\/home\/wp-content\/uploads\/2026\/04\/feirenses-170x45.png 170w, https:\/\/blogdafeira.com.br\/home\/wp-content\/uploads\/2026\/04\/feirenses-280x74.png 280w\" sizes=\"(max-width: 300px) 100vw, 300px\" class=\"no-lazyload\" width=\"300\" height=\"79\"  style=\"display: inline-block;\" \/><\/a><\/div>\n<div id=\"blogd-3420608283\" class=\"blogd-final-post blogd-entity-placement\"><a href=\"https:\/\/www.feiradesantana.ba.leg.br\/\" target=\"_blank\" aria-label=\"BANNER-SITE-ENTREGADECHEQUE-CAMARADEFEIRA\"><img loading=\"lazy\" decoding=\"async\" src=\"https:\/\/blogdafeira.com.br\/home\/wp-content\/uploads\/2026\/03\/BANNER-SITE-ENTREGADECHEQUE-CAMARADEFEIRA.gif\" alt=\"\"  class=\"no-lazyload\" width=\"728\" height=\"90\"   \/><\/a><\/div><p>Os n\u00fameros correspondem \u00e0s ocorr\u00eancias registradas em 44 munic\u00edpios afetados. \u00c9 importante destacar que, desse total, 30 est\u00e3o com decreto de Situa\u00e7\u00e3o de Emerg\u00eancia (SE), s\u00e3o eles: Anag\u00e9, Barra, Cansan\u00e7\u00e3o, C\u00edcero Dantas, Contendas do Sincor\u00e1, Cotegipe, Cravol\u00e2ndia, D\u00e1rio Meira, Ibicu\u00ed, Igua\u00ed, Ilh\u00e9us, Itaju do Col\u00f4nia, Lagoa Real, Medeiros Neto, Milagres, Monte Santo, Muqu\u00e9m do S\u00e3o Francisco, Mutu\u00edpe, Nova Cana\u00e3, Quijingue, S\u00e3o Miguel das Matas, Saubara, Uba\u00edra, Wanderley, Maiquinique, Nordestina, Valen\u00e7a, Itoror\u00f3, Pedro Alexandre e Santa Luziaregistradas 34 ocorr\u00eancias (entre pontos de aten\u00e7\u00e3o e trechos interditados total ou parcial), sendo que 14 j\u00e1 foram conclu\u00eddas.<\/p>\n","protected":false},"excerpt":{"rendered":"<p>Com base em informa\u00e7\u00f5es recebidas das Prefeituras, a Superintend\u00eancia de Prote\u00e7\u00e3o e Defesa Civil da Bahia (Sudec) informou que\u00a0 s\u00e3o mais de 200 pessoas\u00a0 desabrigadas quase 4 mil\u00a0 desalojadas em decorr\u00eancia dos efeitos diretos do desastre. At\u00e9 o momento, foram contabilizados seis \u00f3bitos. Os n\u00fameros correspondem \u00e0s ocorr\u00eancias registradas em 44 munic\u00edpios afetados. \u00c9 importante<\/p>\n","protected":false},"author":1,"featured_media":61191,"comment_status":"open","ping_status":"open","sticky":false,"template":"","format":"standard","meta":{"jetpack_post_was_ever_published":false,"cybocfi_hide_featured_image":"","_jetpack_newsletter_access":"","_jetpack_dont_email_post_to_subs":false,"_jetpack_newsletter_tier_id":0,"_jetpack_memberships_contains_paywalled_content":false,"_jetpack_memberships_contains_paid_content":false,"footnotes":"","jetpack_publicize_message":"","jetpack_publicize_feature_enabled":true,"jetpack_social_post_already_shared":true,"jetpack_social_options":{"image_generator_settings":{"template":"highway","default_image_id":0,"font":"","enabled":false},"version":2}},"categories":[680,1],"tags":[],"class_list":["post-61190","post","type-post","status-publish","format-standard","has-post-thumbnail","hentry","category-bahia","category-raiz"],"jetpack_publicize_connections":[],"jetpack_featured_media_url":"https:\/\/blogdafeira.com.br\/home\/wp-content\/uploads\/2024\/02\/IMG-20240219-WA0027-1068x801-1.jpg","jetpack_shortlink":"https:\/\/wp.me\/p3niVf-fUW","jetpack_sharing_enabled":true,"jetpack-related-posts":[{"id":61214,"url":"https:\/\/blogdafeira.com.br\/home\/2024\/02\/22\/chuvas-torrenciais-35-municipios-baianos-decretaram-situacao-de-emergencia\/","url_meta":{"origin":61190,"position":0},"title":"Chuvas torrenciais: 35 munic\u00edpios baianos est\u00e3o em situa\u00e7\u00e3o de emerg\u00eancia","author":"Secom\/GOV.BA","date":"22\/02\/2024","format":false,"excerpt":"O Governo do Estado, com base em informa\u00e7\u00f5es recebidas das prefeituras e da Superintend\u00eancia de Prote\u00e7\u00e3o e Defesa Civil da Bahia (Sudec) calcula que s\u00e3o 209 pessoas desabrigadas, 3.995 desalojadas e seis \u00f3bitos, em decorr\u00eancia dos efeitos diretos daa que caem em cerca de 55 munic\u00edpios baianos. Desse\u00a0 total, 35\u2026","rel":"","context":"Em &quot;Bahia&quot;","block_context":{"text":"Bahia","link":"https:\/\/blogdafeira.com.br\/home\/categoria\/bahia\/"},"img":{"alt_text":"","src":"https:\/\/i0.wp.com\/blogdafeira.com.br\/home\/wp-content\/uploads\/2024\/02\/IMG-20240220-WA00642.jpg?resize=350%2C200&ssl=1","width":350,"height":200,"srcset":"https:\/\/i0.wp.com\/blogdafeira.com.br\/home\/wp-content\/uploads\/2024\/02\/IMG-20240220-WA00642.jpg?resize=350%2C200&ssl=1 1x, https:\/\/i0.wp.com\/blogdafeira.com.br\/home\/wp-content\/uploads\/2024\/02\/IMG-20240220-WA00642.jpg?resize=525%2C300&ssl=1 1.5x, https:\/\/i0.wp.com\/blogdafeira.com.br\/home\/wp-content\/uploads\/2024\/02\/IMG-20240220-WA00642.jpg?resize=700%2C400&ssl=1 2x"},"classes":[]},{"id":49725,"url":"https:\/\/blogdafeira.com.br\/home\/2021\/12\/29\/deputado-jose-nunes-reune-se-com-arthur-lira-sobre-enchentes-na-bahia\/","url_meta":{"origin":61190,"position":1},"title":"Deputado Jos\u00e9 Nunes re\u00fane-se com Arthur Lira sobre enchentes na Bahia","author":"Secom\/GOV.BA","date":"29\/12\/2021","format":false,"excerpt":"Em Bras\u00edlia, juntamente com parlamentares da bancada baiana, o deputado federal Jos\u00e9 Nunes (PSD) participou de uma reuni\u00e3o com o presidente da C\u00e2mara de Deputados, Arthur Lira, para tratar de a\u00e7\u00f5es e investimentos do Governo Federal, a fim de minimizar os danos causados pelas fortes chuvas nas regi\u00f5es sul e\u2026","rel":"","context":"Em &quot;Home&quot;","block_context":{"text":"Home","link":"https:\/\/blogdafeira.com.br\/home\/categoria\/raiz\/"},"img":{"alt_text":"","src":"https:\/\/i0.wp.com\/blogdafeira.com.br\/home\/wp-content\/uploads\/2021\/12\/images-4.jpeg?resize=350%2C200&ssl=1","width":350,"height":200,"srcset":"https:\/\/i0.wp.com\/blogdafeira.com.br\/home\/wp-content\/uploads\/2021\/12\/images-4.jpeg?resize=350%2C200&ssl=1 1x, https:\/\/i0.wp.com\/blogdafeira.com.br\/home\/wp-content\/uploads\/2021\/12\/images-4.jpeg?resize=525%2C300&ssl=1 1.5x"},"classes":[]},{"id":42452,"url":"https:\/\/blogdafeira.com.br\/home\/2020\/12\/14\/na-bahia-8-610-pessoas-morreram-desde-o-inicio-da-pandemia\/","url_meta":{"origin":61190,"position":2},"title":"Na Bahia 8.610 pessoas morreram desde o in\u00edcio da pandemia","author":"Secom\/GOV.BA","date":"14\/12\/2020","format":false,"excerpt":"Na Bahia, nas \u00faltimas 24 horas, foram registrados 1.196 casos de Covid-19 (taxa de crescimento de (+0,3%) e 2.006 recuperados (+0,5%). Dos 444.661 casos confirmados desde o in\u00edcio da pandemia, 424.473 j\u00e1 s\u00e3o considerados recuperados,11.578 encontram-se ativos. A base de dados completa dos casos suspeitos, descartados, confirmados e \u00f3bitos relacionados\u2026","rel":"","context":"Em &quot;Bahia&quot;","block_context":{"text":"Bahia","link":"https:\/\/blogdafeira.com.br\/home\/categoria\/bahia\/"},"img":{"alt_text":"","src":"https:\/\/i0.wp.com\/blogdafeira.com.br\/home\/wp-content\/uploads\/2020\/12\/Destaque-coronavirus-2-360x240-1.jpeg?resize=350%2C200&ssl=1","width":350,"height":200},"classes":[]},{"id":66910,"url":"https:\/\/blogdafeira.com.br\/home\/2025\/04\/24\/bahia-e-o-segundo-estado-do-nordeste-com-mais-roubo-de-carros\/","url_meta":{"origin":61190,"position":3},"title":"Bahia \u00e9 o segundo estado do Nordeste com mais roubo de carros","author":"Secom\/GOV.BA","date":"24\/04\/2025","format":false,"excerpt":"A Bahia foi o segundo estado do Nordeste com mais roubos de ve\u00edculos durante o primeiro trimestre deste ano. Ao todo, foram 2.264 ocorr\u00eancias entre janeiro e mar\u00e7o. Apenas Pernambuco registraram mais crimes desta natureza, com 3068. O estado que contabilizou menos roubos de ve\u00edculos no per\u00edodo foi Sergipe, com\u2026","rel":"","context":"Em &quot;Geral&quot;","block_context":{"text":"Geral","link":"https:\/\/blogdafeira.com.br\/home\/categoria\/geral\/"},"img":{"alt_text":"","src":"","width":0,"height":0},"classes":[]},{"id":42333,"url":"https:\/\/blogdafeira.com.br\/home\/2020\/12\/08\/bahia-registra-3-330-novos-casos-de-covid-19-nas-ultimas-24-horas\/","url_meta":{"origin":61190,"position":4},"title":"Bahia registra 3.330 novos casos de Covid-19 nas \u00faltimas 24 horas","author":"Secom\/GOV.BA","date":"08\/12\/2020","format":false,"excerpt":"Na Bahia, nas \u00faltimas 24 horas, foram registrados 3.330 casos de Covid-19 (taxa de crescimento de +0,8%) e 3.686 recuperados (+0,9%). Dos 428.034 casos confirmados desde o in\u00edcio da pandemia, 408.837 j\u00e1 s\u00e3o considerados recuperados,10.723 encontram-se ativos. A base de dados completa dos casos suspeitos, descartados, confirmados e \u00f3bitos relacionados\u2026","rel":"","context":"Em &quot;Bahia&quot;","block_context":{"text":"Bahia","link":"https:\/\/blogdafeira.com.br\/home\/categoria\/bahia\/"},"img":{"alt_text":"","src":"https:\/\/i0.wp.com\/blogdafeira.com.br\/home\/wp-content\/uploads\/2020\/12\/Destaque-coronavirus-2-360x240-1.jpeg?resize=350%2C200&ssl=1","width":350,"height":200},"classes":[]},{"id":36864,"url":"https:\/\/blogdafeira.com.br\/home\/2020\/04\/02\/covid19-na-bahia-267-casos-confirmados-41-dos-notificados\/","url_meta":{"origin":61190,"position":5},"title":"Covid19 na Bahia: 267 casos confirmados, 4,1% dos notificados","author":"Secom\/GOV.BA","date":"02\/04\/2020","format":false,"excerpt":"Bahia registra 267 casos confirmados do novo coronav\u00edrus (Covid-19), o que representa 4,1% do total de casos notificados. At\u00e9 o momento, 1763 casos foram descartados e houve tr\u00eas \u00f3bitos, todos residentes em Salvador que apresentavam comorbidades associadas. Este n\u00famero contabiliza todos os registros de janeiro at\u00e9 as 17 horas desta\u2026","rel":"","context":"Em &quot;Cidade&quot;","block_context":{"text":"Cidade","link":"https:\/\/blogdafeira.com.br\/home\/categoria\/cidade\/"},"img":{"alt_text":"","src":"https:\/\/i0.wp.com\/blogdafeira.com.br\/home\/wp-content\/uploads\/2020\/04\/Imagem-padrao-portal-novo-coronavirus-covid19.3-768x511-1.jpeg?resize=350%2C200&ssl=1","width":350,"height":200,"srcset":"https:\/\/i0.wp.com\/blogdafeira.com.br\/home\/wp-content\/uploads\/2020\/04\/Imagem-padrao-portal-novo-coronavirus-covid19.3-768x511-1.jpeg?resize=350%2C200&ssl=1 1x, https:\/\/i0.wp.com\/blogdafeira.com.br\/home\/wp-content\/uploads\/2020\/04\/Imagem-padrao-portal-novo-coronavirus-covid19.3-768x511-1.jpeg?resize=525%2C300&ssl=1 1.5x, https:\/\/i0.wp.com\/blogdafeira.com.br\/home\/wp-content\/uploads\/2020\/04\/Imagem-padrao-portal-novo-coronavirus-covid19.3-768x511-1.jpeg?resize=700%2C400&ssl=1 2x"},"classes":[]}],"_links":{"self":[{"href":"https:\/\/blogdafeira.com.br\/home\/wp-json\/wp\/v2\/posts\/61190","targetHints":{"allow":["GET"]}}],"collection":[{"href":"https:\/\/blogdafeira.com.br\/home\/wp-json\/wp\/v2\/posts"}],"about":[{"href":"https:\/\/blogdafeira.com.br\/home\/wp-json\/wp\/v2\/types\/post"}],"author":[{"embeddable":true,"href":"https:\/\/blogdafeira.com.br\/home\/wp-json\/wp\/v2\/users\/1"}],"replies":[{"embeddable":true,"href":"https:\/\/blogdafeira.com.br\/home\/wp-json\/wp\/v2\/comments?post=61190"}],"version-history":[{"count":1,"href":"https:\/\/blogdafeira.com.br\/home\/wp-json\/wp\/v2\/posts\/61190\/revisions"}],"predecessor-version":[{"id":61192,"href":"https:\/\/blogdafeira.com.br\/home\/wp-json\/wp\/v2\/posts\/61190\/revisions\/61192"}],"wp:featuredmedia":[{"embeddable":true,"href":"https:\/\/blogdafeira.com.br\/home\/wp-json\/wp\/v2\/media\/61191"}],"wp:attachment":[{"href":"https:\/\/blogdafeira.com.br\/home\/wp-json\/wp\/v2\/media?parent=61190"}],"wp:term":[{"taxonomy":"category","embeddable":true,"href":"https:\/\/blogdafeira.com.br\/home\/wp-json\/wp\/v2\/categories?post=61190"},{"taxonomy":"post_tag","embeddable":true,"href":"https:\/\/blogdafeira.com.br\/home\/wp-json\/wp\/v2\/tags?post=61190"}],"curies":[{"name":"wp","href":"https:\/\/api.w.org\/{rel}","templated":true}]}}