{"id":61436,"date":"2024-03-06T09:08:34","date_gmt":"2024-03-06T12:08:34","guid":{"rendered":"https:\/\/blogdafeira.com.br\/home\/?p=61436"},"modified":"2024-05-21T19:37:09","modified_gmt":"2024-05-21T22:37:09","slug":"sao-joao-do-cazumba-o-cis-que-jeronimo-nao-conhece","status":"publish","type":"post","link":"https:\/\/blogdafeira.com.br\/home\/2024\/03\/06\/sao-joao-do-cazumba-o-cis-que-jeronimo-nao-conhece\/","title":{"rendered":"S\u00e3o Jo\u00e3o do Cazumb\u00e1, o &#8216;CIS&#8217; que Jer\u00f4nimo n\u00e3o conhece"},"content":{"rendered":"<div id=\"blogd-4181944318\" class=\"blogd-final-post blogd-entity-placement\"><a href=\"https:\/\/www.feiradesantana.ba.leg.br\/\" target=\"_blank\" aria-label=\"BANNER-SITE-ENTREGADECHEQUE-CAMARADEFEIRA\"><img loading=\"lazy\" decoding=\"async\" src=\"https:\/\/blogdafeira.com.br\/home\/wp-content\/uploads\/2026\/03\/BANNER-SITE-ENTREGADECHEQUE-CAMARADEFEIRA.gif\" alt=\"\"  class=\"no-lazyload\" width=\"728\" height=\"90\"   \/><\/a><\/div><div id=\"blogd-1232784768\" class=\"blogd-fim-do-post-mobile blogd-entity-placement\" style=\"margin-left: auto;margin-right: auto;text-align: center;\"><a href=\"https:\/\/www.sefaz.feiradesantana.ba.gov.br\/\" target=\"_blank\" aria-label=\"728&#215;90 (6)\"><img loading=\"lazy\" decoding=\"async\" src=\"https:\/\/blogdafeira.com.br\/home\/wp-content\/uploads\/2026\/03\/728x90-6.gif\" alt=\"\"  class=\"no-lazyload\" width=\"728\" height=\"90\"  style=\"display: inline-block;\" \/><\/a><\/div><p>H\u00e1 um &#8216;CIS&#8217;\u00a0 na Feira\u00a0 que\u00a0 Jer\u00f4nimo talvez\u00a0 n\u00e3o conhe\u00e7a t\u00e3o bem quanto o que recebeu em Pal\u00e1cio, por esses dias: \u00e9 um lugar chamado S\u00e3o Joao do Cazumb\u00e1, encravado entre ind\u00fastrias e restos de latif\u00fandios, ocupado por uma gente simples t\u00e3o antiga quanto a hist\u00f3ria de Lucas da Feira e caminhos de negros entre a Feira e S\u00e3o Gon\u00e7alo. J\u00e1 faz mais de ano que eu fui a S\u00e3o Jo\u00e3o do Cazumb\u00e1. Essa foto \u00e9 bem mais antiga. Depois que Tieta morreu, fui uma vez e nem desci.\u00a0 Antonieta era rezadeira, m\u00e3e velha dos moradores, a tradu\u00e7\u00e3o da comunidade. O jornalista Luiz Tito registrou Tieta em uma edi\u00e7\u00e3o do A Tarde. N\u00e3o h\u00e1 como falar do CIS sem me lembrar do S\u00e3o Jo\u00e3o do Cazumb\u00e1.<\/p><div id=\"blogd-2688624083\" class=\"blogd-conteudo-2-mobile blogd-entity-placement\"><a href=\"https:\/\/feirenses.com.br\/\" target=\"_blank\" aria-label=\"feirenses\"><img loading=\"lazy\" decoding=\"async\" src=\"https:\/\/blogdafeira.com.br\/home\/wp-content\/uploads\/2026\/04\/feirenses.png\" alt=\"\"  srcset=\"https:\/\/blogdafeira.com.br\/home\/wp-content\/uploads\/2026\/04\/feirenses.png 300w, https:\/\/blogdafeira.com.br\/home\/wp-content\/uploads\/2026\/04\/feirenses-170x45.png 170w, https:\/\/blogdafeira.com.br\/home\/wp-content\/uploads\/2026\/04\/feirenses-280x74.png 280w\" sizes=\"(max-width: 300px) 100vw, 300px\" class=\"no-lazyload\" width=\"300\" height=\"79\"  style=\"display: inline-block;\" \/><\/a><\/div>\n","protected":false},"excerpt":{"rendered":"<p>H\u00e1 um &#8216;CIS&#8217;\u00a0 na Feira\u00a0 que\u00a0 Jer\u00f4nimo talvez\u00a0 n\u00e3o conhe\u00e7a t\u00e3o bem quanto o que recebeu em Pal\u00e1cio, por esses dias: \u00e9 um lugar chamado S\u00e3o Joao do Cazumb\u00e1, encravado entre ind\u00fastrias e restos de latif\u00fandios, ocupado por uma gente simples t\u00e3o antiga quanto a hist\u00f3ria de Lucas da Feira e caminhos de negros entre<\/p>\n","protected":false},"author":8,"featured_media":61437,"comment_status":"open","ping_status":"open","sticky":false,"template":"","format":"standard","meta":{"jetpack_post_was_ever_published":false,"cybocfi_hide_featured_image":"","_jetpack_newsletter_access":"","_jetpack_dont_email_post_to_subs":false,"_jetpack_newsletter_tier_id":0,"_jetpack_memberships_contains_paywalled_content":false,"_jetpack_memberships_contains_paid_content":false,"footnotes":"","jetpack_publicize_message":"","jetpack_publicize_feature_enabled":true,"jetpack_social_post_already_shared":true,"jetpack_social_options":{"image_generator_settings":{"template":"highway","default_image_id":0,"font":"","enabled":false},"version":2}},"categories":[592,1],"tags":[],"class_list":["post-61436","post","type-post","status-publish","format-standard","has-post-thumbnail","hentry","category-colunistas","category-raiz"],"jetpack_publicize_connections":[],"jetpack_featured_media_url":"https:\/\/blogdafeira.com.br\/home\/wp-content\/uploads\/2024\/03\/FB_IMG_1709725865113.jpg","jetpack_shortlink":"https:\/\/wp.me\/p3niVf-fYU","jetpack_sharing_enabled":true,"jetpack-related-posts":[{"id":4751,"url":"https:\/\/blogdafeira.com.br\/home\/2013\/09\/04\/maria-antonieta-a-ultima-benzedeira-de-sao-joao-do-cazumba\/","url_meta":{"origin":61436,"position":0},"title":"Maria Antonieta, a \u00faltima &#8216;rezadeira&#8217; do S\u00e3o Jo\u00e3o do Cazumb\u00e1","author":"Blog da Feira","date":"04\/09\/2013","format":false,"excerpt":"Maria Antonieta, e\u00a0 todos chamam Tieta, tem a\u00ed por volta de 90 anos, nem ela sabe. Netos, bisnetos, uma infinidade de vizinhos e amigos. \u00c9 a voz do bairro S\u00e3o Jo\u00e3o do Cazumb\u00e1, um 'enclave' urbano\u00a0bem mo meio do Centro Industrial do Suba\u00e9 (CIS). \u00c9 a m\u00e3e velha de todos\u2026","rel":"","context":"Em &quot;Home&quot;","block_context":{"text":"Home","link":"https:\/\/blogdafeira.com.br\/home\/categoria\/raiz\/"},"img":{"alt_text":"DSC06250","src":"https:\/\/i0.wp.com\/blogdafeira.com.br\/home\/wp-content\/uploads\/2013\/09\/DSC06250.jpg?resize=350%2C200","width":350,"height":200,"srcset":"https:\/\/i0.wp.com\/blogdafeira.com.br\/home\/wp-content\/uploads\/2013\/09\/DSC06250.jpg?resize=350%2C200 1x, https:\/\/i0.wp.com\/blogdafeira.com.br\/home\/wp-content\/uploads\/2013\/09\/DSC06250.jpg?resize=525%2C300 1.5x"},"classes":[]},{"id":46393,"url":"https:\/\/blogdafeira.com.br\/home\/2021\/07\/12\/sao-joao-do-cazumba-sem-maria-antonieta\/","url_meta":{"origin":61436,"position":1},"title":"S\u00e3o Jo\u00e3o do Cazumb\u00e1 sem a reza de Maria Antonieta","author":"J\u00e2nio R\u00eago","date":"12\/07\/2021","format":false,"excerpt":"Em 2012 quando conheci Maria Antonieta (alguns a chamavam de Ni\u00eata, outros de Ti\u00eata) ela sonhava com uma creche para as crian\u00e7as que sempre s\u00e3o muitas em S\u00e3o Jo\u00e3o do Cazumb\u00e1. Eu n\u00e3o conhecia ela e nem o lugar e tudo foi por acaso. e por acaso, e divers\u00e3o, fui\u2026","rel":"","context":"Em &quot;Cidade&quot;","block_context":{"text":"Cidade","link":"https:\/\/blogdafeira.com.br\/home\/categoria\/cidade\/"},"img":{"alt_text":"","src":"https:\/\/i0.wp.com\/blogdafeira.com.br\/home\/wp-content\/uploads\/2021\/07\/DSC06250.jpg?resize=350%2C200&ssl=1","width":350,"height":200,"srcset":"https:\/\/i0.wp.com\/blogdafeira.com.br\/home\/wp-content\/uploads\/2021\/07\/DSC06250.jpg?resize=350%2C200&ssl=1 1x, https:\/\/i0.wp.com\/blogdafeira.com.br\/home\/wp-content\/uploads\/2021\/07\/DSC06250.jpg?resize=525%2C300&ssl=1 1.5x"},"classes":[]},{"id":69004,"url":"https:\/\/blogdafeira.com.br\/home\/2025\/08\/19\/sao-joao-do-cazumba-1\/","url_meta":{"origin":61436,"position":2},"title":"S\u00e3o Jo\u00e3o do Cazumb\u00e1 (1)","author":"J\u00e2nio R\u00eago","date":"19\/08\/2025","format":false,"excerpt":"Tatiana procurou no celular a \u00fanica foto que existe de Dona Antonieta, n\u00e3o encontrou mas me garantiu que mandaria pelo ZAP. E mandou essa foto abaixo, Ni\u00eata com um galho de planta, escolhida a dedo, balan\u00e7ando e rezando sobre o corpo de uma pessoa na saleta de sua casinha em\u2026","rel":"","context":"Em &quot;Cidade&quot;","block_context":{"text":"Cidade","link":"https:\/\/blogdafeira.com.br\/home\/categoria\/cidade\/"},"img":{"alt_text":"","src":"https:\/\/i0.wp.com\/blogdafeira.com.br\/home\/wp-content\/uploads\/2025\/08\/IMG-20250807-WA00482.jpg?resize=350%2C200&ssl=1","width":350,"height":200,"srcset":"https:\/\/i0.wp.com\/blogdafeira.com.br\/home\/wp-content\/uploads\/2025\/08\/IMG-20250807-WA00482.jpg?resize=350%2C200&ssl=1 1x, https:\/\/i0.wp.com\/blogdafeira.com.br\/home\/wp-content\/uploads\/2025\/08\/IMG-20250807-WA00482.jpg?resize=525%2C300&ssl=1 1.5x, https:\/\/i0.wp.com\/blogdafeira.com.br\/home\/wp-content\/uploads\/2025\/08\/IMG-20250807-WA00482.jpg?resize=700%2C400&ssl=1 2x, https:\/\/i0.wp.com\/blogdafeira.com.br\/home\/wp-content\/uploads\/2025\/08\/IMG-20250807-WA00482.jpg?resize=1050%2C600&ssl=1 3x"},"classes":[]},{"id":1756,"url":"https:\/\/blogdafeira.com.br\/home\/2013\/05\/21\/sao-joao-do-cazumba-sub-bairro-do-centro-industrial-de-feira\/","url_meta":{"origin":61436,"position":3},"title":"S\u00e3o Jo\u00e3o do Cazumb\u00e1, \u2018sub-bairro\u2019 do Centro Industrial de Feira","author":"Blog da Feira","date":"21\/05\/2013","format":false,"excerpt":"Para a log\u00edstica do sistema de transporte coletivo, por exemplo, ele \u00e9 considerado um \u2018sub-bairro\u2019 do Centro Industrial do Suba\u00e9, em Feira de Santana, Bahia. Lugar pequeno, de pouca gente (a popula\u00e7\u00e3o residente n\u00e3o ultrapassa 500 pessoas), pobre, e encravado na zona industrial. S\u00f3\u00a0existe uma \u00a0entrada e sa\u00edda de ve\u00edculos\u2026","rel":"","context":"Em &quot;Home&quot;","block_context":{"text":"Home","link":"https:\/\/blogdafeira.com.br\/home\/categoria\/raiz\/"},"img":{"alt_text":"sao jo\u00e3o do cazumba aa a","src":"https:\/\/i0.wp.com\/blogdafeira.com.br\/home\/wp-content\/uploads\/2013\/05\/sao-jo%C3%A3o-do-cazumba-aa-a.jpg?resize=350%2C200","width":350,"height":200,"srcset":"https:\/\/i0.wp.com\/blogdafeira.com.br\/home\/wp-content\/uploads\/2013\/05\/sao-jo%C3%A3o-do-cazumba-aa-a.jpg?resize=350%2C200 1x, https:\/\/i0.wp.com\/blogdafeira.com.br\/home\/wp-content\/uploads\/2013\/05\/sao-jo%C3%A3o-do-cazumba-aa-a.jpg?resize=525%2C300 1.5x"},"classes":[]},{"id":31188,"url":"https:\/\/blogdafeira.com.br\/home\/2019\/04\/12\/bairro-quilombola-de-feira-de-santana-vai-ter-grito-de-micareta-dia-21\/","url_meta":{"origin":61436,"position":4},"title":"Bairro quilombola de Feira de Santana vai ter &#8216;grito&#8217; de Micareta dia 21","author":"J\u00e2nio R\u00eago","date":"12\/04\/2019","format":false,"excerpt":"Um 'grito de Micareta', pr\u00f3ximo dia 21, um domingo, vai mudar a rotina de S\u00e3o Jo\u00e3o do Cazumb\u00e1 com a presen\u00e7a de um grupo feirense que est\u00e1 crescendo no cen\u00e1rio das artes baianas, o Ro\u00e7a Sound. S\u00e3o Jo\u00e3o do Cazumb\u00e1 fica encravado no Centro Industrial do Suba\u00e9 (CIS), em Feira\u2026","rel":"","context":"Em &quot;Home&quot;","block_context":{"text":"Home","link":"https:\/\/blogdafeira.com.br\/home\/categoria\/raiz\/"},"img":{"alt_text":"","src":"https:\/\/i0.wp.com\/blogdafeira.com.br\/home\/wp-content\/uploads\/2019\/04\/Screenshot_2019-04-11-22-47-562.png?resize=350%2C200","width":350,"height":200,"srcset":"https:\/\/i0.wp.com\/blogdafeira.com.br\/home\/wp-content\/uploads\/2019\/04\/Screenshot_2019-04-11-22-47-562.png?resize=350%2C200 1x, https:\/\/i0.wp.com\/blogdafeira.com.br\/home\/wp-content\/uploads\/2019\/04\/Screenshot_2019-04-11-22-47-562.png?resize=525%2C300 1.5x, https:\/\/i0.wp.com\/blogdafeira.com.br\/home\/wp-content\/uploads\/2019\/04\/Screenshot_2019-04-11-22-47-562.png?resize=700%2C400 2x"},"classes":[]},{"id":10352,"url":"https:\/\/blogdafeira.com.br\/home\/2014\/04\/22\/sao-joao-do-cazumba-um-bairro-de-feira-condenado-ao-esquecimento\/","url_meta":{"origin":61436,"position":5},"title":"S\u00e3o Jo\u00e3o do Cazumb\u00e1, um bairro de Feira condenado ao esquecimento","author":"Blog da Feira","date":"22\/04\/2014","format":false,"excerpt":"O bairro S\u00e3o Jo\u00e3o do Cazumb\u00e1 tem caracter\u00edsticas quilombolas e est\u00e1 geograficamente encravado \u00a0entre im\u00f3veis rurais e as ind\u00fastrias do Centro Industrial do Suba\u00e9, em Feira de Santana. Isolado. Sua exist\u00eancia e nomeclatura tamb\u00e9m indicam liga\u00e7\u00f5es com a figura do hist\u00f3rico personagem feirense, o escravo fugido Lucas da Feira. O\u2026","rel":"","context":"Em &quot;Home&quot;","block_context":{"text":"Home","link":"https:\/\/blogdafeira.com.br\/home\/categoria\/raiz\/"},"img":{"alt_text":"DSC01492","src":"https:\/\/i0.wp.com\/blogdafeira.com.br\/home\/wp-content\/uploads\/2014\/04\/DSC01492.jpg?resize=350%2C200","width":350,"height":200,"srcset":"https:\/\/i0.wp.com\/blogdafeira.com.br\/home\/wp-content\/uploads\/2014\/04\/DSC01492.jpg?resize=350%2C200 1x, https:\/\/i0.wp.com\/blogdafeira.com.br\/home\/wp-content\/uploads\/2014\/04\/DSC01492.jpg?resize=525%2C300 1.5x"},"classes":[]}],"_links":{"self":[{"href":"https:\/\/blogdafeira.com.br\/home\/wp-json\/wp\/v2\/posts\/61436","targetHints":{"allow":["GET"]}}],"collection":[{"href":"https:\/\/blogdafeira.com.br\/home\/wp-json\/wp\/v2\/posts"}],"about":[{"href":"https:\/\/blogdafeira.com.br\/home\/wp-json\/wp\/v2\/types\/post"}],"author":[{"embeddable":true,"href":"https:\/\/blogdafeira.com.br\/home\/wp-json\/wp\/v2\/users\/8"}],"replies":[{"embeddable":true,"href":"https:\/\/blogdafeira.com.br\/home\/wp-json\/wp\/v2\/comments?post=61436"}],"version-history":[{"count":1,"href":"https:\/\/blogdafeira.com.br\/home\/wp-json\/wp\/v2\/posts\/61436\/revisions"}],"predecessor-version":[{"id":61438,"href":"https:\/\/blogdafeira.com.br\/home\/wp-json\/wp\/v2\/posts\/61436\/revisions\/61438"}],"wp:featuredmedia":[{"embeddable":true,"href":"https:\/\/blogdafeira.com.br\/home\/wp-json\/wp\/v2\/media\/61437"}],"wp:attachment":[{"href":"https:\/\/blogdafeira.com.br\/home\/wp-json\/wp\/v2\/media?parent=61436"}],"wp:term":[{"taxonomy":"category","embeddable":true,"href":"https:\/\/blogdafeira.com.br\/home\/wp-json\/wp\/v2\/categories?post=61436"},{"taxonomy":"post_tag","embeddable":true,"href":"https:\/\/blogdafeira.com.br\/home\/wp-json\/wp\/v2\/tags?post=61436"}],"curies":[{"name":"wp","href":"https:\/\/api.w.org\/{rel}","templated":true}]}}