{"id":62395,"date":"2024-06-07T10:34:48","date_gmt":"2024-06-07T13:34:48","guid":{"rendered":"https:\/\/blogdafeira.com.br\/home\/?p=62395"},"modified":"2024-07-19T23:59:56","modified_gmt":"2024-07-20T02:59:56","slug":"igreja-catolica-cria-dois-santuarios-em-feira-senhor-dos-passos-e-santo-antonio-dos-capuchinhos","status":"publish","type":"post","link":"https:\/\/blogdafeira.com.br\/home\/2024\/06\/07\/igreja-catolica-cria-dois-santuarios-em-feira-senhor-dos-passos-e-santo-antonio-dos-capuchinhos\/","title":{"rendered":"Igreja cat\u00f3lica cria dois &#8216;Santu\u00e1rios&#8217; em Feira: Senhor dos Passos e Santo Ant\u00f4nio dos Capuchinhos"},"content":{"rendered":"<div id=\"blogd-1108611852\" class=\"blogd-fim-do-post-mobile blogd-entity-placement\" style=\"margin-left: auto;margin-right: auto;text-align: center;\"><a href=\"https:\/\/www.sefaz.feiradesantana.ba.gov.br\/\" target=\"_blank\" aria-label=\"728&#215;90 (6)\"><img loading=\"lazy\" decoding=\"async\" src=\"https:\/\/blogdafeira.com.br\/home\/wp-content\/uploads\/2026\/03\/728x90-6.gif\" alt=\"\"  class=\"no-lazyload\" width=\"728\" height=\"90\"  style=\"display: inline-block;\" \/><\/a><\/div><p>Domingo, em missa solene, \u00e0s 11 horas,\u00a0 presidida pelo\u00a0 arcebispo metropolitano Dom Zanoni, a Par\u00f3quia Santo Ant\u00f4nio ser\u00e1 elevada a categoria de Santu\u00e1rio.\u00a0 A Par\u00f3quia est\u00e1 completando 60 anos e foi implantada pelo ent\u00e3o bispo diocesano Dom Jackson Berenguer Prado, ap\u00f3s a constru\u00e7\u00e3o da igreja pelos frades Capuchinhos. No dia 17 de maio passado, a Par\u00f3quia Senhor dos Passos, cuja igreja fica no centro da cidade\u00a0 de Feira de Santana, tamb\u00e9m\u00a0 foi elevada \u00e0 categoria de Santu\u00e1rio.<\/p><div id=\"blogd-1077281076\" class=\"blogd-conteudo-2-mobile blogd-entity-placement\"><a href=\"https:\/\/feirenses.com.br\/\" target=\"_blank\" aria-label=\"feirenses\"><img loading=\"lazy\" decoding=\"async\" src=\"https:\/\/blogdafeira.com.br\/home\/wp-content\/uploads\/2026\/04\/feirenses.png\" alt=\"\"  srcset=\"https:\/\/blogdafeira.com.br\/home\/wp-content\/uploads\/2026\/04\/feirenses.png 300w, https:\/\/blogdafeira.com.br\/home\/wp-content\/uploads\/2026\/04\/feirenses-170x45.png 170w, https:\/\/blogdafeira.com.br\/home\/wp-content\/uploads\/2026\/04\/feirenses-280x74.png 280w\" sizes=\"(max-width: 300px) 100vw, 300px\" class=\"no-lazyload\" width=\"300\" height=\"79\"  style=\"display: inline-block;\" \/><\/a><\/div>\n<p>De acordo com o C\u00f3digo de Direito Can\u00f4nico, (c\u00e2non n\u00ba 1230), a denomina\u00e7\u00e3o de santu\u00e1rio refere-se a uma igreja ou qualquer outro lugar sagrado no qual os fi\u00e9is, em grande n\u00famero e por algum motivo de piedade, fazem peregrina\u00e7\u00f5es, com a aprova\u00e7\u00e3o do bispo diocesano.<\/p>\n<div id=\"blogd-871135038\" class=\"blogd-final-post blogd-entity-placement\"><a href=\"https:\/\/www.feiradesantana.ba.leg.br\/\" target=\"_blank\" aria-label=\"BANNER-SITE-ENTREGADECHEQUE-CAMARADEFEIRA\"><img loading=\"lazy\" decoding=\"async\" src=\"https:\/\/blogdafeira.com.br\/home\/wp-content\/uploads\/2026\/03\/BANNER-SITE-ENTREGADECHEQUE-CAMARADEFEIRA.gif\" alt=\"\"  class=\"no-lazyload\" width=\"728\" height=\"90\"   \/><\/a><\/div><p>A igreja Santo Ant\u00f4nio \u00e9 uma constru\u00e7\u00e3o arrojada, erguida pelos frades capuchinhos, \u00e0s margens da avenida Presidente Dutra. <a href=\"https:\/\/blogdafeira.com.br\/home\/2014\/08\/19\/livro-conta-historia-da-construcao-da-igreja-dos-capuchinhos-em-feira\/\"><b>O lugar era deserto e rural. A constru\u00e7\u00e3o do convento e da igreja fez da \u00e1rea de Feira o bairro que \u00e9 hoje, os Capuchinhos. A obra foi planejada e calculada pelo engenheiro Jo\u00e3o Marchesini<\/b><\/a>.<\/p>\n","protected":false},"excerpt":{"rendered":"<p>Domingo, em missa solene, \u00e0s 11 horas,\u00a0 presidida pelo\u00a0 arcebispo metropolitano Dom Zanoni, a Par\u00f3quia Santo Ant\u00f4nio ser\u00e1 elevada a categoria de Santu\u00e1rio.\u00a0 A Par\u00f3quia est\u00e1 completando 60 anos e foi implantada pelo ent\u00e3o bispo diocesano Dom Jackson Berenguer Prado, ap\u00f3s a constru\u00e7\u00e3o da igreja pelos frades Capuchinhos. No dia 17 de maio passado, a<\/p>\n","protected":false},"author":1,"featured_media":62396,"comment_status":"open","ping_status":"open","sticky":false,"template":"","format":"standard","meta":{"jetpack_post_was_ever_published":false,"cybocfi_hide_featured_image":"","_jetpack_newsletter_access":"","_jetpack_dont_email_post_to_subs":false,"_jetpack_newsletter_tier_id":0,"_jetpack_memberships_contains_paywalled_content":false,"_jetpack_memberships_contains_paid_content":false,"footnotes":"","jetpack_publicize_message":"","jetpack_publicize_feature_enabled":true,"jetpack_social_post_already_shared":true,"jetpack_social_options":{"image_generator_settings":{"template":"highway","default_image_id":0,"font":"","enabled":false},"version":2}},"categories":[751,1],"tags":[],"class_list":["post-62395","post","type-post","status-publish","format-standard","has-post-thumbnail","hentry","category-geral","category-raiz"],"jetpack_publicize_connections":[],"jetpack_featured_media_url":"https:\/\/blogdafeira.com.br\/home\/wp-content\/uploads\/2024\/06\/9lb3rs.jpg","jetpack_shortlink":"https:\/\/wp.me\/p3niVf-gen","jetpack_sharing_enabled":true,"jetpack-related-posts":[{"id":7868,"url":"https:\/\/blogdafeira.com.br\/home\/2014\/01\/02\/paroquia-sr-dos-passos-comemora-jubileu-de-ouro-este-ano\/","url_meta":{"origin":62395,"position":0},"title":"Par\u00f3quia Sr. dos Passos comemora Jubileu de Ouro este ano","author":"Blog da Feira","date":"02\/01\/2014","format":false,"excerpt":"A Par\u00f3quia Senhor dos Passos, em Feira de Santana, \u00a0estar\u00e1 em festa de 24 a 26 deste m\u00eas de janeiro, celebrando \u00a0o Jubileu de Ouro (50 anos). No dia 26 de Janeiro de 1964, o ent\u00e3o Bispo Diocesano Dom Jackson Berenguer Prado elevou a Igreja Senhor dos Passos \u00e0 categoria\u2026","rel":"","context":"Em &quot;Home&quot;","block_context":{"text":"Home","link":"https:\/\/blogdafeira.com.br\/home\/categoria\/raiz\/"},"img":{"alt_text":"DSC09567","src":"https:\/\/i0.wp.com\/blogdafeira.com.br\/home\/wp-content\/uploads\/2013\/12\/DSC09567-346x259.jpg?resize=350%2C200","width":350,"height":200},"classes":[]},{"id":68494,"url":"https:\/\/blogdafeira.com.br\/home\/2025\/07\/20\/quatro-novos-frades-capuchinhos-na-bahia-fazem-votos-de-castidade-pobreza-e-obediencia\/","url_meta":{"origin":62395,"position":1},"title":"Quatro novos frades capuchinhos na Bahia fazem votos de castidade, pobreza e obedi\u00eancia","author":"Blog da Feira","date":"20\/07\/2025","format":false,"excerpt":"Em uma cerim\u00f4nia realizada no Santu\u00e1rio Arquidiocesano Nossa Senhora da Piedade, em Salvador , quatro frades capuchinhos emitiram votos perp\u00e9tuos, ontem (s\u00e1bado,19). Frei Jorge Rocha, Superintendente da Funda\u00e7\u00e3o Santo Ant\u00f4nio, em Feira,\u00a0 e formador dos jovens frades, explicou que os votos perp\u00e9tuos s\u00e3o de castidade, pobreza e obedi\u00eancia. Os frades\u2026","rel":"","context":"Em &quot;Geral&quot;","block_context":{"text":"Geral","link":"https:\/\/blogdafeira.com.br\/home\/categoria\/geral\/"},"img":{"alt_text":"","src":"https:\/\/i0.wp.com\/blogdafeira.com.br\/home\/wp-content\/uploads\/2025\/07\/IMG-20250720-WA0049.jpg?resize=350%2C200&ssl=1","width":350,"height":200,"srcset":"https:\/\/i0.wp.com\/blogdafeira.com.br\/home\/wp-content\/uploads\/2025\/07\/IMG-20250720-WA0049.jpg?resize=350%2C200&ssl=1 1x, https:\/\/i0.wp.com\/blogdafeira.com.br\/home\/wp-content\/uploads\/2025\/07\/IMG-20250720-WA0049.jpg?resize=525%2C300&ssl=1 1.5x, https:\/\/i0.wp.com\/blogdafeira.com.br\/home\/wp-content\/uploads\/2025\/07\/IMG-20250720-WA0049.jpg?resize=700%2C400&ssl=1 2x"},"classes":[]},{"id":66882,"url":"https:\/\/blogdafeira.com.br\/home\/2025\/04\/23\/restauracaoempresa-ganha-licitacao-e-tem-seis-meses-para-realizar-a-restauracao-do-santuario-senhor-dos-passos\/","url_meta":{"origin":62395,"position":2},"title":"Empresa ganha licita\u00e7\u00e3o e tem seis meses para realizar a restaura\u00e7\u00e3o do Santu\u00e1rio Senhor dos Passos","author":"Blog da Feira","date":"23\/04\/2025","format":false,"excerpt":"O Governo do Estado da Bahia, por meio da Companhia de Desenvolvimento Urbano do Estado da Bahia (Conder), anunciou no Di\u00e1rio Oficial do Estado, desta quarta-feira (23), o resultado da licita\u00e7\u00e3o para contrata\u00e7\u00e3o de empresa especializada para a execu\u00e7\u00e3o da obra de restaura\u00e7\u00e3o da fachada da Igreja Senhor dos Passos,\u2026","rel":"","context":"Em &quot;Cidade&quot;","block_context":{"text":"Cidade","link":"https:\/\/blogdafeira.com.br\/home\/categoria\/cidade\/"},"img":{"alt_text":"","src":"https:\/\/i0.wp.com\/blogdafeira.com.br\/home\/wp-content\/uploads\/2024\/10\/IMG_20241024_1346520662-scaled.jpg?resize=350%2C200&ssl=1","width":350,"height":200,"srcset":"https:\/\/i0.wp.com\/blogdafeira.com.br\/home\/wp-content\/uploads\/2024\/10\/IMG_20241024_1346520662-scaled.jpg?resize=350%2C200&ssl=1 1x, https:\/\/i0.wp.com\/blogdafeira.com.br\/home\/wp-content\/uploads\/2024\/10\/IMG_20241024_1346520662-scaled.jpg?resize=525%2C300&ssl=1 1.5x, https:\/\/i0.wp.com\/blogdafeira.com.br\/home\/wp-content\/uploads\/2024\/10\/IMG_20241024_1346520662-scaled.jpg?resize=700%2C400&ssl=1 2x, https:\/\/i0.wp.com\/blogdafeira.com.br\/home\/wp-content\/uploads\/2024\/10\/IMG_20241024_1346520662-scaled.jpg?resize=1050%2C600&ssl=1 3x, https:\/\/i0.wp.com\/blogdafeira.com.br\/home\/wp-content\/uploads\/2024\/10\/IMG_20241024_1346520662-scaled.jpg?resize=1400%2C800&ssl=1 4x"},"classes":[]},{"id":67508,"url":"https:\/\/blogdafeira.com.br\/home\/2025\/05\/29\/fachada-neo-gotica-do-santuario-senhor-dos-passos-vai-ser-reinaugurada-em-novembro\/","url_meta":{"origin":62395,"position":3},"title":"Fachada neo-g\u00f3tica do Santu\u00e1rio Senhor dos Passos vai ser reinaugurada em novembro","author":"Blog da Feira","date":"29\/05\/2025","format":false,"excerpt":"A fachada da famosa Igreja Senhor dos Passos, no centro antigo de Feira de Santana, vai ser totalmente restaurada pelo Governo do Estado que ontem, em ato solene no interior do templo, atrav\u00e9s do governador Jer\u00f4nimo Rodrigues, assinou uma ordem de servi\u00e7o de 1,5 milh\u00e3o de reais para a obra.\u00a0No\u2026","rel":"","context":"Em &quot;Cidade&quot;","block_context":{"text":"Cidade","link":"https:\/\/blogdafeira.com.br\/home\/categoria\/cidade\/"},"img":{"alt_text":"","src":"https:\/\/i0.wp.com\/blogdafeira.com.br\/home\/wp-content\/uploads\/2025\/05\/IMG_20250528_152633566_HDR-scaled.jpg?resize=350%2C200&ssl=1","width":350,"height":200,"srcset":"https:\/\/i0.wp.com\/blogdafeira.com.br\/home\/wp-content\/uploads\/2025\/05\/IMG_20250528_152633566_HDR-scaled.jpg?resize=350%2C200&ssl=1 1x, https:\/\/i0.wp.com\/blogdafeira.com.br\/home\/wp-content\/uploads\/2025\/05\/IMG_20250528_152633566_HDR-scaled.jpg?resize=525%2C300&ssl=1 1.5x, https:\/\/i0.wp.com\/blogdafeira.com.br\/home\/wp-content\/uploads\/2025\/05\/IMG_20250528_152633566_HDR-scaled.jpg?resize=700%2C400&ssl=1 2x, https:\/\/i0.wp.com\/blogdafeira.com.br\/home\/wp-content\/uploads\/2025\/05\/IMG_20250528_152633566_HDR-scaled.jpg?resize=1050%2C600&ssl=1 3x, https:\/\/i0.wp.com\/blogdafeira.com.br\/home\/wp-content\/uploads\/2025\/05\/IMG_20250528_152633566_HDR-scaled.jpg?resize=1400%2C800&ssl=1 4x"},"classes":[]},{"id":66018,"url":"https:\/\/blogdafeira.com.br\/home\/2025\/03\/09\/inaugurado-o-memorial-dos-frades-capuchinhos-no-santuario-santo-antonio\/","url_meta":{"origin":62395,"position":4},"title":"Inaugurado o &#8220;Memorial dos Frades Capuchinhos&#8221; no Santu\u00e1rio Santo Ant\u00f4nio","author":"Blog da Feira","date":"09\/03\/2025","format":false,"excerpt":"Os Capuchinhos de Feira inauguraram neste domingo um novo espa\u00e7o no Santu\u00e1rio de Santo Ant\u00f4nio, o Memorial dos Frades Capuchinhos\", onde est\u00e3o em exposi\u00e7\u00e3o objetos e documentos sobre a vida de frades dessa ordem que praticamente deu nome a um bairro em Feira. A\u00a0 Ordem\u00a0 \u00e9 propriet\u00e1ria da R\u00e1dio Sociedade\u2026","rel":"","context":"Em &quot;Geral&quot;","block_context":{"text":"Geral","link":"https:\/\/blogdafeira.com.br\/home\/categoria\/geral\/"},"img":{"alt_text":"","src":"https:\/\/i0.wp.com\/blogdafeira.com.br\/home\/wp-content\/uploads\/2025\/03\/Screenshot_20250309-1741132.png?resize=350%2C200&ssl=1","width":350,"height":200,"srcset":"https:\/\/i0.wp.com\/blogdafeira.com.br\/home\/wp-content\/uploads\/2025\/03\/Screenshot_20250309-1741132.png?resize=350%2C200&ssl=1 1x, https:\/\/i0.wp.com\/blogdafeira.com.br\/home\/wp-content\/uploads\/2025\/03\/Screenshot_20250309-1741132.png?resize=525%2C300&ssl=1 1.5x, https:\/\/i0.wp.com\/blogdafeira.com.br\/home\/wp-content\/uploads\/2025\/03\/Screenshot_20250309-1741132.png?resize=700%2C400&ssl=1 2x"},"classes":[]},{"id":55613,"url":"https:\/\/blogdafeira.com.br\/home\/2022\/11\/26\/igreja-senhor-dos-passos-tem-novo-paroco-mudancas-de-dom-zanoni-na-arquidiocese\/","url_meta":{"origin":62395,"position":5},"title":"Igreja Senhor dos Passos tem novo p\u00e1roco; mudan\u00e7as de Dom Zanoni na Arquidiocese","author":"Blog da Feira","date":"26\/11\/2022","format":false,"excerpt":"Ap\u00f3s mais de uma d\u00e9cada na fun\u00e7\u00e3o, o Monsenhor Luiz Rodrigues foi afastado da Par\u00f3quia do Senhor dos Passos, em Feira de Santana, e nomeado no seu lugar o padre J\u00falio C\u00e9sar da Costa Santa B\u00e1rbara. O novo par\u00f3co da importante Par\u00f3quia da Arquidiocese de Feira de Santana, estudou Filosofia\u2026","rel":"","context":"Em &quot;Geral&quot;","block_context":{"text":"Geral","link":"https:\/\/blogdafeira.com.br\/home\/categoria\/geral\/"},"img":{"alt_text":"","src":"https:\/\/i0.wp.com\/blogdafeira.com.br\/home\/wp-content\/uploads\/2022\/11\/61015cf131795.jpeg?resize=350%2C200&ssl=1","width":350,"height":200,"srcset":"https:\/\/i0.wp.com\/blogdafeira.com.br\/home\/wp-content\/uploads\/2022\/11\/61015cf131795.jpeg?resize=350%2C200&ssl=1 1x, https:\/\/i0.wp.com\/blogdafeira.com.br\/home\/wp-content\/uploads\/2022\/11\/61015cf131795.jpeg?resize=525%2C300&ssl=1 1.5x, https:\/\/i0.wp.com\/blogdafeira.com.br\/home\/wp-content\/uploads\/2022\/11\/61015cf131795.jpeg?resize=700%2C400&ssl=1 2x, https:\/\/i0.wp.com\/blogdafeira.com.br\/home\/wp-content\/uploads\/2022\/11\/61015cf131795.jpeg?resize=1050%2C600&ssl=1 3x"},"classes":[]}],"_links":{"self":[{"href":"https:\/\/blogdafeira.com.br\/home\/wp-json\/wp\/v2\/posts\/62395","targetHints":{"allow":["GET"]}}],"collection":[{"href":"https:\/\/blogdafeira.com.br\/home\/wp-json\/wp\/v2\/posts"}],"about":[{"href":"https:\/\/blogdafeira.com.br\/home\/wp-json\/wp\/v2\/types\/post"}],"author":[{"embeddable":true,"href":"https:\/\/blogdafeira.com.br\/home\/wp-json\/wp\/v2\/users\/1"}],"replies":[{"embeddable":true,"href":"https:\/\/blogdafeira.com.br\/home\/wp-json\/wp\/v2\/comments?post=62395"}],"version-history":[{"count":1,"href":"https:\/\/blogdafeira.com.br\/home\/wp-json\/wp\/v2\/posts\/62395\/revisions"}],"predecessor-version":[{"id":62397,"href":"https:\/\/blogdafeira.com.br\/home\/wp-json\/wp\/v2\/posts\/62395\/revisions\/62397"}],"wp:featuredmedia":[{"embeddable":true,"href":"https:\/\/blogdafeira.com.br\/home\/wp-json\/wp\/v2\/media\/62396"}],"wp:attachment":[{"href":"https:\/\/blogdafeira.com.br\/home\/wp-json\/wp\/v2\/media?parent=62395"}],"wp:term":[{"taxonomy":"category","embeddable":true,"href":"https:\/\/blogdafeira.com.br\/home\/wp-json\/wp\/v2\/categories?post=62395"},{"taxonomy":"post_tag","embeddable":true,"href":"https:\/\/blogdafeira.com.br\/home\/wp-json\/wp\/v2\/tags?post=62395"}],"curies":[{"name":"wp","href":"https:\/\/api.w.org\/{rel}","templated":true}]}}