{"id":62419,"date":"2024-06-11T13:04:57","date_gmt":"2024-06-11T16:04:57","guid":{"rendered":"https:\/\/blogdafeira.com.br\/home\/?p=62419"},"modified":"2024-07-19T23:59:55","modified_gmt":"2024-07-20T02:59:55","slug":"parque-da-cidade-esta-aberto-ao-publico-com-ciclovia-ampliada","status":"publish","type":"post","link":"https:\/\/blogdafeira.com.br\/home\/2024\/06\/11\/parque-da-cidade-esta-aberto-ao-publico-com-ciclovia-ampliada\/","title":{"rendered":"Parque da Cidade est\u00e1 aberto ao p\u00fablico com ciclovia ampliada"},"content":{"rendered":"<div class=\"col-xs-12 blog-content wow fadeInDown\" align=\"justify\" data-wow-duration=\"1000ms\" data-wow-delay=\"600ms\">\n<div id=\"blogd-4047011212\" class=\"blogd-fim-do-post-mobile blogd-entity-placement\" style=\"margin-left: auto;margin-right: auto;text-align: center;\"><a href=\"https:\/\/www.sefaz.feiradesantana.ba.gov.br\/\" target=\"_blank\" aria-label=\"728&#215;90 (6)\"><img loading=\"lazy\" decoding=\"async\" src=\"https:\/\/blogdafeira.com.br\/home\/wp-content\/uploads\/2026\/03\/728x90-6.gif\" alt=\"\"  class=\"no-lazyload\" width=\"728\" height=\"90\"  style=\"display: inline-block;\" \/><\/a><\/div><p>O Parque da Cidade Frei Jos\u00e9 Monteiro, no conjunto Feira VII, foi reaberto ao p\u00fablico nesta ter\u00e7a-feira (11), ap\u00f3s intenso processo de reforma e revitaliza\u00e7\u00e3o no equipamento municipal que funciona de ter\u00e7a-feira a domingo.<\/p><div id=\"blogd-333216038\" class=\"blogd-conteudo-2-mobile blogd-entity-placement\"><a href=\"https:\/\/feirenses.com.br\/\" target=\"_blank\" aria-label=\"feirenses\"><img loading=\"lazy\" decoding=\"async\" src=\"https:\/\/blogdafeira.com.br\/home\/wp-content\/uploads\/2026\/04\/feirenses.png\" alt=\"\"  srcset=\"https:\/\/blogdafeira.com.br\/home\/wp-content\/uploads\/2026\/04\/feirenses.png 300w, https:\/\/blogdafeira.com.br\/home\/wp-content\/uploads\/2026\/04\/feirenses-170x45.png 170w, https:\/\/blogdafeira.com.br\/home\/wp-content\/uploads\/2026\/04\/feirenses-280x74.png 280w\" sizes=\"(max-width: 300px) 100vw, 300px\" class=\"no-lazyload\" width=\"300\" height=\"79\"  style=\"display: inline-block;\" \/><\/a><\/div>\n<p>As obras de recupera\u00e7\u00e3o envolveram a constru\u00e7\u00e3o de mais de mil metros de pista para ciclovia e cooper\/caminhada com piso intertravado, reconstru\u00e7\u00e3o da ponte e do p\u00eder, recupera\u00e7\u00e3o da fachada e da reserva manancial nascente, recupera\u00e7\u00e3o da vegeta\u00e7\u00e3o nativa, al\u00e9m de reestrutura\u00e7\u00e3o das \u00e1reas destinadas ao lazer, esportes e recrea\u00e7\u00e3o.<\/p>\n<p>Fez parte do projeto a substitui\u00e7\u00e3o dos bancos e a recupera\u00e7\u00e3o dos quiosques e alambrados. J\u00e1 foram conclu\u00eddas a reforma dos banheiros e do casar\u00e3o. A drenagem foi um dos principais objetivos da reforma.<\/p>\n<p>O local possui 28 hectares e \u00e9 uma importante \u00e1rea para a pr\u00e1tica de atividade f\u00edsica e lazer da popula\u00e7\u00e3o.<\/p>\n<\/div>\n<div id=\"blogd-1674552082\" class=\"blogd-final-post blogd-entity-placement\"><a href=\"https:\/\/www.feiradesantana.ba.leg.br\/\" target=\"_blank\" aria-label=\"BANNER-SITE-ENTREGADECHEQUE-CAMARADEFEIRA\"><img loading=\"lazy\" decoding=\"async\" src=\"https:\/\/blogdafeira.com.br\/home\/wp-content\/uploads\/2026\/03\/BANNER-SITE-ENTREGADECHEQUE-CAMARADEFEIRA.gif\" alt=\"\"  class=\"no-lazyload\" width=\"728\" height=\"90\"   \/><\/a><\/div><div class=\"post-tags\"><em>Foto Cau Preto<\/em><\/div>\n","protected":false},"excerpt":{"rendered":"<p>O Parque da Cidade Frei Jos\u00e9 Monteiro, no conjunto Feira VII, foi reaberto ao p\u00fablico nesta ter\u00e7a-feira (11), ap\u00f3s intenso processo de reforma e revitaliza\u00e7\u00e3o no equipamento municipal que funciona de ter\u00e7a-feira a domingo. As obras de recupera\u00e7\u00e3o envolveram a constru\u00e7\u00e3o de mais de mil metros de pista para ciclovia e cooper\/caminhada com piso intertravado,<\/p>\n","protected":false},"author":1,"featured_media":62421,"comment_status":"open","ping_status":"open","sticky":false,"template":"","format":"standard","meta":{"jetpack_post_was_ever_published":false,"cybocfi_hide_featured_image":"","_jetpack_newsletter_access":"","_jetpack_dont_email_post_to_subs":false,"_jetpack_newsletter_tier_id":0,"_jetpack_memberships_contains_paywalled_content":false,"_jetpack_memberships_contains_paid_content":false,"footnotes":"","jetpack_publicize_message":"","jetpack_publicize_feature_enabled":true,"jetpack_social_post_already_shared":true,"jetpack_social_options":{"image_generator_settings":{"template":"highway","default_image_id":0,"font":"","enabled":false},"version":2}},"categories":[751,1],"tags":[],"class_list":["post-62419","post","type-post","status-publish","format-standard","has-post-thumbnail","hentry","category-geral","category-raiz"],"jetpack_publicize_connections":[],"jetpack_featured_media_url":"https:\/\/blogdafeira.com.br\/home\/wp-content\/uploads\/2024\/06\/PARQ-DA-CIDADE-REFORMA-MANUTENCAO-FOTO-CAU-PRETTO.jpg","jetpack_shortlink":"https:\/\/wp.me\/p3niVf-geL","jetpack_sharing_enabled":true,"jetpack-related-posts":[{"id":54721,"url":"https:\/\/blogdafeira.com.br\/home\/2022\/10\/04\/parque-da-cidade-ganha-mais-ipes-inga-aroeira-angico-e-pau-ferro\/","url_meta":{"origin":62419,"position":0},"title":"Parque da Cidade ganha mais ip\u00eas, ing\u00e1, aroeira, angico e pau ferro","author":"Secom\/FSA","date":"04\/10\/2022","format":false,"excerpt":"Os servi\u00e7os de revitaliza\u00e7\u00e3o do Parque da Cidade Frei Jos\u00e9 Monteiro Sobrinho, no conjunto Feira VII, seguem com as obras de recupera\u00e7\u00e3o da fachada e a constru\u00e7\u00e3o de novas pistas que d\u00e3o acesso \u00e0 \u00e1rea da lagoa. Neste espa\u00e7o novas esp\u00e9cies da mata ciliar foram plantadas, como ip\u00eas, ing\u00e1, aroeira,\u2026","rel":"","context":"Em &quot;Cidade&quot;","block_context":{"text":"Cidade","link":"https:\/\/blogdafeira.com.br\/home\/categoria\/cidade\/"},"img":{"alt_text":"","src":"https:\/\/i0.wp.com\/blogdafeira.com.br\/home\/wp-content\/uploads\/2022\/10\/thumbnail_Reforma-do-Parque-da-Cidade-Foto-ACM-10.jpg?resize=350%2C200&ssl=1","width":350,"height":200,"srcset":"https:\/\/i0.wp.com\/blogdafeira.com.br\/home\/wp-content\/uploads\/2022\/10\/thumbnail_Reforma-do-Parque-da-Cidade-Foto-ACM-10.jpg?resize=350%2C200&ssl=1 1x, https:\/\/i0.wp.com\/blogdafeira.com.br\/home\/wp-content\/uploads\/2022\/10\/thumbnail_Reforma-do-Parque-da-Cidade-Foto-ACM-10.jpg?resize=525%2C300&ssl=1 1.5x, https:\/\/i0.wp.com\/blogdafeira.com.br\/home\/wp-content\/uploads\/2022\/10\/thumbnail_Reforma-do-Parque-da-Cidade-Foto-ACM-10.jpg?resize=700%2C400&ssl=1 2x, https:\/\/i0.wp.com\/blogdafeira.com.br\/home\/wp-content\/uploads\/2022\/10\/thumbnail_Reforma-do-Parque-da-Cidade-Foto-ACM-10.jpg?resize=1050%2C600&ssl=1 3x"},"classes":[]},{"id":51885,"url":"https:\/\/blogdafeira.com.br\/home\/2022\/04\/20\/prefeitura-solicita-a-camara-autorizacao-de-emprestimo-para-obras-de-saneamento-e-mobilidade\/","url_meta":{"origin":62419,"position":1},"title":"Prefeitura solicita \u00e0 C\u00e2mara autoriza\u00e7\u00e3o de empr\u00e9stimo para obras de saneamento e mobilidade","author":"Secom\/FSA","date":"20\/04\/2022","format":false,"excerpt":"A Prefeitura de Feira de Santana encaminhou nesta quarta-feira, 20, o projeto de autoriza\u00e7\u00e3o \u00e0 C\u00e2mara Municipal para empr\u00e9stimo no valor de\u00a0R$ 246 milh\u00f5es e 100 mil\u00a0para a execu\u00e7\u00e3o de\u00a0obras de saneamento, meio ambiente e mobilidade na sede e nos distritos. Os locais e ideias de como ser\u00e3o feitas as\u2026","rel":"","context":"Em &quot;Cidade&quot;","block_context":{"text":"Cidade","link":"https:\/\/blogdafeira.com.br\/home\/categoria\/cidade\/"},"img":{"alt_text":"","src":"https:\/\/i0.wp.com\/blogdafeira.com.br\/home\/wp-content\/uploads\/2022\/04\/Limpeza-do-canal-prato-raso-foto-divulgacao-sesp-74.jpg?resize=350%2C200&ssl=1","width":350,"height":200,"srcset":"https:\/\/i0.wp.com\/blogdafeira.com.br\/home\/wp-content\/uploads\/2022\/04\/Limpeza-do-canal-prato-raso-foto-divulgacao-sesp-74.jpg?resize=350%2C200&ssl=1 1x, https:\/\/i0.wp.com\/blogdafeira.com.br\/home\/wp-content\/uploads\/2022\/04\/Limpeza-do-canal-prato-raso-foto-divulgacao-sesp-74.jpg?resize=525%2C300&ssl=1 1.5x, https:\/\/i0.wp.com\/blogdafeira.com.br\/home\/wp-content\/uploads\/2022\/04\/Limpeza-do-canal-prato-raso-foto-divulgacao-sesp-74.jpg?resize=700%2C400&ssl=1 2x, https:\/\/i0.wp.com\/blogdafeira.com.br\/home\/wp-content\/uploads\/2022\/04\/Limpeza-do-canal-prato-raso-foto-divulgacao-sesp-74.jpg?resize=1050%2C600&ssl=1 3x"},"classes":[]},{"id":27923,"url":"https:\/\/blogdafeira.com.br\/home\/2017\/08\/23\/passa-de-r-3-milhoes-o-custo-para-recuperar-ruinas-do-amelio-amorim-demolicao-ja\/","url_meta":{"origin":62419,"position":2},"title":"Passa de R$ 3 milh\u00f5es o custo para recuperar ru\u00ednas do Am\u00e9lio Amorim; Demoli\u00e7\u00e3o J\u00e1!","author":"Secom\/FSA","date":"23\/08\/2017","format":false,"excerpt":"Na \u00faltima reforma feita no Centro de Cultura Am\u00e9lio Amorim,em Feira de Santana, \u00a0h\u00e1 cinco anos, o Estado da Bahia investiu R$ 819 mil 327 reais e 81 centavos. Ap\u00f3s um ano em obras, o Am\u00e9lio Amorim foi reaberto em 2013 com telhado refor\u00e7ado, pisos novos na sala principal, palco\u2026","rel":"","context":"Em &quot;Home&quot;","block_context":{"text":"Home","link":"https:\/\/blogdafeira.com.br\/home\/categoria\/raiz\/"},"img":{"alt_text":"img_20170818_100004098","src":"https:\/\/i0.wp.com\/blogdafeira.com.br\/home\/wp-content\/uploads\/2017\/08\/IMG_20170818_100004098-576x1024.jpg?resize=350%2C200","width":350,"height":200,"srcset":"https:\/\/i0.wp.com\/blogdafeira.com.br\/home\/wp-content\/uploads\/2017\/08\/IMG_20170818_100004098-576x1024.jpg?resize=350%2C200 1x, https:\/\/i0.wp.com\/blogdafeira.com.br\/home\/wp-content\/uploads\/2017\/08\/IMG_20170818_100004098-576x1024.jpg?resize=525%2C300 1.5x"},"classes":[]},{"id":41488,"url":"https:\/\/blogdafeira.com.br\/home\/2020\/11\/03\/candidato-a-vereador-planeja-cobrir-canal-e-fazer-ciclovia-no-parque-panorama\/","url_meta":{"origin":62419,"position":3},"title":"Candidato a vereador planeja cobrir canal e fazer ciclovia no Parque Panorama","author":"Secom\/FSA","date":"03\/11\/2020","format":false,"excerpt":"O jornalista Comendador Girl\u00e2nio Guirra apresentou \u00e0 comunidade do bairro Parque Panorama o seu primeiro projeto para a C\u00e2mara Municipal de Vereadores, a cobertura do canal da Av. Amado Bahia, para a constru\u00e7\u00e3o da primeira pista de pedestre e ciclovia daquela populosa \u00e1rea de Feira de Santana. Guirra \u00e9 tamb\u00e9m\u2026","rel":"","context":"Em &quot;Cidade&quot;","block_context":{"text":"Cidade","link":"https:\/\/blogdafeira.com.br\/home\/categoria\/cidade\/"},"img":{"alt_text":"","src":"https:\/\/i0.wp.com\/blogdafeira.com.br\/home\/wp-content\/uploads\/2020\/11\/Screenshot_20201102-0847532.png?resize=350%2C200&ssl=1","width":350,"height":200,"srcset":"https:\/\/i0.wp.com\/blogdafeira.com.br\/home\/wp-content\/uploads\/2020\/11\/Screenshot_20201102-0847532.png?resize=350%2C200&ssl=1 1x, https:\/\/i0.wp.com\/blogdafeira.com.br\/home\/wp-content\/uploads\/2020\/11\/Screenshot_20201102-0847532.png?resize=525%2C300&ssl=1 1.5x, https:\/\/i0.wp.com\/blogdafeira.com.br\/home\/wp-content\/uploads\/2020\/11\/Screenshot_20201102-0847532.png?resize=700%2C400&ssl=1 2x"},"classes":[]},{"id":60684,"url":"https:\/\/blogdafeira.com.br\/home\/2024\/01\/03\/barracas-na-fraga-maia-impedem-conclusao-da-ciclovia-de-22km\/","url_meta":{"origin":62419,"position":4},"title":"Barracas na Fraga Maia impedem conclus\u00e3o da ciclovia de 2,2km","author":"Secom\/FSA","date":"03\/01\/2024","format":false,"excerpt":"Umas barracas comerciais erguidas em \u00e1rea p\u00fablica na avenida Fraga Maia impedem a continuidade e t\u00e9rmino das obras de implanta\u00e7\u00e3o da ciclovia nessa avenida de Feira de Santana. O Munic\u00edpio est\u00e1 buscando solu\u00e7\u00e3o jur\u00eddica em rela\u00e7\u00e3o as barracas que ocupam que est\u00e3o nas\u00a0 imedia\u00e7\u00f5es do Parque Ip\u00ea. Somente ap\u00f3s a\u2026","rel":"","context":"Em &quot;Cidade&quot;","block_context":{"text":"Cidade","link":"https:\/\/blogdafeira.com.br\/home\/categoria\/cidade\/"},"img":{"alt_text":"","src":"https:\/\/i0.wp.com\/blogdafeira.com.br\/home\/wp-content\/uploads\/2024\/01\/Obras-da-Av-Fraga-Maia-foto-Jorge-Magalhaes-21.jpeg?resize=350%2C200&ssl=1","width":350,"height":200,"srcset":"https:\/\/i0.wp.com\/blogdafeira.com.br\/home\/wp-content\/uploads\/2024\/01\/Obras-da-Av-Fraga-Maia-foto-Jorge-Magalhaes-21.jpeg?resize=350%2C200&ssl=1 1x, https:\/\/i0.wp.com\/blogdafeira.com.br\/home\/wp-content\/uploads\/2024\/01\/Obras-da-Av-Fraga-Maia-foto-Jorge-Magalhaes-21.jpeg?resize=525%2C300&ssl=1 1.5x, https:\/\/i0.wp.com\/blogdafeira.com.br\/home\/wp-content\/uploads\/2024\/01\/Obras-da-Av-Fraga-Maia-foto-Jorge-Magalhaes-21.jpeg?resize=700%2C400&ssl=1 2x, https:\/\/i0.wp.com\/blogdafeira.com.br\/home\/wp-content\/uploads\/2024\/01\/Obras-da-Av-Fraga-Maia-foto-Jorge-Magalhaes-21.jpeg?resize=1050%2C600&ssl=1 3x"},"classes":[]},{"id":68671,"url":"https:\/\/blogdafeira.com.br\/home\/2025\/07\/29\/comecou-a-reforma-na-praca-do-samba-das-segundas-feiras-na-feiratropeiro\/","url_meta":{"origin":62419,"position":5},"title":"Come\u00e7ou a reforma na Pra\u00e7a do Samba da Segunda-Feira, na Feira","author":"Secom\/FSA","date":"29\/07\/2025","format":false,"excerpt":"Inaugurada em fevereiro de 2002, a emblem\u00e1tica Pra\u00e7a do Tropeiro, em frente ao Shopping Popular e ao Centro de Abastecimento, vai passar por uma ampla obra de revitaliza\u00e7\u00e3o e moderniza\u00e7\u00e3o. A ordem de servi\u00e7o foi dada pelo prefeito Z\u00e9 Ronaldo, na manh\u00e3 de ontem segunda-feira (28), e as interven\u00e7\u00f5es j\u00e1\u2026","rel":"","context":"Em &quot;Cidade&quot;","block_context":{"text":"Cidade","link":"https:\/\/blogdafeira.com.br\/home\/categoria\/cidade\/"},"img":{"alt_text":"","src":"https:\/\/i0.wp.com\/blogdafeira.com.br\/home\/wp-content\/uploads\/2025\/07\/IMG_20250728_143145856_HDR2-scaled.jpg?resize=350%2C200&ssl=1","width":350,"height":200,"srcset":"https:\/\/i0.wp.com\/blogdafeira.com.br\/home\/wp-content\/uploads\/2025\/07\/IMG_20250728_143145856_HDR2-scaled.jpg?resize=350%2C200&ssl=1 1x, https:\/\/i0.wp.com\/blogdafeira.com.br\/home\/wp-content\/uploads\/2025\/07\/IMG_20250728_143145856_HDR2-scaled.jpg?resize=525%2C300&ssl=1 1.5x, https:\/\/i0.wp.com\/blogdafeira.com.br\/home\/wp-content\/uploads\/2025\/07\/IMG_20250728_143145856_HDR2-scaled.jpg?resize=700%2C400&ssl=1 2x, https:\/\/i0.wp.com\/blogdafeira.com.br\/home\/wp-content\/uploads\/2025\/07\/IMG_20250728_143145856_HDR2-scaled.jpg?resize=1050%2C600&ssl=1 3x, https:\/\/i0.wp.com\/blogdafeira.com.br\/home\/wp-content\/uploads\/2025\/07\/IMG_20250728_143145856_HDR2-scaled.jpg?resize=1400%2C800&ssl=1 4x"},"classes":[]}],"_links":{"self":[{"href":"https:\/\/blogdafeira.com.br\/home\/wp-json\/wp\/v2\/posts\/62419","targetHints":{"allow":["GET"]}}],"collection":[{"href":"https:\/\/blogdafeira.com.br\/home\/wp-json\/wp\/v2\/posts"}],"about":[{"href":"https:\/\/blogdafeira.com.br\/home\/wp-json\/wp\/v2\/types\/post"}],"author":[{"embeddable":true,"href":"https:\/\/blogdafeira.com.br\/home\/wp-json\/wp\/v2\/users\/1"}],"replies":[{"embeddable":true,"href":"https:\/\/blogdafeira.com.br\/home\/wp-json\/wp\/v2\/comments?post=62419"}],"version-history":[{"count":2,"href":"https:\/\/blogdafeira.com.br\/home\/wp-json\/wp\/v2\/posts\/62419\/revisions"}],"predecessor-version":[{"id":62423,"href":"https:\/\/blogdafeira.com.br\/home\/wp-json\/wp\/v2\/posts\/62419\/revisions\/62423"}],"wp:featuredmedia":[{"embeddable":true,"href":"https:\/\/blogdafeira.com.br\/home\/wp-json\/wp\/v2\/media\/62421"}],"wp:attachment":[{"href":"https:\/\/blogdafeira.com.br\/home\/wp-json\/wp\/v2\/media?parent=62419"}],"wp:term":[{"taxonomy":"category","embeddable":true,"href":"https:\/\/blogdafeira.com.br\/home\/wp-json\/wp\/v2\/categories?post=62419"},{"taxonomy":"post_tag","embeddable":true,"href":"https:\/\/blogdafeira.com.br\/home\/wp-json\/wp\/v2\/tags?post=62419"}],"curies":[{"name":"wp","href":"https:\/\/api.w.org\/{rel}","templated":true}]}}