{"id":62764,"date":"2024-07-08T10:34:49","date_gmt":"2024-07-08T13:34:49","guid":{"rendered":"https:\/\/blogdafeira.com.br\/home\/?p=62764"},"modified":"2024-08-14T21:50:55","modified_gmt":"2024-08-15T00:50:55","slug":"a-levagem-da-lenha-e-a-lavagem-da-matriz-na-festa-de-santana","status":"publish","type":"post","link":"https:\/\/blogdafeira.com.br\/home\/2024\/07\/08\/a-levagem-da-lenha-e-a-lavagem-da-matriz-na-festa-de-santana\/","title":{"rendered":"A Levagem da Lenha e a Lavagem da Matriz na Festa de Santana"},"content":{"rendered":"<div id=\"blogd-165313172\" class=\"blogd-fim-do-post-mobile blogd-entity-placement\" style=\"margin-left: auto;margin-right: auto;text-align: center;\"><a href=\"https:\/\/www.sefaz.feiradesantana.ba.gov.br\/\" target=\"_blank\" aria-label=\"728&#215;90 (6)\"><img loading=\"lazy\" decoding=\"async\" src=\"https:\/\/blogdafeira.com.br\/home\/wp-content\/uploads\/2026\/03\/728x90-6.gif\" alt=\"\"  class=\"no-lazyload\" width=\"728\" height=\"90\"  style=\"display: inline-block;\" \/><\/a><\/div><p>Desde que surgiu, a Festa de Santana dividia-se em duas partes: a religiosa e a profana. Al\u00e9m dos bandos anunciadores com jovens mascarados montados em seus cavalos percorrendo as ruas anunciando mais uma festa, da parte profana tinha tamb\u00e9m lavagem da igreja e a levagem da lenha.<\/p><div id=\"blogd-1967507207\" class=\"blogd-conteudo-2-mobile blogd-entity-placement\"><a href=\"https:\/\/feirenses.com.br\/\" target=\"_blank\" aria-label=\"feirenses\"><img loading=\"lazy\" decoding=\"async\" src=\"https:\/\/blogdafeira.com.br\/home\/wp-content\/uploads\/2026\/04\/feirenses.png\" alt=\"\"  srcset=\"https:\/\/blogdafeira.com.br\/home\/wp-content\/uploads\/2026\/04\/feirenses.png 300w, https:\/\/blogdafeira.com.br\/home\/wp-content\/uploads\/2026\/04\/feirenses-170x45.png 170w, https:\/\/blogdafeira.com.br\/home\/wp-content\/uploads\/2026\/04\/feirenses-280x74.png 280w\" sizes=\"(max-width: 300px) 100vw, 300px\" class=\"no-lazyload\" width=\"300\" height=\"79\"  style=\"display: inline-block;\" \/><\/a><\/div>\n<p>A lavagem acontecia na quinta-feira que antecedia a data magna. Homens, mulheres e crian\u00e7as se dirigiam para a igreja com latas, baldes e outros vasilhames e faziam a lavagem do templo. O trabalho come\u00e7ava pela manh\u00e3 e ao final, antes do entardecer, todos percorriam as ruas com as latas na cabe\u00e7a, animados por m\u00fasicos locais.<\/p>\n<p>A levagem, nos mesmos moldes da lavagem passou a acontecer na ter\u00e7a-feira, v\u00e9spera da prociss\u00e3o. Ela teve sua origem no vai e vem das pessoas levando lenha para a enorme fogueira que era acesa em frente da igreja durante os dias da festa, quando a cidade ainda n\u00e3o tinha luz el\u00e9trica.<\/p>\n<p>Dos prim\u00f3rdios at\u00e9 1987 a cidade viu a festa manter o ritual da parte religiosa culminando com a solene prociss\u00e3o e viu a parte profana e as atividades de largo acompanhar os novos tempos. Novos tempos que aboliram a guerra das torcidas em volta do coreto durante as tocatas das filarm\u00f4nicas.<\/p>\n<p>Em 1988 o bispo Dom Silv\u00e9rio tomou a decis\u00e3o de separar o lit\u00fargico do profano e para dificultar qualquer resist\u00eancia retornou a festa para o m\u00eas de julho, como acontecia at\u00e9 o s\u00e9culo XIX. Muitos viram na atitude do bispo uma maneira de inibir os templos de candombl\u00e9, pois crescia cada vez mais suas presen\u00e7as, tendo \u00e0 frente, entre outros, M\u00e3e Socorro, de Rua Nova e Zeca de Iemanj\u00e1, do Campo Limpo.<\/p>\n<div id=\"blogd-1777162664\" class=\"blogd-final-post blogd-entity-placement\"><a href=\"https:\/\/www.feiradesantana.ba.leg.br\/\" target=\"_blank\" aria-label=\"BANNER-SITE-ENTREGADECHEQUE-CAMARADEFEIRA\"><img loading=\"lazy\" decoding=\"async\" src=\"https:\/\/blogdafeira.com.br\/home\/wp-content\/uploads\/2026\/03\/BANNER-SITE-ENTREGADECHEQUE-CAMARADEFEIRA.gif\" alt=\"\"  class=\"no-lazyload\" width=\"728\" height=\"90\"   \/><\/a><\/div><p>Tamanha foi a da rea\u00e7\u00e3o popular que padres publicaram nota oficial fazendo a defesa do bispo<\/p>\n","protected":false},"excerpt":{"rendered":"<p>Desde que surgiu, a Festa de Santana dividia-se em duas partes: a religiosa e a profana. Al\u00e9m dos bandos anunciadores com jovens mascarados montados em seus cavalos percorrendo as ruas anunciando mais uma festa, da parte profana tinha tamb\u00e9m lavagem da igreja e a levagem da lenha. A lavagem acontecia na quinta-feira que antecedia a<\/p>\n","protected":false},"author":40,"featured_media":62765,"comment_status":"open","ping_status":"open","sticky":false,"template":"","format":"standard","meta":{"jetpack_post_was_ever_published":false,"cybocfi_hide_featured_image":"","_jetpack_newsletter_access":"","_jetpack_dont_email_post_to_subs":false,"_jetpack_newsletter_tier_id":0,"_jetpack_memberships_contains_paywalled_content":false,"_jetpack_memberships_contains_paid_content":false,"footnotes":"","jetpack_publicize_message":"","jetpack_publicize_feature_enabled":true,"jetpack_social_post_already_shared":true,"jetpack_social_options":{"image_generator_settings":{"template":"highway","default_image_id":0,"font":"","enabled":false},"version":2}},"categories":[4,1],"tags":[],"class_list":["post-62764","post","type-post","status-publish","format-standard","has-post-thumbnail","hentry","category-cultura","category-raiz"],"jetpack_publicize_connections":[],"jetpack_featured_media_url":"https:\/\/blogdafeira.com.br\/home\/wp-content\/uploads\/2024\/07\/3172015102253.jpg","jetpack_shortlink":"https:\/\/wp.me\/p3niVf-gkk","jetpack_sharing_enabled":true,"jetpack-related-posts":[{"id":68089,"url":"https:\/\/blogdafeira.com.br\/home\/2025\/07\/04\/bando-dos-olhos-dagua-vai-pedir-a-volta-da-levagem-da-lenha-e-a-lavagem-da-matriz\/","url_meta":{"origin":62764,"position":0},"title":"Bando dos Olhos D&#8217;\u00e1gua vai pedir a volta da Levagem da Lenha e da Lavagem da Matriz","author":"Blog da Feira","date":"04\/07\/2025","format":false,"excerpt":"O Bando do bairro dos Olhos D'\u00e1gua vai sair no Cortejo do Bando Anunciador da Festa de Sant'Anna, domingo, pedindo o retorno da 'Levagem da Lenha' e a 'Lavagem da Matriz', duas manifesta\u00e7\u00f5es populares ligadas \u00e0s religi\u00f5es de matriz africana que n\u00e3o foram resgatadas junto com o Bando. Elas foram,\u2026","rel":"","context":"Em &quot;Cultura&quot;","block_context":{"text":"Cultura","link":"https:\/\/blogdafeira.com.br\/home\/categoria\/cultura\/"},"img":{"alt_text":"","src":"https:\/\/i0.wp.com\/blogdafeira.com.br\/home\/wp-content\/uploads\/2025\/07\/images-162.jpeg?resize=350%2C200&ssl=1","width":350,"height":200,"srcset":"https:\/\/i0.wp.com\/blogdafeira.com.br\/home\/wp-content\/uploads\/2025\/07\/images-162.jpeg?resize=350%2C200&ssl=1 1x, https:\/\/i0.wp.com\/blogdafeira.com.br\/home\/wp-content\/uploads\/2025\/07\/images-162.jpeg?resize=525%2C300&ssl=1 1.5x"},"classes":[]},{"id":3739,"url":"https:\/\/blogdafeira.com.br\/home\/2013\/07\/23\/festa-de-santanna-secretario-de-cultura-quer-a-levagem-da-lenha\/","url_meta":{"origin":62764,"position":1},"title":"Festa de Sant&#8217;Anna: Secret\u00e1rio de Cultura quer a &#8216;Levagem da Lenha&#8217;","author":"Blog da Feira","date":"23\/07\/2013","format":false,"excerpt":"Se depender do secret\u00e1rio de Cultura de Feira de Santana, Jailton Batista, o resgate da 'Levagem da Lenha' da Festa de Sant'Anna, acontecer\u00e1 \u00a0no pr\u00f3ximo ano. A exemplo do Bando Anunciador, resgatado pelo Centro Universit\u00e1rio de Cultura da Uefs, a 'Levagem da Lenha' era uma manifesta\u00e7\u00e3o popular e religiosa que\u2026","rel":"","context":"Em &quot;Home&quot;","block_context":{"text":"Home","link":"https:\/\/blogdafeira.com.br\/home\/categoria\/raiz\/"},"img":{"alt_text":"jailton","src":"https:\/\/i0.wp.com\/blogdafeira.com.br\/home\/wp-content\/uploads\/2013\/07\/jailton-170x127.jpg?resize=350%2C200","width":350,"height":200},"classes":[]},{"id":3225,"url":"https:\/\/blogdafeira.com.br\/home\/2013\/07\/03\/mesa-do-bando-anunciador-este-ano-tem-everaldo-dos-olhos-dagua\/","url_meta":{"origin":62764,"position":2},"title":"Mesa do Bando Anunciador este ano tem Everaldo dos Olhos D&#8217;\u00c1gua","author":"Blog da Feira","date":"03\/07\/2013","format":false,"excerpt":"Everaldo dos Olhos D\u2019\u00c1gua \u00e9 o \u2018personagem\u2019 dos \u2018tempos \u00e1ureos\u2019 do Bando Anunciador que vai participar da mesa-redonda promovida pela UEFS desde 2007, atrav\u00e9s do Centro Universit\u00e1rio de Cultura e Arte (CUCA). Entre outros aspectos abordados pela mesa est\u00e3o \u00a0depoimentos de pessoas que participaram dessa manifesta\u00e7\u00e3o antes dela ser extinta.\u2026","rel":"","context":"Em &quot;Home&quot;","block_context":{"text":"Home","link":"https:\/\/blogdafeira.com.br\/home\/categoria\/raiz\/"},"img":{"alt_text":"","src":"","width":0,"height":0},"classes":[]},{"id":68048,"url":"https:\/\/blogdafeira.com.br\/home\/2025\/07\/01\/rainha-do-bando-dos-olhos-dagua-sera-coroada-sabado-no-bar-da-galega\/","url_meta":{"origin":62764,"position":3},"title":"Rainha do Bando dos Olhos D&#8217;\u00e1gua ser\u00e1 coroada s\u00e1bado no Bar da Galega","author":"Blog da Feira","date":"01\/07\/2025","format":false,"excerpt":"No Bar da Galega, s\u00e1bado, tem a coroa\u00e7\u00e3o da Rainha do Bando Anunciador dos Olhos D'\u00e1gua. A partir das 16h. A Galega fica vizinha ao mural art\u00edstico do bairro, na rua Ara\u00fajo Pinho. Com direito a show da cantora J\u00e9ssica Raiane. No domingo, o bando dos Olhos D'\u00e1gua participa do\u2026","rel":"","context":"Em &quot;Cidade&quot;","block_context":{"text":"Cidade","link":"https:\/\/blogdafeira.com.br\/home\/categoria\/cidade\/"},"img":{"alt_text":"","src":"https:\/\/i0.wp.com\/blogdafeira.com.br\/home\/wp-content\/uploads\/2025\/07\/IMG-20250701-WA0040.jpg?resize=350%2C200&ssl=1","width":350,"height":200,"srcset":"https:\/\/i0.wp.com\/blogdafeira.com.br\/home\/wp-content\/uploads\/2025\/07\/IMG-20250701-WA0040.jpg?resize=350%2C200&ssl=1 1x, https:\/\/i0.wp.com\/blogdafeira.com.br\/home\/wp-content\/uploads\/2025\/07\/IMG-20250701-WA0040.jpg?resize=525%2C300&ssl=1 1.5x, https:\/\/i0.wp.com\/blogdafeira.com.br\/home\/wp-content\/uploads\/2025\/07\/IMG-20250701-WA0040.jpg?resize=700%2C400&ssl=1 2x"},"classes":[]},{"id":38973,"url":"https:\/\/blogdafeira.com.br\/home\/2020\/07\/14\/o-silencio-do-bando-e-as-memorias-da-cultura-andante-nas-ruas-de-feira\/","url_meta":{"origin":62764,"position":4},"title":"O sil\u00eancio do Bando e as mem\u00f3rias da cultura andante nas ruas de Feira","author":"Socorro Pitombo","date":"14\/07\/2020","format":false,"excerpt":"Neste julho n\u00e3o tem Bando Anunciador! A pandemia da Covid-19 tirou das ruas o alegre cortejo, que antecede os festejos em louvor a Senhora Sant\u2019Anna, padroeira da cidade. Neste julho n\u00e3o tem zabumba, foguete nem mascarados. Na madrugada fria s\u00f3 o sil\u00eancio e a preocupa\u00e7\u00e3o com a pandemia. Mas tudo\u2026","rel":"","context":"Em &quot;Colunistas&quot;","block_context":{"text":"Colunistas","link":"https:\/\/blogdafeira.com.br\/home\/categoria\/colunistas\/"},"img":{"alt_text":"","src":"https:\/\/i0.wp.com\/blogdafeira.com.br\/home\/wp-content\/uploads\/2020\/07\/bando-anunciador.jpg?resize=350%2C200&ssl=1","width":350,"height":200,"srcset":"https:\/\/i0.wp.com\/blogdafeira.com.br\/home\/wp-content\/uploads\/2020\/07\/bando-anunciador.jpg?resize=350%2C200&ssl=1 1x, https:\/\/i0.wp.com\/blogdafeira.com.br\/home\/wp-content\/uploads\/2020\/07\/bando-anunciador.jpg?resize=525%2C300&ssl=1 1.5x"},"classes":[]},{"id":65309,"url":"https:\/\/blogdafeira.com.br\/home\/2025\/01\/23\/festa-da-padroeira-de-irara-comeca-nesta-sexta-feita-com-a-lavagem-das-escadarias-da-igreja\/","url_meta":{"origin":62764,"position":5},"title":"Festa da Padroeira de Irar\u00e1 come\u00e7a nesta sexta-feira com a Lavagem das Escadarias da Igreja","author":"Blog da Feira","date":"23\/01\/2025","format":false,"excerpt":"Terra onde nasceu o genial artista Tom Z\u00e9 e o caridoso m\u00e9dico Doutor Deraldo Portela, a 50 km de Feira de Santana, a cidade de Irar\u00e1 come\u00e7a nesta sexta-feira, 24, a festa em homenagem \u00e0 padroeira cat\u00f3lica do munic\u00edpio, Nossa Senhora da Purifica\u00e7\u00e3o, com a tradicional\u00a0 Lavagem das Escadarias da\u2026","rel":"","context":"Em &quot;Bahia&quot;","block_context":{"text":"Bahia","link":"https:\/\/blogdafeira.com.br\/home\/categoria\/bahia\/"},"img":{"alt_text":"","src":"https:\/\/i0.wp.com\/blogdafeira.com.br\/home\/wp-content\/uploads\/2025\/01\/IMG_20160913_2028022-scaled.jpg?resize=350%2C200&ssl=1","width":350,"height":200,"srcset":"https:\/\/i0.wp.com\/blogdafeira.com.br\/home\/wp-content\/uploads\/2025\/01\/IMG_20160913_2028022-scaled.jpg?resize=350%2C200&ssl=1 1x, https:\/\/i0.wp.com\/blogdafeira.com.br\/home\/wp-content\/uploads\/2025\/01\/IMG_20160913_2028022-scaled.jpg?resize=525%2C300&ssl=1 1.5x, https:\/\/i0.wp.com\/blogdafeira.com.br\/home\/wp-content\/uploads\/2025\/01\/IMG_20160913_2028022-scaled.jpg?resize=700%2C400&ssl=1 2x, https:\/\/i0.wp.com\/blogdafeira.com.br\/home\/wp-content\/uploads\/2025\/01\/IMG_20160913_2028022-scaled.jpg?resize=1050%2C600&ssl=1 3x, https:\/\/i0.wp.com\/blogdafeira.com.br\/home\/wp-content\/uploads\/2025\/01\/IMG_20160913_2028022-scaled.jpg?resize=1400%2C800&ssl=1 4x"},"classes":[]}],"_links":{"self":[{"href":"https:\/\/blogdafeira.com.br\/home\/wp-json\/wp\/v2\/posts\/62764","targetHints":{"allow":["GET"]}}],"collection":[{"href":"https:\/\/blogdafeira.com.br\/home\/wp-json\/wp\/v2\/posts"}],"about":[{"href":"https:\/\/blogdafeira.com.br\/home\/wp-json\/wp\/v2\/types\/post"}],"author":[{"embeddable":true,"href":"https:\/\/blogdafeira.com.br\/home\/wp-json\/wp\/v2\/users\/40"}],"replies":[{"embeddable":true,"href":"https:\/\/blogdafeira.com.br\/home\/wp-json\/wp\/v2\/comments?post=62764"}],"version-history":[{"count":1,"href":"https:\/\/blogdafeira.com.br\/home\/wp-json\/wp\/v2\/posts\/62764\/revisions"}],"predecessor-version":[{"id":62766,"href":"https:\/\/blogdafeira.com.br\/home\/wp-json\/wp\/v2\/posts\/62764\/revisions\/62766"}],"wp:featuredmedia":[{"embeddable":true,"href":"https:\/\/blogdafeira.com.br\/home\/wp-json\/wp\/v2\/media\/62765"}],"wp:attachment":[{"href":"https:\/\/blogdafeira.com.br\/home\/wp-json\/wp\/v2\/media?parent=62764"}],"wp:term":[{"taxonomy":"category","embeddable":true,"href":"https:\/\/blogdafeira.com.br\/home\/wp-json\/wp\/v2\/categories?post=62764"},{"taxonomy":"post_tag","embeddable":true,"href":"https:\/\/blogdafeira.com.br\/home\/wp-json\/wp\/v2\/tags?post=62764"}],"curies":[{"name":"wp","href":"https:\/\/api.w.org\/{rel}","templated":true}]}}