{"id":63082,"date":"2024-08-01T09:16:00","date_gmt":"2024-08-01T12:16:00","guid":{"rendered":"https:\/\/blogdafeira.com.br\/home\/?p=63082"},"modified":"2024-09-05T11:38:29","modified_gmt":"2024-09-05T14:38:29","slug":"bom-despacho-era-o-nome-antes-de-ser-chamado-de-jaguara","status":"publish","type":"post","link":"https:\/\/blogdafeira.com.br\/home\/2024\/08\/01\/bom-despacho-era-o-nome-antes-de-ser-chamado-de-jaguara\/","title":{"rendered":"Bom Despacho, era o nome antes de ser chamado de Jaguara"},"content":{"rendered":"<div id=\"blogd-2861918791\" class=\"blogd-fim-do-post-mobile blogd-entity-placement\" style=\"margin-left: auto;margin-right: auto;text-align: center;\"><a href=\"https:\/\/www.sefaz.feiradesantana.ba.gov.br\/\" target=\"_blank\" aria-label=\"728&#215;90 (6)\"><img loading=\"lazy\" decoding=\"async\" src=\"https:\/\/blogdafeira.com.br\/home\/wp-content\/uploads\/2026\/03\/728x90-6.gif\" alt=\"\"  class=\"no-lazyload\" width=\"728\" height=\"90\"  style=\"display: inline-block;\" \/><\/a><\/div><p>Bom Despacho, era o nome antes de ser chamado de Jaguara.O acesso a esse distrito da Feira, que Jer\u00f4nimo inaugura hoje a pavimenta\u00e7\u00e3o, passa por dentro de fazendas de gado.Houve tempo em que haviam sete cancelas (fechadas) neste percurso. Depois vieram os mata-burros.<\/p><div id=\"blogd-2590744581\" class=\"blogd-conteudo-2-mobile blogd-entity-placement\"><a href=\"https:\/\/feirenses.com.br\/\" target=\"_blank\" aria-label=\"feirenses\"><img loading=\"lazy\" decoding=\"async\" src=\"https:\/\/blogdafeira.com.br\/home\/wp-content\/uploads\/2026\/04\/feirenses.png\" alt=\"\"  srcset=\"https:\/\/blogdafeira.com.br\/home\/wp-content\/uploads\/2026\/04\/feirenses.png 300w, https:\/\/blogdafeira.com.br\/home\/wp-content\/uploads\/2026\/04\/feirenses-170x45.png 170w, https:\/\/blogdafeira.com.br\/home\/wp-content\/uploads\/2026\/04\/feirenses-280x74.png 280w\" sizes=\"(max-width: 300px) 100vw, 300px\" class=\"no-lazyload\" width=\"300\" height=\"79\"  style=\"display: inline-block;\" \/><\/a><\/div>\n<p>Jaguara \u00e9 o distrito mais distante da cidade da Feira de Santana.Feira tem oito distritos. Todos, agora, est\u00e3o com acessos pavimentados.Nos \u00faltimos governos estaduais foram pavimentados este e o de Tiquaru\u00e7u.<\/p>\n<p><img loading=\"lazy\" decoding=\"async\" class=\"aligncenter size-full wp-image-63084\" src=\"https:\/\/blogdafeira.com.br\/home\/wp-content\/uploads\/2024\/08\/images.jpeg\" alt=\"\" width=\"596\" height=\"514\" srcset=\"https:\/\/blogdafeira.com.br\/home\/wp-content\/uploads\/2024\/08\/images.jpeg 596w, https:\/\/blogdafeira.com.br\/home\/wp-content\/uploads\/2024\/08\/images-346x298.jpeg 346w, https:\/\/blogdafeira.com.br\/home\/wp-content\/uploads\/2024\/08\/images-170x147.jpeg 170w, https:\/\/blogdafeira.com.br\/home\/wp-content\/uploads\/2024\/08\/images-217x187.jpeg 217w\" sizes=\"auto, (max-width: 596px) 100vw, 596px\" \/><\/p>\n<p>A pavimenta\u00e7\u00e3o da estrada de acesso a Jaguara \u00e9 um marco na hist\u00f3ria dos distritos rurais da Feira.Vereador Paul\u00e3o do Caldeir\u00e3o, jaguarense, expressou ao seu modo:<\/p>\n<div id=\"blogd-1255084313\" class=\"blogd-final-post blogd-entity-placement\"><a href=\"https:\/\/www.feiradesantana.ba.leg.br\/\" target=\"_blank\" aria-label=\"BANNER-SITE-ENTREGADECHEQUE-CAMARADEFEIRA\"><img loading=\"lazy\" decoding=\"async\" src=\"https:\/\/blogdafeira.com.br\/home\/wp-content\/uploads\/2026\/03\/BANNER-SITE-ENTREGADECHEQUE-CAMARADEFEIRA.gif\" alt=\"\"  class=\"no-lazyload\" width=\"728\" height=\"90\"   \/><\/a><\/div><p>&#8220;<em>Meu pai, que faleceu aos 83 anos, minha m\u00e3e aos 94 e minha tia Tieta aos 100, todos esperaram por este momento&#8221;<\/em><\/p>\n","protected":false},"excerpt":{"rendered":"<p>Bom Despacho, era o nome antes de ser chamado de Jaguara.O acesso a esse distrito da Feira, que Jer\u00f4nimo inaugura hoje a pavimenta\u00e7\u00e3o, passa por dentro de fazendas de gado.Houve tempo em que haviam sete cancelas (fechadas) neste percurso. Depois vieram os mata-burros. Jaguara \u00e9 o distrito mais distante da cidade da Feira de Santana.Feira<\/p>\n","protected":false},"author":1,"featured_media":63083,"comment_status":"open","ping_status":"open","sticky":false,"template":"","format":"standard","meta":{"jetpack_post_was_ever_published":false,"cybocfi_hide_featured_image":"","_jetpack_newsletter_access":"","_jetpack_dont_email_post_to_subs":false,"_jetpack_newsletter_tier_id":0,"_jetpack_memberships_contains_paywalled_content":false,"_jetpack_memberships_contains_paid_content":false,"footnotes":"","jetpack_publicize_message":"","jetpack_publicize_feature_enabled":true,"jetpack_social_post_already_shared":true,"jetpack_social_options":{"image_generator_settings":{"template":"highway","default_image_id":0,"font":"","enabled":false},"version":2}},"categories":[4,748],"tags":[],"class_list":["post-63082","post","type-post","status-publish","format-standard","has-post-thumbnail","hentry","category-cultura","category-distritos"],"jetpack_publicize_connections":[],"jetpack_featured_media_url":"https:\/\/blogdafeira.com.br\/home\/wp-content\/uploads\/2024\/08\/20240801_080946.jpg","jetpack_shortlink":"https:\/\/wp.me\/p3niVf-gps","jetpack_sharing_enabled":true,"jetpack-related-posts":[{"id":63621,"url":"https:\/\/blogdafeira.com.br\/home\/2024\/09\/05\/camara-de-feira-comemora-os-147-anos-do-distrito-de-jaguara\/","url_meta":{"origin":63082,"position":0},"title":"C\u00e2mara de Feira comemora os 147 anos do distrito de Jaguara","author":"Blog da Feira","date":"05\/09\/2024","format":false,"excerpt":"Incorporado ao Munic\u00edpio de Feira de Santana em 3 de julho de 1877, o distrito foi chamado \u201cBom Despacho\u201d, at\u00e9 1943, quando recebeu o nome de Jaguara. Esses 147 anos de exist\u00eancia (1877-2024)\u00a0 ser\u00e3o comemorados em sess\u00e3o solene da C\u00e2mara Municipal de Feira de Santana, hoje,\u00a0 5, a partir das\u2026","rel":"","context":"Em &quot;Distritos&quot;","block_context":{"text":"Distritos","link":"https:\/\/blogdafeira.com.br\/home\/categoria\/distritos\/"},"img":{"alt_text":"","src":"https:\/\/i0.wp.com\/blogdafeira.com.br\/home\/wp-content\/uploads\/2024\/09\/images-48.jpeg?resize=350%2C200&ssl=1","width":350,"height":200},"classes":[]},{"id":48717,"url":"https:\/\/blogdafeira.com.br\/home\/2021\/11\/22\/acesso-ao-distrito-de-jaguara-somente-pela-estrada-velha-da-pedra-ferrada\/","url_meta":{"origin":63082,"position":1},"title":"Acesso ao distrito de Jaguara somente pela estrada velha da Pedra Ferrada","author":"Blog da Feira","date":"22\/11\/2021","format":false,"excerpt":"A Superintend\u00eancia de Opera\u00e7\u00f5es e Manuten\u00e7\u00e3o (SOMA) come\u00e7ou os\u00a0 servi\u00e7os para corrigir danos na conten\u00e7\u00e3o e pavimento, na via de acesso ao distrito\u00a0 rural de Jaguara - trecho da barragem. Para isso, ser\u00e1 necess\u00e1rio interditar, interrompendo o fluxo de ve\u00edculos. Os motoristas e moradores da regi\u00e3o podem ter acesso ao\u2026","rel":"","context":"Em &quot;Distritos&quot;","block_context":{"text":"Distritos","link":"https:\/\/blogdafeira.com.br\/home\/categoria\/distritos\/"},"img":{"alt_text":"","src":"https:\/\/i0.wp.com\/blogdafeira.com.br\/home\/wp-content\/uploads\/2021\/11\/F6BB9A36-B7A5-4A0C-8D16-0DF8116B8F1A.jpeg?resize=350%2C200&ssl=1","width":350,"height":200,"srcset":"https:\/\/i0.wp.com\/blogdafeira.com.br\/home\/wp-content\/uploads\/2021\/11\/F6BB9A36-B7A5-4A0C-8D16-0DF8116B8F1A.jpeg?resize=350%2C200&ssl=1 1x, https:\/\/i0.wp.com\/blogdafeira.com.br\/home\/wp-content\/uploads\/2021\/11\/F6BB9A36-B7A5-4A0C-8D16-0DF8116B8F1A.jpeg?resize=525%2C300&ssl=1 1.5x, https:\/\/i0.wp.com\/blogdafeira.com.br\/home\/wp-content\/uploads\/2021\/11\/F6BB9A36-B7A5-4A0C-8D16-0DF8116B8F1A.jpeg?resize=700%2C400&ssl=1 2x"},"classes":[]},{"id":46061,"url":"https:\/\/blogdafeira.com.br\/home\/2021\/06\/23\/deputado-cobra-promessa-de-rui-a-dois-distritos-de-feira-tiquarucu-e-jaguara\/","url_meta":{"origin":63082,"position":2},"title":"Promessa de Rui Costa a dois distritos de Feira: Tiquaru\u00e7u e Jaguara","author":"Blog da Feira","date":"23\/06\/2021","format":false,"excerpt":"O deputado estadual Angelo Almeida (PSB) cobrou do governador Rui Costa a promessa feita em 2020 de que o Governo do Estado iria pavimentar as estradas que ligam Feira de Santana a duas sedes de distritos rurais de Feira de Santana: Jaguara e Tiquaru\u00e7u. Feira de Santana possui oito distritos\u2026","rel":"","context":"Em &quot;Distritos&quot;","block_context":{"text":"Distritos","link":"https:\/\/blogdafeira.com.br\/home\/categoria\/distritos\/"},"img":{"alt_text":"","src":"https:\/\/i0.wp.com\/blogdafeira.com.br\/home\/wp-content\/uploads\/2021\/06\/IMG_20201220_104514_357-scaled.jpg?resize=350%2C200&ssl=1","width":350,"height":200,"srcset":"https:\/\/i0.wp.com\/blogdafeira.com.br\/home\/wp-content\/uploads\/2021\/06\/IMG_20201220_104514_357-scaled.jpg?resize=350%2C200&ssl=1 1x, https:\/\/i0.wp.com\/blogdafeira.com.br\/home\/wp-content\/uploads\/2021\/06\/IMG_20201220_104514_357-scaled.jpg?resize=525%2C300&ssl=1 1.5x, https:\/\/i0.wp.com\/blogdafeira.com.br\/home\/wp-content\/uploads\/2021\/06\/IMG_20201220_104514_357-scaled.jpg?resize=700%2C400&ssl=1 2x, https:\/\/i0.wp.com\/blogdafeira.com.br\/home\/wp-content\/uploads\/2021\/06\/IMG_20201220_104514_357-scaled.jpg?resize=1050%2C600&ssl=1 3x, https:\/\/i0.wp.com\/blogdafeira.com.br\/home\/wp-content\/uploads\/2021\/06\/IMG_20201220_104514_357-scaled.jpg?resize=1400%2C800&ssl=1 4x"},"classes":[]},{"id":63685,"url":"https:\/\/blogdafeira.com.br\/home\/2024\/09\/09\/primeira-dama-da-bahia-participa-de-campanha-de-ze-neto-por-distritos-da-feira\/","url_meta":{"origin":63082,"position":3},"title":"Primeira-dama da Bahia participa de campanha de Z\u00e9 Neto por distritos da Feira","author":"Blog da Feira","date":"09\/09\/2024","format":false,"excerpt":"O governador n\u00e3o veio mas a mulher dele est\u00e1 a\u00ed, pensou o(a) morador(a) dos\u00a0 distritos de Jaguara e Bonfim de Feira ao tomar conhecimento de que estava presente na comitiva do candidato a Prefeito de Feira, Z\u00e9 Neto, a primeira-dama do estado, a professora Tatiana Veloso. O fato tamb\u00e9m teve\u2026","rel":"","context":"Em &quot;Elei\u00e7\u00f5es 2024&quot;","block_context":{"text":"Elei\u00e7\u00f5es 2024","link":"https:\/\/blogdafeira.com.br\/home\/categoria\/politica\/eleicoes-2024\/"},"img":{"alt_text":"","src":"https:\/\/i0.wp.com\/blogdafeira.com.br\/home\/wp-content\/uploads\/2024\/09\/Screenshot_20240909-111911.png?resize=350%2C200&ssl=1","width":350,"height":200,"srcset":"https:\/\/i0.wp.com\/blogdafeira.com.br\/home\/wp-content\/uploads\/2024\/09\/Screenshot_20240909-111911.png?resize=350%2C200&ssl=1 1x, https:\/\/i0.wp.com\/blogdafeira.com.br\/home\/wp-content\/uploads\/2024\/09\/Screenshot_20240909-111911.png?resize=525%2C300&ssl=1 1.5x, https:\/\/i0.wp.com\/blogdafeira.com.br\/home\/wp-content\/uploads\/2024\/09\/Screenshot_20240909-111911.png?resize=700%2C400&ssl=1 2x, https:\/\/i0.wp.com\/blogdafeira.com.br\/home\/wp-content\/uploads\/2024\/09\/Screenshot_20240909-111911.png?resize=1050%2C600&ssl=1 3x"},"classes":[]},{"id":63091,"url":"https:\/\/blogdafeira.com.br\/home\/2024\/08\/01\/paulao-do-caldeirao-promete-reinaugurar-estrada-de-jaguara-com-churrasco-em-novembro\/","url_meta":{"origin":63082,"position":4},"title":"Paul\u00e3o do Caldeir\u00e3o promete &#8216;reinaugurar&#8217; estrada de Jaguara com churrasco em novembro","author":"Blog da Feira","date":"01\/08\/2024","format":false,"excerpt":"Da Estrada do Feij\u00e3o (BA-052) \u00e0 sede do distrito de Jaguara s\u00e3o 11,7 km. Foi esse trecho que o Governo Estadual pavimentou e o governador Jer\u00f4nimo Rodrigues\u00a0 inaugurou hoje, quinta-feira, 1\u00b0, em Feira de Santana. Segundo o governo, um investimento de 16 milh\u00f5es de reais. Enquanto Jer\u00f4nimo estava em Jaguara,\u2026","rel":"","context":"Em &quot;Distritos&quot;","block_context":{"text":"Distritos","link":"https:\/\/blogdafeira.com.br\/home\/categoria\/distritos\/"},"img":{"alt_text":"","src":"https:\/\/i0.wp.com\/blogdafeira.com.br\/home\/wp-content\/uploads\/2024\/08\/Screenshot_20240801-1902582-1.png?resize=350%2C200&ssl=1","width":350,"height":200,"srcset":"https:\/\/i0.wp.com\/blogdafeira.com.br\/home\/wp-content\/uploads\/2024\/08\/Screenshot_20240801-1902582-1.png?resize=350%2C200&ssl=1 1x, https:\/\/i0.wp.com\/blogdafeira.com.br\/home\/wp-content\/uploads\/2024\/08\/Screenshot_20240801-1902582-1.png?resize=525%2C300&ssl=1 1.5x, https:\/\/i0.wp.com\/blogdafeira.com.br\/home\/wp-content\/uploads\/2024\/08\/Screenshot_20240801-1902582-1.png?resize=700%2C400&ssl=1 2x, https:\/\/i0.wp.com\/blogdafeira.com.br\/home\/wp-content\/uploads\/2024\/08\/Screenshot_20240801-1902582-1.png?resize=1050%2C600&ssl=1 3x, https:\/\/i0.wp.com\/blogdafeira.com.br\/home\/wp-content\/uploads\/2024\/08\/Screenshot_20240801-1902582-1.png?resize=1400%2C800&ssl=1 4x"},"classes":[]},{"id":18339,"url":"https:\/\/blogdafeira.com.br\/home\/2015\/12\/14\/ronaldo-anuncia-obras-em-feira-orcadas-em-18-milhoes-de-reais\/","url_meta":{"origin":63082,"position":5},"title":"Ronaldo anuncia obras em Feira or\u00e7adas em 18 milh\u00f5es de reais","author":"Blog da Feira","date":"14\/12\/2015","format":false,"excerpt":"Envolvendo investimento estimado em R$ 18 milh\u00f5es oriundos de receitas pr\u00f3prias, o prefeito Jos\u00e9 Ronaldo de Carvalho anunciou, na tarde desta segunda-feira, 14, um novo montante de obras que ir\u00e1 contemplar v\u00e1rias localidades da zona rural e da sede do munic\u00edpio, cujas licita\u00e7\u00f5es ser\u00e3o publicadas nos pr\u00f3ximos dias. O an\u00fancio\u2026","rel":"","context":"Em &quot;Distritos&quot;","block_context":{"text":"Distritos","link":"https:\/\/blogdafeira.com.br\/home\/categoria\/distritos\/"},"img":{"alt_text":"Pacote-Obras-Fotos-Washington Nery-14-12-15 (1)","src":"https:\/\/i0.wp.com\/blogdafeira.com.br\/home\/wp-content\/uploads\/2015\/12\/Pacote-Obras-Fotos-Washington-Nery-14-12-15-1.jpg?resize=350%2C200","width":350,"height":200,"srcset":"https:\/\/i0.wp.com\/blogdafeira.com.br\/home\/wp-content\/uploads\/2015\/12\/Pacote-Obras-Fotos-Washington-Nery-14-12-15-1.jpg?resize=350%2C200 1x, https:\/\/i0.wp.com\/blogdafeira.com.br\/home\/wp-content\/uploads\/2015\/12\/Pacote-Obras-Fotos-Washington-Nery-14-12-15-1.jpg?resize=525%2C300 1.5x, https:\/\/i0.wp.com\/blogdafeira.com.br\/home\/wp-content\/uploads\/2015\/12\/Pacote-Obras-Fotos-Washington-Nery-14-12-15-1.jpg?resize=700%2C400 2x"},"classes":[]}],"_links":{"self":[{"href":"https:\/\/blogdafeira.com.br\/home\/wp-json\/wp\/v2\/posts\/63082","targetHints":{"allow":["GET"]}}],"collection":[{"href":"https:\/\/blogdafeira.com.br\/home\/wp-json\/wp\/v2\/posts"}],"about":[{"href":"https:\/\/blogdafeira.com.br\/home\/wp-json\/wp\/v2\/types\/post"}],"author":[{"embeddable":true,"href":"https:\/\/blogdafeira.com.br\/home\/wp-json\/wp\/v2\/users\/1"}],"replies":[{"embeddable":true,"href":"https:\/\/blogdafeira.com.br\/home\/wp-json\/wp\/v2\/comments?post=63082"}],"version-history":[{"count":1,"href":"https:\/\/blogdafeira.com.br\/home\/wp-json\/wp\/v2\/posts\/63082\/revisions"}],"predecessor-version":[{"id":63085,"href":"https:\/\/blogdafeira.com.br\/home\/wp-json\/wp\/v2\/posts\/63082\/revisions\/63085"}],"wp:featuredmedia":[{"embeddable":true,"href":"https:\/\/blogdafeira.com.br\/home\/wp-json\/wp\/v2\/media\/63083"}],"wp:attachment":[{"href":"https:\/\/blogdafeira.com.br\/home\/wp-json\/wp\/v2\/media?parent=63082"}],"wp:term":[{"taxonomy":"category","embeddable":true,"href":"https:\/\/blogdafeira.com.br\/home\/wp-json\/wp\/v2\/categories?post=63082"},{"taxonomy":"post_tag","embeddable":true,"href":"https:\/\/blogdafeira.com.br\/home\/wp-json\/wp\/v2\/tags?post=63082"}],"curies":[{"name":"wp","href":"https:\/\/api.w.org\/{rel}","templated":true}]}}