{"id":63125,"date":"2024-08-05T19:45:58","date_gmt":"2024-08-05T22:45:58","guid":{"rendered":"https:\/\/blogdafeira.com.br\/home\/?p=63125"},"modified":"2024-09-05T11:38:28","modified_gmt":"2024-09-05T14:38:28","slug":"tribunal-de-justica-da-bahia-comecou-a-correicao-no-forum-filinto-bastos","status":"publish","type":"post","link":"https:\/\/blogdafeira.com.br\/home\/2024\/08\/05\/tribunal-de-justica-da-bahia-comecou-a-correicao-no-forum-filinto-bastos\/","title":{"rendered":"Tribunal de Justi\u00e7a da Bahia come\u00e7ou a correi\u00e7\u00e3o no F\u00f3rum Filinto Bastos"},"content":{"rendered":"<div id=\"blogd-2789783470\" class=\"blogd-fim-do-post-mobile blogd-entity-placement\" style=\"margin-left: auto;margin-right: auto;text-align: center;\"><a href=\"https:\/\/www.sefaz.feiradesantana.ba.gov.br\/\" target=\"_blank\" aria-label=\"728&#215;90 (6)\"><img loading=\"lazy\" decoding=\"async\" src=\"https:\/\/blogdafeira.com.br\/home\/wp-content\/uploads\/2026\/03\/728x90-6.gif\" alt=\"\"  class=\"no-lazyload\" width=\"728\" height=\"90\"  style=\"display: inline-block;\" \/><\/a><\/div><p>Come\u00e7ou hoje\u00a0 no F\u00f3rum Desembargador Filinto Bastos, em Feira de Santana, uma inspe\u00e7\u00e3o\u00a0 conduzida pela Corregedoria Geral do Tribunal de Justi\u00e7a da Bahia (TJ-BA), sob a lideran\u00e7a do desembargador e corregedor geral de Justi\u00e7a, Roberto Maynard Frank.A correi\u00e7\u00e3o tem como objetivo verificar a regularidade dos servi\u00e7os judiciais e a efici\u00eancia dos processos, assegurando que o f\u00f3rum esteja em conformidade com as normas estabelecidas pelo judici\u00e1rio baiano.<\/p><div id=\"blogd-3345967293\" class=\"blogd-conteudo-2-mobile blogd-entity-placement\"><a href=\"https:\/\/feirenses.com.br\/\" target=\"_blank\" aria-label=\"feirenses\"><img loading=\"lazy\" decoding=\"async\" src=\"https:\/\/blogdafeira.com.br\/home\/wp-content\/uploads\/2026\/04\/feirenses.png\" alt=\"\"  srcset=\"https:\/\/blogdafeira.com.br\/home\/wp-content\/uploads\/2026\/04\/feirenses.png 300w, https:\/\/blogdafeira.com.br\/home\/wp-content\/uploads\/2026\/04\/feirenses-170x45.png 170w, https:\/\/blogdafeira.com.br\/home\/wp-content\/uploads\/2026\/04\/feirenses-280x74.png 280w\" sizes=\"(max-width: 300px) 100vw, 300px\" class=\"no-lazyload\" width=\"300\" height=\"79\"  style=\"display: inline-block;\" \/><\/a><\/div>\n<p>O prefeito Colbert Martins Filho, acompanhado do procurador geral do munic\u00edpio, Ant\u00f4nio Augusto Gra\u00e7a Leal, participou da abertura oficial dos trabalhos, refor\u00e7ando a import\u00e2ncia da parceria entre o poder executivo municipal e o sistema judici\u00e1rio.<\/p>\n<p>A reuni\u00e3o contou com a presen\u00e7a de diversos ju\u00edzes que atuam no F\u00f3rum Filinto Bastos, que aproveitaram a oportunidade para discutir quest\u00f5es relacionadas ao fluxo de trabalho, infraestrutura e outras demandas do f\u00f3rum.<\/p>\n<p>A correi\u00e7\u00e3o dever\u00e1 durar alguns dias e, ao final, um relat\u00f3rio ser\u00e1 elaborado pela Corregedoria Geral de Justi\u00e7a, apontando os principais achados e recomendando eventuais ajustes necess\u00e1rios para aprimorar os servi\u00e7os judiciais prestados \u00e0 popula\u00e7\u00e3o de Feira de Santana.<\/p>\n<div id=\"blogd-4294554504\" class=\"blogd-final-post blogd-entity-placement\"><a href=\"https:\/\/www.feiradesantana.ba.leg.br\/\" target=\"_blank\" aria-label=\"BANNER-SITE-ENTREGADECHEQUE-CAMARADEFEIRA\"><img loading=\"lazy\" decoding=\"async\" src=\"https:\/\/blogdafeira.com.br\/home\/wp-content\/uploads\/2026\/03\/BANNER-SITE-ENTREGADECHEQUE-CAMARADEFEIRA.gif\" alt=\"\"  class=\"no-lazyload\" width=\"728\" height=\"90\"   \/><\/a><\/div><p>Foto: Divulga\u00e7\u00e3o<\/p>\n","protected":false},"excerpt":{"rendered":"<p>Come\u00e7ou hoje\u00a0 no F\u00f3rum Desembargador Filinto Bastos, em Feira de Santana, uma inspe\u00e7\u00e3o\u00a0 conduzida pela Corregedoria Geral do Tribunal de Justi\u00e7a da Bahia (TJ-BA), sob a lideran\u00e7a do desembargador e corregedor geral de Justi\u00e7a, Roberto Maynard Frank.A correi\u00e7\u00e3o tem como objetivo verificar a regularidade dos servi\u00e7os judiciais e a efici\u00eancia dos processos, assegurando que o<\/p>\n","protected":false},"author":1,"featured_media":63126,"comment_status":"open","ping_status":"open","sticky":false,"template":"","format":"standard","meta":{"jetpack_post_was_ever_published":false,"cybocfi_hide_featured_image":"","_jetpack_newsletter_access":"","_jetpack_dont_email_post_to_subs":false,"_jetpack_newsletter_tier_id":0,"_jetpack_memberships_contains_paywalled_content":false,"_jetpack_memberships_contains_paid_content":false,"footnotes":"","jetpack_publicize_message":"","jetpack_publicize_feature_enabled":true,"jetpack_social_post_already_shared":true,"jetpack_social_options":{"image_generator_settings":{"template":"highway","default_image_id":0,"font":"","enabled":false},"version":2}},"categories":[3],"tags":[],"class_list":["post-63125","post","type-post","status-publish","format-standard","has-post-thumbnail","hentry","category-cidade"],"jetpack_publicize_connections":[],"jetpack_featured_media_url":"https:\/\/blogdafeira.com.br\/home\/wp-content\/uploads\/2024\/08\/05082024164633.jpg","jetpack_shortlink":"https:\/\/wp.me\/p3niVf-gq9","jetpack_sharing_enabled":true,"jetpack-related-posts":[{"id":40457,"url":"https:\/\/blogdafeira.com.br\/home\/2020\/09\/15\/forum-filinto-bastos-reabre-atividades-presenciais-em-outubro\/","url_meta":{"origin":63125,"position":0},"title":"F\u00f3rum Filinto Bastos reabre atividades presenciais em outubro","author":"Blog da Feira","date":"15\/09\/2020","format":false,"excerpt":"Atrav\u00e9s do\u00a0Decreto Judici\u00e1rio n\u00ba 570\u00a0 o presidente\u00a0 do Tribunal de Justi\u00e7a da Bahia, desembargador Lourival\u00a0 Trindade prorrogou medidas restritivas adotadas pelo Poder Judici\u00e1rio e\u00a0 autorizou a reabertura das unidades judici\u00e1rias do estado para o pr\u00f3ximo 1\u00ba de outubro. Em Feira de Santana o F\u00f3rum Filinto Bastos est\u00e1 fechado h\u00e1 cerca\u2026","rel":"","context":"Em &quot;Cidade&quot;","block_context":{"text":"Cidade","link":"https:\/\/blogdafeira.com.br\/home\/categoria\/cidade\/"},"img":{"alt_text":"","src":"https:\/\/i0.wp.com\/blogdafeira.com.br\/home\/wp-content\/uploads\/2013\/08\/13688-3.jpg?resize=350%2C200&ssl=1","width":350,"height":200},"classes":[]},{"id":1768,"url":"https:\/\/blogdafeira.com.br\/home\/2013\/05\/21\/oab-de-feira-faz-audiencia-publica-no-forum-filinto-bastos\/","url_meta":{"origin":63125,"position":1},"title":"OAB de Feira faz audi\u00eancia p\u00fablica no F\u00f3rum Filinto Bastos","author":"Blog da Feira","date":"21\/05\/2013","format":false,"excerpt":"A Ordem dos Advogados do Brasil (OAB) subse\u00e7\u00e3o Feira de Santana realiza nesta quarta-feira, 22, uma audi\u00eancia p\u00fablica sobre o Judici\u00e1rio neste munic\u00edpio. O evento come\u00e7ar\u00e1 \u00e0s 16 horas, no Tribunal do J\u00fari do F\u00f3rum Desembargador Filinto Bastos, no centro de Feira de Santana. Leia tamb\u00e9m: F\u00f3rum de Am\u00e9lia Rodrigues\u2026","rel":"","context":"Em &quot;Home&quot;","block_context":{"text":"Home","link":"https:\/\/blogdafeira.com.br\/home\/categoria\/raiz\/"},"img":{"alt_text":"","src":"","width":0,"height":0},"classes":[]},{"id":1831,"url":"https:\/\/blogdafeira.com.br\/home\/2013\/05\/22\/tv-subae-mostra-o-forum-filinto-bastos-abarrotado-de-processos\/","url_meta":{"origin":63125,"position":2},"title":"Tv Suba\u00e9 mostra o F\u00f3rum Filinto Bastos abarrotado de processos","author":"Blog da Feira","date":"22\/05\/2013","format":false,"excerpt":"O BA-TV 2\u00aa edi\u00e7\u00e3o de hoje mostrou o F\u00f3rum Filinto Bastos, em Feira de Santana 'abarrotado' de processos, acumulados na maioria das Varas em funcionamento. A reportagem, conduzida pelo rep\u00f3rter Isaias Malhado, \u00a0afirmou que h\u00e1 poucos ju\u00edzes em atividade e levou ao ar informa\u00e7\u00f5es de funcion\u00e1rios de cart\u00f3rios sobre o\u2026","rel":"","context":"Em &quot;Cidade&quot;","block_context":{"text":"Cidade","link":"https:\/\/blogdafeira.com.br\/home\/categoria\/cidade\/"},"img":{"alt_text":"","src":"","width":0,"height":0},"classes":[]},{"id":12163,"url":"https:\/\/blogdafeira.com.br\/home\/2014\/08\/26\/tj-autoriza-obra-de-r-9-milhoes-no-forum-filinto-bastos-em-feira\/","url_meta":{"origin":63125,"position":3},"title":"TJ autoriza obra de R$ 9 milh\u00f5es no F\u00f3rum Filinto Bastos em Feira","author":"Blog da Feira","date":"26\/08\/2014","format":false,"excerpt":"O presidente do Tribunal de Justi\u00e7a, desembargador Eserval Rocha, autorizou abertura de licita\u00e7\u00e3o p\u00fablica para a realiza\u00e7\u00e3o de obras de reforma no pr\u00e9dio do F\u00f3rum Filinto Bastos, em Feira de Santana. O valor da licita\u00e7\u00e3o tem como base a planilha or\u00e7ament\u00e1ria, que aponta o valor de R$ 9.371.025,68.\u00a0O pr\u00e9dio do\u2026","rel":"","context":"Em &quot;Home&quot;","block_context":{"text":"Home","link":"https:\/\/blogdafeira.com.br\/home\/categoria\/raiz\/"},"img":{"alt_text":"","src":"","width":0,"height":0},"classes":[]},{"id":5066,"url":"https:\/\/blogdafeira.com.br\/home\/2013\/09\/17\/oab-de-feira-faz-proposta-de-intervencao-federal-no-tribunal-de-justica-da-bahia\/","url_meta":{"origin":63125,"position":4},"title":"OAB de Feira faz proposta de &#8216;interven\u00e7\u00e3o federal&#8217; no Tribunal de Justi\u00e7a da Bahia","author":"Blog da Feira","date":"17\/09\/2013","format":false,"excerpt":"A sec\u00e7\u00e3o da OAB de Feira de Santana levantou a proposta de uma 'interven\u00e7\u00e3o federal' no Tribunal de Justi\u00e7a da Bahia, durante o movimento realizado pelos advogados nesta ter\u00e7a, em Feira de Santana, com a presen\u00e7a do Conselho Pleno da OAB da Bahia. A proposta n\u00e3o foi assumida pelo presidente\u2026","rel":"","context":"Em &quot;Home&quot;","block_context":{"text":"Home","link":"https:\/\/blogdafeira.com.br\/home\/categoria\/raiz\/"},"img":{"alt_text":"DSC08831","src":"https:\/\/i0.wp.com\/blogdafeira.com.br\/home\/wp-content\/uploads\/2013\/09\/DSC08831.jpg?resize=350%2C200","width":350,"height":200,"srcset":"https:\/\/i0.wp.com\/blogdafeira.com.br\/home\/wp-content\/uploads\/2013\/09\/DSC08831.jpg?resize=350%2C200 1x, https:\/\/i0.wp.com\/blogdafeira.com.br\/home\/wp-content\/uploads\/2013\/09\/DSC08831.jpg?resize=525%2C300 1.5x"},"classes":[]},{"id":55125,"url":"https:\/\/blogdafeira.com.br\/home\/2022\/10\/27\/instalada-em-feira-de-santana-a-4a-vara-de-familia-sucessoes-orfaos-e-interditos\/","url_meta":{"origin":63125,"position":5},"title":"Instalada em Feira de Santana a 4\u00aa Vara de Fam\u00edlia, Sucess\u00f5es, \u00d3rf\u00e3os e Interditos","author":"J\u00e2nio R\u00eago","date":"27\/10\/2022","format":false,"excerpt":"Moradores de Feira de Santana ganharam uma nova unidade judici\u00e1ria: a 4\u00aa Vara de Fam\u00edlia, Sucess\u00f5es, \u00d3rf\u00e3os e Interditos foi instalada no F\u00f3rum Desembargador Filinto Bastos na manh\u00e3 desta quinta-feira (27). O prefeito Colbert Filho acompanhou a cerim\u00f4nia conduzida pelo presidente do Tribunal de Justi\u00e7a da Bahia (TJ \u2013 BA),\u2026","rel":"","context":"Em &quot;Geral&quot;","block_context":{"text":"Geral","link":"https:\/\/blogdafeira.com.br\/home\/categoria\/geral\/"},"img":{"alt_text":"","src":"https:\/\/i0.wp.com\/blogdafeira.com.br\/home\/wp-content\/uploads\/2022\/10\/27102022174043.jpg?resize=350%2C200&ssl=1","width":350,"height":200,"srcset":"https:\/\/i0.wp.com\/blogdafeira.com.br\/home\/wp-content\/uploads\/2022\/10\/27102022174043.jpg?resize=350%2C200&ssl=1 1x, https:\/\/i0.wp.com\/blogdafeira.com.br\/home\/wp-content\/uploads\/2022\/10\/27102022174043.jpg?resize=525%2C300&ssl=1 1.5x, https:\/\/i0.wp.com\/blogdafeira.com.br\/home\/wp-content\/uploads\/2022\/10\/27102022174043.jpg?resize=700%2C400&ssl=1 2x, https:\/\/i0.wp.com\/blogdafeira.com.br\/home\/wp-content\/uploads\/2022\/10\/27102022174043.jpg?resize=1050%2C600&ssl=1 3x"},"classes":[]}],"_links":{"self":[{"href":"https:\/\/blogdafeira.com.br\/home\/wp-json\/wp\/v2\/posts\/63125","targetHints":{"allow":["GET"]}}],"collection":[{"href":"https:\/\/blogdafeira.com.br\/home\/wp-json\/wp\/v2\/posts"}],"about":[{"href":"https:\/\/blogdafeira.com.br\/home\/wp-json\/wp\/v2\/types\/post"}],"author":[{"embeddable":true,"href":"https:\/\/blogdafeira.com.br\/home\/wp-json\/wp\/v2\/users\/1"}],"replies":[{"embeddable":true,"href":"https:\/\/blogdafeira.com.br\/home\/wp-json\/wp\/v2\/comments?post=63125"}],"version-history":[{"count":1,"href":"https:\/\/blogdafeira.com.br\/home\/wp-json\/wp\/v2\/posts\/63125\/revisions"}],"predecessor-version":[{"id":63127,"href":"https:\/\/blogdafeira.com.br\/home\/wp-json\/wp\/v2\/posts\/63125\/revisions\/63127"}],"wp:featuredmedia":[{"embeddable":true,"href":"https:\/\/blogdafeira.com.br\/home\/wp-json\/wp\/v2\/media\/63126"}],"wp:attachment":[{"href":"https:\/\/blogdafeira.com.br\/home\/wp-json\/wp\/v2\/media?parent=63125"}],"wp:term":[{"taxonomy":"category","embeddable":true,"href":"https:\/\/blogdafeira.com.br\/home\/wp-json\/wp\/v2\/categories?post=63125"},{"taxonomy":"post_tag","embeddable":true,"href":"https:\/\/blogdafeira.com.br\/home\/wp-json\/wp\/v2\/tags?post=63125"}],"curies":[{"name":"wp","href":"https:\/\/api.w.org\/{rel}","templated":true}]}}