{"id":63173,"date":"2024-08-09T21:45:23","date_gmt":"2024-08-10T00:45:23","guid":{"rendered":"https:\/\/blogdafeira.com.br\/home\/?p=63173"},"modified":"2024-09-05T11:38:27","modified_gmt":"2024-09-05T14:38:27","slug":"maiama-cardoso-mtb-ba-2335-camara-de-vereadores-de-salvador-nao-cobra-declaracao-de-bens-dos-seus-integrantes-e-mp-leva-caso-a-justica","status":"publish","type":"post","link":"https:\/\/blogdafeira.com.br\/home\/2024\/08\/09\/maiama-cardoso-mtb-ba-2335-camara-de-vereadores-de-salvador-nao-cobra-declaracao-de-bens-dos-seus-integrantes-e-mp-leva-caso-a-justica\/","title":{"rendered":"C\u00e2mara de Salvador n\u00e3o cobra declara\u00e7\u00e3o de bens dos vereadores e MP leva caso \u00e0 Justi\u00e7a"},"content":{"rendered":"<div id=\"blogd-3383704718\" class=\"blogd-fim-do-post-mobile blogd-entity-placement\" style=\"margin-left: auto;margin-right: auto;text-align: center;\"><a href=\"https:\/\/www.sefaz.feiradesantana.ba.gov.br\/\" target=\"_blank\" aria-label=\"728&#215;90 (6)\"><img loading=\"lazy\" decoding=\"async\" src=\"https:\/\/blogdafeira.com.br\/home\/wp-content\/uploads\/2026\/03\/728x90-6.gif\" alt=\"\"  class=\"no-lazyload\" width=\"728\" height=\"90\"  style=\"display: inline-block;\" \/><\/a><\/div><p>O Minist\u00e9rio P\u00fablico estadual ajuizou na quarta-feira, dia 7, a\u00e7\u00e3o contra o Munic\u00edpio de Salvador em raz\u00e3o de omiss\u00e3o praticada pela C\u00e2mara de Vereadores com rela\u00e7\u00e3o \u00e0 cobran\u00e7a da declara\u00e7\u00e3o de bens e rendimentos dos seus integrantes. Segundo o promotor de Justi\u00e7a Luciano Taques Ghignone, a C\u00e2mara n\u00e3o tem exigido a declara\u00e7\u00e3o de bens ou declara\u00e7\u00e3o do imposto de renda anualmente conforme prev\u00ea a legisla\u00e7\u00e3o. Essa exig\u00eancia tem se limitado ao momento da posse dos agentes p\u00fablicos do \u00f3rg\u00e3o.<\/p><div id=\"blogd-1067947597\" class=\"blogd-conteudo-2-mobile blogd-entity-placement\"><a href=\"https:\/\/feirenses.com.br\/\" target=\"_blank\" aria-label=\"feirenses\"><img loading=\"lazy\" decoding=\"async\" src=\"https:\/\/blogdafeira.com.br\/home\/wp-content\/uploads\/2026\/04\/feirenses.png\" alt=\"\"  srcset=\"https:\/\/blogdafeira.com.br\/home\/wp-content\/uploads\/2026\/04\/feirenses.png 300w, https:\/\/blogdafeira.com.br\/home\/wp-content\/uploads\/2026\/04\/feirenses-170x45.png 170w, https:\/\/blogdafeira.com.br\/home\/wp-content\/uploads\/2026\/04\/feirenses-280x74.png 280w\" sizes=\"(max-width: 300px) 100vw, 300px\" class=\"no-lazyload\" width=\"300\" height=\"79\"  style=\"display: inline-block;\" \/><\/a><\/div>\n<p>Na a\u00e7\u00e3o, o MP solicitou \u00e0 Justi\u00e7a concess\u00e3o de medida liminar que determine \u00e0 C\u00e2mara de Vereadores que, em no m\u00e1ximo tr\u00eas meses, implemente os regulamentos e rotinas administrativas necess\u00e1rios e exija de todos os agentes p\u00fablicos a ela vinculados o envio das declara\u00e7\u00f5es de bens e rendimentos, adotando, em caso de descumprimento dos deveres por parte dos agentes p\u00fablicos, as medidas previstas no art. 13, \u00a7 3\u00ba, da Lei Federal n\u00ba 8.429\/1992. Luciano Taques explicou que o cumprimento do dever legal de apresenta\u00e7\u00e3o da declara\u00e7\u00e3o de bens e rendimentos, por parte do servidor, depende da exist\u00eancia de sistemas, fluxos e protocolos institu\u00eddos pelo \u00f3rg\u00e3o p\u00fablico. Como a C\u00e2mara de Vereadores n\u00e3o possui sistema ou regulamentos, os agentes p\u00fablicos est\u00e3o impossibilitados de cumprirem seu dever.<\/p>\n<div id=\"blogd-2894468746\" class=\"blogd-final-post blogd-entity-placement\"><a href=\"https:\/\/www.feiradesantana.ba.leg.br\/\" target=\"_blank\" aria-label=\"BANNER-SITE-ENTREGADECHEQUE-CAMARADEFEIRA\"><img loading=\"lazy\" decoding=\"async\" src=\"https:\/\/blogdafeira.com.br\/home\/wp-content\/uploads\/2026\/03\/BANNER-SITE-ENTREGADECHEQUE-CAMARADEFEIRA.gif\" alt=\"\"  class=\"no-lazyload\" width=\"728\" height=\"90\"   \/><\/a><\/div><p>Luciano Taques ressaltou tamb\u00e9m que a apresenta\u00e7\u00e3o da declara\u00e7\u00e3o anual de bens pelos agentes p\u00fablicos \u00e9 exig\u00eancia fundamental para acompanhar eventual evolu\u00e7\u00e3o patrimonial desconforme, que possa indicar enriquecimento il\u00edcito por parte desses agentes. \u201c\u00c9 uma medida essencial para preservar a moralidade administrativa e garantir que os agentes p\u00fablicos n\u00e3o utilizem suas fun\u00e7\u00f5es para enriquecerem indevidamente\u201d, registrou. Ele informou ainda que o Minist\u00e9rio P\u00fablico tentou solucionar a quest\u00e3o e, de diversas formas, buscou, junto \u00e0 C\u00e2mara de Vereadores, a elabora\u00e7\u00e3o de cronograma visando o cumprimento da legisla\u00e7\u00e3o. A aus\u00eancia de provid\u00eancias concretas levou a Promotoria de Justi\u00e7a, inclusive, a expedir, recomenda\u00e7\u00e3o para tentar a resolu\u00e7\u00e3o extrajudicial da irregularidade. Ela foi expedida em mar\u00e7o de 2024 e reiterada posteriormente, mas n\u00e3o foi respondida.<\/p>\n","protected":false},"excerpt":{"rendered":"<p>O Minist\u00e9rio P\u00fablico estadual ajuizou na quarta-feira, dia 7, a\u00e7\u00e3o contra o Munic\u00edpio de Salvador em raz\u00e3o de omiss\u00e3o praticada pela C\u00e2mara de Vereadores com rela\u00e7\u00e3o \u00e0 cobran\u00e7a da declara\u00e7\u00e3o de bens e rendimentos dos seus integrantes. Segundo o promotor de Justi\u00e7a Luciano Taques Ghignone, a C\u00e2mara n\u00e3o tem exigido a declara\u00e7\u00e3o de bens ou<\/p>\n","protected":false},"author":1,"featured_media":63174,"comment_status":"open","ping_status":"open","sticky":false,"template":"","format":"standard","meta":{"jetpack_post_was_ever_published":false,"cybocfi_hide_featured_image":"","_jetpack_newsletter_access":"","_jetpack_dont_email_post_to_subs":false,"_jetpack_newsletter_tier_id":0,"_jetpack_memberships_contains_paywalled_content":false,"_jetpack_memberships_contains_paid_content":false,"footnotes":"","jetpack_publicize_message":"","jetpack_publicize_feature_enabled":true,"jetpack_social_post_already_shared":true,"jetpack_social_options":{"image_generator_settings":{"template":"highway","default_image_id":0,"font":"","enabled":false},"version":2}},"categories":[631],"tags":[],"class_list":["post-63173","post","type-post","status-publish","format-standard","has-post-thumbnail","hentry","category-politica"],"jetpack_publicize_connections":[],"jetpack_featured_media_url":"https:\/\/blogdafeira.com.br\/home\/wp-content\/uploads\/2024\/08\/whatsapp_image_2024-08-09_at_15.08.13.jpeg","jetpack_shortlink":"https:\/\/wp.me\/p3niVf-gqV","jetpack_sharing_enabled":true,"jetpack-related-posts":[{"id":64965,"url":"https:\/\/blogdafeira.com.br\/home\/2024\/12\/23\/ministerio-publico-acusa-de-improbidade-o-prefeito-de-castro-alves\/","url_meta":{"origin":63173,"position":0},"title":"Minist\u00e9rio P\u00fablico acusa de improbidade o prefeito de Castro Alves","author":"ASCOM\/MP","date":"23\/12\/2024","format":false,"excerpt":"O Minist\u00e9rio P\u00fablico da Bahia (MP) ingressou com uma a\u00e7\u00e3o civil p\u00fablica por improbidade administrativa contra o prefeito de Castro Alves, Thiancle Ara\u00fajo (PSD). A a\u00e7\u00e3o foi protocolada na 1\u00aa Vara C\u00edvel do munic\u00edpio e envolve um dano ao er\u00e1rio municipal estimado em R$ 10.518.385,82, decorrente de irregularidades na declara\u00e7\u00e3o\u2026","rel":"","context":"Em &quot;Cidade&quot;","block_context":{"text":"Cidade","link":"https:\/\/blogdafeira.com.br\/home\/categoria\/cidade\/"},"img":{"alt_text":"","src":"https:\/\/i0.wp.com\/blogdafeira.com.br\/home\/wp-content\/uploads\/2024\/12\/IMG-20241223-WA0075.jpg?resize=350%2C200&ssl=1","width":350,"height":200,"srcset":"https:\/\/i0.wp.com\/blogdafeira.com.br\/home\/wp-content\/uploads\/2024\/12\/IMG-20241223-WA0075.jpg?resize=350%2C200&ssl=1 1x, https:\/\/i0.wp.com\/blogdafeira.com.br\/home\/wp-content\/uploads\/2024\/12\/IMG-20241223-WA0075.jpg?resize=525%2C300&ssl=1 1.5x, https:\/\/i0.wp.com\/blogdafeira.com.br\/home\/wp-content\/uploads\/2024\/12\/IMG-20241223-WA0075.jpg?resize=700%2C400&ssl=1 2x"},"classes":[]},{"id":57038,"url":"https:\/\/blogdafeira.com.br\/home\/2023\/03\/27\/justica-proibe-policia-militar-de-investigar-homicidios-de-pms-contra-civis\/","url_meta":{"origin":63173,"position":1},"title":"Justi\u00e7a pro\u00edbe Pol\u00edcia Militar de investigar homic\u00eddios de PMs contra civis","author":"ASCOM\/MP","date":"27\/03\/2023","format":false,"excerpt":"O Plen\u00e1rio do Tribunal de Justi\u00e7a da Bahia decidiu, na semana passada, que a Pol\u00edcia Militar n\u00e3o pode investigar criminalmente os homic\u00eddios dolosos praticados por seus agentes contra civis. A decis\u00e3o declarou inconstitucionais seis artigos da Instru\u00e7\u00e3o Normativa Conjunta da Secretaria de Seguran\u00e7a P\u00fablica, Pol\u00edcia Militar, Corpo de Bombeiros Militar,\u2026","rel":"","context":"Em &quot;Geral&quot;","block_context":{"text":"Geral","link":"https:\/\/blogdafeira.com.br\/home\/categoria\/geral\/"},"img":{"alt_text":"","src":"https:\/\/i0.wp.com\/blogdafeira.com.br\/home\/wp-content\/uploads\/2023\/03\/previsto-para-o-segundo-semestre-concurso-da-policia-civil-da-bahia-1280-86c00fd8.jpg?resize=350%2C200&ssl=1","width":350,"height":200,"srcset":"https:\/\/i0.wp.com\/blogdafeira.com.br\/home\/wp-content\/uploads\/2023\/03\/previsto-para-o-segundo-semestre-concurso-da-policia-civil-da-bahia-1280-86c00fd8.jpg?resize=350%2C200&ssl=1 1x, https:\/\/i0.wp.com\/blogdafeira.com.br\/home\/wp-content\/uploads\/2023\/03\/previsto-para-o-segundo-semestre-concurso-da-policia-civil-da-bahia-1280-86c00fd8.jpg?resize=525%2C300&ssl=1 1.5x, https:\/\/i0.wp.com\/blogdafeira.com.br\/home\/wp-content\/uploads\/2023\/03\/previsto-para-o-segundo-semestre-concurso-da-policia-civil-da-bahia-1280-86c00fd8.jpg?resize=700%2C400&ssl=1 2x, https:\/\/i0.wp.com\/blogdafeira.com.br\/home\/wp-content\/uploads\/2023\/03\/previsto-para-o-segundo-semestre-concurso-da-policia-civil-da-bahia-1280-86c00fd8.jpg?resize=1050%2C600&ssl=1 3x"},"classes":[]},{"id":30782,"url":"https:\/\/blogdafeira.com.br\/home\/2019\/02\/18\/saude-em-feira-vai-mal-ministerio-publico-aciona-prefeitura-mais-uma-vez\/","url_meta":{"origin":63173,"position":2},"title":"Sa\u00fade em Feira vai mal: Minist\u00e9rio P\u00fablico aciona Prefeitura mais uma vez","author":"ASCOM\/MP","date":"18\/02\/2019","format":false,"excerpt":"O Minist\u00e9rio P\u00fablico estadual acionou na sexta-feira, dia 15, o Munic\u00edpio de Feira de Santana para que, dentro de tr\u00eas meses, realize processo seletivo para contrata\u00e7\u00e3o de 407 novos agentes comunit\u00e1rios de Sa\u00fade. Na a\u00e7\u00e3o, o promotor de Justi\u00e7a Audo Silva Rodrigues pede que a Justi\u00e7a determine tamb\u00e9m a nomea\u00e7\u00e3o\u2026","rel":"","context":"Em &quot;Home&quot;","block_context":{"text":"Home","link":"https:\/\/blogdafeira.com.br\/home\/categoria\/raiz\/"},"img":{"alt_text":"","src":"https:\/\/i0.wp.com\/blogdafeira.com.br\/home\/wp-content\/uploads\/2019\/02\/Screenshot_2019-02-17-16-19-39-84x150.png?resize=350%2C200&ssl=1","width":350,"height":200,"srcset":"https:\/\/i0.wp.com\/blogdafeira.com.br\/home\/wp-content\/uploads\/2019\/02\/Screenshot_2019-02-17-16-19-39-84x150.png?resize=350%2C200&ssl=1 1x, https:\/\/i0.wp.com\/blogdafeira.com.br\/home\/wp-content\/uploads\/2019\/02\/Screenshot_2019-02-17-16-19-39-84x150.png?resize=525%2C300&ssl=1 1.5x, https:\/\/i0.wp.com\/blogdafeira.com.br\/home\/wp-content\/uploads\/2019\/02\/Screenshot_2019-02-17-16-19-39-84x150.png?resize=700%2C400&ssl=1 2x"},"classes":[]},{"id":63995,"url":"https:\/\/blogdafeira.com.br\/home\/2024\/09\/26\/ex-presidente-da-camara-de-campo-formoso-condenado-a-20-anos-de-prisao-por-homicidio-mas-cabe-recurso\/","url_meta":{"origin":63173,"position":3},"title":"Ex-presidente da C\u00e2mara de Campo Formoso condenado a 20 anos de pris\u00e3o; mas cabe recurso","author":"ASCOM\/MP","date":"26\/09\/2024","format":false,"excerpt":"O ex-presidente da C\u00e2mara Municipal de Campo Formoso, o vereador Jos\u00e9 Alberto de Carvalho Pereira, conhecido como Z\u00e9 Lamb\u00e3o, foi condenado a 20 anos e seis meses de reclus\u00e3o, em regime fechado, pelo homic\u00eddio de Andr\u00e9 Luiz de Oliveira Coelho. A senten\u00e7a foi proferida nesta quinta-feira, dia 26, durante julgamento\u2026","rel":"","context":"Em &quot;Bahia&quot;","block_context":{"text":"Bahia","link":"https:\/\/blogdafeira.com.br\/home\/categoria\/bahia\/"},"img":{"alt_text":"","src":"https:\/\/i0.wp.com\/blogdafeira.com.br\/home\/wp-content\/uploads\/2024\/09\/auto-upload-2440238.png?resize=350%2C200&ssl=1","width":350,"height":200,"srcset":"https:\/\/i0.wp.com\/blogdafeira.com.br\/home\/wp-content\/uploads\/2024\/09\/auto-upload-2440238.png?resize=350%2C200&ssl=1 1x, https:\/\/i0.wp.com\/blogdafeira.com.br\/home\/wp-content\/uploads\/2024\/09\/auto-upload-2440238.png?resize=525%2C300&ssl=1 1.5x, https:\/\/i0.wp.com\/blogdafeira.com.br\/home\/wp-content\/uploads\/2024\/09\/auto-upload-2440238.png?resize=700%2C400&ssl=1 2x"},"classes":[]},{"id":9290,"url":"https:\/\/blogdafeira.com.br\/home\/2014\/02\/25\/justica-expede-ordem-de-busca-e-apreensao-na-prefeitura-de-irara\/","url_meta":{"origin":63173,"position":4},"title":"Justi\u00e7a expede ordem de &#8216;busca e apreens\u00e3o&#8217; na Prefeitura de Irar\u00e1","author":"ASCOM\/MP","date":"25\/02\/2014","format":false,"excerpt":"A Justi\u00e7a da Bahia emitiu uma ordem de busca e apreens\u00e3o de documentos em todos os \u00f3rg\u00e3os e gabinetes da Prefeitura de Irar\u00e1. O pedido foi feito pelo Minist\u00e9rio P\u00fablico que apurar irregularidades em licita\u00e7\u00f5es p\u00fablicas naquele munic\u00edpio, a cerca de 40 quil\u00f4metros de Feira. Segundo o MP, o prefeito\u2026","rel":"","context":"Em &quot;Home&quot;","block_context":{"text":"Home","link":"https:\/\/blogdafeira.com.br\/home\/categoria\/raiz\/"},"img":{"alt_text":"","src":"","width":0,"height":0},"classes":[]},{"id":9707,"url":"https:\/\/blogdafeira.com.br\/home\/2014\/03\/19\/psicologa-diz-que-camara-de-vereadores-de-feira-sofre-de-deficit-de-atencao\/","url_meta":{"origin":63173,"position":5},"title":"Psic\u00f3loga diz que C\u00e2mara de Vereadores de Feira sofre de \u2018d\u00e9ficit de aten\u00e7\u00e3o\u2019","author":"ASCOM\/MP","date":"19\/03\/2014","format":false,"excerpt":"\u00a0Para a psic\u00f3loga e diretora do Instituto Bambu, Inara Francineta Bastos, a C\u00e2mara Municipal de Feira sofre de \u2018d\u00e9ficit de aten\u00e7\u00e3o\u2019. O \u2018diagn\u00f3stico\u2019 da psic\u00f3loga foi feita durante um pronunciamento na \u2018Tribuna Livre\u2019 da C\u00e2mara de Vereadores, hoje pela manh\u00e3, quando ela foi defender a o Instituto \u2018Bambu\u2019 de acusa\u00e7\u00f5es.\u2026","rel":"","context":"Em &quot;Home&quot;","block_context":{"text":"Home","link":"https:\/\/blogdafeira.com.br\/home\/categoria\/raiz\/"},"img":{"alt_text":"DSC07846","src":"https:\/\/i0.wp.com\/blogdafeira.com.br\/home\/wp-content\/uploads\/2014\/03\/DSC07846.jpg?resize=350%2C200","width":350,"height":200,"srcset":"https:\/\/i0.wp.com\/blogdafeira.com.br\/home\/wp-content\/uploads\/2014\/03\/DSC07846.jpg?resize=350%2C200 1x, https:\/\/i0.wp.com\/blogdafeira.com.br\/home\/wp-content\/uploads\/2014\/03\/DSC07846.jpg?resize=525%2C300 1.5x"},"classes":[]}],"_links":{"self":[{"href":"https:\/\/blogdafeira.com.br\/home\/wp-json\/wp\/v2\/posts\/63173","targetHints":{"allow":["GET"]}}],"collection":[{"href":"https:\/\/blogdafeira.com.br\/home\/wp-json\/wp\/v2\/posts"}],"about":[{"href":"https:\/\/blogdafeira.com.br\/home\/wp-json\/wp\/v2\/types\/post"}],"author":[{"embeddable":true,"href":"https:\/\/blogdafeira.com.br\/home\/wp-json\/wp\/v2\/users\/1"}],"replies":[{"embeddable":true,"href":"https:\/\/blogdafeira.com.br\/home\/wp-json\/wp\/v2\/comments?post=63173"}],"version-history":[{"count":4,"href":"https:\/\/blogdafeira.com.br\/home\/wp-json\/wp\/v2\/posts\/63173\/revisions"}],"predecessor-version":[{"id":63178,"href":"https:\/\/blogdafeira.com.br\/home\/wp-json\/wp\/v2\/posts\/63173\/revisions\/63178"}],"wp:featuredmedia":[{"embeddable":true,"href":"https:\/\/blogdafeira.com.br\/home\/wp-json\/wp\/v2\/media\/63174"}],"wp:attachment":[{"href":"https:\/\/blogdafeira.com.br\/home\/wp-json\/wp\/v2\/media?parent=63173"}],"wp:term":[{"taxonomy":"category","embeddable":true,"href":"https:\/\/blogdafeira.com.br\/home\/wp-json\/wp\/v2\/categories?post=63173"},{"taxonomy":"post_tag","embeddable":true,"href":"https:\/\/blogdafeira.com.br\/home\/wp-json\/wp\/v2\/tags?post=63173"}],"curies":[{"name":"wp","href":"https:\/\/api.w.org\/{rel}","templated":true}]}}