{"id":63249,"date":"2024-08-15T18:49:05","date_gmt":"2024-08-15T21:49:05","guid":{"rendered":"https:\/\/blogdafeira.com.br\/home\/?p=63249"},"modified":"2024-09-05T11:38:26","modified_gmt":"2024-09-05T14:38:26","slug":"matinha-participa-de-festival-de-cultura-e-arte-quilombola-em-simoes-filho","status":"publish","type":"post","link":"https:\/\/blogdafeira.com.br\/home\/2024\/08\/15\/matinha-participa-de-festival-de-cultura-e-arte-quilombola-em-simoes-filho\/","title":{"rendered":"Matinha participa de festival de cultura e arte quilombola em Sim\u00f5es Filho"},"content":{"rendered":"<div id=\"blogd-3055210187\" class=\"blogd-fim-do-post-mobile blogd-entity-placement\" style=\"margin-left: auto;margin-right: auto;text-align: center;\"><a href=\"https:\/\/www.sefaz.feiradesantana.ba.gov.br\/\" target=\"_blank\" aria-label=\"728&#215;90 (6)\"><img loading=\"lazy\" decoding=\"async\" src=\"https:\/\/blogdafeira.com.br\/home\/wp-content\/uploads\/2026\/03\/728x90-6.gif\" alt=\"\"  class=\"no-lazyload\" width=\"728\" height=\"90\"  style=\"display: inline-block;\" \/><\/a><\/div><p>Refor\u00e7ando o compromisso com a preserva\u00e7\u00e3o da mem\u00f3ria e cultura quilombola, o Governo do Estado apoia a 7\u00aa edi\u00e7\u00e3o do Festival de Cultura e Arte Quilombola, que ocorrer\u00e1 desta sexta-feira at\u00e9 domingo, 18 , no Quilombo Pitanga dos Palmares, em Sim\u00f5es Filho. O evento, idealizado pela saudosa M\u00e3e Bernadete Pac\u00edfico, reunir\u00e1 manifesta\u00e7\u00f5es culturais e saberes tradicionais de oito comunidades quilombolas da Bahia, com atividades gratuitas e abertas ao p\u00fablico.<\/p><div id=\"blogd-2889949447\" class=\"blogd-conteudo-2-mobile blogd-entity-placement\"><a href=\"https:\/\/feirenses.com.br\/\" target=\"_blank\" aria-label=\"feirenses\"><img loading=\"lazy\" decoding=\"async\" src=\"https:\/\/blogdafeira.com.br\/home\/wp-content\/uploads\/2026\/04\/feirenses.png\" alt=\"\"  srcset=\"https:\/\/blogdafeira.com.br\/home\/wp-content\/uploads\/2026\/04\/feirenses.png 300w, https:\/\/blogdafeira.com.br\/home\/wp-content\/uploads\/2026\/04\/feirenses-170x45.png 170w, https:\/\/blogdafeira.com.br\/home\/wp-content\/uploads\/2026\/04\/feirenses-280x74.png 280w\" sizes=\"(max-width: 300px) 100vw, 300px\" class=\"no-lazyload\" width=\"300\" height=\"79\"  style=\"display: inline-block;\" \/><\/a><\/div>\n<p>O evento vai reunir moradores dos quilombos Pitanga dos Palmares (Sim\u00f5es Filho), Dand\u00e1 (Sim\u00f5es Filho), Rio dos Macacos (Sim\u00f5es Filho), Quingoma (Lauro de Freitas), <strong>Matinha dos Pretos (Feira de Santana<\/strong>), Cordoaria (Cama\u00e7ari), Alto do Toror\u00f3 (Salvador) e Fazenda Retiro (Terra Nova), atrav\u00e9s do projeto apoiado pela Secretaria de Promo\u00e7\u00e3o da Igualdade Racial (Sepromi) e pela lei de incentivo Paulo Gustavo Bahia, no edital Vozes Culturais, realizado pela Secretaria Estadual de Cultura (Secult-BA).<\/p>\n<p>O festival contar\u00e1 com dez apresenta\u00e7\u00f5es culturais de m\u00fasica e dan\u00e7a tradicionais, oficinas de gastronomia, dan\u00e7a, artesanato em barro, pia\u00e7ava e palha da costa, tudo aberto ao p\u00fablico. Com participa\u00e7\u00e3o e apoio da Secretaria de Desenvolvimento Rural (SDR) atrav\u00e9s da Companhia de Desenvolvimento e A\u00e7\u00e3o Regional (CAR), ser\u00e1 realizada, no domingo (18), uma feira de produtos da agricultura familiar, artesanato e gastronomia, reunindo 25 mestres e mestras artes\u00e3s das comunidades quilombolas, onde os visitantes poder\u00e3o ver de perto alguns processos de produ\u00e7\u00e3o, como a prepara\u00e7\u00e3o da farinha numa Unidade M\u00f3vel Casa de Farinha.<\/p>\n<p>O turismo tamb\u00e9m ser\u00e1 incentivado e, no s\u00e1bado e domingo, \u00e0s 10h, os participantes poder\u00e3o aproveitar uma visita guiada, com direito a caf\u00e9 da manh\u00e3 com iguarias da culin\u00e1ria quilombola. O roteiro inclui a barragem, a Fazenda Aras Vento Leste e a casa de farinha no Quilombo Dand\u00e1. Os grupos ser\u00e3o formados no hor\u00e1rio marcado e as vagas s\u00e3o limitadas.<\/p>\n<p>Tamb\u00e9m no domingo, \u00e0s 10h, ser\u00e1 realizada a Caminhada da Diversidade Cultural, uma grande celebra\u00e7\u00e3o pelo pedido de paz, respeito e toler\u00e2ncia religiosa e \u00e0s diversidades culturais, com a presen\u00e7a de representantes de institui\u00e7\u00f5es pol\u00edticas e culturais, organiza\u00e7\u00f5es da sociedade civil, do candombl\u00e9, cat\u00f3licas e evang\u00e9licas e grupos LGBTQIA+. A caminhada pac\u00edfica e festiva \u00e9 embalada pela m\u00fasica do grupo de samba de roda Viola de Quilombo, formado por moradores locais.<\/p>\n<div id=\"blogd-1288310543\" class=\"blogd-final-post blogd-entity-placement\"><a href=\"https:\/\/www.feiradesantana.ba.leg.br\/\" target=\"_blank\" aria-label=\"BANNER-SITE-ENTREGADECHEQUE-CAMARADEFEIRA\"><img loading=\"lazy\" decoding=\"async\" src=\"https:\/\/blogdafeira.com.br\/home\/wp-content\/uploads\/2026\/03\/BANNER-SITE-ENTREGADECHEQUE-CAMARADEFEIRA.gif\" alt=\"\"  class=\"no-lazyload\" width=\"728\" height=\"90\"   \/><\/a><\/div><p>Com o mote \u201cM\u00e3o Bernadete, o legado continua\u201d, esta edi\u00e7\u00e3o do festival tem como grande homenageada a l\u00edder comunit\u00e1ria e religiosa, principal mobilizadora do evento e uma das mais respeitadas lideran\u00e7as negras do Brasil. No s\u00e1bado (17), \u00e0s 8h, uma missa seguida de c\u00e2nticos para Oxumar\u00ea, na sede da Associa\u00e7\u00e3o Muzanzu, marcar\u00e1 um ano da morte da matriarca do Quilombo Pitanga dos Palmares, assassinada dentro de sua casa.<\/p>\n","protected":false},"excerpt":{"rendered":"<p>Refor\u00e7ando o compromisso com a preserva\u00e7\u00e3o da mem\u00f3ria e cultura quilombola, o Governo do Estado apoia a 7\u00aa edi\u00e7\u00e3o do Festival de Cultura e Arte Quilombola, que ocorrer\u00e1 desta sexta-feira at\u00e9 domingo, 18 , no Quilombo Pitanga dos Palmares, em Sim\u00f5es Filho. O evento, idealizado pela saudosa M\u00e3e Bernadete Pac\u00edfico, reunir\u00e1 manifesta\u00e7\u00f5es culturais e saberes<\/p>\n","protected":false},"author":1,"featured_media":63250,"comment_status":"open","ping_status":"open","sticky":false,"template":"","format":"standard","meta":{"jetpack_post_was_ever_published":false,"cybocfi_hide_featured_image":"","_jetpack_newsletter_access":"","_jetpack_dont_email_post_to_subs":false,"_jetpack_newsletter_tier_id":0,"_jetpack_memberships_contains_paywalled_content":false,"_jetpack_memberships_contains_paid_content":false,"footnotes":"","jetpack_publicize_message":"","jetpack_publicize_feature_enabled":true,"jetpack_social_post_already_shared":true,"jetpack_social_options":{"image_generator_settings":{"template":"highway","default_image_id":0,"font":"","enabled":false},"version":2}},"categories":[748],"tags":[],"class_list":["post-63249","post","type-post","status-publish","format-standard","has-post-thumbnail","hentry","category-distritos"],"jetpack_publicize_connections":[],"jetpack_featured_media_url":"https:\/\/blogdafeira.com.br\/home\/wp-content\/uploads\/2024\/08\/Foto-Ilustrativa-Credito-Divulgacao-2-scaled.jpeg","jetpack_shortlink":"https:\/\/wp.me\/p3niVf-gs9","jetpack_sharing_enabled":true,"jetpack-related-posts":[{"id":69514,"url":"https:\/\/blogdafeira.com.br\/home\/2025\/09\/12\/acusado-de-assassinar-mae-bernardete-foi-preso-com-uma-pistola-de-fabricacao-turca\/","url_meta":{"origin":63249,"position":0},"title":"Acusado de assassinar M\u00e3e Bernardete foi preso com uma pistola de fabrica\u00e7\u00e3o turca","author":"Secom\/Gov.Ba","date":"12\/09\/2025","format":false,"excerpt":"O Departamento de Repress\u00e3o e Combate ao Narcotr\u00e1fico (Denarc), com apoio da Coordena\u00e7\u00e3o de Opera\u00e7\u00f5es e Recursos Especiais (Core), cumpriu nesta sexta-feira (12) dois mandados de pris\u00e3o e dois de busca e apreens\u00e3o contra Josevan Dion\u00edsio dos Santos, o \u201cBZ\u201d, identificado como o Nove de Ouros do Baralho do Crime\u2026","rel":"","context":"Em &quot;Geral&quot;","block_context":{"text":"Geral","link":"https:\/\/blogdafeira.com.br\/home\/categoria\/geral\/"},"img":{"alt_text":"","src":"https:\/\/i0.wp.com\/blogdafeira.com.br\/home\/wp-content\/uploads\/2025\/09\/tamanho-g1ba-2025-09-12t082026.909.jpg?resize=350%2C200&ssl=1","width":350,"height":200,"srcset":"https:\/\/i0.wp.com\/blogdafeira.com.br\/home\/wp-content\/uploads\/2025\/09\/tamanho-g1ba-2025-09-12t082026.909.jpg?resize=350%2C200&ssl=1 1x, https:\/\/i0.wp.com\/blogdafeira.com.br\/home\/wp-content\/uploads\/2025\/09\/tamanho-g1ba-2025-09-12t082026.909.jpg?resize=525%2C300&ssl=1 1.5x"},"classes":[]},{"id":62611,"url":"https:\/\/blogdafeira.com.br\/home\/2024\/06\/27\/moita-da-onca-recebe-certidao-de-comunidade-remanescente-de-quilombos\/","url_meta":{"origin":63249,"position":1},"title":"Moita da On\u00e7a recebe &#8216;Certid\u00e3o de Comunidade Remanescente de Quilombos&#8217;","author":"Secom\/Gov.Ba","date":"27\/06\/2024","format":false,"excerpt":"Lagoa Grande, no distrito de Maria Quit\u00e9ria , foi a primeira.comunidade em Feira de Santana a receber, em 2007, a \"Certid\u00e3o de Auto Defini\u00e7\u00e3o de Comunidades Remanescentes de Quilombos\"\u00a0 emitida pela Funda\u00e7\u00e3o Palmares. Na sequ\u00eancia, 2014, foi a vez da Matinha dos Pretos e em 2017 a Fazenda Candeal II,\u2026","rel":"","context":"Em &quot;Cultura&quot;","block_context":{"text":"Cultura","link":"https:\/\/blogdafeira.com.br\/home\/categoria\/cultura\/"},"img":{"alt_text":"","src":"https:\/\/i0.wp.com\/blogdafeira.com.br\/home\/wp-content\/uploads\/2024\/06\/Screenshot_20240627-1906502.png?resize=350%2C200&ssl=1","width":350,"height":200,"srcset":"https:\/\/i0.wp.com\/blogdafeira.com.br\/home\/wp-content\/uploads\/2024\/06\/Screenshot_20240627-1906502.png?resize=350%2C200&ssl=1 1x, https:\/\/i0.wp.com\/blogdafeira.com.br\/home\/wp-content\/uploads\/2024\/06\/Screenshot_20240627-1906502.png?resize=525%2C300&ssl=1 1.5x, https:\/\/i0.wp.com\/blogdafeira.com.br\/home\/wp-content\/uploads\/2024\/06\/Screenshot_20240627-1906502.png?resize=700%2C400&ssl=1 2x, https:\/\/i0.wp.com\/blogdafeira.com.br\/home\/wp-content\/uploads\/2024\/06\/Screenshot_20240627-1906502.png?resize=1050%2C600&ssl=1 3x"},"classes":[]},{"id":37766,"url":"https:\/\/blogdafeira.com.br\/home\/2020\/05\/14\/defesa-civil-de-salvador-recomenda-intervencoes-em-barragem-dos-macacos\/","url_meta":{"origin":63249,"position":2},"title":"Defesa Civil de Salvador recomenda interven\u00e7\u00f5es em Barragem dos Macacos","author":"Secom\/Gov.Ba","date":"14\/05\/2020","format":false,"excerpt":"A Prefeitura, por meio da Defesa Civil de Salvador (Codesal), recomendou \u00e0 Marinha do Brasil, por meio de of\u00edcio, que sejam realizadas, em car\u00e1ter de urg\u00eancia por parte dos respons\u00e1veis pelo equipamento, inspe\u00e7\u00f5es, investiga\u00e7\u00f5es, monitoramentos e controles da Barragem dos Macacos, localizada na divisa entre a capital baiana e o\u2026","rel":"","context":"Em &quot;Bahia&quot;","block_context":{"text":"Bahia","link":"https:\/\/blogdafeira.com.br\/home\/categoria\/bahia\/"},"img":{"alt_text":"","src":"https:\/\/i0.wp.com\/blogdafeira.com.br\/home\/wp-content\/uploads\/2020\/05\/barragem-dos-macacos.jpg?resize=350%2C200&ssl=1","width":350,"height":200,"srcset":"https:\/\/i0.wp.com\/blogdafeira.com.br\/home\/wp-content\/uploads\/2020\/05\/barragem-dos-macacos.jpg?resize=350%2C200&ssl=1 1x, https:\/\/i0.wp.com\/blogdafeira.com.br\/home\/wp-content\/uploads\/2020\/05\/barragem-dos-macacos.jpg?resize=525%2C300&ssl=1 1.5x, https:\/\/i0.wp.com\/blogdafeira.com.br\/home\/wp-content\/uploads\/2020\/05\/barragem-dos-macacos.jpg?resize=700%2C400&ssl=1 2x, https:\/\/i0.wp.com\/blogdafeira.com.br\/home\/wp-content\/uploads\/2020\/05\/barragem-dos-macacos.jpg?resize=1050%2C600&ssl=1 3x, https:\/\/i0.wp.com\/blogdafeira.com.br\/home\/wp-content\/uploads\/2020\/05\/barragem-dos-macacos.jpg?resize=1400%2C800&ssl=1 4x"},"classes":[]},{"id":67417,"url":"https:\/\/blogdafeira.com.br\/home\/2025\/05\/22\/associacao-comunitaria-quer-pedagogia-e-curriculo-quilombolas-na-escola-estadual-da-matinha\/","url_meta":{"origin":63249,"position":3},"title":"Associa\u00e7\u00e3o Comunit\u00e1ria quer &#8216;pedagogia e curr\u00edculo quilombolas&#8217; na Escola Estadual da Matinha","author":"Secom\/Gov.Ba","date":"22\/05\/2025","format":false,"excerpt":"A Associa\u00e7\u00e3o Comunit\u00e1ria dos Moradores da Matinha (ACOMA), entidade dos moradores desse distrito de Feira de Santana h\u00e1 mais de 40 anos, defende que a Escola estadual em constru\u00e7\u00e3o, adote pedagogias e curr\u00edculos que valorizem a comunidade quilombola do local representadas pelos tr\u00eas quilombos existentes no territ\u00f3rio: 'Matinha dos Pretos',\u2026","rel":"","context":"Em &quot;Distritos&quot;","block_context":{"text":"Distritos","link":"https:\/\/blogdafeira.com.br\/home\/categoria\/distritos\/"},"img":{"alt_text":"","src":"https:\/\/i0.wp.com\/blogdafeira.com.br\/home\/wp-content\/uploads\/2025\/05\/IMG_20250424_1318225762-scaled.jpg?resize=350%2C200&ssl=1","width":350,"height":200,"srcset":"https:\/\/i0.wp.com\/blogdafeira.com.br\/home\/wp-content\/uploads\/2025\/05\/IMG_20250424_1318225762-scaled.jpg?resize=350%2C200&ssl=1 1x, https:\/\/i0.wp.com\/blogdafeira.com.br\/home\/wp-content\/uploads\/2025\/05\/IMG_20250424_1318225762-scaled.jpg?resize=525%2C300&ssl=1 1.5x, https:\/\/i0.wp.com\/blogdafeira.com.br\/home\/wp-content\/uploads\/2025\/05\/IMG_20250424_1318225762-scaled.jpg?resize=700%2C400&ssl=1 2x, https:\/\/i0.wp.com\/blogdafeira.com.br\/home\/wp-content\/uploads\/2025\/05\/IMG_20250424_1318225762-scaled.jpg?resize=1050%2C600&ssl=1 3x, https:\/\/i0.wp.com\/blogdafeira.com.br\/home\/wp-content\/uploads\/2025\/05\/IMG_20250424_1318225762-scaled.jpg?resize=1400%2C800&ssl=1 4x"},"classes":[]},{"id":38909,"url":"https:\/\/blogdafeira.com.br\/home\/2020\/07\/11\/comunidades-quilombolas-querem-mais-espaco-na-politica-e-lancam-pre-candidaturas\/","url_meta":{"origin":63249,"position":4},"title":"Comunidades quilombolas querem mais espa\u00e7o na pol\u00edtica e lan\u00e7am pr\u00e9-candidaturas","author":"Secom\/Gov.Ba","date":"11\/07\/2020","format":false,"excerpt":"Diversas comunidades quilombolas na Bahia est\u00e3o se preparando para as elei\u00e7\u00f5es municipais deste ano com pr\u00e9-candidaturas de pessoas das pr\u00f3prias comunidades. Elas querem ampliar a representa\u00e7\u00e3o e ocupar os espa\u00e7os no poder pol\u00edtico local, fortalecendo suas reivindica\u00e7\u00f5es e resist\u00eancia culturais. Em Feira de Santana delineia-se, at\u00e9 agora, tr\u00eas pr\u00e9-candidaturas \u00e0\u2026","rel":"","context":"Em &quot;Distritos&quot;","block_context":{"text":"Distritos","link":"https:\/\/blogdafeira.com.br\/home\/categoria\/distritos\/"},"img":{"alt_text":"","src":"https:\/\/i0.wp.com\/blogdafeira.com.br\/home\/wp-content\/uploads\/2020\/07\/maria-da-trindade.jpg?resize=350%2C200&ssl=1","width":350,"height":200,"srcset":"https:\/\/i0.wp.com\/blogdafeira.com.br\/home\/wp-content\/uploads\/2020\/07\/maria-da-trindade.jpg?resize=350%2C200&ssl=1 1x, https:\/\/i0.wp.com\/blogdafeira.com.br\/home\/wp-content\/uploads\/2020\/07\/maria-da-trindade.jpg?resize=525%2C300&ssl=1 1.5x"},"classes":[]},{"id":55032,"url":"https:\/\/blogdafeira.com.br\/home\/2022\/10\/22\/samba-de-candeeiro-hoje-na-matinha-a-partir-das-20h\/","url_meta":{"origin":63249,"position":5},"title":"&#8216;Samba de Candeeiro&#8217; hoje na Matinha a partir das 20h","author":"Secom\/Gov.Ba","date":"22\/10\/2022","format":false,"excerpt":"A Associa\u00e7\u00e3o Coleirinho da Bahia e o Quilombo da Matinha dos Pretos, com apoio da Par\u00f3quia e da comunidade do distrito, antecipam a abertura das comemora\u00e7\u00f5es do Novembro Negro, m\u00eas dedicado a Zumbi dos Palmares e \u00e0s mem\u00f3rias e manifesta\u00e7\u00f5es quilombolas por todo o pa\u00eds, e promovem hoje, s\u00e1bado, 22,\u00a0\u2026","rel":"","context":"Em &quot;Cultura&quot;","block_context":{"text":"Cultura","link":"https:\/\/blogdafeira.com.br\/home\/categoria\/cultura\/"},"img":{"alt_text":"","src":"https:\/\/i0.wp.com\/blogdafeira.com.br\/home\/wp-content\/uploads\/2022\/10\/Screenshot_20221017-1711002.png?resize=350%2C200&ssl=1","width":350,"height":200,"srcset":"https:\/\/i0.wp.com\/blogdafeira.com.br\/home\/wp-content\/uploads\/2022\/10\/Screenshot_20221017-1711002.png?resize=350%2C200&ssl=1 1x, https:\/\/i0.wp.com\/blogdafeira.com.br\/home\/wp-content\/uploads\/2022\/10\/Screenshot_20221017-1711002.png?resize=525%2C300&ssl=1 1.5x, https:\/\/i0.wp.com\/blogdafeira.com.br\/home\/wp-content\/uploads\/2022\/10\/Screenshot_20221017-1711002.png?resize=700%2C400&ssl=1 2x"},"classes":[]}],"_links":{"self":[{"href":"https:\/\/blogdafeira.com.br\/home\/wp-json\/wp\/v2\/posts\/63249","targetHints":{"allow":["GET"]}}],"collection":[{"href":"https:\/\/blogdafeira.com.br\/home\/wp-json\/wp\/v2\/posts"}],"about":[{"href":"https:\/\/blogdafeira.com.br\/home\/wp-json\/wp\/v2\/types\/post"}],"author":[{"embeddable":true,"href":"https:\/\/blogdafeira.com.br\/home\/wp-json\/wp\/v2\/users\/1"}],"replies":[{"embeddable":true,"href":"https:\/\/blogdafeira.com.br\/home\/wp-json\/wp\/v2\/comments?post=63249"}],"version-history":[{"count":1,"href":"https:\/\/blogdafeira.com.br\/home\/wp-json\/wp\/v2\/posts\/63249\/revisions"}],"predecessor-version":[{"id":63251,"href":"https:\/\/blogdafeira.com.br\/home\/wp-json\/wp\/v2\/posts\/63249\/revisions\/63251"}],"wp:featuredmedia":[{"embeddable":true,"href":"https:\/\/blogdafeira.com.br\/home\/wp-json\/wp\/v2\/media\/63250"}],"wp:attachment":[{"href":"https:\/\/blogdafeira.com.br\/home\/wp-json\/wp\/v2\/media?parent=63249"}],"wp:term":[{"taxonomy":"category","embeddable":true,"href":"https:\/\/blogdafeira.com.br\/home\/wp-json\/wp\/v2\/categories?post=63249"},{"taxonomy":"post_tag","embeddable":true,"href":"https:\/\/blogdafeira.com.br\/home\/wp-json\/wp\/v2\/tags?post=63249"}],"curies":[{"name":"wp","href":"https:\/\/api.w.org\/{rel}","templated":true}]}}