{"id":63501,"date":"2024-08-29T16:25:29","date_gmt":"2024-08-29T19:25:29","guid":{"rendered":"https:\/\/blogdafeira.com.br\/home\/?p=63501"},"modified":"2024-09-05T11:38:22","modified_gmt":"2024-09-05T14:38:22","slug":"ze-neto-fala-em-centro-administrativo-na-area-central-da-feira","status":"publish","type":"post","link":"https:\/\/blogdafeira.com.br\/home\/2024\/08\/29\/ze-neto-fala-em-centro-administrativo-na-area-central-da-feira\/","title":{"rendered":"Z\u00e9 Neto fala em Centro Administrativo na \u00e1rea central da Feira"},"content":{"rendered":"<div id=\"blogd-3560155042\" class=\"blogd-fim-do-post-mobile blogd-entity-placement\" style=\"margin-left: auto;margin-right: auto;text-align: center;\"><a href=\"https:\/\/www.sefaz.feiradesantana.ba.gov.br\/\" target=\"_blank\" aria-label=\"728&#215;90 (6)\"><img loading=\"lazy\" decoding=\"async\" src=\"https:\/\/blogdafeira.com.br\/home\/wp-content\/uploads\/2026\/03\/728x90-6.gif\" alt=\"\"  class=\"no-lazyload\" width=\"728\" height=\"90\"  style=\"display: inline-block;\" \/><\/a><\/div><p>O candidato a Prefeito de Feira de Santana, Z\u00e9 Neto (PT), disse nesta quinta-feira (29) durante entrevista ao programa Suba\u00e9 Not\u00edcias, na R\u00e1dio Suba\u00e9 AM, que, se for eleito, vai criar um Centro Administrativo, na regi\u00e3o central da cidade, para abrigar secretarias e \u00f3rg\u00e3os do governo.<\/p><div id=\"blogd-239478283\" class=\"blogd-conteudo-2-mobile blogd-entity-placement\"><a href=\"https:\/\/feirenses.com.br\/\" target=\"_blank\" aria-label=\"feirenses\"><img loading=\"lazy\" decoding=\"async\" src=\"https:\/\/blogdafeira.com.br\/home\/wp-content\/uploads\/2026\/04\/feirenses.png\" alt=\"\"  srcset=\"https:\/\/blogdafeira.com.br\/home\/wp-content\/uploads\/2026\/04\/feirenses.png 300w, https:\/\/blogdafeira.com.br\/home\/wp-content\/uploads\/2026\/04\/feirenses-170x45.png 170w, https:\/\/blogdafeira.com.br\/home\/wp-content\/uploads\/2026\/04\/feirenses-280x74.png 280w\" sizes=\"(max-width: 300px) 100vw, 300px\" class=\"no-lazyload\" width=\"300\" height=\"79\"  style=\"display: inline-block;\" \/><\/a><\/div>\n<p>Z\u00e9 Neto tamb\u00e9m falou da possibilidade usar pr\u00e9dios p\u00fablicos ociosos, citando o pr\u00e9dio do <a href=\"https:\/\/blogdafeira.com.br\/home\/2019\/09\/01\/edificio-do-inss-esta-fechado-ha-seis-anos-camara-de-vereadores-de-feira-de-santana-funcionou-no-ultimo-andar\/\"><strong>INSS, na Salles Barbosa\/Pra\u00e7a Bernardino Bahia<\/strong><\/a>, e o da antiga Delegacia do trabalho, no bairro de Santa M\u00f4nica.<\/p>\n<p><em>&#8221; Concentrar boa parte das secretarias e \u00f3rg\u00e3os municipais em um \u00fanico local evita gastos desnecess\u00e1rios aos cofres p\u00fablicos,&#8221;\u00a0<\/em>disse o candidato.<\/p>\n<p><strong>Nota do BF:<\/strong><\/p>\n<p><strong>Esse \u00e9 um assunto recorrente na Feira pois a Prefeitura \u00e9\u00a0 uma das maiores inquilinas do Munic\u00edpio. Grande parte das secretarias e \u00f3rg\u00e3os p\u00fablicos funcionam em im\u00f3veis alugados, muitas vezes por valores acima do mercado. No Or\u00e7amento p\u00fablico os pagamentos est\u00e3o embutidos em diversas rubricas, sendo quase imposs\u00edvel ao leigo observar quanto de dinheiro p\u00fablico \u00e9 pago em alugu\u00e9is pela Prefeitura. \u00c9 uma corrente que os \u00faltimos 30 anos os quatro prefeitos\u00a0 n\u00e3o enfrentaram.\u00a0<\/strong><\/p>\n<div id=\"blogd-1257444511\" class=\"blogd-final-post blogd-entity-placement\"><a href=\"https:\/\/www.feiradesantana.ba.leg.br\/\" target=\"_blank\" aria-label=\"BANNER-SITE-ENTREGADECHEQUE-CAMARADEFEIRA\"><img loading=\"lazy\" decoding=\"async\" src=\"https:\/\/blogdafeira.com.br\/home\/wp-content\/uploads\/2026\/03\/BANNER-SITE-ENTREGADECHEQUE-CAMARADEFEIRA.gif\" alt=\"\"  class=\"no-lazyload\" width=\"728\" height=\"90\"   \/><\/a><\/div><p><strong>Foto<\/strong>: Paulo Amaral<\/p>\n","protected":false},"excerpt":{"rendered":"<p>O candidato a Prefeito de Feira de Santana, Z\u00e9 Neto (PT), disse nesta quinta-feira (29) durante entrevista ao programa Suba\u00e9 Not\u00edcias, na R\u00e1dio Suba\u00e9 AM, que, se for eleito, vai criar um Centro Administrativo, na regi\u00e3o central da cidade, para abrigar secretarias e \u00f3rg\u00e3os do governo. Z\u00e9 Neto tamb\u00e9m falou da possibilidade usar pr\u00e9dios p\u00fablicos<\/p>\n","protected":false},"author":1,"featured_media":63502,"comment_status":"open","ping_status":"open","sticky":false,"template":"","format":"standard","meta":{"jetpack_post_was_ever_published":false,"cybocfi_hide_featured_image":"","_jetpack_newsletter_access":"","_jetpack_dont_email_post_to_subs":false,"_jetpack_newsletter_tier_id":0,"_jetpack_memberships_contains_paywalled_content":false,"_jetpack_memberships_contains_paid_content":false,"footnotes":"","jetpack_publicize_message":"","jetpack_publicize_feature_enabled":true,"jetpack_social_post_already_shared":true,"jetpack_social_options":{"image_generator_settings":{"template":"highway","default_image_id":0,"font":"","enabled":false},"version":2}},"categories":[823],"tags":[],"class_list":["post-63501","post","type-post","status-publish","format-standard","has-post-thumbnail","hentry","category-eleicoes-2024"],"jetpack_publicize_connections":[],"jetpack_featured_media_url":"https:\/\/blogdafeira.com.br\/home\/wp-content\/uploads\/2024\/08\/IMG-20240829-WA0077.jpg","jetpack_shortlink":"https:\/\/wp.me\/p3niVf-gwd","jetpack_sharing_enabled":true,"jetpack-related-posts":[{"id":64078,"url":"https:\/\/blogdafeira.com.br\/home\/2024\/10\/03\/debate-ze-neto-x-ze-ronaldo-na-tv-subae-comeca-as-22h-e-dura-1-hora\/","url_meta":{"origin":63501,"position":0},"title":"Debate &#8220;Z\u00e9 Neto x Z\u00e9 Ronaldo&#8221; na TV Suba\u00e9 come\u00e7a \u00e0s 22h e dura 1 hora","author":"ASCOM\/Z\u00e9 Neto","date":"03\/10\/2024","format":false,"excerpt":"Hoje,3, a partir das 22 horas, a TV Bahia e emissoras afiliadas realizam, de forma simult\u00e2nea, os debates com candidatos \u00e0s prefeituras de Salvador, Feira de Santana, Vit\u00f3ria da Conquista, Itabuna, Barreiras e Juazeiro. Em Feira de Santana, o debate acontecer\u00e1 na sede da TV Suba\u00e9,\u00a0 e ser\u00e1 mediado pela\u2026","rel":"","context":"Em &quot;Elei\u00e7\u00f5es 2024&quot;","block_context":{"text":"Elei\u00e7\u00f5es 2024","link":"https:\/\/blogdafeira.com.br\/home\/categoria\/politica\/eleicoes-2024\/"},"img":{"alt_text":"","src":"https:\/\/i0.wp.com\/blogdafeira.com.br\/home\/wp-content\/uploads\/2024\/10\/Screenshot_20241003-0649182.png?resize=350%2C200&ssl=1","width":350,"height":200,"srcset":"https:\/\/i0.wp.com\/blogdafeira.com.br\/home\/wp-content\/uploads\/2024\/10\/Screenshot_20241003-0649182.png?resize=350%2C200&ssl=1 1x, https:\/\/i0.wp.com\/blogdafeira.com.br\/home\/wp-content\/uploads\/2024\/10\/Screenshot_20241003-0649182.png?resize=525%2C300&ssl=1 1.5x, https:\/\/i0.wp.com\/blogdafeira.com.br\/home\/wp-content\/uploads\/2024\/10\/Screenshot_20241003-0649182.png?resize=700%2C400&ssl=1 2x"},"classes":[]},{"id":41892,"url":"https:\/\/blogdafeira.com.br\/home\/2020\/11\/18\/debate-entre-colbert-e-ze-neto-no-dia-27-na-tv-subae\/","url_meta":{"origin":63501,"position":1},"title":"Debate entre Colbert e Z\u00e9 Neto no dia 27 na Tv. Suba\u00e9","author":"ASCOM\/Z\u00e9 Neto","date":"18\/11\/2020","format":false,"excerpt":"Os dois candidatos a prefeito de Feira de Santana, Z\u00e9 Neto e Colbert Filho j\u00e1 confirmaram participa\u00e7\u00e3o no debate promovido pela Rede Globo na Tv Suba\u00e9 nesta cidade. O debate no pr\u00f3ximo dia 27, a sexta-feira imediatamente anterior ao domingo do voto, dia 29. No primeiro turno das elei\u00e7\u00f5es em\u2026","rel":"","context":"Em &quot;Elei\u00e7\u00f5es 2020&quot;","block_context":{"text":"Elei\u00e7\u00f5es 2020","link":"https:\/\/blogdafeira.com.br\/home\/categoria\/eleicoes-2020\/"},"img":{"alt_text":"","src":"https:\/\/i0.wp.com\/blogdafeira.com.br\/home\/wp-content\/uploads\/2020\/11\/1605491702837890.jpg?resize=350%2C200&ssl=1","width":350,"height":200,"srcset":"https:\/\/i0.wp.com\/blogdafeira.com.br\/home\/wp-content\/uploads\/2020\/11\/1605491702837890.jpg?resize=350%2C200&ssl=1 1x, https:\/\/i0.wp.com\/blogdafeira.com.br\/home\/wp-content\/uploads\/2020\/11\/1605491702837890.jpg?resize=525%2C300&ssl=1 1.5x, https:\/\/i0.wp.com\/blogdafeira.com.br\/home\/wp-content\/uploads\/2020\/11\/1605491702837890.jpg?resize=700%2C400&ssl=1 2x"},"classes":[]},{"id":46418,"url":"https:\/\/blogdafeira.com.br\/home\/2021\/07\/13\/crise-existencial-do-centro-industrial-do-subae\/","url_meta":{"origin":63501,"position":2},"title":"A &#8216;crise existencial&#8217; do Centro Industrial do Suba\u00e9","author":"ASCOM\/Z\u00e9 Neto","date":"13\/07\/2021","format":false,"excerpt":"O Centro Industrial do Suba\u00e9 (CIS) em Feira de Santana vive uma \"crise existencial\" h\u00e1 dois anos. Foi extinto como autarquia\u00a0 mas continua a existir como \u00e1rea f\u00edsica, com infraestrutura e servi\u00e7os que precisam ser mantidos para o funcionamento de cerca de 200 ind\u00fastrias instaladas na \u00e1rea. O CIS \u00e9\u2026","rel":"","context":"Em &quot;Cidade&quot;","block_context":{"text":"Cidade","link":"https:\/\/blogdafeira.com.br\/home\/categoria\/cidade\/"},"img":{"alt_text":"","src":"https:\/\/i0.wp.com\/blogdafeira.com.br\/home\/wp-content\/uploads\/2021\/07\/1626106057618.jpg?resize=350%2C200&ssl=1","width":350,"height":200},"classes":[]},{"id":42022,"url":"https:\/\/blogdafeira.com.br\/home\/2020\/11\/23\/eremita-assume-secretaria-de-educacao-em-feira-para-nao-aderir-a-ze-neto\/","url_meta":{"origin":63501,"position":3},"title":"Vereadora assume Secretaria de Educa\u00e7\u00e3o para n\u00e3o aderir a Z\u00e9 Neto","author":"ASCOM\/Z\u00e9 Neto","date":"23\/11\/2020","format":false,"excerpt":"A vereadora Eremita Mota, do PSDB, foi nomeada hoje\u00a0 Secret\u00e1ria de Educa\u00e7\u00e3o de Feira de Santana, atrav\u00e9s de decreto do prefeito Colbert Martins Filho publicado em edi\u00e7\u00e3o extraordin\u00e1ria do Di\u00e1rio Oficial do Munic\u00edpio. A vereadora foi reeleita com mais de 3 mil votos.\u00a0A nomea\u00e7\u00e3o de Eremita vem ap\u00f3s os rumores\u2026","rel":"","context":"Em &quot;Elei\u00e7\u00f5es 2020&quot;","block_context":{"text":"Elei\u00e7\u00f5es 2020","link":"https:\/\/blogdafeira.com.br\/home\/categoria\/eleicoes-2020\/"},"img":{"alt_text":"","src":"https:\/\/i0.wp.com\/blogdafeira.com.br\/home\/wp-content\/uploads\/2020\/11\/eremita.jpg?resize=350%2C200&ssl=1","width":350,"height":200,"srcset":"https:\/\/i0.wp.com\/blogdafeira.com.br\/home\/wp-content\/uploads\/2020\/11\/eremita.jpg?resize=350%2C200&ssl=1 1x, https:\/\/i0.wp.com\/blogdafeira.com.br\/home\/wp-content\/uploads\/2020\/11\/eremita.jpg?resize=525%2C300&ssl=1 1.5x, https:\/\/i0.wp.com\/blogdafeira.com.br\/home\/wp-content\/uploads\/2020\/11\/eremita.jpg?resize=700%2C400&ssl=1 2x, https:\/\/i0.wp.com\/blogdafeira.com.br\/home\/wp-content\/uploads\/2020\/11\/eremita.jpg?resize=1050%2C600&ssl=1 3x"},"classes":[]},{"id":29045,"url":"https:\/\/blogdafeira.com.br\/home\/2018\/02\/02\/ze-neto-disputa-com-joao-leao-cargo-do-governo-do-estado-em-feira-de-santana\/","url_meta":{"origin":63501,"position":4},"title":"Z\u00e9 Neto disputa com Jo\u00e3o Le\u00e3o cargo do governo do Estado em Feira de Santana","author":"ASCOM\/Z\u00e9 Neto","date":"02\/02\/2018","format":false,"excerpt":"Ningu\u00e9m menos que o ex-presidente e fundador do PT em Feira de Santana, o engenheiro Jaime Cruz, est\u00e1 no meio de uma disputa pol\u00edtica por cargos do governo do Estado em Feira de Santana, envolvendo o l\u00edder do governador Rui Costa na Assembleia Legislativa,o deputado Z\u00e9 Neto (PT) e o\u2026","rel":"","context":"Em &quot;Home&quot;","block_context":{"text":"Home","link":"https:\/\/blogdafeira.com.br\/home\/categoria\/raiz\/"},"img":{"alt_text":"images-2","src":"https:\/\/i0.wp.com\/blogdafeira.com.br\/home\/wp-content\/uploads\/2018\/02\/images-2.jpeg?resize=350%2C200","width":350,"height":200},"classes":[]},{"id":63925,"url":"https:\/\/blogdafeira.com.br\/home\/2024\/09\/22\/camila-marinho-sera-mediadora-do-debate-na-tv-subae-entre-ze-neto-e-ze-ronaldo\/","url_meta":{"origin":63501,"position":5},"title":"Camila Marinho ser\u00e1 mediadora do debate na TV Suba\u00e9 entre Z\u00e9 Neto e Z\u00e9 Ronaldo","author":"ASCOM\/Z\u00e9 Neto","date":"22\/09\/2024","format":false,"excerpt":"A jornalista e apresentadora Camila Marinho, vai ser a mediadora do debate\u00a0 na Tv. Suba\u00e9, no pr\u00f3ximo dia 3 de outubro, entre os candidatos a Prefeito de Feira - Z\u00e9 Neto X Z\u00e9 Ronaldo. O debate na TV Suba\u00e9 \u00e9 uma das maiores\u00a0 expectativas desta campanha polarizada entre os dois\u2026","rel":"","context":"Em &quot;Elei\u00e7\u00f5es 2024&quot;","block_context":{"text":"Elei\u00e7\u00f5es 2024","link":"https:\/\/blogdafeira.com.br\/home\/categoria\/politica\/eleicoes-2024\/"},"img":{"alt_text":"","src":"https:\/\/i0.wp.com\/blogdafeira.com.br\/home\/wp-content\/uploads\/2024\/09\/Screenshot_20240922-1719463.png?resize=350%2C200&ssl=1","width":350,"height":200,"srcset":"https:\/\/i0.wp.com\/blogdafeira.com.br\/home\/wp-content\/uploads\/2024\/09\/Screenshot_20240922-1719463.png?resize=350%2C200&ssl=1 1x, https:\/\/i0.wp.com\/blogdafeira.com.br\/home\/wp-content\/uploads\/2024\/09\/Screenshot_20240922-1719463.png?resize=525%2C300&ssl=1 1.5x, https:\/\/i0.wp.com\/blogdafeira.com.br\/home\/wp-content\/uploads\/2024\/09\/Screenshot_20240922-1719463.png?resize=700%2C400&ssl=1 2x"},"classes":[]}],"_links":{"self":[{"href":"https:\/\/blogdafeira.com.br\/home\/wp-json\/wp\/v2\/posts\/63501","targetHints":{"allow":["GET"]}}],"collection":[{"href":"https:\/\/blogdafeira.com.br\/home\/wp-json\/wp\/v2\/posts"}],"about":[{"href":"https:\/\/blogdafeira.com.br\/home\/wp-json\/wp\/v2\/types\/post"}],"author":[{"embeddable":true,"href":"https:\/\/blogdafeira.com.br\/home\/wp-json\/wp\/v2\/users\/1"}],"replies":[{"embeddable":true,"href":"https:\/\/blogdafeira.com.br\/home\/wp-json\/wp\/v2\/comments?post=63501"}],"version-history":[{"count":1,"href":"https:\/\/blogdafeira.com.br\/home\/wp-json\/wp\/v2\/posts\/63501\/revisions"}],"predecessor-version":[{"id":63503,"href":"https:\/\/blogdafeira.com.br\/home\/wp-json\/wp\/v2\/posts\/63501\/revisions\/63503"}],"wp:featuredmedia":[{"embeddable":true,"href":"https:\/\/blogdafeira.com.br\/home\/wp-json\/wp\/v2\/media\/63502"}],"wp:attachment":[{"href":"https:\/\/blogdafeira.com.br\/home\/wp-json\/wp\/v2\/media?parent=63501"}],"wp:term":[{"taxonomy":"category","embeddable":true,"href":"https:\/\/blogdafeira.com.br\/home\/wp-json\/wp\/v2\/categories?post=63501"},{"taxonomy":"post_tag","embeddable":true,"href":"https:\/\/blogdafeira.com.br\/home\/wp-json\/wp\/v2\/tags?post=63501"}],"curies":[{"name":"wp","href":"https:\/\/api.w.org\/{rel}","templated":true}]}}