{"id":63544,"date":"2024-08-31T12:59:48","date_gmt":"2024-08-31T15:59:48","guid":{"rendered":"https:\/\/blogdafeira.com.br\/home\/?p=63544"},"modified":"2024-09-05T11:38:21","modified_gmt":"2024-09-05T14:38:21","slug":"em-meio-aos-eternos-candidatos-tem-tambem-os-andarilhos-da-politica","status":"publish","type":"post","link":"https:\/\/blogdafeira.com.br\/home\/2024\/08\/31\/em-meio-aos-eternos-candidatos-tem-tambem-os-andarilhos-da-politica\/","title":{"rendered":"Em meio aos eternos candidatos, tem tamb\u00e9m os \u201candarilhos da pol\u00edtica\u201d"},"content":{"rendered":"<div id=\"blogd-1700802506\" class=\"blogd-fim-do-post-mobile blogd-entity-placement\" style=\"margin-left: auto;margin-right: auto;text-align: center;\"><a href=\"https:\/\/www.sefaz.feiradesantana.ba.gov.br\/\" target=\"_blank\" aria-label=\"728&#215;90 (6)\"><img loading=\"lazy\" decoding=\"async\" src=\"https:\/\/blogdafeira.com.br\/home\/wp-content\/uploads\/2026\/03\/728x90-6.gif\" alt=\"\"  class=\"no-lazyload\" width=\"728\" height=\"90\"  style=\"display: inline-block;\" \/><\/a><\/div><p>Na sexta-feira (30), o site Blog da Feira publicou uma mat\u00e9ria cujo o t\u00edtulo \u00e9: \u201c<a href=\"https:\/\/blogdafeira.com.br\/home\/2024\/08\/30\/tres-campeoes-na-lista-de-eternos-candidatos-a-vereador-na-feira\/\"><strong>Tr\u00eas campe\u00f5es na lista de \u2018eternos candidatos\u2019 a vereador na Feira\u201d.<\/strong> <\/a>Nessa mat\u00e9ria, s\u00e3o citados tr\u00eas \u201ceternos candidatos\u201d campe\u00f5es em candidaturas na lista de registros de Feira de Santana divulgada pelo TSE. S\u00e3o eles: Achilles, Tinga e Z\u00e9 Painha.<\/p><div id=\"blogd-1686371245\" class=\"blogd-conteudo-2-mobile blogd-entity-placement\"><a href=\"https:\/\/feirenses.com.br\/\" target=\"_blank\" aria-label=\"feirenses\"><img loading=\"lazy\" decoding=\"async\" src=\"https:\/\/blogdafeira.com.br\/home\/wp-content\/uploads\/2026\/04\/feirenses.png\" alt=\"\"  srcset=\"https:\/\/blogdafeira.com.br\/home\/wp-content\/uploads\/2026\/04\/feirenses.png 300w, https:\/\/blogdafeira.com.br\/home\/wp-content\/uploads\/2026\/04\/feirenses-170x45.png 170w, https:\/\/blogdafeira.com.br\/home\/wp-content\/uploads\/2026\/04\/feirenses-280x74.png 280w\" sizes=\"(max-width: 300px) 100vw, 300px\" class=\"no-lazyload\" width=\"300\" height=\"79\"  style=\"display: inline-block;\" \/><\/a><\/div>\n<p>Ap\u00f3s esta mat\u00e9ria, podemos registrar tamb\u00e9m que junto a esses \u201ceternos candidatos\u201d tem alguns \u201c<strong>andarilhos pol\u00edticos<\/strong>\u201d dentre todos os 410 candidatos. Para quem n\u00e3o sabe ou quer saber, o andarilho \u00e9 \u201caquele que anda muito, percorre muitas terras\u201d. Nesse caso, s\u00e3o os candidatos que concorreram em outros munic\u00edpios, al\u00e9m de Feira de Santana, e ainda n\u00e3o lograram \u00eaxito.<\/p>\n<p>Com isso, para acrescentar a lista dos \u201ceternos candidatos\u201d, segue a rela\u00e7\u00e3o dos \u201candarilhos pol\u00edticos\u201d: <em>Antonio Cezar Carneiro da Silva<\/em>, mais conhecido como <strong>Cezar de Corina<\/strong>, Jose Raimundo do Rosario Cazumba, mais conhecido como <strong>Cazumba King<\/strong> e James William\u2019s Tomaz de Aquino Rodrigues, o <strong>James William\u2019s<\/strong>. Veja abaixo os \u201cquil\u00f4metros pol\u00edticos\u201d pelos quais eles j\u00e1 percorreram.<\/p>\n<p><strong>Cezar de Corina, natural de Serra Preta<\/strong><\/p>\n<p>Candidato a Vereador\/Feira de Santana pelo partido PDT em 2024 \u2013 Aguardando julgamento pelo TSE<\/p>\n<p>Candidato a Prefeito\/Serra Preta pelo partido AVANTE em 2020 \u2013 Candidatura indeferida<\/p>\n<p>Candidato a Vereador\/Feira de Santana pelo partido PTC em 2016 \u2013 Ficou como suplente<\/p>\n<p>Candidato a Vereador\/Feira de Santana pelo partido PSB em 2012 \u2013 N\u00e3o eleito<\/p>\n<p>Candidato a Vice-prefeito\/Serra Preta pelo partido PRB em 2008 \u2013 N\u00e3o eleito<\/p>\n<p>Candidato a Vereador\/Serra Preta pelo partido PSB em 2004 \u2013 N\u00e3o eleito<\/p>\n<p><strong>Cazumba King, natural de S\u00e3o Gon\u00e7alo dos Campos<\/strong><\/p>\n<p>Candidato a Vereador\/Feira de Santana pelo partido PC do B em 2024 \u2013 Aguardando julgamento pelo TSE<\/p>\n<p>Candidato a Vereador\/Feira de Santana pelo partido PC do B em 2020 \u2013 N\u00e3o eleito<\/p>\n<p>Candidato a Vereador\/Feira de Santana pelo partido PPL em 2016 \u2013 Suplente<\/p>\n<p>Candidato a Vereador\/Feira de Santana pelo partido PRP em 2012 \u2013 Suplente<\/p>\n<p>Candidato a Vereador\/Utinga pelo partido DEM em 2008 \u2013 Suplente<\/p>\n<p>Candidato a Vereador\/Utinga pelo partido PFL em 2004 \u2013 Suplente<\/p>\n<p><strong>James William\u2019s, natural de Juazeiro<\/strong><\/p>\n<p>Candidato a Vereador\/Feira de Santana pelo partido PSOL em 2024 \u2013 Aguardando julgamento pelo TSE<\/p>\n<p>Candidato a Vereador\/Saubara pelo partido AVANTE em 2020 \u2013 Suplente<\/p>\n<p>Candidato a Vereador\/Saubara pelo partido PT do B em 2016 \u2013 Suplente<\/p>\n<p>Candidato a Vereador\/Saubara pelo partido PT em 2012 \u2013 N\u00e3o eleito<\/p>\n<div id=\"blogd-1640268608\" class=\"blogd-final-post blogd-entity-placement\"><a href=\"https:\/\/www.feiradesantana.ba.leg.br\/\" target=\"_blank\" aria-label=\"BANNER-SITE-ENTREGADECHEQUE-CAMARADEFEIRA\"><img loading=\"lazy\" decoding=\"async\" src=\"https:\/\/blogdafeira.com.br\/home\/wp-content\/uploads\/2026\/03\/BANNER-SITE-ENTREGADECHEQUE-CAMARADEFEIRA.gif\" alt=\"\"  class=\"no-lazyload\" width=\"728\" height=\"90\"   \/><\/a><\/div><p>Candidato a Vereador\/Maragogipe pelo partido PCB em 2008 \u2013 Candidatura indeferida<\/p>\n","protected":false},"excerpt":{"rendered":"<p>Na sexta-feira (30), o site Blog da Feira publicou uma mat\u00e9ria cujo o t\u00edtulo \u00e9: \u201cTr\u00eas campe\u00f5es na lista de \u2018eternos candidatos\u2019 a vereador na Feira\u201d. Nessa mat\u00e9ria, s\u00e3o citados tr\u00eas \u201ceternos candidatos\u201d campe\u00f5es em candidaturas na lista de registros de Feira de Santana divulgada pelo TSE. S\u00e3o eles: Achilles, Tinga e Z\u00e9 Painha. Ap\u00f3s<\/p>\n","protected":false},"author":1,"featured_media":63545,"comment_status":"open","ping_status":"open","sticky":false,"template":"","format":"standard","meta":{"jetpack_post_was_ever_published":false,"cybocfi_hide_featured_image":"","_jetpack_newsletter_access":"","_jetpack_dont_email_post_to_subs":false,"_jetpack_newsletter_tier_id":0,"_jetpack_memberships_contains_paywalled_content":false,"_jetpack_memberships_contains_paid_content":false,"footnotes":"","jetpack_publicize_message":"","jetpack_publicize_feature_enabled":true,"jetpack_social_post_already_shared":true,"jetpack_social_options":{"image_generator_settings":{"template":"highway","default_image_id":0,"font":"","enabled":false},"version":2}},"categories":[823],"tags":[],"class_list":["post-63544","post","type-post","status-publish","format-standard","has-post-thumbnail","hentry","category-eleicoes-2024"],"jetpack_publicize_connections":[],"jetpack_featured_media_url":"https:\/\/blogdafeira.com.br\/home\/wp-content\/uploads\/2024\/08\/Cezar-de-Corina-Cazumba-King-e-James-Williams.jpeg","jetpack_shortlink":"https:\/\/wp.me\/p3niVf-gwU","jetpack_sharing_enabled":true,"jetpack-related-posts":[{"id":63530,"url":"https:\/\/blogdafeira.com.br\/home\/2024\/08\/30\/tres-campeoes-na-lista-de-eternos-candidatos-a-vereador-na-feira\/","url_meta":{"origin":63544,"position":0},"title":"Tr\u00eas campe\u00f5es na lista de &#8220;eternos candidatos&#8221; a vereador na Feira","author":"Anderson Dias\/Pol\u00edtica In Rosa","date":"30\/08\/2024","format":false,"excerpt":"S\u00e3o tr\u00eas \"eternos candidatos\",\u00a0 campe\u00f5es em candidaturas na lista de registros de Feira de Santana divulgada pela TSE. Os tr\u00eas fazem parte da \"base apoio\" de Z\u00e9 Ronaldo\u00a0 (da \"panela\" , como apelida a campanha de Z\u00e9 Neto). Dois deles s\u00e3o candidatos desde a campanha pela primeira reelei\u00e7\u00e3o do ex-\u2026","rel":"","context":"Em &quot;Elei\u00e7\u00f5es 2024&quot;","block_context":{"text":"Elei\u00e7\u00f5es 2024","link":"https:\/\/blogdafeira.com.br\/home\/categoria\/politica\/eleicoes-2024\/"},"img":{"alt_text":"","src":"https:\/\/i0.wp.com\/blogdafeira.com.br\/home\/wp-content\/uploads\/2024\/08\/InShot_20240830_174830050.jpg?resize=350%2C200&ssl=1","width":350,"height":200,"srcset":"https:\/\/i0.wp.com\/blogdafeira.com.br\/home\/wp-content\/uploads\/2024\/08\/InShot_20240830_174830050.jpg?resize=350%2C200&ssl=1 1x, https:\/\/i0.wp.com\/blogdafeira.com.br\/home\/wp-content\/uploads\/2024\/08\/InShot_20240830_174830050.jpg?resize=525%2C300&ssl=1 1.5x, https:\/\/i0.wp.com\/blogdafeira.com.br\/home\/wp-content\/uploads\/2024\/08\/InShot_20240830_174830050.jpg?resize=700%2C400&ssl=1 2x, https:\/\/i0.wp.com\/blogdafeira.com.br\/home\/wp-content\/uploads\/2024\/08\/InShot_20240830_174830050.jpg?resize=1050%2C600&ssl=1 3x, https:\/\/i0.wp.com\/blogdafeira.com.br\/home\/wp-content\/uploads\/2024\/08\/InShot_20240830_174830050.jpg?resize=1400%2C800&ssl=1 4x"},"classes":[]},{"id":10373,"url":"https:\/\/blogdafeira.com.br\/home\/2014\/04\/23\/micareta-de-feira-atrai-pre-candidatos-ao-governo-da-bahia\/","url_meta":{"origin":63544,"position":1},"title":"Micareta de Feira atrai pr\u00e9-candidatos ao Governo da Bahia","author":"Anderson Dias\/Pol\u00edtica In Rosa","date":"23\/04\/2014","format":false,"excerpt":"Pelo menos os tr\u00eas principais pr\u00e9-candidatos a Governo da Bahia, L\u00eddice da Mata (PSB), Paulo Souto (DEM) e Rui Costa (PT) j\u00e1 confirmaram presen\u00e7a na Micareta de Feira de Santana, que come\u00e7a oficialmente amanh\u00e3, dia 24. Dos tr\u00eas, L\u00eddice da Mata foi a que mais participou de eventos pr\u00e9-micaretescos, 'batendo\u2026","rel":"","context":"Em &quot;Home&quot;","block_context":{"text":"Home","link":"https:\/\/blogdafeira.com.br\/home\/categoria\/raiz\/"},"img":{"alt_text":"","src":"","width":0,"height":0},"classes":[]},{"id":50001,"url":"https:\/\/blogdafeira.com.br\/home\/2022\/01\/10\/beto-tourinho-e-possivel-candidato-a-deputado-federal-pelo-psb-em-feira\/","url_meta":{"origin":63544,"position":2},"title":"Beto Tourinho \u00e9 poss\u00edvel candidato a deputado federal pelo PSB em Feira","author":"Anderson Dias\/Pol\u00edtica In Rosa","date":"10\/01\/2022","format":false,"excerpt":"Ele foi vereador por diversas legislaturas, secret\u00e1rio municipal, \u00e9 procurador do Munic\u00edpio e em 2020 foi candidato a Prefeito em Feira de Santana.\u00a0 Experi\u00eancia pol\u00edtica em partidos e em campanhas eleitorais n\u00e3o falta ao advogado e jornalista Beto Tourinho, uma voca\u00e7\u00e3o que herdou do ambiente familiar, filho adotivo que \u00e9\u2026","rel":"","context":"Em &quot;Home&quot;","block_context":{"text":"Home","link":"https:\/\/blogdafeira.com.br\/home\/categoria\/raiz\/"},"img":{"alt_text":"","src":"https:\/\/i0.wp.com\/blogdafeira.com.br\/home\/wp-content\/uploads\/2022\/01\/beto.webp?resize=350%2C200&ssl=1","width":350,"height":200,"srcset":"https:\/\/i0.wp.com\/blogdafeira.com.br\/home\/wp-content\/uploads\/2022\/01\/beto.webp?resize=350%2C200&ssl=1 1x, https:\/\/i0.wp.com\/blogdafeira.com.br\/home\/wp-content\/uploads\/2022\/01\/beto.webp?resize=525%2C300&ssl=1 1.5x, https:\/\/i0.wp.com\/blogdafeira.com.br\/home\/wp-content\/uploads\/2022\/01\/beto.webp?resize=700%2C400&ssl=1 2x"},"classes":[]},{"id":63415,"url":"https:\/\/blogdafeira.com.br\/home\/2024\/08\/26\/quarenta-candidatos-a-vereador-em-feira-tem-o-sobrenome-de-jesus-e-93-dos-santos\/","url_meta":{"origin":63544,"position":3},"title":"Quarenta candidatos a vereador em Feira t\u00eam o sobrenome &#8220;de Jesus&#8221; e 93 &#8220;dos Santos&#8221;","author":"Anderson Dias\/Pol\u00edtica In Rosa","date":"26\/08\/2024","format":false,"excerpt":"A hero\u00edna do 2 de Julho, a baiana de Feira de Santana, chamava-se Maria Quit\u00e9ria de Jesus. Mas n\u00e3o \u00e9 diretamente por causa dela, embora talvez alguns sejam seus descendentes, que 40 candidatos e candidatas a vereador este ano na Feira, dos 410 registrados, carreguem o mesmo sobrenome da soldada\u2026","rel":"","context":"Em &quot;Colunistas&quot;","block_context":{"text":"Colunistas","link":"https:\/\/blogdafeira.com.br\/home\/categoria\/colunistas\/"},"img":{"alt_text":"","src":"https:\/\/i0.wp.com\/blogdafeira.com.br\/home\/wp-content\/uploads\/2024\/08\/15608117-1.jpg?resize=350%2C200&ssl=1","width":350,"height":200},"classes":[]},{"id":11320,"url":"https:\/\/blogdafeira.com.br\/home\/2014\/07\/10\/governo-de-ronaldo-em-feira-chega-a-1-ano-e-meio-em-completa-apatia\/","url_meta":{"origin":63544,"position":4},"title":"Governo de Ronaldo em Feira chega a 1 ano e meio em completa apatia","author":"Anderson Dias\/Pol\u00edtica In Rosa","date":"10\/07\/2014","format":false,"excerpt":"Longe de ser m\u00e1 vontade ou discurso oposicionista, a verdade \u00e9 que o Governo de Jos\u00e9 Ronaldo (DEM) em Feira de Santana completou agora 1 ano e meio marcado por uma apatia que atinge quase todas as \u00e1reas. Afora as tr\u00eas viagens ao exterior do Chefe do Executivo em busca\u2026","rel":"","context":"Em &quot;Home&quot;","block_context":{"text":"Home","link":"https:\/\/blogdafeira.com.br\/home\/categoria\/raiz\/"},"img":{"alt_text":"","src":"","width":0,"height":0},"classes":[]},{"id":26101,"url":"https:\/\/blogdafeira.com.br\/home\/2017\/03\/18\/matita-pere-vai-lancar-reino-dos-encourados-em-feira-de-santana\/","url_meta":{"origin":63544,"position":5},"title":"Matita Per\u00ea vai lan\u00e7ar Reino dos Encourados em Feira de Santana","author":"Anderson Dias\/Pol\u00edtica In Rosa","date":"18\/03\/2017","format":false,"excerpt":"Um tributo a Feira de Santana e \u00e0 cultura nordestina inspirado na obra do artista feirense Giberval Melo (1939-2006). \u00c9 assim o Reino dos Encourados, primeiro \u00e1lbum oficial do grupo Matita Per\u00ea, que tem apoio da Tribuna Feirense e lan\u00e7amento previsto para o final deste m\u00eas. O Reino dos Encourados\u2026","rel":"","context":"Em &quot;Home&quot;","block_context":{"text":"Home","link":"https:\/\/blogdafeira.com.br\/home\/categoria\/raiz\/"},"img":{"alt_text":"matita-pere-vai-lancar-reino-dos-encourados","src":"https:\/\/i0.wp.com\/blogdafeira.com.br\/home\/wp-content\/uploads\/2017\/03\/matita-pere-vai-lancar-reino-dos-encourados.jpeg?resize=350%2C200","width":350,"height":200,"srcset":"https:\/\/i0.wp.com\/blogdafeira.com.br\/home\/wp-content\/uploads\/2017\/03\/matita-pere-vai-lancar-reino-dos-encourados.jpeg?resize=350%2C200 1x, https:\/\/i0.wp.com\/blogdafeira.com.br\/home\/wp-content\/uploads\/2017\/03\/matita-pere-vai-lancar-reino-dos-encourados.jpeg?resize=525%2C300 1.5x"},"classes":[]}],"_links":{"self":[{"href":"https:\/\/blogdafeira.com.br\/home\/wp-json\/wp\/v2\/posts\/63544","targetHints":{"allow":["GET"]}}],"collection":[{"href":"https:\/\/blogdafeira.com.br\/home\/wp-json\/wp\/v2\/posts"}],"about":[{"href":"https:\/\/blogdafeira.com.br\/home\/wp-json\/wp\/v2\/types\/post"}],"author":[{"embeddable":true,"href":"https:\/\/blogdafeira.com.br\/home\/wp-json\/wp\/v2\/users\/1"}],"replies":[{"embeddable":true,"href":"https:\/\/blogdafeira.com.br\/home\/wp-json\/wp\/v2\/comments?post=63544"}],"version-history":[{"count":1,"href":"https:\/\/blogdafeira.com.br\/home\/wp-json\/wp\/v2\/posts\/63544\/revisions"}],"predecessor-version":[{"id":63546,"href":"https:\/\/blogdafeira.com.br\/home\/wp-json\/wp\/v2\/posts\/63544\/revisions\/63546"}],"wp:featuredmedia":[{"embeddable":true,"href":"https:\/\/blogdafeira.com.br\/home\/wp-json\/wp\/v2\/media\/63545"}],"wp:attachment":[{"href":"https:\/\/blogdafeira.com.br\/home\/wp-json\/wp\/v2\/media?parent=63544"}],"wp:term":[{"taxonomy":"category","embeddable":true,"href":"https:\/\/blogdafeira.com.br\/home\/wp-json\/wp\/v2\/categories?post=63544"},{"taxonomy":"post_tag","embeddable":true,"href":"https:\/\/blogdafeira.com.br\/home\/wp-json\/wp\/v2\/tags?post=63544"}],"curies":[{"name":"wp","href":"https:\/\/api.w.org\/{rel}","templated":true}]}}