{"id":63550,"date":"2024-09-01T13:09:45","date_gmt":"2024-09-01T16:09:45","guid":{"rendered":"https:\/\/blogdafeira.com.br\/home\/?p=63550"},"modified":"2024-09-19T11:59:06","modified_gmt":"2024-09-19T14:59:06","slug":"apos-quatro-anos-expofeira-voltou-e-acontece-ate-o-proximo-domingo8","status":"publish","type":"post","link":"https:\/\/blogdafeira.com.br\/home\/2024\/09\/01\/apos-quatro-anos-expofeira-voltou-e-acontece-ate-o-proximo-domingo8\/","title":{"rendered":"Ap\u00f3s quatro anos,  ExpoFeira voltou e acontece at\u00e9 o pr\u00f3ximo domingo,8"},"content":{"rendered":"<div id=\"blogd-736142213\" class=\"blogd-fim-do-post-mobile blogd-entity-placement\" style=\"margin-left: auto;margin-right: auto;text-align: center;\"><a href=\"https:\/\/expofeira.ba.gov.br\/\" target=_blank><picture>\r\n  <source media=\"(min-width: 768px)\" srcset=\"https:\/\/blogdafeira.com.br\/home\/wp-content\/uploads\/2026\/08\/980x1503.gif\">\r\n  \r\n  <img decoding=\"async\" src=\"https:\/\/blogdafeira.com.br\/home\/wp-content\/uploads\/2026\/08\/350x2005.gif\" alt=\"Publicidade\" style=\"width: 100%; max-width: 100%; height: auto; display: block; margin: 0 auto;\">\r\n\t<\/picture><\/a><\/div><p>Devido \u00e0 pandemia da Covid-19 e aos impactos econ\u00f4micos causados por ela, um dos maiores eventos agropecu\u00e1rios do Norte-Nordeste do Brasil passou quatro anos sem ser realizado. Em 2024, ap\u00f3s um esfor\u00e7o conjunto entre a Prefeitura de Feira de Santana, o SENAR (Servi\u00e7o Nacional de Aprendizagem Rural) e diversas entidades do setor, a Exposi\u00e7\u00e3o Agropecu\u00e1ria de Feira de Santana est\u00e1 finalmente retomada.<\/p>\n<p>A 45\u00aa Expofeira aberta neste domingo (1\u00ba), pelo prefeito Colbert Martins Filho, seguir\u00e1 at\u00e9 o pr\u00f3ximo dia 8 de setembro, no Parque de Exposi\u00e7\u00e3o Jo\u00e3o Martins da Silva, que foi completamente revitalizado pela Prefeitura para sediar o evento deste ano.<\/p>\n<p>At\u00e9 o pr\u00f3ximo dia 8, a Expofeira 2024 ter\u00e1 uma programa\u00e7\u00e3o diversificada com atividades di\u00e1rias no Parque de Exposi\u00e7\u00e3o, das 8h \u00e0s 22h. J\u00e1 neste primeiro dia, al\u00e9m da cerim\u00f4nia oficial de abertura, aconteceu o Leil\u00e3o Nelore Jacuricy, e a abertura da 8\u00aa Ranqueada do Cavalo P\u00f4nei, que seguir\u00e1 at\u00e9 o dia 8 de setembro.<\/p>\n<div id=\"blogd-1427977040\" class=\"blogd-final-post blogd-entity-placement\"><a href=\"https:\/\/www.feiradesantana.ba.leg.br\/\" target=\"_blank\" aria-label=\"BANNER-SITE_CA\u0302MARA_AGOSTO_728x90px\"><img loading=\"lazy\" decoding=\"async\" src=\"https:\/\/blogdafeira.com.br\/home\/wp-content\/uploads\/2026\/03\/BANNER-SITE_CAMARA_AGOSTO_728x90px.gif\" alt=\"\"  class=\"no-lazyload\" width=\"728\" height=\"90\"   \/><\/a><\/div><p><strong>Expectativas<\/strong>\u00a0 -O secret\u00e1rio Alexandre Monteiro expressou grande otimismo em rela\u00e7\u00e3o ao evento deste ano. \u201cAp\u00f3s quatro anos de aus\u00eancia, retornamos com uma edi\u00e7\u00e3o hist\u00f3rica, com muitas inova\u00e7\u00f5es e uma programa\u00e7\u00e3o que contempla todos os segmentos do agroneg\u00f3cio. Estamos confiantes de que a Expofeira 2024 ser\u00e1 um marco na retomada econ\u00f4mica e no fortalecimento do setor agropecu\u00e1rio de Feira de Santana e regi\u00e3o. A revitaliza\u00e7\u00e3o do Parque de Exposi\u00e7\u00e3o e a parceria com entidades do setor demonstram nosso compromisso em promover um evento que reflita a import\u00e2ncia do agroneg\u00f3cio para o desenvolvimento local e regional&#8221;, afirmou o secret\u00e1rio.<\/p>\n","protected":false},"excerpt":{"rendered":"<p>Devido \u00e0 pandemia da Covid-19 e aos impactos econ\u00f4micos causados por ela, um dos maiores eventos agropecu\u00e1rios do Norte-Nordeste do Brasil passou quatro anos sem ser realizado. Em 2024, ap\u00f3s um esfor\u00e7o conjunto entre a Prefeitura de Feira de Santana, o SENAR (Servi\u00e7o Nacional de Aprendizagem Rural) e diversas entidades do setor, a Exposi\u00e7\u00e3o Agropecu\u00e1ria<\/p>\n","protected":false},"author":1,"featured_media":63551,"comment_status":"open","ping_status":"open","sticky":false,"template":"","format":"standard","meta":{"cybocfi_hide_featured_image":"","_jetpack_newsletter_access":"","_jetpack_dont_email_post_to_subs":false,"_jetpack_newsletter_tier_id":0,"_jetpack_memberships_contains_paywalled_content":false,"_jetpack_memberships_contains_paid_content":false,"footnotes":"","jetpack_publicize_message":"","jetpack_publicize_feature_enabled":true,"jetpack_social_post_already_shared":true,"jetpack_social_options":{"image_generator_settings":{"template":"highway","default_image_id":0,"font":"","enabled":false},"version":2},"jetpack_post_was_ever_published":false},"categories":[774,1],"tags":[],"class_list":["post-63550","post","type-post","status-publish","format-standard","has-post-thumbnail","hentry","category-economia","category-raiz"],"jetpack_publicize_connections":[],"jetpack_featured_media_url":"https:\/\/blogdafeira.com.br\/home\/wp-content\/uploads\/2024\/09\/Screenshot_20240901-1306092.png","jetpack_shortlink":"https:\/\/wp.me\/p3niVf-gx0","jetpack_sharing_enabled":true,"jetpack-related-posts":[{"id":12256,"url":"https:\/\/blogdafeira.com.br\/home\/2014\/09\/02\/expofeira-comeca-no-domingo-no-parque-de-exposicao-joao-martins\/","url_meta":{"origin":63550,"position":0},"title":"ExpoFeira come\u00e7a no domingo no Parque de Exposi\u00e7\u00e3o Jo\u00e3o Martins","author":"Secom\/FSA","date":"02\/09\/2014","format":false,"excerpt":"Come\u00e7a no pr\u00f3ximo domingo, em Feira de Santana,a 39\u00aa ExpoFeira no Parque Exposi\u00e7\u00e3o Jo\u00e3o Martins da Siva que acontece at\u00e9 o dia 14 de setembro. Os transportes p\u00fablicos para a ExpoFeira ter\u00e3o linhas e hor\u00e1rios especiais. A esta\u00e7\u00e3o especial de embarque do transporte coletivo urbano por \u00f4nibus e a bilheteria\u2026","rel":"","context":"Em &quot;Home&quot;","block_context":{"text":"Home","link":"https:\/\/blogdafeira.com.br\/home\/categoria\/raiz\/"},"img":{"alt_text":"","src":"","width":0,"height":0},"classes":[]},{"id":63592,"url":"https:\/\/blogdafeira.com.br\/home\/2024\/09\/03\/ordenha-de-ate-24-vacas-ao-mesmo-tempo-novas-tecnologias-na-expofeira\/","url_meta":{"origin":63550,"position":1},"title":"Ordenha de at\u00e9 24 vacas ao mesmo tempo: novas tecnologias na ExpoFeira","author":"Secom\/FSA","date":"03\/09\/2024","format":false,"excerpt":"A 45\u00aa edi\u00e7\u00e3o da Exposi\u00e7\u00e3o Agropecu\u00e1ria de Feira de Santana (Expofeira 2024) n\u00e3o apenas atrai agropecuaristas e entusiastas do setor, mas tamb\u00e9m se consolida como um palco de inova\u00e7\u00e3o, destacando-se pela apresenta\u00e7\u00e3o de maquin\u00e1rios modernos e tecnol\u00f3gicos. As empresas apostam em um retorno financeiro significativo ap\u00f3s quatro anos de espera\u2026","rel":"","context":"Em &quot;Economia&quot;","block_context":{"text":"Economia","link":"https:\/\/blogdafeira.com.br\/home\/categoria\/economia\/"},"img":{"alt_text":"","src":"https:\/\/i0.wp.com\/blogdafeira.com.br\/home\/wp-content\/uploads\/2024\/09\/Screenshot_20240903-171450.png?resize=350%2C200&ssl=1","width":350,"height":200,"srcset":"https:\/\/i0.wp.com\/blogdafeira.com.br\/home\/wp-content\/uploads\/2024\/09\/Screenshot_20240903-171450.png?resize=350%2C200&ssl=1 1x, https:\/\/i0.wp.com\/blogdafeira.com.br\/home\/wp-content\/uploads\/2024\/09\/Screenshot_20240903-171450.png?resize=525%2C300&ssl=1 1.5x, https:\/\/i0.wp.com\/blogdafeira.com.br\/home\/wp-content\/uploads\/2024\/09\/Screenshot_20240903-171450.png?resize=700%2C400&ssl=1 2x, https:\/\/i0.wp.com\/blogdafeira.com.br\/home\/wp-content\/uploads\/2024\/09\/Screenshot_20240903-171450.png?resize=1050%2C600&ssl=1 3x"},"classes":[]},{"id":69453,"url":"https:\/\/blogdafeira.com.br\/home\/2025\/09\/08\/previsao-e-que-cerca-de-300-mil-pessoas-visitem-a-expofeira-ate-o-proximo-domingo\/","url_meta":{"origin":63550,"position":2},"title":"Previs\u00e3o \u00e9 que cerca de 300 mil pessoas visitem a ExpoFeira at\u00e9 domingo","author":"Secom\/FSA","date":"08\/09\/2025","format":false,"excerpt":"Foi oficialmente aberta, ontem(domingo 7) a 46\u00aa Exposi\u00e7\u00e3o Agropecu\u00e1ria de Feira de Santana (Expofeira 2025), um dos eventos mais tradicionais do calend\u00e1rio agropecu\u00e1rio do interior da Bahia. A cerim\u00f4nia de abertura contou com a presen\u00e7a de importantes autoridades.e.representantes do setor agropecu\u00e1rio,\u00a0 incluindo o prefeito Z\u00e9 Ronaldo de Carvalho, o governador\u2026","rel":"","context":"Em &quot;Economia&quot;","block_context":{"text":"Economia","link":"https:\/\/blogdafeira.com.br\/home\/categoria\/economia\/"},"img":{"alt_text":"","src":"https:\/\/i0.wp.com\/blogdafeira.com.br\/home\/wp-content\/uploads\/2025\/09\/Expofeira-Prefeito-Abertura-Fotos-Washington-Nery-07-09-25-5.jpeg?resize=350%2C200&ssl=1","width":350,"height":200,"srcset":"https:\/\/i0.wp.com\/blogdafeira.com.br\/home\/wp-content\/uploads\/2025\/09\/Expofeira-Prefeito-Abertura-Fotos-Washington-Nery-07-09-25-5.jpeg?resize=350%2C200&ssl=1 1x, https:\/\/i0.wp.com\/blogdafeira.com.br\/home\/wp-content\/uploads\/2025\/09\/Expofeira-Prefeito-Abertura-Fotos-Washington-Nery-07-09-25-5.jpeg?resize=525%2C300&ssl=1 1.5x, https:\/\/i0.wp.com\/blogdafeira.com.br\/home\/wp-content\/uploads\/2025\/09\/Expofeira-Prefeito-Abertura-Fotos-Washington-Nery-07-09-25-5.jpeg?resize=700%2C400&ssl=1 2x, https:\/\/i0.wp.com\/blogdafeira.com.br\/home\/wp-content\/uploads\/2025\/09\/Expofeira-Prefeito-Abertura-Fotos-Washington-Nery-07-09-25-5.jpeg?resize=1050%2C600&ssl=1 3x"},"classes":[]},{"id":32802,"url":"https:\/\/blogdafeira.com.br\/home\/2019\/09\/09\/mais-uma-expofeira-sem-show-milionario-muito-forro-e-quatro-angicos-plantados-no-parque-joao-martins\/","url_meta":{"origin":63550,"position":3},"title":"Mais uma ExpoFeira sem show milion\u00e1rio, muito forr\u00f3 e quatro angicos plantados no Parque Jo\u00e3o Martins","author":"Secom\/FSA","date":"09\/09\/2019","format":false,"excerpt":"Terminou neste domingo, 8, a quadrag\u00e9sima quarta(44) ExpoFeira, a exposi\u00e7ao agropecu\u00e1ria anual no Parque Jo\u00e3o Martins da Silva em Feira de Santana. Desde o ano passado a exposi\u00e7ao acontece sem os shows de cantores e bandas famosas, de cach\u00eas milion\u00e1rios que atraiam milhares de pessoas ao evento. A Prefeitura de\u2026","rel":"","context":"Em &quot;Home&quot;","block_context":{"text":"Home","link":"https:\/\/blogdafeira.com.br\/home\/categoria\/raiz\/"},"img":{"alt_text":"","src":"https:\/\/i0.wp.com\/blogdafeira.com.br\/home\/wp-content\/uploads\/2019\/09\/892019092109-346x194.jpg?resize=350%2C200","width":350,"height":200},"classes":[]},{"id":73608,"url":"https:\/\/blogdafeira.com.br\/home\/2026\/08\/17\/parque-joao-martins-fica-pronto-para-a-expofeira-2026-no-proximo-dia-1\/","url_meta":{"origin":63550,"position":4},"title":"Parque Jo\u00e3o Martins fica pronto para a ExpoFeira 2026 no pr\u00f3ximo dia 1\u00b0","author":"Secom\/FSA","date":"17\/08\/2026","format":false,"excerpt":"A previs\u00e3o \u00e9 que a instala\u00e7\u00e3o f\u00edsica seja conclu\u00edda at\u00e9 1\u00ba de setembro, reservando o per\u00edodo at\u00e9 o dia 5 para adapta\u00e7\u00f5es e testes finais. A Prefeitura de Feira de Santana, por meio da Secretaria Municipal de Agricultura, Recursos H\u00eddricos e Desenvolvimento Rural (Seagri), iniciou a montagem das estruturas para\u2026","rel":"","context":"Em &quot;Cidade&quot;","block_context":{"text":"Cidade","link":"https:\/\/blogdafeira.com.br\/home\/categoria\/cidade\/"},"img":{"alt_text":"","src":"https:\/\/i0.wp.com\/blogdafeira.com.br\/home\/wp-content\/uploads\/2026\/08\/Secretarios-visitam-obras-no-Parque-de-Exposicoes-Foto-Marcelo-Magalhaes-14.jpeg?resize=350%2C200&ssl=1","width":350,"height":200,"srcset":"https:\/\/i0.wp.com\/blogdafeira.com.br\/home\/wp-content\/uploads\/2026\/08\/Secretarios-visitam-obras-no-Parque-de-Exposicoes-Foto-Marcelo-Magalhaes-14.jpeg?resize=350%2C200&ssl=1 1x, https:\/\/i0.wp.com\/blogdafeira.com.br\/home\/wp-content\/uploads\/2026\/08\/Secretarios-visitam-obras-no-Parque-de-Exposicoes-Foto-Marcelo-Magalhaes-14.jpeg?resize=525%2C300&ssl=1 1.5x, https:\/\/i0.wp.com\/blogdafeira.com.br\/home\/wp-content\/uploads\/2026\/08\/Secretarios-visitam-obras-no-Parque-de-Exposicoes-Foto-Marcelo-Magalhaes-14.jpeg?resize=700%2C400&ssl=1 2x, https:\/\/i0.wp.com\/blogdafeira.com.br\/home\/wp-content\/uploads\/2026\/08\/Secretarios-visitam-obras-no-Parque-de-Exposicoes-Foto-Marcelo-Magalhaes-14.jpeg?resize=1050%2C600&ssl=1 3x"},"classes":[]},{"id":16490,"url":"https:\/\/blogdafeira.com.br\/home\/2015\/09\/03\/transporte-coletivo-para-40a-expofeira-sera-feito-por-60-onibus\/","url_meta":{"origin":63550,"position":5},"title":"Transporte coletivo para 40\u00aa Expofeira ser\u00e1 feito por 60 \u00f4nibus","author":"Secom\/FSA","date":"03\/09\/2015","format":false,"excerpt":"Sessenta \u00f4nibus v\u00e3o circular diariamente entre o centro da cidade e o Parque Jo\u00e3o Martins da Silva, durante os dias da 40\u00aa Exposi\u00e7\u00e3o Agropecu\u00e1ria de Feira de Santana (Expofeira), que \u00a0ser\u00e1 aberta na tarde do pr\u00f3ximo domingo,6, e prossegue at\u00e9\u00a0o dia\u00a013 deste m\u00eas. A Prefeitura de Feira\u00a0est\u00e1 montando uma mini\u2026","rel":"","context":"Em &quot;Home&quot;","block_context":{"text":"Home","link":"https:\/\/blogdafeira.com.br\/home\/categoria\/raiz\/"},"img":{"alt_text":"","src":"","width":0,"height":0},"classes":[]}],"_links":{"self":[{"href":"https:\/\/blogdafeira.com.br\/home\/wp-json\/wp\/v2\/posts\/63550","targetHints":{"allow":["GET"]}}],"collection":[{"href":"https:\/\/blogdafeira.com.br\/home\/wp-json\/wp\/v2\/posts"}],"about":[{"href":"https:\/\/blogdafeira.com.br\/home\/wp-json\/wp\/v2\/types\/post"}],"author":[{"embeddable":true,"href":"https:\/\/blogdafeira.com.br\/home\/wp-json\/wp\/v2\/users\/1"}],"replies":[{"embeddable":true,"href":"https:\/\/blogdafeira.com.br\/home\/wp-json\/wp\/v2\/comments?post=63550"}],"version-history":[{"count":1,"href":"https:\/\/blogdafeira.com.br\/home\/wp-json\/wp\/v2\/posts\/63550\/revisions"}],"predecessor-version":[{"id":63552,"href":"https:\/\/blogdafeira.com.br\/home\/wp-json\/wp\/v2\/posts\/63550\/revisions\/63552"}],"wp:featuredmedia":[{"embeddable":true,"href":"https:\/\/blogdafeira.com.br\/home\/wp-json\/wp\/v2\/media\/63551"}],"wp:attachment":[{"href":"https:\/\/blogdafeira.com.br\/home\/wp-json\/wp\/v2\/media?parent=63550"}],"wp:term":[{"taxonomy":"category","embeddable":true,"href":"https:\/\/blogdafeira.com.br\/home\/wp-json\/wp\/v2\/categories?post=63550"},{"taxonomy":"post_tag","embeddable":true,"href":"https:\/\/blogdafeira.com.br\/home\/wp-json\/wp\/v2\/tags?post=63550"}],"curies":[{"name":"wp","href":"https:\/\/api.w.org\/{rel}","templated":true}]}}