{"id":63717,"date":"2024-09-11T13:25:52","date_gmt":"2024-09-11T16:25:52","guid":{"rendered":"https:\/\/blogdafeira.com.br\/home\/?p=63717"},"modified":"2024-10-04T21:14:26","modified_gmt":"2024-10-05T00:14:26","slug":"expofeira-gerou-17-milhoes-em-negocios-diz-a-prefeitura-em-balanco-sobre-o-evento","status":"publish","type":"post","link":"https:\/\/blogdafeira.com.br\/home\/2024\/09\/11\/expofeira-gerou-17-milhoes-em-negocios-diz-a-prefeitura-em-balanco-sobre-o-evento\/","title":{"rendered":"ExpoFeira gerou 17 milh\u00f5es em neg\u00f3cios, diz a Prefeitura em balan\u00e7o sobre o evento"},"content":{"rendered":"<div id=\"blogd-1086070265\" class=\"blogd-fim-do-post-mobile blogd-entity-placement\" style=\"margin-left: auto;margin-right: auto;text-align: center;\"><a href=\"https:\/\/www.sefaz.feiradesantana.ba.gov.br\/\" target=\"_blank\" aria-label=\"728&#215;90 (6)\"><img loading=\"lazy\" decoding=\"async\" src=\"https:\/\/blogdafeira.com.br\/home\/wp-content\/uploads\/2026\/03\/728x90-6.gif\" alt=\"\"  class=\"no-lazyload\" width=\"728\" height=\"90\"  style=\"display: inline-block;\" \/><\/a><\/div><p style=\"text-align: left;\">A 45* ExpoFeira, que terminou domingo, gerou. neg\u00f3cios que envolveram cerca de 17 milh\u00f5es de reais, disse a Prefeitura de Feira, em balan\u00e7o sobre o evento, apresentado, hoje, \u00e0 imprensa e autoridades pelo prefeito Colbert Filho e o secret\u00e1rio estadual da Agricultura, Alexandre Monteiro.Os n\u00fameros e dados apresentados mostraram uma ExpoFeira &#8220;hist\u00f3rica&#8221;, batendo os recordes anteriores em quase todos os sentidos<\/p><div id=\"blogd-73813100\" class=\"blogd-conteudo-2-mobile blogd-entity-placement\"><a href=\"https:\/\/feirenses.com.br\/\" target=\"_blank\" aria-label=\"feirenses\"><img loading=\"lazy\" decoding=\"async\" src=\"https:\/\/blogdafeira.com.br\/home\/wp-content\/uploads\/2026\/04\/feirenses.png\" alt=\"\"  srcset=\"https:\/\/blogdafeira.com.br\/home\/wp-content\/uploads\/2026\/04\/feirenses.png 300w, https:\/\/blogdafeira.com.br\/home\/wp-content\/uploads\/2026\/04\/feirenses-170x45.png 170w, https:\/\/blogdafeira.com.br\/home\/wp-content\/uploads\/2026\/04\/feirenses-280x74.png 280w\" sizes=\"(max-width: 300px) 100vw, 300px\" class=\"no-lazyload\" width=\"300\" height=\"79\"  style=\"display: inline-block;\" \/><\/a><\/div>\n<p>Os equinos foram as estrelas do evento: os neg\u00f3cios com Mangalarga Marchador estiveram em torno de 2 milh\u00f5es e 500 mil reais, os com Cpokina, 709 mil e o Cavalo Paulista em torno de 100 mil. Outros expositores fora do raio da agropecu\u00e1ria, como o de motocicletas, apontou neg\u00f3cios em torno de 2 milh\u00f5es de reais.<\/p>\n<p>Mas foi a presen\u00e7a do Senar que fez a diferen\u00e7a dessa ExpoFeira. Com um estande gigantesco, equipado com tecnologia moderna, o Senar propiciou diversos cursos e inova\u00e7\u00f5es da \u00e1rea. Uma maquete do Centro de Zootecnia que est\u00e1 em constru\u00e7\u00e3o, foi atra\u00e7\u00e3o do estande, al\u00e9m de aparelhos tecnol\u00f3gicos , como \u00f3culos em 3D.<\/p>\n<p>Foi destacado tamb\u00e9m pelo secret\u00e1rio a infraestrutura do Parque de Exposi\u00e7\u00f5es Jo\u00e3o Martins da Silva, que foi todo reformado, com cercamento novo, banheiros qu\u00edmicos com ar condicionado, banho quente para pe\u00f5es e outros aspectos do design como a pintura adequada para n\u00e3o estressar os animais em exposi\u00e7\u00e3o .<\/p>\n<div id=\"blogd-4127287490\" class=\"blogd-final-post blogd-entity-placement\"><a href=\"https:\/\/www.feiradesantana.ba.leg.br\/\" target=\"_blank\" aria-label=\"BANNER-SITE-ENTREGADECHEQUE-CAMARADEFEIRA\"><img loading=\"lazy\" decoding=\"async\" src=\"https:\/\/blogdafeira.com.br\/home\/wp-content\/uploads\/2026\/03\/BANNER-SITE-ENTREGADECHEQUE-CAMARADEFEIRA.gif\" alt=\"\"  class=\"no-lazyload\" width=\"728\" height=\"90\"   \/><\/a><\/div><p>ar<\/p>\n","protected":false},"excerpt":{"rendered":"<p>A 45* ExpoFeira, que terminou domingo, gerou. neg\u00f3cios que envolveram cerca de 17 milh\u00f5es de reais, disse a Prefeitura de Feira, em balan\u00e7o sobre o evento, apresentado, hoje, \u00e0 imprensa e autoridades pelo prefeito Colbert Filho e o secret\u00e1rio estadual da Agricultura, Alexandre Monteiro.Os n\u00fameros e dados apresentados mostraram uma ExpoFeira &#8220;hist\u00f3rica&#8221;, batendo os recordes<\/p>\n","protected":false},"author":1,"featured_media":63718,"comment_status":"open","ping_status":"open","sticky":false,"template":"","format":"standard","meta":{"jetpack_post_was_ever_published":false,"cybocfi_hide_featured_image":"","_jetpack_newsletter_access":"","_jetpack_dont_email_post_to_subs":false,"_jetpack_newsletter_tier_id":0,"_jetpack_memberships_contains_paywalled_content":false,"_jetpack_memberships_contains_paid_content":false,"footnotes":"","jetpack_publicize_message":"","jetpack_publicize_feature_enabled":true,"jetpack_social_post_already_shared":true,"jetpack_social_options":{"image_generator_settings":{"template":"highway","default_image_id":0,"font":"","enabled":false},"version":2}},"categories":[751,1],"tags":[],"class_list":["post-63717","post","type-post","status-publish","format-standard","has-post-thumbnail","hentry","category-geral","category-raiz"],"jetpack_publicize_connections":[],"jetpack_featured_media_url":"https:\/\/blogdafeira.com.br\/home\/wp-content\/uploads\/2024\/09\/IMG_20240911_111609661_HDR-scaled.jpg","jetpack_shortlink":"https:\/\/wp.me\/p3niVf-gzH","jetpack_sharing_enabled":true,"jetpack-related-posts":[{"id":28166,"url":"https:\/\/blogdafeira.com.br\/home\/2017\/09\/12\/para-o-governo-a-expofeira-bateu-recordes-em-negocios-e-quantidade-de-animais\/","url_meta":{"origin":63717,"position":0},"title":"Para o Governo a ExpoFeira bateu recordes em neg\u00f3cios e quantidade de animais","author":"Blog da Feira","date":"12\/09\/2017","format":false,"excerpt":"Para o Governo de Feira de Santana o volume de neg\u00f3cios diretos fechados durante a 42\u00aa Exposi\u00e7\u00e3o Agropecu\u00e1ria de Feira de Santana, encerrada no domingo, 10, foi superior entre 10% e 15% em rela\u00e7\u00e3o ao ano passado. \u201cFoi uma Expofeira com quebra de recordes na participa\u00e7\u00e3o de animais, de compra\u2026","rel":"","context":"Em &quot;Home&quot;","block_context":{"text":"Home","link":"https:\/\/blogdafeira.com.br\/home\/categoria\/raiz\/"},"img":{"alt_text":"1192017021940","src":"https:\/\/i0.wp.com\/blogdafeira.com.br\/home\/wp-content\/uploads\/2017\/09\/1192017021940.jpg?resize=350%2C200","width":350,"height":200,"srcset":"https:\/\/i0.wp.com\/blogdafeira.com.br\/home\/wp-content\/uploads\/2017\/09\/1192017021940.jpg?resize=350%2C200 1x, https:\/\/i0.wp.com\/blogdafeira.com.br\/home\/wp-content\/uploads\/2017\/09\/1192017021940.jpg?resize=525%2C300 1.5x"},"classes":[]},{"id":4794,"url":"https:\/\/blogdafeira.com.br\/home\/2013\/09\/05\/expofeira-odebrecht-arremata-bezerra-nelore-por-r-100-mil\/","url_meta":{"origin":63717,"position":1},"title":"ExpoFeira: Odebrecht arremata bezerra nelore por R$ 100 mil","author":"Blog da Feira","date":"05\/09\/2013","format":false,"excerpt":"O pecuarista Maur\u00edcio Odebrecht, um dos maiores criadores do Nordeste, arrematou uma bezerra da ra\u00e7a nelore por 100 mil reais, em um leil\u00e3o da ExpoFeira, ocorrido ontem. A 'preciosidade' tem apenas dois meses de nascida e tem o ex\u00f3tico nome de Khaly Fiv, da fazenda Guanabara, na Bahia. O arremate\u2026","rel":"","context":"Em &quot;Home&quot;","block_context":{"text":"Home","link":"https:\/\/blogdafeira.com.br\/home\/categoria\/raiz\/"},"img":{"alt_text":"","src":"","width":0,"height":0},"classes":[]},{"id":15698,"url":"https:\/\/blogdafeira.com.br\/home\/2015\/07\/22\/prefeitura-cobra-r20000-por-um-curral-e-3150-por-m%c2%b2-de-chao-na-expofeira\/","url_meta":{"origin":63717,"position":2},"title":"Prefeitura cobra R$200,00 por um curral e 31,50 por m\u00b2 de ch\u00e3o na ExpoFeira","author":"Blog da Feira","date":"22\/07\/2015","format":false,"excerpt":"O governo de Feira de Santana baixou decreto sobre a\u00a0explora\u00e7\u00e3o de atividades econ\u00f4micas no Parque de Exposi\u00e7\u00e3o Jo\u00e3o Martins, durante a ExpoFeira 2015, com equipamentos tipo barraca de festa popular, balc\u00e3o e trailers, bem como o com\u00e9rcio ambulante. As inscri\u00e7\u00f5es para \u00e1reas comerciais, currais, barracas de bebidas e espa\u00e7os publicit\u00e1rios\u2026","rel":"","context":"Em &quot;Home&quot;","block_context":{"text":"Home","link":"https:\/\/blogdafeira.com.br\/home\/categoria\/raiz\/"},"img":{"alt_text":"","src":"","width":0,"height":0},"classes":[]},{"id":12349,"url":"https:\/\/blogdafeira.com.br\/home\/2014\/09\/15\/expofeira-e-a-grande-festa-democratica-e-popular-de-feira\/","url_meta":{"origin":63717,"position":3},"title":"ExpoFeira \u00e9 a grande festa &#8216;democr\u00e1tica e popular&#8217; de Feira","author":"Blog da Feira","date":"15\/09\/2014","format":false,"excerpt":"Sem camarotes, cordas de isolamento ou outros s\u00edmbolos de exclus\u00e3o social, a ExpoFeira, evento criado para neg\u00f3cios agropecu\u00e1rios, \u00e9 hoje uma das festas mais populares e 'democr\u00e1ticas' da regi\u00e3o. Al\u00e9m dos animais em exposi\u00e7\u00e3o, atra\u00e7\u00f5es musicais e shows levam ao Parque milhares de pessoas da Cidade e regi\u00e3o. Nos dois\u2026","rel":"","context":"Em &quot;Home&quot;","block_context":{"text":"Home","link":"https:\/\/blogdafeira.com.br\/home\/categoria\/raiz\/"},"img":{"alt_text":"","src":"","width":0,"height":0},"classes":[]},{"id":4738,"url":"https:\/\/blogdafeira.com.br\/home\/2013\/09\/03\/expofeiraqueixa-de-cantor-gospel-leva-secretario-a-camara\/","url_meta":{"origin":63717,"position":4},"title":"ExpoFeira:queixa de cantor gospel leva Secret\u00e1rio \u00e0 C\u00e2mara","author":"Blog da Feira","date":"03\/09\/2013","format":false,"excerpt":"O secret\u00e1rio de Cultura de Feira, jornalista Jailton Batista, esteve nesta ter\u00e7a-feira na C\u00e2mara de Vereadores, durante sess\u00e3o ordin\u00e1ria, para esclarecer as den\u00fancias de um cantor gospel que motivaram uma discuss\u00e3o entre os vereadores, principalmente os da auto-denominada 'bancada evang\u00e9lica'. A presen\u00e7a inusitada do Secret\u00e1rio movimentou a imprensa e o\u2026","rel":"","context":"Em &quot;Home&quot;","block_context":{"text":"Home","link":"https:\/\/blogdafeira.com.br\/home\/categoria\/raiz\/"},"img":{"alt_text":"","src":"","width":0,"height":0},"classes":[]},{"id":4711,"url":"https:\/\/blogdafeira.com.br\/home\/2013\/09\/02\/expofeira-comeca-com-baias-vazias-e-baixa-expectativa-de-negocios\/","url_meta":{"origin":63717,"position":5},"title":"ExpoFeira come\u00e7a com baias vazias e baixa expectativa de neg\u00f3cios","author":"Blog da Feira","date":"02\/09\/2013","format":false,"excerpt":"A estiagem do in\u00edcio do ano afetou tamb\u00e9m a ExpoFeira 2013, que foi aberta ontem no Parque de Exposi\u00e7\u00e3o Jo\u00e3o Martins da Silva, em Feira de Santana. Baias vazias e uma desanima\u00e7\u00e3o vis\u00edvel entre os agropecuaristas mostram que a ExpoFeira deste ano n\u00e3o tem grandes expectativas de neg\u00f3cios. O presidente\u2026","rel":"","context":"Em &quot;Home&quot;","block_context":{"text":"Home","link":"https:\/\/blogdafeira.com.br\/home\/categoria\/raiz\/"},"img":{"alt_text":"","src":"","width":0,"height":0},"classes":[]}],"_links":{"self":[{"href":"https:\/\/blogdafeira.com.br\/home\/wp-json\/wp\/v2\/posts\/63717","targetHints":{"allow":["GET"]}}],"collection":[{"href":"https:\/\/blogdafeira.com.br\/home\/wp-json\/wp\/v2\/posts"}],"about":[{"href":"https:\/\/blogdafeira.com.br\/home\/wp-json\/wp\/v2\/types\/post"}],"author":[{"embeddable":true,"href":"https:\/\/blogdafeira.com.br\/home\/wp-json\/wp\/v2\/users\/1"}],"replies":[{"embeddable":true,"href":"https:\/\/blogdafeira.com.br\/home\/wp-json\/wp\/v2\/comments?post=63717"}],"version-history":[{"count":1,"href":"https:\/\/blogdafeira.com.br\/home\/wp-json\/wp\/v2\/posts\/63717\/revisions"}],"predecessor-version":[{"id":63719,"href":"https:\/\/blogdafeira.com.br\/home\/wp-json\/wp\/v2\/posts\/63717\/revisions\/63719"}],"wp:featuredmedia":[{"embeddable":true,"href":"https:\/\/blogdafeira.com.br\/home\/wp-json\/wp\/v2\/media\/63718"}],"wp:attachment":[{"href":"https:\/\/blogdafeira.com.br\/home\/wp-json\/wp\/v2\/media?parent=63717"}],"wp:term":[{"taxonomy":"category","embeddable":true,"href":"https:\/\/blogdafeira.com.br\/home\/wp-json\/wp\/v2\/categories?post=63717"},{"taxonomy":"post_tag","embeddable":true,"href":"https:\/\/blogdafeira.com.br\/home\/wp-json\/wp\/v2\/tags?post=63717"}],"curies":[{"name":"wp","href":"https:\/\/api.w.org\/{rel}","templated":true}]}}