{"id":63740,"date":"2024-09-12T20:58:15","date_gmt":"2024-09-12T23:58:15","guid":{"rendered":"https:\/\/blogdafeira.com.br\/home\/?p=63740"},"modified":"2024-10-04T21:14:25","modified_gmt":"2024-10-05T00:14:25","slug":"jeronimo-minimiza-suspensao-da-licitacao-do-anel-de-contorno-uma-obra-dessa-sempre-tem-uma-disputa-muito-grande","status":"publish","type":"post","link":"https:\/\/blogdafeira.com.br\/home\/2024\/09\/12\/jeronimo-minimiza-suspensao-da-licitacao-do-anel-de-contorno-uma-obra-dessa-sempre-tem-uma-disputa-muito-grande\/","title":{"rendered":"Jer\u00f4nimo minimiza suspens\u00e3o da licita\u00e7\u00e3o do Anel de Contorno: &#8220;Uma obra dessa sempre tem uma disputa muito grande&#8221;"},"content":{"rendered":"<div id=\"blogd-1034442300\" class=\"blogd-fim-do-post-mobile blogd-entity-placement\" style=\"margin-left: auto;margin-right: auto;text-align: center;\"><a href=\"https:\/\/www.sefaz.feiradesantana.ba.gov.br\/\" target=\"_blank\" aria-label=\"728&#215;90 (6)\"><img loading=\"lazy\" decoding=\"async\" src=\"https:\/\/blogdafeira.com.br\/home\/wp-content\/uploads\/2026\/03\/728x90-6.gif\" alt=\"\"  class=\"no-lazyload\" width=\"728\" height=\"90\"  style=\"display: inline-block;\" \/><\/a><\/div><p>&#8220;<em>Houve um recurso e vai ter que reeditar o edital (<\/em><a href=\"https:\/\/blogdafeira.com.br\/home\/2024\/07\/02\/lula-vem-a-feira-e-garante-duplicacao-dos-72km-do-anel-do-contorno-r-190-milhoes\/\"><strong>de licita\u00e7\u00e3o para duplica\u00e7\u00e3o do Anel de Contorno Leste<\/strong><\/a><em>). Prorrogou por conta de algum recurso que alguma empresa deu entrada, e \u00e9 sempre isso. Uma obra importante dessa, sempre tem uma disputa muito grande no mercado de licita\u00e7\u00f5es<\/em>\u201d, informou hoje o governador Jer\u00f4nimo Rodrigues durante entrevista ao vivo com o radialista Dilton Continho, no programa matutino Acorda Cidade, transmitido pela Sociedade de Feira FM, 101.2.<\/p><div id=\"blogd-964295895\" class=\"blogd-conteudo-2-mobile blogd-entity-placement\"><a href=\"https:\/\/feirenses.com.br\/\" target=\"_blank\" aria-label=\"feirenses\"><img loading=\"lazy\" decoding=\"async\" src=\"https:\/\/blogdafeira.com.br\/home\/wp-content\/uploads\/2026\/04\/feirenses.png\" alt=\"\"  srcset=\"https:\/\/blogdafeira.com.br\/home\/wp-content\/uploads\/2026\/04\/feirenses.png 300w, https:\/\/blogdafeira.com.br\/home\/wp-content\/uploads\/2026\/04\/feirenses-170x45.png 170w, https:\/\/blogdafeira.com.br\/home\/wp-content\/uploads\/2026\/04\/feirenses-280x74.png 280w\" sizes=\"(max-width: 300px) 100vw, 300px\" class=\"no-lazyload\" width=\"300\" height=\"79\"  style=\"display: inline-block;\" \/><\/a><\/div>\n<p>A duplica\u00e7\u00e3o \u00e9 um dos &#8216;cavalos de batalha&#8217; do governo estadual e federal em Feira. Uma obra <strong><a href=\"https:\/\/blogdafeira.com.br\/home\/2024\/07\/02\/lula-vem-a-feira-e-garante-duplicacao-dos-72km-do-anel-do-contorno-r-190-milhoes\/\">festejada at\u00e9 pelo presidente Lula quando esteve na cidade, em julho passado.\u00a0<\/a><\/strong> Desde a concep\u00e7\u00e3o\u00a0 junto ao DNIT at\u00e9 a fase de licita\u00e7\u00e3o,o projeto foi acompanhado pelo deputado Z\u00e9 Neto.<\/p>\n<div id=\"blogd-3657956082\" class=\"blogd-final-post blogd-entity-placement\"><a href=\"https:\/\/www.feiradesantana.ba.leg.br\/\" target=\"_blank\" aria-label=\"BANNER-SITE-ENTREGADECHEQUE-CAMARADEFEIRA\"><img loading=\"lazy\" decoding=\"async\" src=\"https:\/\/blogdafeira.com.br\/home\/wp-content\/uploads\/2026\/03\/BANNER-SITE-ENTREGADECHEQUE-CAMARADEFEIRA.gif\" alt=\"\"  class=\"no-lazyload\" width=\"728\" height=\"90\"   \/><\/a><\/div><p>O processo de desentrave de licita\u00e7\u00e3o, a depender do tipo de recurso, pode ser mais demorado do que se imagina.<\/p>\n","protected":false},"excerpt":{"rendered":"<p>&#8220;Houve um recurso e vai ter que reeditar o edital (de licita\u00e7\u00e3o para duplica\u00e7\u00e3o do Anel de Contorno Leste). Prorrogou por conta de algum recurso que alguma empresa deu entrada, e \u00e9 sempre isso. Uma obra importante dessa, sempre tem uma disputa muito grande no mercado de licita\u00e7\u00f5es\u201d, informou hoje o governador Jer\u00f4nimo Rodrigues durante<\/p>\n","protected":false},"author":1,"featured_media":63741,"comment_status":"open","ping_status":"open","sticky":false,"template":"","format":"standard","meta":{"jetpack_post_was_ever_published":false,"cybocfi_hide_featured_image":"","_jetpack_newsletter_access":"","_jetpack_dont_email_post_to_subs":false,"_jetpack_newsletter_tier_id":0,"_jetpack_memberships_contains_paywalled_content":false,"_jetpack_memberships_contains_paid_content":false,"footnotes":"","jetpack_publicize_message":"","jetpack_publicize_feature_enabled":true,"jetpack_social_post_already_shared":true,"jetpack_social_options":{"image_generator_settings":{"template":"highway","default_image_id":0,"font":"","enabled":false},"version":2}},"categories":[3,774,750,1],"tags":[],"class_list":["post-63740","post","type-post","status-publish","format-standard","has-post-thumbnail","hentry","category-cidade","category-economia","category-eleicoes-2020","category-raiz"],"jetpack_publicize_connections":[],"jetpack_featured_media_url":"https:\/\/blogdafeira.com.br\/home\/wp-content\/uploads\/2024\/09\/1d0bd400-5171-4863-8b80-1ac313b910b8.jpg","jetpack_shortlink":"https:\/\/wp.me\/p3niVf-gA4","jetpack_sharing_enabled":true,"jetpack-related-posts":[{"id":64815,"url":"https:\/\/blogdafeira.com.br\/home\/2024\/12\/09\/duvidas-sobre-a-duplicacao-do-trecho-leste-do-anel-do-contorno-de-feira\/","url_meta":{"origin":63740,"position":0},"title":"D\u00favidas sobre a duplica\u00e7\u00e3o do trecho leste do Anel do Contorno de Feira","author":"Blog da Feira","date":"09\/12\/2024","format":false,"excerpt":"Semana passada o deputado Z\u00e9 Neto foi \u00e0s redes sociais e anunciou \"uma \u00f3tima not\u00edcia\" pra Feira, a homologa\u00e7\u00e3o da empresa que ganhou a licita\u00e7\u00e3o para fazer a t\u00e3o sonhada duplica\u00e7\u00e3o da banda leste do Anel do Contorno. A duplica\u00e7\u00e3o, a ser feita pelo Governo Federal, \u00e9 uma bandeira antiga\u2026","rel":"","context":"Em &quot;Cidade&quot;","block_context":{"text":"Cidade","link":"https:\/\/blogdafeira.com.br\/home\/categoria\/cidade\/"},"img":{"alt_text":"","src":"https:\/\/i0.wp.com\/blogdafeira.com.br\/home\/wp-content\/uploads\/2024\/07\/Feira-de-Santana-Fotos-Matheus-LandimGOVBA-2-1068x600-1.jpeg?resize=350%2C200&ssl=1","width":350,"height":200,"srcset":"https:\/\/i0.wp.com\/blogdafeira.com.br\/home\/wp-content\/uploads\/2024\/07\/Feira-de-Santana-Fotos-Matheus-LandimGOVBA-2-1068x600-1.jpeg?resize=350%2C200&ssl=1 1x, https:\/\/i0.wp.com\/blogdafeira.com.br\/home\/wp-content\/uploads\/2024\/07\/Feira-de-Santana-Fotos-Matheus-LandimGOVBA-2-1068x600-1.jpeg?resize=525%2C300&ssl=1 1.5x, https:\/\/i0.wp.com\/blogdafeira.com.br\/home\/wp-content\/uploads\/2024\/07\/Feira-de-Santana-Fotos-Matheus-LandimGOVBA-2-1068x600-1.jpeg?resize=700%2C400&ssl=1 2x, https:\/\/i0.wp.com\/blogdafeira.com.br\/home\/wp-content\/uploads\/2024\/07\/Feira-de-Santana-Fotos-Matheus-LandimGOVBA-2-1068x600-1.jpeg?resize=1050%2C600&ssl=1 3x"},"classes":[]},{"id":62740,"url":"https:\/\/blogdafeira.com.br\/home\/2024\/07\/05\/dnit-admite-reestudar-locais-de-passarelas-no-projeto-de-duplicacao-do-anel-de-contorno-da-feira\/","url_meta":{"origin":63740,"position":1},"title":"DNIT admite reestudar locais de passarelas no projeto de duplica\u00e7\u00e3o do Anel de Contorno da Feira","author":"Blog da Feira","date":"05\/07\/2024","format":false,"excerpt":"Design e localiza\u00e7\u00e3o de passarelas para pedestres,especialmente a que vai atender a travessia entre a Cidade Nova e os bairros do Centen\u00e1rio e Queimadinha, a arboriza\u00e7\u00e3o e a integra\u00e7\u00e3o da drenagem da obra com o sistema j\u00e1 existente nos dois lados do Anel, foram algumas das abordagens feitas hoje na\u2026","rel":"","context":"Em &quot;Cidade&quot;","block_context":{"text":"Cidade","link":"https:\/\/blogdafeira.com.br\/home\/categoria\/cidade\/"},"img":{"alt_text":"","src":"https:\/\/i0.wp.com\/blogdafeira.com.br\/home\/wp-content\/uploads\/2024\/07\/20240705_164819.jpg?resize=350%2C200&ssl=1","width":350,"height":200,"srcset":"https:\/\/i0.wp.com\/blogdafeira.com.br\/home\/wp-content\/uploads\/2024\/07\/20240705_164819.jpg?resize=350%2C200&ssl=1 1x, https:\/\/i0.wp.com\/blogdafeira.com.br\/home\/wp-content\/uploads\/2024\/07\/20240705_164819.jpg?resize=525%2C300&ssl=1 1.5x, https:\/\/i0.wp.com\/blogdafeira.com.br\/home\/wp-content\/uploads\/2024\/07\/20240705_164819.jpg?resize=700%2C400&ssl=1 2x, https:\/\/i0.wp.com\/blogdafeira.com.br\/home\/wp-content\/uploads\/2024\/07\/20240705_164819.jpg?resize=1050%2C600&ssl=1 3x, https:\/\/i0.wp.com\/blogdafeira.com.br\/home\/wp-content\/uploads\/2024\/07\/20240705_164819.jpg?resize=1400%2C800&ssl=1 4x"},"classes":[]},{"id":67363,"url":"https:\/\/blogdafeira.com.br\/home\/2025\/05\/17\/jeronimo-e-renan-assinam-ordem-de-servico-para-duplicacao-do-anel-do-contorno-leste-em-feira\/","url_meta":{"origin":63740,"position":2},"title":"Jer\u00f4nimo e Renan assinam ordem de servi\u00e7o para duplica\u00e7\u00e3o do Anel do Contorno Leste em Feira","author":"Blog da Feira","date":"17\/05\/2025","format":false,"excerpt":"O governador Jer\u00f4nimo Rodrigues e o ministro dos Transportes, Renan Filho, assinam, nesta segunda-feira (19), \u00e0s 10h, a Ordem de Servi\u00e7o que marca o in\u00edcio das obras de duplica\u00e7\u00e3o do Contorno Norte de Feira de Santana. O evento ser\u00e1 realizado no Parque Lagoa Grande, na Rua Muriti. Desde dezembro que\u2026","rel":"","context":"Em &quot;Geral&quot;","block_context":{"text":"Geral","link":"https:\/\/blogdafeira.com.br\/home\/categoria\/geral\/"},"img":{"alt_text":"","src":"https:\/\/i0.wp.com\/blogdafeira.com.br\/home\/wp-content\/uploads\/2025\/05\/53828855219_e1a9acc55f_o.webp?resize=350%2C200&ssl=1","width":350,"height":200,"srcset":"https:\/\/i0.wp.com\/blogdafeira.com.br\/home\/wp-content\/uploads\/2025\/05\/53828855219_e1a9acc55f_o.webp?resize=350%2C200&ssl=1 1x, https:\/\/i0.wp.com\/blogdafeira.com.br\/home\/wp-content\/uploads\/2025\/05\/53828855219_e1a9acc55f_o.webp?resize=525%2C300&ssl=1 1.5x, https:\/\/i0.wp.com\/blogdafeira.com.br\/home\/wp-content\/uploads\/2025\/05\/53828855219_e1a9acc55f_o.webp?resize=700%2C400&ssl=1 2x"},"classes":[]},{"id":67376,"url":"https:\/\/blogdafeira.com.br\/home\/2025\/05\/19\/assinada-a-ordem-de-servico-para-a-obra-de-duplicacao-do-contorno-leste-de-feira\/","url_meta":{"origin":63740,"position":3},"title":"Assinada a ordem de servi\u00e7o para a obra de duplica\u00e7\u00e3o do Contorno Leste de Feira","author":"Blog da Feira","date":"19\/05\/2025","format":false,"excerpt":"O ministro dos transportes, Renan Filho, ao lado do governador Jer\u00f4nimo Rodrigues, o prefeito Z\u00e9 Ronaldo\u00a0 e demais autoridades, assinou, nesta segunda-feira (19), durante evento na cidade de Feira de Santana, a ordem de servi\u00e7o que autoriza o in\u00edcio das obras de duplica\u00e7\u00e3o do contorno norte e leste de Feira.\u2026","rel":"","context":"Em &quot;Cidade&quot;","block_context":{"text":"Cidade","link":"https:\/\/blogdafeira.com.br\/home\/categoria\/cidade\/"},"img":{"alt_text":"","src":"https:\/\/i0.wp.com\/blogdafeira.com.br\/home\/wp-content\/uploads\/2025\/05\/Screenshot_20250519-214320.png?resize=350%2C200&ssl=1","width":350,"height":200,"srcset":"https:\/\/i0.wp.com\/blogdafeira.com.br\/home\/wp-content\/uploads\/2025\/05\/Screenshot_20250519-214320.png?resize=350%2C200&ssl=1 1x, https:\/\/i0.wp.com\/blogdafeira.com.br\/home\/wp-content\/uploads\/2025\/05\/Screenshot_20250519-214320.png?resize=525%2C300&ssl=1 1.5x, https:\/\/i0.wp.com\/blogdafeira.com.br\/home\/wp-content\/uploads\/2025\/05\/Screenshot_20250519-214320.png?resize=700%2C400&ssl=1 2x"},"classes":[]},{"id":62676,"url":"https:\/\/blogdafeira.com.br\/home\/2024\/07\/02\/lula-vem-a-feira-e-garante-duplicacao-dos-72km-do-anel-do-contorno-r-190-milhoes\/","url_meta":{"origin":63740,"position":4},"title":"Lula vem a Feira e garante duplica\u00e7\u00e3o dos 7,2 km do Anel do Contorno: R$ 190 milh\u00f5es","author":"Blog da Feira","date":"02\/07\/2024","format":false,"excerpt":"\"N\u00f3s ficamos seis anos andando para tr\u00e1s. Vendo as pol\u00edticas p\u00fablicas sendo destru\u00eddas\", discursou, ontem em Feira,\u00a0 o governador Jer\u00f4nimo, sob os olhares de Lula e a primeira-dama, Janja Lula da Silva, e diversos ministros do Governo Federal:Rui Costa (Casa Civil), Renan Filho (Transportes), Camilo Santana (Educa\u00e7\u00e3o), Margareth Menezes (Cultura),\u2026","rel":"","context":"Em &quot;Home&quot;","block_context":{"text":"Home","link":"https:\/\/blogdafeira.com.br\/home\/categoria\/raiz\/"},"img":{"alt_text":"","src":"https:\/\/i0.wp.com\/blogdafeira.com.br\/home\/wp-content\/uploads\/2024\/07\/Feira-de-Santana-Fotos-Matheus-LandimGOVBA-2-1068x600-1.jpeg?resize=350%2C200&ssl=1","width":350,"height":200,"srcset":"https:\/\/i0.wp.com\/blogdafeira.com.br\/home\/wp-content\/uploads\/2024\/07\/Feira-de-Santana-Fotos-Matheus-LandimGOVBA-2-1068x600-1.jpeg?resize=350%2C200&ssl=1 1x, https:\/\/i0.wp.com\/blogdafeira.com.br\/home\/wp-content\/uploads\/2024\/07\/Feira-de-Santana-Fotos-Matheus-LandimGOVBA-2-1068x600-1.jpeg?resize=525%2C300&ssl=1 1.5x, https:\/\/i0.wp.com\/blogdafeira.com.br\/home\/wp-content\/uploads\/2024\/07\/Feira-de-Santana-Fotos-Matheus-LandimGOVBA-2-1068x600-1.jpeg?resize=700%2C400&ssl=1 2x, https:\/\/i0.wp.com\/blogdafeira.com.br\/home\/wp-content\/uploads\/2024\/07\/Feira-de-Santana-Fotos-Matheus-LandimGOVBA-2-1068x600-1.jpeg?resize=1050%2C600&ssl=1 3x"},"classes":[]},{"id":44777,"url":"https:\/\/blogdafeira.com.br\/home\/2021\/04\/11\/duplicacao-do-anel-de-contorno-e-prometida-de-novo\/","url_meta":{"origin":63740,"position":5},"title":"Duplica\u00e7\u00e3o do Anel de Contorno \u00e9 prometida de novo","author":"Andr\u00e9 Pomponet","date":"11\/04\/2021","format":false,"excerpt":"N\u00e3o \u00e9 de hoje que se promete solu\u00e7\u00e3o para o Anel de Contorno da Feira de Santana. H\u00e1 mais de duas d\u00e9cadas que ministros da Infraestrutura ou dos Transportes garantem que, nos pr\u00f3ximos meses, a duplica\u00e7\u00e3o da perigosa via com cerca de 22 quil\u00f4metros de extens\u00e3o vai sair do papel.\u2026","rel":"","context":"Em &quot;Cidade&quot;","block_context":{"text":"Cidade","link":"https:\/\/blogdafeira.com.br\/home\/categoria\/cidade\/"},"img":{"alt_text":"","src":"https:\/\/i0.wp.com\/blogdafeira.com.br\/home\/wp-content\/uploads\/2021\/04\/09-02-2017_22_51_28_.jpeg?resize=350%2C200&ssl=1","width":350,"height":200,"srcset":"https:\/\/i0.wp.com\/blogdafeira.com.br\/home\/wp-content\/uploads\/2021\/04\/09-02-2017_22_51_28_.jpeg?resize=350%2C200&ssl=1 1x, https:\/\/i0.wp.com\/blogdafeira.com.br\/home\/wp-content\/uploads\/2021\/04\/09-02-2017_22_51_28_.jpeg?resize=525%2C300&ssl=1 1.5x, https:\/\/i0.wp.com\/blogdafeira.com.br\/home\/wp-content\/uploads\/2021\/04\/09-02-2017_22_51_28_.jpeg?resize=700%2C400&ssl=1 2x, https:\/\/i0.wp.com\/blogdafeira.com.br\/home\/wp-content\/uploads\/2021\/04\/09-02-2017_22_51_28_.jpeg?resize=1050%2C600&ssl=1 3x, https:\/\/i0.wp.com\/blogdafeira.com.br\/home\/wp-content\/uploads\/2021\/04\/09-02-2017_22_51_28_.jpeg?resize=1400%2C800&ssl=1 4x"},"classes":[]}],"_links":{"self":[{"href":"https:\/\/blogdafeira.com.br\/home\/wp-json\/wp\/v2\/posts\/63740","targetHints":{"allow":["GET"]}}],"collection":[{"href":"https:\/\/blogdafeira.com.br\/home\/wp-json\/wp\/v2\/posts"}],"about":[{"href":"https:\/\/blogdafeira.com.br\/home\/wp-json\/wp\/v2\/types\/post"}],"author":[{"embeddable":true,"href":"https:\/\/blogdafeira.com.br\/home\/wp-json\/wp\/v2\/users\/1"}],"replies":[{"embeddable":true,"href":"https:\/\/blogdafeira.com.br\/home\/wp-json\/wp\/v2\/comments?post=63740"}],"version-history":[{"count":2,"href":"https:\/\/blogdafeira.com.br\/home\/wp-json\/wp\/v2\/posts\/63740\/revisions"}],"predecessor-version":[{"id":63743,"href":"https:\/\/blogdafeira.com.br\/home\/wp-json\/wp\/v2\/posts\/63740\/revisions\/63743"}],"wp:featuredmedia":[{"embeddable":true,"href":"https:\/\/blogdafeira.com.br\/home\/wp-json\/wp\/v2\/media\/63741"}],"wp:attachment":[{"href":"https:\/\/blogdafeira.com.br\/home\/wp-json\/wp\/v2\/media?parent=63740"}],"wp:term":[{"taxonomy":"category","embeddable":true,"href":"https:\/\/blogdafeira.com.br\/home\/wp-json\/wp\/v2\/categories?post=63740"},{"taxonomy":"post_tag","embeddable":true,"href":"https:\/\/blogdafeira.com.br\/home\/wp-json\/wp\/v2\/tags?post=63740"}],"curies":[{"name":"wp","href":"https:\/\/api.w.org\/{rel}","templated":true}]}}