{"id":63980,"date":"2024-09-26T12:10:42","date_gmt":"2024-09-26T15:10:42","guid":{"rendered":"https:\/\/blogdafeira.com.br\/home\/?p=63980"},"modified":"2025-01-31T21:44:19","modified_gmt":"2025-02-01T00:44:19","slug":"pequenas-historias-da-escravidao-na-feira-de-santana","status":"publish","type":"post","link":"https:\/\/blogdafeira.com.br\/home\/2024\/09\/26\/pequenas-historias-da-escravidao-na-feira-de-santana\/","title":{"rendered":"Pequenas hist\u00f3rias da escravid\u00e3o na Feira de Santana"},"content":{"rendered":"<div id=\"blogd-1964165605\" class=\"blogd-fim-do-post-mobile blogd-entity-placement\" style=\"margin-left: auto;margin-right: auto;text-align: center;\"><a href=\"https:\/\/www.sefaz.feiradesantana.ba.gov.br\/\" target=\"_blank\" aria-label=\"728&#215;90 (6)\"><img loading=\"lazy\" decoding=\"async\" src=\"https:\/\/blogdafeira.com.br\/home\/wp-content\/uploads\/2026\/03\/728x90-6.gif\" alt=\"\"  class=\"no-lazyload\" width=\"728\" height=\"90\"  style=\"display: inline-block;\" \/><\/a><\/div><p>Em 1856, na Vila da Feira, a mulatinha Felippa, filha da escrava Roza, da na\u00e7\u00e3o nag\u00f4, ganhou uma carta de liberdade conferida pelos seu senhores Manoel Pinheiro e Joaquina de S\u00e3o Boaventura, com uma condicional: &#8220;gozar\u00e1 a liberdade ap\u00f3s a morte dos senhores&#8221;.<br \/>\nFelippa morreu antes.<\/p><div id=\"blogd-2455985968\" class=\"blogd-conteudo-2-mobile blogd-entity-placement\"><a href=\"https:\/\/feirenses.com.br\/\" target=\"_blank\" aria-label=\"feirenses\"><img loading=\"lazy\" decoding=\"async\" src=\"https:\/\/blogdafeira.com.br\/home\/wp-content\/uploads\/2026\/04\/feirenses.png\" alt=\"\"  srcset=\"https:\/\/blogdafeira.com.br\/home\/wp-content\/uploads\/2026\/04\/feirenses.png 300w, https:\/\/blogdafeira.com.br\/home\/wp-content\/uploads\/2026\/04\/feirenses-170x45.png 170w, https:\/\/blogdafeira.com.br\/home\/wp-content\/uploads\/2026\/04\/feirenses-280x74.png 280w\" sizes=\"(max-width: 300px) 100vw, 300px\" class=\"no-lazyload\" width=\"300\" height=\"79\"  style=\"display: inline-block;\" \/><\/a><\/div>\n<p>*****<\/p>\n<p>Com sete anos de idade Manoel, natural de Camiz\u00e3o, da Vila da Feira, foi vendido por Felisberto Soares a Durval Graciano Alves pelo pre\u00e7o de 600$000 r\u00e9is. O ano era 1856.<\/p>\n<p>*****<\/p>\n<div id=\"blogd-38975017\" class=\"blogd-final-post blogd-entity-placement\"><a href=\"https:\/\/www.feiradesantana.ba.leg.br\/\" target=\"_blank\" aria-label=\"BANNER-SITE-ENTREGADECHEQUE-CAMARADEFEIRA\"><img loading=\"lazy\" decoding=\"async\" src=\"https:\/\/blogdafeira.com.br\/home\/wp-content\/uploads\/2026\/03\/BANNER-SITE-ENTREGADECHEQUE-CAMARADEFEIRA.gif\" alt=\"\"  class=\"no-lazyload\" width=\"728\" height=\"90\"   \/><\/a><\/div><p>Euferma, j\u00e1 velha, ganhou a Carta de Liberdade da sua Senhora, Maria Joaquina de Cerqueira, em 1856. Moravam no Magalh\u00e3es na Vila da Feira: \u201cPor dela ter recebido muitos bons servi\u00e7os, e mesmo por gratid\u00e3o de alimentar-me em seus peitos na minha inf\u00e2ncia.\u201d<\/p>\n<p>&nbsp;<\/p>\n","protected":false},"excerpt":{"rendered":"<p>Em 1856, na Vila da Feira, a mulatinha Felippa, filha da escrava Roza, da na\u00e7\u00e3o nag\u00f4, ganhou uma carta de liberdade conferida pelos seu senhores Manoel Pinheiro e Joaquina de S\u00e3o Boaventura, com uma condicional: &#8220;gozar\u00e1 a liberdade ap\u00f3s a morte dos senhores&#8221;. Felippa morreu antes. ***** Com sete anos de idade Manoel, natural de<\/p>\n","protected":false},"author":8,"featured_media":63981,"comment_status":"open","ping_status":"open","sticky":false,"template":"","format":"standard","meta":{"jetpack_post_was_ever_published":false,"cybocfi_hide_featured_image":"","_jetpack_newsletter_access":"","_jetpack_dont_email_post_to_subs":false,"_jetpack_newsletter_tier_id":0,"_jetpack_memberships_contains_paywalled_content":false,"_jetpack_memberships_contains_paid_content":false,"footnotes":"","jetpack_publicize_message":"","jetpack_publicize_feature_enabled":true,"jetpack_social_post_already_shared":true,"jetpack_social_options":{"image_generator_settings":{"template":"highway","default_image_id":0,"font":"","enabled":false},"version":2}},"categories":[592,1],"tags":[],"class_list":["post-63980","post","type-post","status-publish","format-standard","has-post-thumbnail","hentry","category-colunistas","category-raiz"],"jetpack_publicize_connections":[],"jetpack_featured_media_url":"https:\/\/blogdafeira.com.br\/home\/wp-content\/uploads\/2024\/09\/expo-museu-justica-unicrio.jpg","jetpack_shortlink":"https:\/\/wp.me\/p3niVf-gDW","jetpack_sharing_enabled":true,"jetpack-related-posts":[{"id":63698,"url":"https:\/\/blogdafeira.com.br\/home\/2024\/09\/09\/escravas-do-capitao-innocencio-affonso-do-rego\/","url_meta":{"origin":63980,"position":0},"title":"Escravas do Capit\u00e3o Innoc\u00eancio Affonso do R\u00eago","author":"J\u00e2nio R\u00eago","date":"09\/09\/2024","format":false,"excerpt":"Sete anos ap\u00f3s o enforcamento de Lucas da Feira, o capit\u00e3o Innocencio Affonso do R\u00eago comprou a Furtunato Gonsalves, por um conto de r\u00e9is (1:000$000 r\u00e9is), a jovem Paulinha, uma escrava crioula. Chamava-se assim ao escravo(a) nascido na casa do senhor. Naquele mesmo ano,1856, pelo mesmo pre\u00e7o, tamb\u00e9m crioulo, Bernardo,\u2026","rel":"","context":"Em &quot;Colunistas&quot;","block_context":{"text":"Colunistas","link":"https:\/\/blogdafeira.com.br\/home\/categoria\/colunistas\/"},"img":{"alt_text":"","src":"https:\/\/i0.wp.com\/blogdafeira.com.br\/home\/wp-content\/uploads\/2024\/09\/Screenshot_20240909-231231.png?resize=350%2C200&ssl=1","width":350,"height":200,"srcset":"https:\/\/i0.wp.com\/blogdafeira.com.br\/home\/wp-content\/uploads\/2024\/09\/Screenshot_20240909-231231.png?resize=350%2C200&ssl=1 1x, https:\/\/i0.wp.com\/blogdafeira.com.br\/home\/wp-content\/uploads\/2024\/09\/Screenshot_20240909-231231.png?resize=525%2C300&ssl=1 1.5x, https:\/\/i0.wp.com\/blogdafeira.com.br\/home\/wp-content\/uploads\/2024\/09\/Screenshot_20240909-231231.png?resize=700%2C400&ssl=1 2x, https:\/\/i0.wp.com\/blogdafeira.com.br\/home\/wp-content\/uploads\/2024\/09\/Screenshot_20240909-231231.png?resize=1050%2C600&ssl=1 3x"},"classes":[]},{"id":59331,"url":"https:\/\/blogdafeira.com.br\/home\/2023\/09\/14\/dom-zanoni-recebe-comenda-e-defende-uma-cultura-de-paz-na-bahia\/","url_meta":{"origin":63980,"position":1},"title":"Dom Zanoni recebe Comenda e defende uma &#8220;cultura de paz&#8221; na Bahia","author":"Blog da Feira","date":"14\/09\/2023","format":false,"excerpt":"Ao receber a Comenda Maria Quit\u00e9ria da C\u00e2mara de Vereadores de Feira de Santana , o arcebispo Dom Zanoni Demettino , referiu-se no seu discurso ao \"crescimento assustador das mortes em nossa Bahia\" , pondo-se \u00e0 disposi\u00e7\u00e3o para implantar, junto com a C\u00e2mara, uma cultura de paz. Ele referiu-se diretamente\u2026","rel":"","context":"Em &quot;Home&quot;","block_context":{"text":"Home","link":"https:\/\/blogdafeira.com.br\/home\/categoria\/raiz\/"},"img":{"alt_text":"","src":"https:\/\/i0.wp.com\/blogdafeira.com.br\/home\/wp-content\/uploads\/2023\/09\/IMG_20230914_110207870_HDR-scaled.jpg?resize=350%2C200&ssl=1","width":350,"height":200,"srcset":"https:\/\/i0.wp.com\/blogdafeira.com.br\/home\/wp-content\/uploads\/2023\/09\/IMG_20230914_110207870_HDR-scaled.jpg?resize=350%2C200&ssl=1 1x, https:\/\/i0.wp.com\/blogdafeira.com.br\/home\/wp-content\/uploads\/2023\/09\/IMG_20230914_110207870_HDR-scaled.jpg?resize=525%2C300&ssl=1 1.5x, https:\/\/i0.wp.com\/blogdafeira.com.br\/home\/wp-content\/uploads\/2023\/09\/IMG_20230914_110207870_HDR-scaled.jpg?resize=700%2C400&ssl=1 2x, https:\/\/i0.wp.com\/blogdafeira.com.br\/home\/wp-content\/uploads\/2023\/09\/IMG_20230914_110207870_HDR-scaled.jpg?resize=1050%2C600&ssl=1 3x, https:\/\/i0.wp.com\/blogdafeira.com.br\/home\/wp-content\/uploads\/2023\/09\/IMG_20230914_110207870_HDR-scaled.jpg?resize=1400%2C800&ssl=1 4x"},"classes":[]},{"id":62184,"url":"https:\/\/blogdafeira.com.br\/home\/2024\/05\/18\/vaticano-reforca-carta-pastoral-de-dom-zanoni-sobre-aparicoes-de-nossa-senhora-em-anguera\/","url_meta":{"origin":63980,"position":2},"title":"Vaticano refor\u00e7a Carta Pastoral de Dom Zanoni sobre &#8220;apari\u00e7\u00f5es&#8221; de Nossa Senhora em Ang\u00fcera","author":"Blog da Feira","date":"18\/05\/2024","format":false,"excerpt":"Um documento do 'Dicast\u00e9rio para a Doutrina da F\u00e9' , aprovado pelo papa Francisco e\u00a0 publicado esta semana pelo Vaticano para as Dioceses do mundo inteiro,\u00a0 refor\u00e7a a Carta Pastoral divulgada pelo arcebispo de Feira, Dom Zanoni Demettino onde ele faz s\u00e9rias advert\u00eancias sobre as \"apari\u00e7\u00f5es\" de Nossa Senhora, em\u2026","rel":"","context":"Em &quot;Geral&quot;","block_context":{"text":"Geral","link":"https:\/\/blogdafeira.com.br\/home\/categoria\/geral\/"},"img":{"alt_text":"","src":"https:\/\/i0.wp.com\/blogdafeira.com.br\/home\/wp-content\/uploads\/2024\/05\/Polish_20240513_170737991-1-scaled.jpg?resize=350%2C200&ssl=1","width":350,"height":200,"srcset":"https:\/\/i0.wp.com\/blogdafeira.com.br\/home\/wp-content\/uploads\/2024\/05\/Polish_20240513_170737991-1-scaled.jpg?resize=350%2C200&ssl=1 1x, https:\/\/i0.wp.com\/blogdafeira.com.br\/home\/wp-content\/uploads\/2024\/05\/Polish_20240513_170737991-1-scaled.jpg?resize=525%2C300&ssl=1 1.5x, https:\/\/i0.wp.com\/blogdafeira.com.br\/home\/wp-content\/uploads\/2024\/05\/Polish_20240513_170737991-1-scaled.jpg?resize=700%2C400&ssl=1 2x, https:\/\/i0.wp.com\/blogdafeira.com.br\/home\/wp-content\/uploads\/2024\/05\/Polish_20240513_170737991-1-scaled.jpg?resize=1050%2C600&ssl=1 3x, https:\/\/i0.wp.com\/blogdafeira.com.br\/home\/wp-content\/uploads\/2024\/05\/Polish_20240513_170737991-1-scaled.jpg?resize=1400%2C800&ssl=1 4x"},"classes":[]},{"id":64021,"url":"https:\/\/blogdafeira.com.br\/home\/2024\/09\/28\/comercio-de-escravos-na-feira-de-santana\/","url_meta":{"origin":63980,"position":3},"title":"Com\u00e9rcio de escravos na Feira de Santana","author":"J\u00e2nio R\u00eago","date":"28\/09\/2024","format":false,"excerpt":"Jo\u00e3o Manoel de S\u00e3o Boaventura vendeu, de uma s\u00f3 vez, seis \"escravos crioulos\" \u00e0 empresa Silva Quic\u00f3s & Companhia pelo valor total de 6:000$000 r\u00e9is no ano da gra\u00e7a de 1857. Lino, com 35 anos, Gertrudes, 20 anos, Rita, 30 anos, Meno, 20 anos, Agostinha, 20 anos, e Maria, cabrinha,\u2026","rel":"","context":"Em &quot;Colunistas&quot;","block_context":{"text":"Colunistas","link":"https:\/\/blogdafeira.com.br\/home\/categoria\/colunistas\/"},"img":{"alt_text":"","src":"https:\/\/i0.wp.com\/blogdafeira.com.br\/home\/wp-content\/uploads\/2024\/09\/IMG_20240903_1430595474-scaled.jpg?resize=350%2C200&ssl=1","width":350,"height":200,"srcset":"https:\/\/i0.wp.com\/blogdafeira.com.br\/home\/wp-content\/uploads\/2024\/09\/IMG_20240903_1430595474-scaled.jpg?resize=350%2C200&ssl=1 1x, https:\/\/i0.wp.com\/blogdafeira.com.br\/home\/wp-content\/uploads\/2024\/09\/IMG_20240903_1430595474-scaled.jpg?resize=525%2C300&ssl=1 1.5x, https:\/\/i0.wp.com\/blogdafeira.com.br\/home\/wp-content\/uploads\/2024\/09\/IMG_20240903_1430595474-scaled.jpg?resize=700%2C400&ssl=1 2x, https:\/\/i0.wp.com\/blogdafeira.com.br\/home\/wp-content\/uploads\/2024\/09\/IMG_20240903_1430595474-scaled.jpg?resize=1050%2C600&ssl=1 3x, https:\/\/i0.wp.com\/blogdafeira.com.br\/home\/wp-content\/uploads\/2024\/09\/IMG_20240903_1430595474-scaled.jpg?resize=1400%2C800&ssl=1 4x"},"classes":[]},{"id":64342,"url":"https:\/\/blogdafeira.com.br\/home\/2024\/10\/17\/padre-comprou-ao-irmao-a-metade-da-escrava-e-filha\/","url_meta":{"origin":63980,"position":4},"title":"Padre comprou ao irm\u00e3o a metade da escrava com uma filha","author":"J\u00e2nio R\u00eago","date":"17\/10\/2024","format":false,"excerpt":"O padre Nicolao Gomes de Azevedo precisava de algu\u00e9m para sua serventia e recorreu ao irm\u00e3o Procoppio Gomes de Azevedo que lhe acudiu, vendendo-lhe a metade da crioula Anna e sua filha Victoria por 400$000 r\u00e9is, conforme escrito de compra e venda registrado em cart\u00f3rio da Vila da Feira de\u2026","rel":"","context":"Em &quot;Colunistas&quot;","block_context":{"text":"Colunistas","link":"https:\/\/blogdafeira.com.br\/home\/categoria\/colunistas\/"},"img":{"alt_text":"","src":"https:\/\/i0.wp.com\/blogdafeira.com.br\/home\/wp-content\/uploads\/2024\/10\/Screenshot_20241016-220034.png?resize=350%2C200&ssl=1","width":350,"height":200,"srcset":"https:\/\/i0.wp.com\/blogdafeira.com.br\/home\/wp-content\/uploads\/2024\/10\/Screenshot_20241016-220034.png?resize=350%2C200&ssl=1 1x, https:\/\/i0.wp.com\/blogdafeira.com.br\/home\/wp-content\/uploads\/2024\/10\/Screenshot_20241016-220034.png?resize=525%2C300&ssl=1 1.5x, https:\/\/i0.wp.com\/blogdafeira.com.br\/home\/wp-content\/uploads\/2024\/10\/Screenshot_20241016-220034.png?resize=700%2C400&ssl=1 2x, https:\/\/i0.wp.com\/blogdafeira.com.br\/home\/wp-content\/uploads\/2024\/10\/Screenshot_20241016-220034.png?resize=1050%2C600&ssl=1 3x"},"classes":[]},{"id":16430,"url":"https:\/\/blogdafeira.com.br\/home\/2015\/09\/02\/historiador-faz-carta-aberta-ao-prefeito-de-feira-sobre-brt-na-getulio\/","url_meta":{"origin":63980,"position":5},"title":"Historiador faz &#8220;Carta Aberta&#8221; ao Prefeito de Feira sobre BRT na Get\u00falio","author":"Blog da Feira","date":"02\/09\/2015","format":false,"excerpt":"Prezado prefeito Jos\u00e9 Ronaldo, Vejo por esses dias a Avenida Get\u00falio Vargas sendo esburacada por ordens suas, as \u00e1rvores, que o senhor garantiu que n\u00e3o seriam derrubadas, v\u00e3o ao ch\u00e3o sem a menor vergonha, o sinistro som a serra el\u00e9trica rivaliza com a pressa de carros velozes. Os flamboyants, musas\u2026","rel":"","context":"Em &quot;Home&quot;","block_context":{"text":"Home","link":"https:\/\/blogdafeira.com.br\/home\/categoria\/raiz\/"},"img":{"alt_text":"clovis ramaiana","src":"https:\/\/i0.wp.com\/blogdafeira.com.br\/home\/wp-content\/uploads\/2015\/09\/clovis-ramaiana.jpg?resize=350%2C200","width":350,"height":200,"srcset":"https:\/\/i0.wp.com\/blogdafeira.com.br\/home\/wp-content\/uploads\/2015\/09\/clovis-ramaiana.jpg?resize=350%2C200 1x, https:\/\/i0.wp.com\/blogdafeira.com.br\/home\/wp-content\/uploads\/2015\/09\/clovis-ramaiana.jpg?resize=525%2C300 1.5x"},"classes":[]}],"_links":{"self":[{"href":"https:\/\/blogdafeira.com.br\/home\/wp-json\/wp\/v2\/posts\/63980","targetHints":{"allow":["GET"]}}],"collection":[{"href":"https:\/\/blogdafeira.com.br\/home\/wp-json\/wp\/v2\/posts"}],"about":[{"href":"https:\/\/blogdafeira.com.br\/home\/wp-json\/wp\/v2\/types\/post"}],"author":[{"embeddable":true,"href":"https:\/\/blogdafeira.com.br\/home\/wp-json\/wp\/v2\/users\/8"}],"replies":[{"embeddable":true,"href":"https:\/\/blogdafeira.com.br\/home\/wp-json\/wp\/v2\/comments?post=63980"}],"version-history":[{"count":1,"href":"https:\/\/blogdafeira.com.br\/home\/wp-json\/wp\/v2\/posts\/63980\/revisions"}],"predecessor-version":[{"id":63982,"href":"https:\/\/blogdafeira.com.br\/home\/wp-json\/wp\/v2\/posts\/63980\/revisions\/63982"}],"wp:featuredmedia":[{"embeddable":true,"href":"https:\/\/blogdafeira.com.br\/home\/wp-json\/wp\/v2\/media\/63981"}],"wp:attachment":[{"href":"https:\/\/blogdafeira.com.br\/home\/wp-json\/wp\/v2\/media?parent=63980"}],"wp:term":[{"taxonomy":"category","embeddable":true,"href":"https:\/\/blogdafeira.com.br\/home\/wp-json\/wp\/v2\/categories?post=63980"},{"taxonomy":"post_tag","embeddable":true,"href":"https:\/\/blogdafeira.com.br\/home\/wp-json\/wp\/v2\/tags?post=63980"}],"curies":[{"name":"wp","href":"https:\/\/api.w.org\/{rel}","templated":true}]}}