{"id":64048,"date":"2024-10-01T09:57:26","date_gmt":"2024-10-01T12:57:26","guid":{"rendered":"https:\/\/blogdafeira.com.br\/home\/?p=64048"},"modified":"2025-01-31T21:44:19","modified_gmt":"2025-02-01T00:44:19","slug":"a-dimensao-no-qual-o-velho-vive-e-o-passado","status":"publish","type":"post","link":"https:\/\/blogdafeira.com.br\/home\/2024\/10\/01\/a-dimensao-no-qual-o-velho-vive-e-o-passado\/","title":{"rendered":"A dimens\u00e3o no qual o velho vive \u00e9 o passado"},"content":{"rendered":"<div id=\"blogd-1144035154\" class=\"blogd-fim-do-post-mobile blogd-entity-placement\" style=\"margin-left: auto;margin-right: auto;text-align: center;\"><a href=\"https:\/\/www.sefaz.feiradesantana.ba.gov.br\/\" target=\"_blank\" aria-label=\"728&#215;90 (6)\"><img loading=\"lazy\" decoding=\"async\" src=\"https:\/\/blogdafeira.com.br\/home\/wp-content\/uploads\/2026\/03\/728x90-6.gif\" alt=\"\"  class=\"no-lazyload\" width=\"728\" height=\"90\"  style=\"display: inline-block;\" \/><\/a><\/div><p>O mundo dos velhos, de todos os velhos, \u00e9, de modo mais ou menos intenso, o mundo da mem\u00f3ria. Dizemos : afinal, somos aquilo que pensamos, amamos, realizamos. E eu acrescentaria: somos aquilo que lembramos. Al\u00e9m dos afetos, que alimentamos, a nossa riqueza\u00a0 s\u00e3o os pensamentos que pensamos, as a\u00e7\u00f5es que cumprimos, as lembran\u00e7as que conservamos e n\u00e3o deixamos apagar e das quais somos o \u00fanico guardi\u00e3o. Que nos seja permitido viver enquanto as lembran\u00e7as n\u00e3o nos abandonarem e enquanto, de nossa parte, pudermos nos entregar a elas. A dimens\u00e3o na qual o velho vive \u00e9 o passado. O tempo do futuro \u00e9 para ele breve demais para dedicar seus pensamentos ao que estp\u00e1 por vir. A velhice, dizia aquele doente, dura pouco. Mas justamente porque ela dura pouco \u00e9 que devemos empregar o tempo menos para fazer projetos para um futuro distante ao qual n\u00e3o pertencemos, e mais para tentar entender, se pudemos, o sentido ou a falta de sentido de nossa vida. Concenteremo-nos . N\u00e3o desperdicemos o pouco tempo que nos resta. Percorramos de novo nosso caminho. As recorda\u00e7\u00f5es vir\u00e3o em nosso aux\u00edlio. No entanto, as recorda\u00e7\u00f5es n\u00e3o aflorarar\u00e3o se n\u00e3o as formos procurar nos recantos mais distantes da mem\u00f3ria. O relembrar \u00e9 uma atividade mental que n\u00e3o exercitamos com frequ\u00eancia porque \u00e9 desgastante ou embara\u00e7osa. Mas \u00e9 uma atividade salutar. Na rememora\u00e7\u00e3o reencontramos a n\u00f3s mesmos e a nossa identidade, n\u00e3o obstante os muitos anos transcorridos, os mil fatos vividos. Encontramos os anos que se perderam no tempo, as brincadeiras de rapaz, os vultos, as vozes, os gestos dos companheiros de escola, os lugares, sobretudo aqueles da inf\u00e2ncia, os mais distantes no tempo e, no entanto, os mais n\u00edtidos na mem\u00f3ria. Eu poderia descrever passo a passo, pedra a pedra, aquela estrada dos campos que percorr\u00edamos quando rapazes para chegar a uma herdade um pouco fora de m\u00e3o.<\/p><div id=\"blogd-1233707624\" class=\"blogd-conteudo-2-mobile blogd-entity-placement\"><a href=\"https:\/\/feirenses.com.br\/\" target=\"_blank\" aria-label=\"feirenses\"><img loading=\"lazy\" decoding=\"async\" src=\"https:\/\/blogdafeira.com.br\/home\/wp-content\/uploads\/2026\/04\/feirenses.png\" alt=\"\"  srcset=\"https:\/\/blogdafeira.com.br\/home\/wp-content\/uploads\/2026\/04\/feirenses.png 300w, https:\/\/blogdafeira.com.br\/home\/wp-content\/uploads\/2026\/04\/feirenses-170x45.png 170w, https:\/\/blogdafeira.com.br\/home\/wp-content\/uploads\/2026\/04\/feirenses-280x74.png 280w\" sizes=\"(max-width: 300px) 100vw, 300px\" class=\"no-lazyload\" width=\"300\" height=\"79\"  style=\"display: inline-block;\" \/><\/a><\/div>\n<div id=\"blogd-95399386\" class=\"blogd-final-post blogd-entity-placement\"><a href=\"https:\/\/www.feiradesantana.ba.leg.br\/\" target=\"_blank\" aria-label=\"BANNER-SITE-ENTREGADECHEQUE-CAMARADEFEIRA\"><img loading=\"lazy\" decoding=\"async\" src=\"https:\/\/blogdafeira.com.br\/home\/wp-content\/uploads\/2026\/03\/BANNER-SITE-ENTREGADECHEQUE-CAMARADEFEIRA.gif\" alt=\"\"  class=\"no-lazyload\" width=\"728\" height=\"90\"   \/><\/a><\/div><p><strong>Trecho extra\u00eddo do livro<\/strong> <strong>&#8220;O Tempo da Mem\u00f3ria &#8211; De Senectute e outros ensaios autobiogr\u00e1ficos&#8221;, de Noberto Bobbio,<\/strong> <em>fil\u00f3sofo e senador vital\u00edcio italiano. Norberto Bobbio faleceu em 9 de janeiro de 2004, em Turim, aos 94 anos de idade.<\/em><\/p>\n","protected":false},"excerpt":{"rendered":"<p>O mundo dos velhos, de todos os velhos, \u00e9, de modo mais ou menos intenso, o mundo da mem\u00f3ria. Dizemos : afinal, somos aquilo que pensamos, amamos, realizamos. E eu acrescentaria: somos aquilo que lembramos. Al\u00e9m dos afetos, que alimentamos, a nossa riqueza\u00a0 s\u00e3o os pensamentos que pensamos, as a\u00e7\u00f5es que cumprimos, as lembran\u00e7as que<\/p>\n","protected":false},"author":1,"featured_media":64052,"comment_status":"open","ping_status":"open","sticky":false,"template":"","format":"standard","meta":{"jetpack_post_was_ever_published":false,"cybocfi_hide_featured_image":"","_jetpack_newsletter_access":"","_jetpack_dont_email_post_to_subs":false,"_jetpack_newsletter_tier_id":0,"_jetpack_memberships_contains_paywalled_content":false,"_jetpack_memberships_contains_paid_content":false,"footnotes":"","jetpack_publicize_message":"","jetpack_publicize_feature_enabled":true,"jetpack_social_post_already_shared":true,"jetpack_social_options":{"image_generator_settings":{"template":"highway","default_image_id":0,"font":"","enabled":false},"version":2}},"categories":[592,1],"tags":[],"class_list":["post-64048","post","type-post","status-publish","format-standard","has-post-thumbnail","hentry","category-colunistas","category-raiz"],"jetpack_publicize_connections":[],"jetpack_featured_media_url":"https:\/\/blogdafeira.com.br\/home\/wp-content\/uploads\/2024\/10\/IMG_20241001_0949242083-scaled.jpg","jetpack_shortlink":"https:\/\/wp.me\/p3niVf-gF2","jetpack_sharing_enabled":true,"jetpack-related-posts":[{"id":33939,"url":"https:\/\/blogdafeira.com.br\/home\/2019\/11\/13\/noite-dupla-de-autografos-na-seriguela-petiscaria-hoje-a-noite-antonio-miranda-e-victor-mascarenhas\/","url_meta":{"origin":64048,"position":0},"title":"Noite &#8216;dupla&#8217; de aut\u00f3grafos na Seriguela Petiscaria hoje: Antonio Miranda e Victor Mascarenhas","author":"Norberto Bobbio","date":"13\/11\/2019","format":false,"excerpt":"Numa obra, realidades duras e \u2018causos\u2019 memor\u00e1veis, todos narrados com humor. Em outra, uma hist\u00f3ria ambientada no cen\u00e1rio musical dos anos 1980, tendo como pano de fundo o rock, trilha sonora da redemocratiza\u00e7\u00e3o do pa\u00eds. Parceiros em projetos sempre criativos, os dois autores apresentam seus livros nesta\u00a0 quarta-feira, 13, a\u2026","rel":"","context":"Em &quot;Home&quot;","block_context":{"text":"Home","link":"https:\/\/blogdafeira.com.br\/home\/categoria\/raiz\/"},"img":{"alt_text":"","src":"https:\/\/i0.wp.com\/blogdafeira.com.br\/home\/wp-content\/uploads\/2019\/11\/2019-11-13_07.45.29.jpg?resize=350%2C200","width":350,"height":200,"srcset":"https:\/\/i0.wp.com\/blogdafeira.com.br\/home\/wp-content\/uploads\/2019\/11\/2019-11-13_07.45.29.jpg?resize=350%2C200 1x, https:\/\/i0.wp.com\/blogdafeira.com.br\/home\/wp-content\/uploads\/2019\/11\/2019-11-13_07.45.29.jpg?resize=525%2C300 1.5x, https:\/\/i0.wp.com\/blogdafeira.com.br\/home\/wp-content\/uploads\/2019\/11\/2019-11-13_07.45.29.jpg?resize=700%2C400 2x"},"classes":[]},{"id":40201,"url":"https:\/\/blogdafeira.com.br\/home\/2020\/09\/07\/punk-estava-a-frente-do-seu-tempo\/","url_meta":{"origin":64048,"position":1},"title":"Punk estava \u00e0 frente do seu tempo","author":"Norberto Bobbio","date":"07\/09\/2020","format":false,"excerpt":"Marcio Punk, estava \u00e0 frente do seu tempo. Mesmo convivendo n\u00e3o conseguimos visualizar a real dimens\u00e3o do trabalho do artista. Procurei entender o artista neste pensamento. O artista \u00e9 um ser atemporal que, mimetizado em indiv\u00edduo comum, registra o esp\u00edrito de sua \u00e9poca enquanto projeta o futuro, o que paradoxalmente,\u2026","rel":"","context":"Em &quot;Cidade&quot;","block_context":{"text":"Cidade","link":"https:\/\/blogdafeira.com.br\/home\/categoria\/cidade\/"},"img":{"alt_text":"","src":"https:\/\/i0.wp.com\/blogdafeira.com.br\/home\/wp-content\/uploads\/2020\/09\/vivaldo-lima.jpg?resize=350%2C200&ssl=1","width":350,"height":200,"srcset":"https:\/\/i0.wp.com\/blogdafeira.com.br\/home\/wp-content\/uploads\/2020\/09\/vivaldo-lima.jpg?resize=350%2C200&ssl=1 1x, https:\/\/i0.wp.com\/blogdafeira.com.br\/home\/wp-content\/uploads\/2020\/09\/vivaldo-lima.jpg?resize=525%2C300&ssl=1 1.5x, https:\/\/i0.wp.com\/blogdafeira.com.br\/home\/wp-content\/uploads\/2020\/09\/vivaldo-lima.jpg?resize=700%2C400&ssl=1 2x, https:\/\/i0.wp.com\/blogdafeira.com.br\/home\/wp-content\/uploads\/2020\/09\/vivaldo-lima.jpg?resize=1050%2C600&ssl=1 3x, https:\/\/i0.wp.com\/blogdafeira.com.br\/home\/wp-content\/uploads\/2020\/09\/vivaldo-lima.jpg?resize=1400%2C800&ssl=1 4x"},"classes":[]},{"id":52123,"url":"https:\/\/blogdafeira.com.br\/home\/2022\/05\/06\/memorias-da-inflacao-nos-anos-1980\/","url_meta":{"origin":64048,"position":2},"title":"Mem\u00f3rias da infla\u00e7\u00e3o nos anos 1980","author":"Norberto Bobbio","date":"06\/05\/2022","format":false,"excerpt":"- Lembro bem daquele tempo de infla\u00e7\u00e3o, nos anos 1980. \u00c0s vezes a gente estava bem, at\u00e9 comprava iogurte, chocolate, biscoito recheado. Mas depois a situa\u00e7\u00e3o piorava de novo e voltavam os tempos duros. Durante muito tempo tomava caf\u00e9 preto, comia p\u00e3o sem margarina... Quem relembra isso \u00e9 um feirense\u2026","rel":"","context":"Em &quot;Colunistas&quot;","block_context":{"text":"Colunistas","link":"https:\/\/blogdafeira.com.br\/home\/categoria\/colunistas\/"},"img":{"alt_text":"","src":"https:\/\/i0.wp.com\/blogdafeira.com.br\/home\/wp-content\/uploads\/2022\/05\/50_back.jpg?resize=350%2C200&ssl=1","width":350,"height":200,"srcset":"https:\/\/i0.wp.com\/blogdafeira.com.br\/home\/wp-content\/uploads\/2022\/05\/50_back.jpg?resize=350%2C200&ssl=1 1x, https:\/\/i0.wp.com\/blogdafeira.com.br\/home\/wp-content\/uploads\/2022\/05\/50_back.jpg?resize=525%2C300&ssl=1 1.5x"},"classes":[]},{"id":50002,"url":"https:\/\/blogdafeira.com.br\/home\/2022\/01\/10\/embalos-de-sabado-a-noite-na-feirinha-do-sobradinho\/","url_meta":{"origin":64048,"position":3},"title":"Embalos de s\u00e1bado \u00e0 noite na feirinha do Sobradinho","author":"Norberto Bobbio","date":"10\/01\/2022","format":false,"excerpt":"\u201c...Parece que tem espinhos na cama...\u201d A frase \u00e9 o refr\u00e3o de uma can\u00e7\u00e3o do Trio Parada Dura. Ouvi-a muito no come\u00e7o dos anos 1980. Fazia bastante sucesso nas r\u00e1dios, tocava sempre. Mas \u2013 n\u00e3o sei exatamente por que \u2013 lembro que tocava infalivelmente nas noites de s\u00e1bado. Estava eu\u2026","rel":"","context":"Em &quot;Colunistas&quot;","block_context":{"text":"Colunistas","link":"https:\/\/blogdafeira.com.br\/home\/categoria\/colunistas\/"},"img":{"alt_text":"","src":"https:\/\/i0.wp.com\/blogdafeira.com.br\/home\/wp-content\/uploads\/2022\/01\/131360-3.jpg?resize=350%2C200&ssl=1","width":350,"height":200,"srcset":"https:\/\/i0.wp.com\/blogdafeira.com.br\/home\/wp-content\/uploads\/2022\/01\/131360-3.jpg?resize=350%2C200&ssl=1 1x, https:\/\/i0.wp.com\/blogdafeira.com.br\/home\/wp-content\/uploads\/2022\/01\/131360-3.jpg?resize=525%2C300&ssl=1 1.5x"},"classes":[]},{"id":63330,"url":"https:\/\/blogdafeira.com.br\/home\/2024\/08\/20\/cordelista-alda-cruz-94-anos-e-candidata-a-vereadora-em-sergipe\/","url_meta":{"origin":64048,"position":4},"title":"Cordelista Alda Cruz, 94 anos, \u00e9 candidata a vereadora em Sergipe","author":"Norberto Bobbio","date":"20\/08\/2024","format":false,"excerpt":"Uma mulher grande. Grande na idade. Grande em alguns de seus tantos feitos. Grande nos sonhos e grande, sobretudo, nos prop\u00f3sitos reais que t\u00eam pela frente e pra j\u00e1. Assim \u00e9 Alda Cruz, m\u00e3e de cinco filhos - um deles j\u00e1 do outro lado da vida -, 17 netos e\u2026","rel":"","context":"Em &quot;Colunistas&quot;","block_context":{"text":"Colunistas","link":"https:\/\/blogdafeira.com.br\/home\/categoria\/colunistas\/"},"img":{"alt_text":"","src":"https:\/\/i0.wp.com\/blogdafeira.com.br\/home\/wp-content\/uploads\/2024\/08\/cceac092bb9c50df.jpeg?resize=350%2C200&ssl=1","width":350,"height":200,"srcset":"https:\/\/i0.wp.com\/blogdafeira.com.br\/home\/wp-content\/uploads\/2024\/08\/cceac092bb9c50df.jpeg?resize=350%2C200&ssl=1 1x, https:\/\/i0.wp.com\/blogdafeira.com.br\/home\/wp-content\/uploads\/2024\/08\/cceac092bb9c50df.jpeg?resize=525%2C300&ssl=1 1.5x, https:\/\/i0.wp.com\/blogdafeira.com.br\/home\/wp-content\/uploads\/2024\/08\/cceac092bb9c50df.jpeg?resize=700%2C400&ssl=1 2x"},"classes":[]},{"id":45366,"url":"https:\/\/blogdafeira.com.br\/home\/2021\/05\/11\/pais-do-futuro-hoje-e-sem-futuro\/","url_meta":{"origin":64048,"position":5},"title":"Pa\u00eds do futuro hoje \u00e9 sem futuro","author":"Norberto Bobbio","date":"11\/05\/2021","format":false,"excerpt":"\u2013 Ningu\u00e9m discute mais o futuro, abandonou-se de vez o planejamento. O pa\u00eds do futuro do passado n\u00e3o tem mais futuro, s\u00f3 presente... O desabafo oportuno \u00e9 de um amigo que labuta com planejamento, com o debate sobre o desenvolvimento. Concordei, de imediato, com a avalia\u00e7\u00e3o. Depois fiquei matutando o\u2026","rel":"","context":"Em &quot;Colunistas&quot;","block_context":{"text":"Colunistas","link":"https:\/\/blogdafeira.com.br\/home\/categoria\/colunistas\/"},"img":{"alt_text":"","src":"https:\/\/i0.wp.com\/blogdafeira.com.br\/home\/wp-content\/uploads\/2021\/05\/IMG_2783-scaled.jpg?resize=350%2C200&ssl=1","width":350,"height":200,"srcset":"https:\/\/i0.wp.com\/blogdafeira.com.br\/home\/wp-content\/uploads\/2021\/05\/IMG_2783-scaled.jpg?resize=350%2C200&ssl=1 1x, https:\/\/i0.wp.com\/blogdafeira.com.br\/home\/wp-content\/uploads\/2021\/05\/IMG_2783-scaled.jpg?resize=525%2C300&ssl=1 1.5x, https:\/\/i0.wp.com\/blogdafeira.com.br\/home\/wp-content\/uploads\/2021\/05\/IMG_2783-scaled.jpg?resize=700%2C400&ssl=1 2x, https:\/\/i0.wp.com\/blogdafeira.com.br\/home\/wp-content\/uploads\/2021\/05\/IMG_2783-scaled.jpg?resize=1050%2C600&ssl=1 3x, https:\/\/i0.wp.com\/blogdafeira.com.br\/home\/wp-content\/uploads\/2021\/05\/IMG_2783-scaled.jpg?resize=1400%2C800&ssl=1 4x"},"classes":[]}],"_links":{"self":[{"href":"https:\/\/blogdafeira.com.br\/home\/wp-json\/wp\/v2\/posts\/64048","targetHints":{"allow":["GET"]}}],"collection":[{"href":"https:\/\/blogdafeira.com.br\/home\/wp-json\/wp\/v2\/posts"}],"about":[{"href":"https:\/\/blogdafeira.com.br\/home\/wp-json\/wp\/v2\/types\/post"}],"author":[{"embeddable":true,"href":"https:\/\/blogdafeira.com.br\/home\/wp-json\/wp\/v2\/users\/1"}],"replies":[{"embeddable":true,"href":"https:\/\/blogdafeira.com.br\/home\/wp-json\/wp\/v2\/comments?post=64048"}],"version-history":[{"count":4,"href":"https:\/\/blogdafeira.com.br\/home\/wp-json\/wp\/v2\/posts\/64048\/revisions"}],"predecessor-version":[{"id":64053,"href":"https:\/\/blogdafeira.com.br\/home\/wp-json\/wp\/v2\/posts\/64048\/revisions\/64053"}],"wp:featuredmedia":[{"embeddable":true,"href":"https:\/\/blogdafeira.com.br\/home\/wp-json\/wp\/v2\/media\/64052"}],"wp:attachment":[{"href":"https:\/\/blogdafeira.com.br\/home\/wp-json\/wp\/v2\/media?parent=64048"}],"wp:term":[{"taxonomy":"category","embeddable":true,"href":"https:\/\/blogdafeira.com.br\/home\/wp-json\/wp\/v2\/categories?post=64048"},{"taxonomy":"post_tag","embeddable":true,"href":"https:\/\/blogdafeira.com.br\/home\/wp-json\/wp\/v2\/tags?post=64048"}],"curies":[{"name":"wp","href":"https:\/\/api.w.org\/{rel}","templated":true}]}}