{"id":64153,"date":"2024-10-08T19:18:01","date_gmt":"2024-10-08T22:18:01","guid":{"rendered":"https:\/\/blogdafeira.com.br\/home\/?p=64153"},"modified":"2025-01-31T21:44:17","modified_gmt":"2025-02-01T00:44:17","slug":"agronomo-ideval-martins-o-apicultor-e-um-guardiao-da-naturezao-agronomo-guardiao-da-natureza-que-fez-da-feira-uma-grande-produtora-de-mel","status":"publish","type":"post","link":"https:\/\/blogdafeira.com.br\/home\/2024\/10\/08\/agronomo-ideval-martins-o-apicultor-e-um-guardiao-da-naturezao-agronomo-guardiao-da-natureza-que-fez-da-feira-uma-grande-produtora-de-mel\/","title":{"rendered":"Agr\u00f4nomo Ideval Martins: &#8220;o apicultor \u00e9 um guardi\u00e3o da natureza&#8221;"},"content":{"rendered":"<div id=\"blogd-3192816654\" class=\"blogd-fim-do-post-mobile blogd-entity-placement\" style=\"margin-left: auto;margin-right: auto;text-align: center;\"><a href=\"https:\/\/www.sefaz.feiradesantana.ba.gov.br\/\" target=\"_blank\" aria-label=\"728&#215;90 (6)\"><img loading=\"lazy\" decoding=\"async\" src=\"https:\/\/blogdafeira.com.br\/home\/wp-content\/uploads\/2026\/03\/728x90-6.gif\" alt=\"\"  class=\"no-lazyload\" width=\"728\" height=\"90\"  style=\"display: inline-block;\" \/><\/a><\/div><p>&#8220;<em>Se acabarem as abelhas em 4 meses, o mundo passar\u00e1 fome&#8221;.<\/em> A frase do f\u00edsico alem\u00e3o Albert Einstein, que pode parecer excessivamente forte, na opini\u00e3o do experiente apicultor feirense Ideval Martins, representa a pura verdade. Ele observa que, embora comercialmente a abelha seja valorizada pela produ\u00e7\u00e3o de mel, pr\u00f3polis e cera, a maior import\u00e2ncia desse pequeno e laborioso inseto est\u00e1 na sua atividade de poliniza\u00e7\u00e3o, que possibilita a reprodu\u00e7\u00e3o de 70% das esp\u00e9cies vegetais existentes no planeta.<\/p><div id=\"blogd-4062223771\" class=\"blogd-conteudo-2-mobile blogd-entity-placement\"><a href=\"https:\/\/feirenses.com.br\/\" target=\"_blank\" aria-label=\"feirenses\"><img loading=\"lazy\" decoding=\"async\" src=\"https:\/\/blogdafeira.com.br\/home\/wp-content\/uploads\/2026\/04\/feirenses.png\" alt=\"\"  srcset=\"https:\/\/blogdafeira.com.br\/home\/wp-content\/uploads\/2026\/04\/feirenses.png 300w, https:\/\/blogdafeira.com.br\/home\/wp-content\/uploads\/2026\/04\/feirenses-170x45.png 170w, https:\/\/blogdafeira.com.br\/home\/wp-content\/uploads\/2026\/04\/feirenses-280x74.png 280w\" sizes=\"(max-width: 300px) 100vw, 300px\" class=\"no-lazyload\" width=\"300\" height=\"79\"  style=\"display: inline-block;\" \/><\/a><\/div>\n<p>No Dia Nacional da Abelha, celebrado no \u00faltimo dia 3 de outubro, Ideval Martins ratificou o que disse o cientista alem\u00e3o, naturalizado su\u00ed\u00e7o e depois americano, ressaltando que o planeta depende das abelhas, o que confere aos apicultores muita responsabilidade. Desde crian\u00e7a na atividade, ajudando o pai Jos\u00e9 Martins, conhecido como \u201cZez\u00e9 do Rato\u201d, considerado o respons\u00e1vel pelo desenvolvimento da apicultura na Bahia, Ideval dedica-se profissionalmente \u00e0 atividade desde 1978, quando se formou em Agronomia, especializando-se na \u00e1rea onde atua.<\/p>\n<p>Nesses quase 50 anos na atividade, tem desenvolvido experi\u00eancias interessantes, como a apicultura migrat\u00f3ria, muito desgastante, atuando paralelamente no Cear\u00e1, Piau\u00ed e Bahia, mas fixando-se ultimamente na Fazenda Crist\u00f3v\u00e3o, na regi\u00e3o lim\u00edtrofe dos munic\u00edpios de Feira de Santana e S\u00e3o Gon\u00e7alo, onde mant\u00e9m suas colmeias de abelhas \u201coropa\u201d, que s\u00e3o resultantes do cruzamento de abelhas italianas com africanas. Essa miscigena\u00e7\u00e3o realizada h\u00e1 v\u00e1rias d\u00e9cadas fez surgir uma esp\u00e9cie que, embora mais agressiva que as nativas, \u00e9 vigorosa, produtiva e livre de doen\u00e7as.<\/p>\n<p>O maior cuidado exigido no manejo dessa esp\u00e9cie \u00e9 compensado pela produtividade, o que \u00e9 importante do ponto de vista comercial, como observa Ideval. As abelhas nativas, a exemplo da uru\u00e7u, que \u00e9 muito conhecida, tamb\u00e9m s\u00e3o importantes e precisam ser preservadas, mas significam pouco devido \u00e0 baixa produ\u00e7\u00e3o de mel. Como n\u00e3o t\u00eam ferr\u00e3o, essas esp\u00e9cies s\u00e3o criadas quase diletantemente.<\/p>\n<p>Ele revela que, no momento, com o in\u00edcio da primavera, a apicultura regional vive um per\u00edodo muito bom e a produ\u00e7\u00e3o de mel tem \u00f3timas perspectivas. O litro de mel est\u00e1 sendo vendido a R$ 60 no varejo, e o pre\u00e7o ao produtor gira em torno de R$ 22. Um litro corresponde a 13 kg.<\/p>\n<p><img loading=\"lazy\" decoding=\"async\" class=\"aligncenter size-full wp-image-64155\" src=\"https:\/\/blogdafeira.com.br\/home\/wp-content\/uploads\/2024\/10\/Zeze-do-Rato-Foto-Arquivo-Pessoal-31.jpeg\" alt=\"\" width=\"866\" height=\"1299\" srcset=\"https:\/\/blogdafeira.com.br\/home\/wp-content\/uploads\/2024\/10\/Zeze-do-Rato-Foto-Arquivo-Pessoal-31.jpeg 866w, https:\/\/blogdafeira.com.br\/home\/wp-content\/uploads\/2024\/10\/Zeze-do-Rato-Foto-Arquivo-Pessoal-31-200x300.jpeg 200w, https:\/\/blogdafeira.com.br\/home\/wp-content\/uploads\/2024\/10\/Zeze-do-Rato-Foto-Arquivo-Pessoal-31-683x1024.jpeg 683w, https:\/\/blogdafeira.com.br\/home\/wp-content\/uploads\/2024\/10\/Zeze-do-Rato-Foto-Arquivo-Pessoal-31-100x150.jpeg 100w, https:\/\/blogdafeira.com.br\/home\/wp-content\/uploads\/2024\/10\/Zeze-do-Rato-Foto-Arquivo-Pessoal-31-768x1152.jpeg 768w, https:\/\/blogdafeira.com.br\/home\/wp-content\/uploads\/2024\/10\/Zeze-do-Rato-Foto-Arquivo-Pessoal-31-125x187.jpeg 125w\" sizes=\"auto, (max-width: 866px) 100vw, 866px\" \/><\/p>\n<p>Ideval destaca o papel do apicultor como uma esp\u00e9cie de guardi\u00e3o ou zelador da natureza, j\u00e1 que, para ter abelhas, \u00e9 necess\u00e1rio contar com um ambiente prop\u00edcio. \u201cAgora mesmo plantei 600 p\u00e9s de sabi\u00e1, que \u00e9 uma leguminosa muito utilizada para fazer estacas e boa tamb\u00e9m para as abelhas\u201d. Al\u00e9m disso, a flora nativa conta com v\u00e1rias esp\u00e9cies que atraem as abelhas, como guabiraba, candeia, feij\u00e3o-do-mato, jurema, jitirana, vassourinha-branca, cajueiro e mangueira, v\u00e1rias delas em tempo de flora\u00e7\u00e3o.<\/p>\n<p>A atividade na macrorregi\u00e3o de Feira de Santana deve contar com algumas centenas de pequenos apicultores, mas, na inexist\u00eancia de uma cooperativa ou entidade de classe, Ideval Martins cumpre uma miss\u00e3o fundamental, adquirindo a produ\u00e7\u00e3o, mas tamb\u00e9m realizando cursos, disponibilizando equipamentos e, ao mesmo tempo, propiciando orienta\u00e7\u00e3o aos criadores que escoam a produ\u00e7\u00e3o atrav\u00e9s do Api\u00e1rio Favo de Ouro, detentor do selo do Servi\u00e7o de Inspe\u00e7\u00e3o Federal (SIF), emitido pelo Minist\u00e9rio da Agricultura.<\/p>\n<div id=\"blogd-3631392088\" class=\"blogd-final-post blogd-entity-placement\"><a href=\"https:\/\/www.feiradesantana.ba.leg.br\/\" target=\"_blank\" aria-label=\"BANNER-SITE-ENTREGADECHEQUE-CAMARADEFEIRA\"><img loading=\"lazy\" decoding=\"async\" src=\"https:\/\/blogdafeira.com.br\/home\/wp-content\/uploads\/2026\/03\/BANNER-SITE-ENTREGADECHEQUE-CAMARADEFEIRA.gif\" alt=\"\"  class=\"no-lazyload\" width=\"728\" height=\"90\"   \/><\/a><\/div><p>O selo do SIF, que garante a qualidade do produto, \u00e9 fruto de um processo trabalhoso e, para o consumidor, \u00e9 fundamental. Um produto com o SIF \u00e9 recebido com confian\u00e7a no mercado nacional, como acontece com os produtos do Api\u00e1rio Favo de Mel, ressalta o experiente apicultor<\/p>\n","protected":false},"excerpt":{"rendered":"<p>&#8220;Se acabarem as abelhas em 4 meses, o mundo passar\u00e1 fome&#8221;. A frase do f\u00edsico alem\u00e3o Albert Einstein, que pode parecer excessivamente forte, na opini\u00e3o do experiente apicultor feirense Ideval Martins, representa a pura verdade. Ele observa que, embora comercialmente a abelha seja valorizada pela produ\u00e7\u00e3o de mel, pr\u00f3polis e cera, a maior import\u00e2ncia desse<\/p>\n","protected":false},"author":1,"featured_media":64154,"comment_status":"open","ping_status":"open","sticky":false,"template":"","format":"standard","meta":{"jetpack_post_was_ever_published":false,"cybocfi_hide_featured_image":"","_jetpack_newsletter_access":"","_jetpack_dont_email_post_to_subs":false,"_jetpack_newsletter_tier_id":0,"_jetpack_memberships_contains_paywalled_content":false,"_jetpack_memberships_contains_paid_content":false,"footnotes":"","jetpack_publicize_message":"","jetpack_publicize_feature_enabled":true,"jetpack_social_post_already_shared":true,"jetpack_social_options":{"image_generator_settings":{"template":"highway","default_image_id":0,"font":"","enabled":false},"version":2}},"categories":[751,1],"tags":[],"class_list":["post-64153","post","type-post","status-publish","format-standard","has-post-thumbnail","hentry","category-geral","category-raiz"],"jetpack_publicize_connections":[],"jetpack_featured_media_url":"https:\/\/blogdafeira.com.br\/home\/wp-content\/uploads\/2024\/10\/abelhas.jpg","jetpack_shortlink":"https:\/\/wp.me\/p3niVf-gGJ","jetpack_sharing_enabled":true,"jetpack-related-posts":[{"id":68553,"url":"https:\/\/blogdafeira.com.br\/home\/2025\/07\/23\/inseto-africano-chega-na-bahia-e-ameaca-a-producao-de-mel-de-abelha\/","url_meta":{"origin":64153,"position":0},"title":"Inseto africano chega na Bahia e amea\u00e7a a produ\u00e7\u00e3o de mel de abelha","author":"Secom\/ZadirPorto","date":"23\/07\/2025","format":false,"excerpt":"Aetina Tumida ou \"Pequeno Besouro das Colmeias\" \u00e9 um inseto nativo do continente Africano que chegou este ano\u00a0 no Brasil este ano que se tornou uma praga que pode causar s\u00e9rios preju\u00edzos \u00e0 produ\u00e7\u00e3o ap\u00edcola, como a diminui\u00e7\u00e3o da produtividade e abandono de enxames de abelhas. A Ag\u00eancia de Defesa\u2026","rel":"","context":"Em &quot;Distritos&quot;","block_context":{"text":"Distritos","link":"https:\/\/blogdafeira.com.br\/home\/categoria\/distritos\/"},"img":{"alt_text":"","src":"https:\/\/i0.wp.com\/blogdafeira.com.br\/home\/wp-content\/uploads\/2025\/07\/images.jpeg?resize=350%2C200&ssl=1","width":350,"height":200},"classes":[]},{"id":37469,"url":"https:\/\/blogdafeira.com.br\/home\/2020\/05\/03\/jandairas-e-marimbondos\/","url_meta":{"origin":64153,"position":1},"title":"Janda\u00edras e Marimbondos","author":"Secom\/ZadirPorto","date":"03\/05\/2020","format":false,"excerpt":"HAVIA EM MOSSOR\u00d3\u00a0 um padre sisudo e de serm\u00f5es\u00a0 insuport\u00e1veis na missa de domingo \u00e0 noite. era o\u00a0 vig\u00e1rio da catedral de santa luzia onde eu\u00a0 eventualmente ia quando perdia a missa da manh\u00e3 com padre S\u00e1tyro Dantas\u00a0 na capela de s\u00e3o vicente. chamava-se Huberto Bruening. chegara a mossor\u00f3 ainda\u2026","rel":"","context":"Em &quot;Colunistas&quot;","block_context":{"text":"Colunistas","link":"https:\/\/blogdafeira.com.br\/home\/categoria\/colunistas\/"},"img":{"alt_text":"","src":"https:\/\/i0.wp.com\/blogdafeira.com.br\/home\/wp-content\/uploads\/2020\/05\/20200425_080714_HDR.jpg?resize=350%2C200&ssl=1","width":350,"height":200,"srcset":"https:\/\/i0.wp.com\/blogdafeira.com.br\/home\/wp-content\/uploads\/2020\/05\/20200425_080714_HDR.jpg?resize=350%2C200&ssl=1 1x, https:\/\/i0.wp.com\/blogdafeira.com.br\/home\/wp-content\/uploads\/2020\/05\/20200425_080714_HDR.jpg?resize=525%2C300&ssl=1 1.5x, https:\/\/i0.wp.com\/blogdafeira.com.br\/home\/wp-content\/uploads\/2020\/05\/20200425_080714_HDR.jpg?resize=700%2C400&ssl=1 2x, https:\/\/i0.wp.com\/blogdafeira.com.br\/home\/wp-content\/uploads\/2020\/05\/20200425_080714_HDR.jpg?resize=1050%2C600&ssl=1 3x, https:\/\/i0.wp.com\/blogdafeira.com.br\/home\/wp-content\/uploads\/2020\/05\/20200425_080714_HDR.jpg?resize=1400%2C800&ssl=1 4x"},"classes":[]},{"id":70335,"url":"https:\/\/blogdafeira.com.br\/home\/2025\/11\/21\/concurso-na-fenagro-vai-avaliar-a-qualidade-do-mel-produzido-na-bahia\/","url_meta":{"origin":64153,"position":2},"title":"Concurso na Fenagro vai avaliar a qualidade do mel produzido na Bahia","author":"Secom\/ZadirPorto","date":"21\/11\/2025","format":false,"excerpt":"*Seagri leva concurso de qualidade do mel para a Fenagro 2025* Produtores de mel da Bahia ter\u00e3o a oportunidade de mostrar a excel\u00eancia de sua produ\u00e7\u00e3o durante a Fenagro 2025 \u2013 Feira Internacional da Agropecu\u00e1ria da Bahia, que acontece de 29 de novembro a 7 de dezembro, no Parque de\u2026","rel":"","context":"Em &quot;Economia&quot;","block_context":{"text":"Economia","link":"https:\/\/blogdafeira.com.br\/home\/categoria\/economia\/"},"img":{"alt_text":"","src":"https:\/\/i0.wp.com\/blogdafeira.com.br\/home\/wp-content\/uploads\/2025\/11\/IMG-20251121-WA0016.jpg?resize=350%2C200&ssl=1","width":350,"height":200,"srcset":"https:\/\/i0.wp.com\/blogdafeira.com.br\/home\/wp-content\/uploads\/2025\/11\/IMG-20251121-WA0016.jpg?resize=350%2C200&ssl=1 1x, https:\/\/i0.wp.com\/blogdafeira.com.br\/home\/wp-content\/uploads\/2025\/11\/IMG-20251121-WA0016.jpg?resize=525%2C300&ssl=1 1.5x, https:\/\/i0.wp.com\/blogdafeira.com.br\/home\/wp-content\/uploads\/2025\/11\/IMG-20251121-WA0016.jpg?resize=700%2C400&ssl=1 2x"},"classes":[]},{"id":60970,"url":"https:\/\/blogdafeira.com.br\/home\/2024\/01\/29\/pedra-de-abelha\/","url_meta":{"origin":64153,"position":3},"title":"Pedra de Abelha","author":"Secom\/ZadirPorto","date":"29\/01\/2024","format":false,"excerpt":"Pedra de Abelha. Depois do Rio Tapuio, na BR 405, sentido Mossor\u00f3-Pau dos Ferros, entre \u00e0 esquerda, uma l\u00e9gua depois, voc\u00ea est\u00e1 em Felipe Guerra, chamada no princ\u00edpio Pedra de Abelha. Com esse nome entrou na hist\u00f3ria do Canga\u00e7o quando da tentativa, fracassada, de Lampi\u00e3o achacar Mossor\u00f3. Um dos ref\u00e9ns\u2026","rel":"","context":"Em &quot;Colunistas&quot;","block_context":{"text":"Colunistas","link":"https:\/\/blogdafeira.com.br\/home\/categoria\/colunistas\/"},"img":{"alt_text":"","src":"https:\/\/i0.wp.com\/blogdafeira.com.br\/home\/wp-content\/uploads\/2024\/01\/IMG_20240120_102733343-scaled.jpg?resize=350%2C200&ssl=1","width":350,"height":200,"srcset":"https:\/\/i0.wp.com\/blogdafeira.com.br\/home\/wp-content\/uploads\/2024\/01\/IMG_20240120_102733343-scaled.jpg?resize=350%2C200&ssl=1 1x, https:\/\/i0.wp.com\/blogdafeira.com.br\/home\/wp-content\/uploads\/2024\/01\/IMG_20240120_102733343-scaled.jpg?resize=525%2C300&ssl=1 1.5x, https:\/\/i0.wp.com\/blogdafeira.com.br\/home\/wp-content\/uploads\/2024\/01\/IMG_20240120_102733343-scaled.jpg?resize=700%2C400&ssl=1 2x, https:\/\/i0.wp.com\/blogdafeira.com.br\/home\/wp-content\/uploads\/2024\/01\/IMG_20240120_102733343-scaled.jpg?resize=1050%2C600&ssl=1 3x, https:\/\/i0.wp.com\/blogdafeira.com.br\/home\/wp-content\/uploads\/2024\/01\/IMG_20240120_102733343-scaled.jpg?resize=1400%2C800&ssl=1 4x"},"classes":[]},{"id":23466,"url":"https:\/\/blogdafeira.com.br\/home\/2016\/09\/08\/abelhas-italianas-atacam-pedestres-no-centro-de-feira-de-santana\/","url_meta":{"origin":64153,"position":4},"title":"Abelhas italianas atacam pedestres no centro de Feira de Santana","author":"Secom\/ZadirPorto","date":"08\/09\/2016","format":false,"excerpt":"Um enxame de abelhas italianas se instalou \u00a0na coluna de uma placa de out-door no centro de Feira e obrigou a Prefeitura a isolar uma \u00e1rea de passagem de pedestres entre a Marechal e a Sales Barbosa,pr\u00f3xima ao Abrigo O Predileto. O Corpo de Bombeiros j\u00e1 esteve no local mas\u2026","rel":"","context":"Em &quot;Home&quot;","block_context":{"text":"Home","link":"https:\/\/blogdafeira.com.br\/home\/categoria\/raiz\/"},"img":{"alt_text":"IMG_20160908_131745371","src":"https:\/\/i0.wp.com\/blogdafeira.com.br\/home\/wp-content\/uploads\/2016\/09\/IMG_20160908_131745371-576x1024.jpg?resize=350%2C200","width":350,"height":200,"srcset":"https:\/\/i0.wp.com\/blogdafeira.com.br\/home\/wp-content\/uploads\/2016\/09\/IMG_20160908_131745371-576x1024.jpg?resize=350%2C200 1x, https:\/\/i0.wp.com\/blogdafeira.com.br\/home\/wp-content\/uploads\/2016\/09\/IMG_20160908_131745371-576x1024.jpg?resize=525%2C300 1.5x"},"classes":[]},{"id":34396,"url":"https:\/\/blogdafeira.com.br\/home\/2019\/12\/05\/jovens-de-irece-aprendem-a-fazer-cosmeticos-a-base-de-mel-de-abelha-em-curso-da-codevasf\/","url_meta":{"origin":64153,"position":5},"title":"Jovens de Irec\u00ea aprendem a fazer cosm\u00e9ticos \u00e0 base de mel de abelha em curso da Codevasf","author":"Secom\/ZadirPorto","date":"05\/12\/2019","format":false,"excerpt":"A Companhia de Desenvolvimento dos Vales do S\u00e3o Francisco e do Parna\u00edba (Codevasf) promove nesta semana o curso de manipula\u00e7\u00e3o e cosmetologia com produtos de abelhas em Irec\u00ea (BA) A a\u00e7\u00e3o do Projeto Amanh\u00e3 beneficia 20 jovens das comunidades baianas de Vereda, no munic\u00edpio de Central, e Prevenido, no munic\u00edpio\u2026","rel":"","context":"Em &quot;Home&quot;","block_context":{"text":"Home","link":"https:\/\/blogdafeira.com.br\/home\/categoria\/raiz\/"},"img":{"alt_text":"","src":"https:\/\/i0.wp.com\/blogdafeira.com.br\/home\/wp-content\/uploads\/2019\/12\/download-6-1.jpeg?resize=350%2C200","width":350,"height":200},"classes":[]}],"_links":{"self":[{"href":"https:\/\/blogdafeira.com.br\/home\/wp-json\/wp\/v2\/posts\/64153","targetHints":{"allow":["GET"]}}],"collection":[{"href":"https:\/\/blogdafeira.com.br\/home\/wp-json\/wp\/v2\/posts"}],"about":[{"href":"https:\/\/blogdafeira.com.br\/home\/wp-json\/wp\/v2\/types\/post"}],"author":[{"embeddable":true,"href":"https:\/\/blogdafeira.com.br\/home\/wp-json\/wp\/v2\/users\/1"}],"replies":[{"embeddable":true,"href":"https:\/\/blogdafeira.com.br\/home\/wp-json\/wp\/v2\/comments?post=64153"}],"version-history":[{"count":2,"href":"https:\/\/blogdafeira.com.br\/home\/wp-json\/wp\/v2\/posts\/64153\/revisions"}],"predecessor-version":[{"id":64157,"href":"https:\/\/blogdafeira.com.br\/home\/wp-json\/wp\/v2\/posts\/64153\/revisions\/64157"}],"wp:featuredmedia":[{"embeddable":true,"href":"https:\/\/blogdafeira.com.br\/home\/wp-json\/wp\/v2\/media\/64154"}],"wp:attachment":[{"href":"https:\/\/blogdafeira.com.br\/home\/wp-json\/wp\/v2\/media?parent=64153"}],"wp:term":[{"taxonomy":"category","embeddable":true,"href":"https:\/\/blogdafeira.com.br\/home\/wp-json\/wp\/v2\/categories?post=64153"},{"taxonomy":"post_tag","embeddable":true,"href":"https:\/\/blogdafeira.com.br\/home\/wp-json\/wp\/v2\/tags?post=64153"}],"curies":[{"name":"wp","href":"https:\/\/api.w.org\/{rel}","templated":true}]}}