{"id":64281,"date":"2024-10-15T09:23:26","date_gmt":"2024-10-15T12:23:26","guid":{"rendered":"https:\/\/blogdafeira.com.br\/home\/?p=64281"},"modified":"2025-03-06T23:11:22","modified_gmt":"2025-03-07T02:11:22","slug":"feira-tem-1-500-taxis-prefeitura-faz-vistoria-na-frota-ate-o-20-de-dezembro","status":"publish","type":"post","link":"https:\/\/blogdafeira.com.br\/home\/2024\/10\/15\/feira-tem-1-500-taxis-prefeitura-faz-vistoria-na-frota-ate-o-20-de-dezembro\/","title":{"rendered":"Feira tem 1.500 t\u00e1xis; Prefeitura faz vistoria na frota at\u00e9 dia 20 de dezembro"},"content":{"rendered":"<div id=\"blogd-2657903185\" class=\"blogd-fim-do-post-mobile blogd-entity-placement\" style=\"margin-left: auto;margin-right: auto;text-align: center;\"><a href=\"https:\/\/www.sefaz.feiradesantana.ba.gov.br\/\" target=\"_blank\" aria-label=\"728&#215;90 (6)\"><img loading=\"lazy\" decoding=\"async\" src=\"https:\/\/blogdafeira.com.br\/home\/wp-content\/uploads\/2026\/03\/728x90-6.gif\" alt=\"\"  class=\"no-lazyload\" width=\"728\" height=\"90\"  style=\"display: inline-block;\" \/><\/a><\/div><p>S\u00e3o 1.500 t\u00e1xis em Feira de Santana, segundo a Prefeitura de Feira de Santana que est\u00e1 realizando\u00a0 vistoria anual e obrigat\u00f3ria dessa frota de\u00a0 ve\u00edculos at\u00e9 o dia 20 de dezembro. A fiscaliza\u00e7\u00e3o ocorre de segunda a sexta-feira, em dois turnos: das 9h \u00e0s 11h30, e das 14h \u00e0s 16h30. Para agilizar o atendimento, ser\u00e3o vistoriados 30 ve\u00edculos por dia, seguindo a ordem de chegada.<\/p><div id=\"blogd-1876425471\" class=\"blogd-conteudo-2-mobile blogd-entity-placement\"><a href=\"https:\/\/feirenses.com.br\/\" target=\"_blank\" aria-label=\"feirenses\"><img loading=\"lazy\" decoding=\"async\" src=\"https:\/\/blogdafeira.com.br\/home\/wp-content\/uploads\/2026\/04\/feirenses.png\" alt=\"\"  srcset=\"https:\/\/blogdafeira.com.br\/home\/wp-content\/uploads\/2026\/04\/feirenses.png 300w, https:\/\/blogdafeira.com.br\/home\/wp-content\/uploads\/2026\/04\/feirenses-170x45.png 170w, https:\/\/blogdafeira.com.br\/home\/wp-content\/uploads\/2026\/04\/feirenses-280x74.png 280w\" sizes=\"(max-width: 300px) 100vw, 300px\" class=\"no-lazyload\" width=\"300\" height=\"79\"  style=\"display: inline-block;\" \/><\/a><\/div>\n<p>Os taxistas j\u00e1 foram categoria mais forte e influente. Tinha um\u00a0 Sindicato atuante: o presidente, Liomar Ferreira, chegou a ser vereador do Munic\u00edpio. A chegada das motos, e agora os aplicativos, jogaram os t\u00e1xis pra baixo.<\/p>\n<div id=\"blogd-1597789830\" class=\"blogd-final-post blogd-entity-placement\"><a href=\"https:\/\/www.feiradesantana.ba.leg.br\/\" target=\"_blank\" aria-label=\"BANNER-SITE-ENTREGADECHEQUE-CAMARADEFEIRA\"><img loading=\"lazy\" decoding=\"async\" src=\"https:\/\/blogdafeira.com.br\/home\/wp-content\/uploads\/2026\/03\/BANNER-SITE-ENTREGADECHEQUE-CAMARADEFEIRA.gif\" alt=\"\"  class=\"no-lazyload\" width=\"728\" height=\"90\"   \/><\/a><\/div><p>No Congresso tramita projeto pra incluir oferta de &#8216;t\u00e1xis&#8217; nesses apps. &#8220;<em>Nesses aplicativos constam os servi\u00e7os que cada plataforma oferece, como Confort, Black, Pet<\/em>&#8220;, explica o autor da proposta, deputado Gilvan Maximo (Republicanos-DF). &#8220;<em>Nada mais justo que elas apresentem, em suas op\u00e7\u00f5es de deslocamento, a op\u00e7\u00e3o t\u00e1xi\u201d<\/em>, defende o parlamentar.<\/p>\n","protected":false},"excerpt":{"rendered":"<p>S\u00e3o 1.500 t\u00e1xis em Feira de Santana, segundo a Prefeitura de Feira de Santana que est\u00e1 realizando\u00a0 vistoria anual e obrigat\u00f3ria dessa frota de\u00a0 ve\u00edculos at\u00e9 o dia 20 de dezembro. A fiscaliza\u00e7\u00e3o ocorre de segunda a sexta-feira, em dois turnos: das 9h \u00e0s 11h30, e das 14h \u00e0s 16h30. Para agilizar o atendimento, ser\u00e3o<\/p>\n","protected":false},"author":1,"featured_media":64282,"comment_status":"open","ping_status":"open","sticky":false,"template":"","format":"standard","meta":{"jetpack_post_was_ever_published":false,"cybocfi_hide_featured_image":"","_jetpack_newsletter_access":"","_jetpack_dont_email_post_to_subs":false,"_jetpack_newsletter_tier_id":0,"_jetpack_memberships_contains_paywalled_content":false,"_jetpack_memberships_contains_paid_content":false,"footnotes":"","jetpack_publicize_message":"","jetpack_publicize_feature_enabled":true,"jetpack_social_post_already_shared":true,"jetpack_social_options":{"image_generator_settings":{"template":"highway","default_image_id":0,"font":"","enabled":false},"version":2}},"categories":[3,1],"tags":[],"class_list":["post-64281","post","type-post","status-publish","format-standard","has-post-thumbnail","hentry","category-cidade","category-raiz"],"jetpack_publicize_connections":[],"jetpack_featured_media_url":"https:\/\/blogdafeira.com.br\/home\/wp-content\/uploads\/2024\/10\/20180918_170148_HDR-scaled.jpg","jetpack_shortlink":"https:\/\/wp.me\/p3niVf-gIN","jetpack_sharing_enabled":true,"jetpack-related-posts":[{"id":60673,"url":"https:\/\/blogdafeira.com.br\/home\/2024\/01\/03\/feira-tem-1350-taxis-219-ainda-foram-vistoriados-pela-prefeitura\/","url_meta":{"origin":64281,"position":0},"title":"Feira tem 1350 t\u00e1xis; 219 ainda n\u00e3o foram vistoriados pela Prefeitura","author":"Blog da Feira","date":"03\/01\/2024","format":false,"excerpt":"Taxistas de Feira de Santana que ainda n\u00e3o realizaram a vistoria anual obrigat\u00f3ria de ve\u00edculos do Sistema de Transporte Individual de Passageiros por T\u00e1xi (STIP) tem at\u00e9 o dia 12 para comparecer \u00e0 garagem da SOMA, situada \u00e0 rua Tupinamb\u00e1, s\/n, bairro S\u00e3o Jo\u00e3o. O prazo extra foi concedido pela\u2026","rel":"","context":"Em &quot;Geral&quot;","block_context":{"text":"Geral","link":"https:\/\/blogdafeira.com.br\/home\/categoria\/geral\/"},"img":{"alt_text":"","src":"https:\/\/i0.wp.com\/blogdafeira.com.br\/home\/wp-content\/uploads\/2024\/01\/acfe8a59-f85c-4ad5-ae49-c67d104b9b13.jpg?resize=350%2C200&ssl=1","width":350,"height":200,"srcset":"https:\/\/i0.wp.com\/blogdafeira.com.br\/home\/wp-content\/uploads\/2024\/01\/acfe8a59-f85c-4ad5-ae49-c67d104b9b13.jpg?resize=350%2C200&ssl=1 1x, https:\/\/i0.wp.com\/blogdafeira.com.br\/home\/wp-content\/uploads\/2024\/01\/acfe8a59-f85c-4ad5-ae49-c67d104b9b13.jpg?resize=525%2C300&ssl=1 1.5x, https:\/\/i0.wp.com\/blogdafeira.com.br\/home\/wp-content\/uploads\/2024\/01\/acfe8a59-f85c-4ad5-ae49-c67d104b9b13.jpg?resize=700%2C400&ssl=1 2x, https:\/\/i0.wp.com\/blogdafeira.com.br\/home\/wp-content\/uploads\/2024\/01\/acfe8a59-f85c-4ad5-ae49-c67d104b9b13.jpg?resize=1050%2C600&ssl=1 3x"},"classes":[]},{"id":16205,"url":"https:\/\/blogdafeira.com.br\/home\/2015\/08\/18\/crise-nos-transportes-em-feira-faz-prefeitura-liberar-geral\/","url_meta":{"origin":64281,"position":1},"title":"Crise nos transportes em Feira faz Prefeitura &#8216;liberar geral&#8217;","author":"Blog da Feira","date":"18\/08\/2015","format":false,"excerpt":"Vans alimentadoras do sistema v\u00e3o fazer o transporte nas linhas regulares; toda a frota de taxi pode atuar como lota\u00e7\u00e3o at\u00e9 a sua capacidade de carga; os ve\u00edculos regularizados que fazem o transporte de passageiros dos munic\u00edpios pr\u00f3ximos tamb\u00e9m foram liberados \u00a0para que sejam usados no transporte p\u00fablico de massa\u2026","rel":"","context":"Em &quot;Home&quot;","block_context":{"text":"Home","link":"https:\/\/blogdafeira.com.br\/home\/categoria\/raiz\/"},"img":{"alt_text":"onibus","src":"https:\/\/i0.wp.com\/blogdafeira.com.br\/home\/wp-content\/uploads\/2015\/08\/onibus.jpg?resize=350%2C200","width":350,"height":200,"srcset":"https:\/\/i0.wp.com\/blogdafeira.com.br\/home\/wp-content\/uploads\/2015\/08\/onibus.jpg?resize=350%2C200 1x, https:\/\/i0.wp.com\/blogdafeira.com.br\/home\/wp-content\/uploads\/2015\/08\/onibus.jpg?resize=525%2C300 1.5x"},"classes":[]},{"id":36418,"url":"https:\/\/blogdafeira.com.br\/home\/2020\/03\/20\/prefeitura-decreta-fechamento-do-comercio-ate-dia-29\/","url_meta":{"origin":64281,"position":2},"title":"Prefeitura decreta fechamento do com\u00e9rcio at\u00e9 dia 29","author":"Blog da Feira","date":"20\/03\/2020","format":false,"excerpt":"Em edi\u00e7\u00e3o extra do Di\u00e1rio Oficial publicada hoje (20), o prefeito Colbert Martins decretou o fechamento de todo o com\u00e9rcio varejista e atacadista em Feira de Santana at\u00e9 o dia 29 (domingo). O Mercado de Arte Popular, o Feiraguay e shoppings centers estar\u00e3o tamb\u00e9m fechados. As exce\u00e7\u00f5es s\u00e3o para atividades\u2026","rel":"","context":"Em &quot;Cidade&quot;","block_context":{"text":"Cidade","link":"https:\/\/blogdafeira.com.br\/home\/categoria\/cidade\/"},"img":{"alt_text":"","src":"https:\/\/i0.wp.com\/blogdafeira.com.br\/home\/wp-content\/uploads\/2020\/03\/332020183256.jpg?resize=350%2C200&ssl=1","width":350,"height":200,"srcset":"https:\/\/i0.wp.com\/blogdafeira.com.br\/home\/wp-content\/uploads\/2020\/03\/332020183256.jpg?resize=350%2C200&ssl=1 1x, https:\/\/i0.wp.com\/blogdafeira.com.br\/home\/wp-content\/uploads\/2020\/03\/332020183256.jpg?resize=525%2C300&ssl=1 1.5x"},"classes":[]},{"id":65406,"url":"https:\/\/blogdafeira.com.br\/home\/2025\/01\/30\/cerca-de-24-milhoes-de-veiculos-pagam-ipva-na-bahia-desconto-de-15-ate-dia-7\/","url_meta":{"origin":64281,"position":3},"title":"Cerca de 2,4 milh\u00f5es de ve\u00edculos pagam IPVA na Bahia; desconto de 15% at\u00e9 dia 7","author":"Blog da Feira","date":"30\/01\/2025","format":false,"excerpt":"O desconto especial de 15% para o pagamento antecipado do Imposto Sobre a propriedade de Ve\u00edculos Automotores (IPVA), em cota \u00fanica at\u00e9 7 de fevereiro, oferecido pelo Governo do Estado \u00e9 um dos maiores do pa\u00eds. A tabela do IPVA 2025 e mais todas as condi\u00e7\u00f5es de pagamento est\u00e3o dispon\u00edveis\u2026","rel":"","context":"Em &quot;Geral&quot;","block_context":{"text":"Geral","link":"https:\/\/blogdafeira.com.br\/home\/categoria\/geral\/"},"img":{"alt_text":"","src":"https:\/\/i0.wp.com\/blogdafeira.com.br\/home\/wp-content\/uploads\/2025\/01\/Foto-materia_ipva-1068x712-1.jpg?resize=350%2C200&ssl=1","width":350,"height":200,"srcset":"https:\/\/i0.wp.com\/blogdafeira.com.br\/home\/wp-content\/uploads\/2025\/01\/Foto-materia_ipva-1068x712-1.jpg?resize=350%2C200&ssl=1 1x, https:\/\/i0.wp.com\/blogdafeira.com.br\/home\/wp-content\/uploads\/2025\/01\/Foto-materia_ipva-1068x712-1.jpg?resize=525%2C300&ssl=1 1.5x, https:\/\/i0.wp.com\/blogdafeira.com.br\/home\/wp-content\/uploads\/2025\/01\/Foto-materia_ipva-1068x712-1.jpg?resize=700%2C400&ssl=1 2x, https:\/\/i0.wp.com\/blogdafeira.com.br\/home\/wp-content\/uploads\/2025\/01\/Foto-materia_ipva-1068x712-1.jpg?resize=1050%2C600&ssl=1 3x"},"classes":[]},{"id":19175,"url":"https:\/\/blogdafeira.com.br\/home\/2016\/01\/15\/prefeitura-de-feira-diz-que-frota-nova-de-onibus-vai-pras-ruas-hoje\/","url_meta":{"origin":64281,"position":4},"title":"Prefeitura de Feira diz que frota nova de \u00f4nibus vai pras ruas hoje","author":"Blog da Feira","date":"15\/01\/2016","format":false,"excerpt":"A Prefeitura de Feira de Santana divulgou ontem \u00e0 noite que a partir de hoje toda a frota de ve\u00edculos novos adquiridos pelas novas empresas concession\u00e1rias de transportes no Munic\u00edpio ir\u00e3o servir \u00e0 popula\u00e7\u00e3o. Segundo o governo \u00e9 a \u00a0primeira vez na hist\u00f3ria de Feira de Santana que \u00a0o transporte\u2026","rel":"","context":"Em &quot;Home&quot;","block_context":{"text":"Home","link":"https:\/\/blogdafeira.com.br\/home\/categoria\/raiz\/"},"img":{"alt_text":"ONIBUS","src":"https:\/\/i0.wp.com\/blogdafeira.com.br\/home\/wp-content\/uploads\/2016\/01\/ONIBUS.jpg?resize=350%2C200","width":350,"height":200,"srcset":"https:\/\/i0.wp.com\/blogdafeira.com.br\/home\/wp-content\/uploads\/2016\/01\/ONIBUS.jpg?resize=350%2C200 1x, https:\/\/i0.wp.com\/blogdafeira.com.br\/home\/wp-content\/uploads\/2016\/01\/ONIBUS.jpg?resize=525%2C300 1.5x"},"classes":[]},{"id":37060,"url":"https:\/\/blogdafeira.com.br\/home\/2020\/04\/11\/prefeitura-prorroga-prazo-de-alguns-tributos-por-causa-do-coronavirus\/","url_meta":{"origin":64281,"position":5},"title":"Prefeitura prorroga prazo de alguns tributos por causa do coronav\u00edrus","author":"Blog da Feira","date":"11\/04\/2020","format":false,"excerpt":"O prazo para pagamento de alguns tributos municipais foi prorrogado pela Prefeitura de Feira de Santana. Um decreto do prefeito Colbert Martins Filho flexibilizou os pagamentos, considerando os poss\u00edveis efeitos econ\u00f4micos gerados pelo estado de calamidade p\u00fablico por conta do novo coronav\u00edrus (Covid-19). Os Microempreendedores Individuais (MEI) que recolhem o\u2026","rel":"","context":"Em &quot;Cidade&quot;","block_context":{"text":"Cidade","link":"https:\/\/blogdafeira.com.br\/home\/categoria\/cidade\/"},"img":{"alt_text":"","src":"https:\/\/i0.wp.com\/blogdafeira.com.br\/home\/wp-content\/uploads\/2020\/03\/download-5.jpeg?resize=350%2C200&ssl=1","width":350,"height":200},"classes":[]}],"_links":{"self":[{"href":"https:\/\/blogdafeira.com.br\/home\/wp-json\/wp\/v2\/posts\/64281","targetHints":{"allow":["GET"]}}],"collection":[{"href":"https:\/\/blogdafeira.com.br\/home\/wp-json\/wp\/v2\/posts"}],"about":[{"href":"https:\/\/blogdafeira.com.br\/home\/wp-json\/wp\/v2\/types\/post"}],"author":[{"embeddable":true,"href":"https:\/\/blogdafeira.com.br\/home\/wp-json\/wp\/v2\/users\/1"}],"replies":[{"embeddable":true,"href":"https:\/\/blogdafeira.com.br\/home\/wp-json\/wp\/v2\/comments?post=64281"}],"version-history":[{"count":2,"href":"https:\/\/blogdafeira.com.br\/home\/wp-json\/wp\/v2\/posts\/64281\/revisions"}],"predecessor-version":[{"id":64284,"href":"https:\/\/blogdafeira.com.br\/home\/wp-json\/wp\/v2\/posts\/64281\/revisions\/64284"}],"wp:featuredmedia":[{"embeddable":true,"href":"https:\/\/blogdafeira.com.br\/home\/wp-json\/wp\/v2\/media\/64282"}],"wp:attachment":[{"href":"https:\/\/blogdafeira.com.br\/home\/wp-json\/wp\/v2\/media?parent=64281"}],"wp:term":[{"taxonomy":"category","embeddable":true,"href":"https:\/\/blogdafeira.com.br\/home\/wp-json\/wp\/v2\/categories?post=64281"},{"taxonomy":"post_tag","embeddable":true,"href":"https:\/\/blogdafeira.com.br\/home\/wp-json\/wp\/v2\/tags?post=64281"}],"curies":[{"name":"wp","href":"https:\/\/api.w.org\/{rel}","templated":true}]}}