{"id":64346,"date":"2024-10-17T12:30:21","date_gmt":"2024-10-17T15:30:21","guid":{"rendered":"https:\/\/blogdafeira.com.br\/home\/?p=64346"},"modified":"2025-03-06T23:11:22","modified_gmt":"2025-03-07T02:11:22","slug":"colbert-leva-fanael-de-volta-ao-governo-mas-rebaixa-o-cargo","status":"publish","type":"post","link":"https:\/\/blogdafeira.com.br\/home\/2024\/10\/17\/colbert-leva-fanael-de-volta-ao-governo-mas-rebaixa-o-cargo\/","title":{"rendered":"Colbert leva Fanael de volta ao governo mas rebaixa o cargo"},"content":{"rendered":"<div id=\"blogd-268625126\" class=\"blogd-final-post blogd-entity-placement\"><a href=\"https:\/\/www.feiradesantana.ba.leg.br\/\" target=\"_blank\" aria-label=\"BANNER-SITE-ENTREGADECHEQUE-CAMARADEFEIRA\"><img loading=\"lazy\" decoding=\"async\" src=\"https:\/\/blogdafeira.com.br\/home\/wp-content\/uploads\/2026\/03\/BANNER-SITE-ENTREGADECHEQUE-CAMARADEFEIRA.gif\" alt=\"\"  class=\"no-lazyload\" width=\"728\" height=\"90\"   \/><\/a><\/div><div id=\"blogd-2670067506\" class=\"blogd-fim-do-post-mobile blogd-entity-placement\" style=\"margin-left: auto;margin-right: auto;text-align: center;\"><a href=\"https:\/\/www.sefaz.feiradesantana.ba.gov.br\/\" target=\"_blank\" aria-label=\"728&#215;90 (6)\"><img loading=\"lazy\" decoding=\"async\" src=\"https:\/\/blogdafeira.com.br\/home\/wp-content\/uploads\/2026\/03\/728x90-6.gif\" alt=\"\"  class=\"no-lazyload\" width=\"728\" height=\"90\"  style=\"display: inline-block;\" \/><\/a><\/div><p>Depois de expor uma vota\u00e7\u00e3o p\u00edfia como candidato a vereador para quem ocupou diversas secretarias como &#8220;homem de confian\u00e7a&#8221; do Prefeito de Feira, Fanael Ribeiro est\u00e1 de\u00a0 volta ao governo municipal mas Colbert lhe rebaixou o posto e as atribui\u00e7\u00f5es o nomeando sub secret\u00e1rio de Habita\u00e7\u00e3o. Embora seja\u00a0 uma pasta que vai ganhar realce \u00e0 medida que o programa Minha Casa Minha Vida for crescendo, ela est\u00e1 a l\u00e9gua de dist\u00e2ncia em import\u00e2ncia e\u00a0 status de uma Chefia de Gabinete, por exemplo, cargo que Fanael ocupou, inclusive quando daquele lament\u00e1vel e conflituoso epis\u00f3dio no Pa\u00e7o Maria Quit\u00e9ria onde vereadores foram impedidos de entrar no Pr\u00e9dio da Prefeitura. Mesmo se <em>Fana<\/em> tivesse sido eleito n\u00e3o se encontraria com os dois vereadores que protagonizaram com ele as cenas lament\u00e1veis na porta do Pa\u00e7o &#8211; Fernando Torres (PSD) e Jhonatas Monteiro (PSOL) . Torres n\u00e3o se candidatou e Jhonatas n\u00e3o se elegeu mas foi aclamado com quase 11 mil votos. Fanael n\u00e3o chegou aos 700.<\/p><div id=\"blogd-1685268708\" class=\"blogd-conteudo-2-mobile blogd-entity-placement\"><a href=\"https:\/\/feirenses.com.br\/\" target=\"_blank\" aria-label=\"feirenses\"><img loading=\"lazy\" decoding=\"async\" src=\"https:\/\/blogdafeira.com.br\/home\/wp-content\/uploads\/2026\/04\/feirenses.png\" alt=\"\"  srcset=\"https:\/\/blogdafeira.com.br\/home\/wp-content\/uploads\/2026\/04\/feirenses.png 300w, https:\/\/blogdafeira.com.br\/home\/wp-content\/uploads\/2026\/04\/feirenses-170x45.png 170w, https:\/\/blogdafeira.com.br\/home\/wp-content\/uploads\/2026\/04\/feirenses-280x74.png 280w\" sizes=\"(max-width: 300px) 100vw, 300px\" class=\"no-lazyload\" width=\"300\" height=\"79\"  style=\"display: inline-block;\" \/><\/a><\/div>\n","protected":false},"excerpt":{"rendered":"<p>Depois de expor uma vota\u00e7\u00e3o p\u00edfia como candidato a vereador para quem ocupou diversas secretarias como &#8220;homem de confian\u00e7a&#8221; do Prefeito de Feira, Fanael Ribeiro est\u00e1 de\u00a0 volta ao governo municipal mas Colbert lhe rebaixou o posto e as atribui\u00e7\u00f5es o nomeando sub secret\u00e1rio de Habita\u00e7\u00e3o. Embora seja\u00a0 uma pasta que vai ganhar realce \u00e0<\/p>\n","protected":false},"author":1,"featured_media":64347,"comment_status":"open","ping_status":"open","sticky":false,"template":"","format":"standard","meta":{"jetpack_post_was_ever_published":false,"cybocfi_hide_featured_image":"","_jetpack_newsletter_access":"","_jetpack_dont_email_post_to_subs":false,"_jetpack_newsletter_tier_id":0,"_jetpack_memberships_contains_paywalled_content":false,"_jetpack_memberships_contains_paid_content":false,"footnotes":"","jetpack_publicize_message":"","jetpack_publicize_feature_enabled":true,"jetpack_social_post_already_shared":true,"jetpack_social_options":{"image_generator_settings":{"template":"highway","default_image_id":0,"font":"","enabled":false},"version":2}},"categories":[823,1,631],"tags":[],"class_list":["post-64346","post","type-post","status-publish","format-standard","has-post-thumbnail","hentry","category-eleicoes-2024","category-raiz","category-politica"],"jetpack_publicize_connections":[],"jetpack_featured_media_url":"https:\/\/blogdafeira.com.br\/home\/wp-content\/uploads\/2024\/10\/5TFj9spANOXOuCGLIhc6QBife1y9bkmlEdfrBBkT-1.jpg","jetpack_shortlink":"https:\/\/wp.me\/p3niVf-gJQ","jetpack_sharing_enabled":true,"jetpack-related-posts":[{"id":29420,"url":"https:\/\/blogdafeira.com.br\/home\/2018\/04\/10\/em-discurso-na-camara-colbert-mantem-vereador-lulinha-na-lideranca-e-acalma-ronaldistas-da-prefeitura-de-feira-de-santana\/","url_meta":{"origin":64346,"position":0},"title":"Colbert mant\u00e9m vereador Lulinha na lideran\u00e7a do governo","author":"Blog da Feira","date":"10\/04\/2018","format":false,"excerpt":"O prefeito Colbert Martins Filho (MDB) manteve o vereador Lulinha da Concei\u00e7\u00e3o na lideran\u00e7a da bancada governista e anunciou essa decis\u00e3o na tribuna da C\u00e2mara de Vereadores ao tomar posse nesta\u00a0 ter\u00e7a-feira, 10, como prefeito de Feira de Santana. Colbert foi antecedido pelo ex-prefeito Jos\u00e9 Ronaldo, pr\u00e9-candidato do DEM ao\u2026","rel":"","context":"Em &quot;Home&quot;","block_context":{"text":"Home","link":"https:\/\/blogdafeira.com.br\/home\/categoria\/raiz\/"},"img":{"alt_text":"","src":"https:\/\/i0.wp.com\/blogdafeira.com.br\/home\/wp-content\/uploads\/2018\/04\/redimensiona.jpeg?resize=350%2C200","width":350,"height":200},"classes":[]},{"id":60951,"url":"https:\/\/blogdafeira.com.br\/home\/2024\/01\/28\/vereadores-negaram-recursos-para-execucao-do-plano-de-drenagem-de-feira\/","url_meta":{"origin":64346,"position":1},"title":"Vereadores negaram recursos para execu\u00e7\u00e3o do Plano de Drenagem de Feira","author":"Blog da Feira","date":"28\/01\/2024","format":false,"excerpt":"O prefeito Colbert Filho (MDB) criou um Comit\u00ea de Crise para articular maneiras de amenizar os estragos causados pelas chuvas que atingiram o munic\u00edpio na noite de sexta-feira e tarde de ontem (s\u00e1bado ). O comit\u00ea de crise est\u00e1 mapeando os pontos de alagamento e avaliando as necessidades da popula\u00e7\u00e3o.\u2026","rel":"","context":"Em &quot;Cidade&quot;","block_context":{"text":"Cidade","link":"https:\/\/blogdafeira.com.br\/home\/categoria\/cidade\/"},"img":{"alt_text":"","src":"https:\/\/i0.wp.com\/blogdafeira.com.br\/home\/wp-content\/uploads\/2024\/01\/Screenshot_20240128-070454.png?resize=350%2C200&ssl=1","width":350,"height":200,"srcset":"https:\/\/i0.wp.com\/blogdafeira.com.br\/home\/wp-content\/uploads\/2024\/01\/Screenshot_20240128-070454.png?resize=350%2C200&ssl=1 1x, https:\/\/i0.wp.com\/blogdafeira.com.br\/home\/wp-content\/uploads\/2024\/01\/Screenshot_20240128-070454.png?resize=525%2C300&ssl=1 1.5x, https:\/\/i0.wp.com\/blogdafeira.com.br\/home\/wp-content\/uploads\/2024\/01\/Screenshot_20240128-070454.png?resize=700%2C400&ssl=1 2x, https:\/\/i0.wp.com\/blogdafeira.com.br\/home\/wp-content\/uploads\/2024\/01\/Screenshot_20240128-070454.png?resize=1050%2C600&ssl=1 3x"},"classes":[]},{"id":34662,"url":"https:\/\/blogdafeira.com.br\/home\/2019\/12\/23\/colbert-reune-secretarios-no-paco-para-dar-boas-vindas-a-beldes-ex-vereador-defende-reeleicao-do-prefeito\/","url_meta":{"origin":64346,"position":2},"title":"Colbert re\u00fane secret\u00e1rios no Pa\u00e7o para dar boas vindas a Beldes; ex-vereador defende reelei\u00e7\u00e3o do Prefeito","author":"J\u00e2nio R\u00eago","date":"23\/12\/2019","format":false,"excerpt":"Quase todos os secret\u00e1rios municipais estavam hoje \u00e0 tarde no Pa\u00e7o Municipal para dar as boas vindas ao novo membro do grupo pol\u00edtico liderado por Jos\u00e9 Ronaldo, o ex-vereador, ex-diretor da antiga Dire\u00e7\u00e3o Regional de Educa\u00e7\u00e3o de Feira de Santana (atual NRE-19), ex-petista Beldes Ramos. Beldes \u00e9 o segundo vereador\u2026","rel":"","context":"Em &quot;Home&quot;","block_context":{"text":"Home","link":"https:\/\/blogdafeira.com.br\/home\/categoria\/raiz\/"},"img":{"alt_text":"","src":"https:\/\/i0.wp.com\/blogdafeira.com.br\/home\/wp-content\/uploads\/2019\/12\/20191223_152310_HDR-346x195.jpg?resize=350%2C200","width":350,"height":200},"classes":[]},{"id":32229,"url":"https:\/\/blogdafeira.com.br\/home\/2019\/07\/29\/colbert-grava-video-para-desfazer-suspeitas-de-crise-com-ronaldo-apos-exonerar-joao-marinho-rompimento-zero\/","url_meta":{"origin":64346,"position":3},"title":"Colbert grava v\u00eddeo para desfazer suspeitas de crise com Ronaldo ap\u00f3s exonerar Jo\u00e3o Marinho: &#8220;rompimento zero&#8221;","author":"J\u00e2nio R\u00eago","date":"29\/07\/2019","format":false,"excerpt":"Em um v\u00eddeo de 38 segundos o prefeito de Feira de Santana, Colbert Martins (MDB) desfez\u00a0 especula\u00e7\u00f5es surgidas ap\u00f3s a exonera\u00e7\u00e3o do secret\u00e1rio de Administra\u00e7\u00e3o, Jo\u00e3o Marinho Gomes, de que estaria 'rompendo' com o ex-prefeito Z\u00e9 Ronaldo (DEM). \"Rompimento zero\", diz Colbert no v\u00eddeo produzido pela Comunica\u00e7\u00e3o institucional do governo,\u2026","rel":"","context":"Em &quot;Home&quot;","block_context":{"text":"Home","link":"https:\/\/blogdafeira.com.br\/home\/categoria\/raiz\/"},"img":{"alt_text":"","src":"https:\/\/i0.wp.com\/blogdafeira.com.br\/home\/wp-content\/uploads\/2019\/07\/20190715_160507_HDR.jpg?resize=350%2C200","width":350,"height":200,"srcset":"https:\/\/i0.wp.com\/blogdafeira.com.br\/home\/wp-content\/uploads\/2019\/07\/20190715_160507_HDR.jpg?resize=350%2C200 1x, https:\/\/i0.wp.com\/blogdafeira.com.br\/home\/wp-content\/uploads\/2019\/07\/20190715_160507_HDR.jpg?resize=525%2C300 1.5x, https:\/\/i0.wp.com\/blogdafeira.com.br\/home\/wp-content\/uploads\/2019\/07\/20190715_160507_HDR.jpg?resize=700%2C400 2x, https:\/\/i0.wp.com\/blogdafeira.com.br\/home\/wp-content\/uploads\/2019\/07\/20190715_160507_HDR.jpg?resize=1050%2C600 3x, https:\/\/i0.wp.com\/blogdafeira.com.br\/home\/wp-content\/uploads\/2019\/07\/20190715_160507_HDR.jpg?resize=1400%2C800 4x"},"classes":[]},{"id":63188,"url":"https:\/\/blogdafeira.com.br\/home\/2024\/08\/10\/um-portao-e-dois-prefeitos-com-medo-de-invasao-no-predio-da-prefeitura\/","url_meta":{"origin":64346,"position":4},"title":"Um port\u00e3o e dois prefeitos com medo de invas\u00e3o no pr\u00e9dio da Prefeitura","author":"J\u00e2nio R\u00eago","date":"10\/08\/2024","format":false,"excerpt":"Esse port\u00e3o de ferro que d\u00e1 acesso ao estacionamento interno da Prefeitura de Feira , na avenida Get\u00falio Vargas, guarda marcas concretas (e pesadas) do medo que dois prefeitos tiveram do pr\u00e9dio ser invadido ap\u00f3s manifesta\u00e7\u00f5es e protestos de estudantes e professores. Sede do Gabinete do Prefeito e algumas secretarias,\u2026","rel":"","context":"Em &quot;Colunistas&quot;","block_context":{"text":"Colunistas","link":"https:\/\/blogdafeira.com.br\/home\/categoria\/colunistas\/"},"img":{"alt_text":"","src":"https:\/\/i0.wp.com\/blogdafeira.com.br\/home\/wp-content\/uploads\/2024\/08\/IMG_20240809_103728706_HDR2-scaled.jpg?resize=350%2C200&ssl=1","width":350,"height":200,"srcset":"https:\/\/i0.wp.com\/blogdafeira.com.br\/home\/wp-content\/uploads\/2024\/08\/IMG_20240809_103728706_HDR2-scaled.jpg?resize=350%2C200&ssl=1 1x, https:\/\/i0.wp.com\/blogdafeira.com.br\/home\/wp-content\/uploads\/2024\/08\/IMG_20240809_103728706_HDR2-scaled.jpg?resize=525%2C300&ssl=1 1.5x, https:\/\/i0.wp.com\/blogdafeira.com.br\/home\/wp-content\/uploads\/2024\/08\/IMG_20240809_103728706_HDR2-scaled.jpg?resize=700%2C400&ssl=1 2x, https:\/\/i0.wp.com\/blogdafeira.com.br\/home\/wp-content\/uploads\/2024\/08\/IMG_20240809_103728706_HDR2-scaled.jpg?resize=1050%2C600&ssl=1 3x, https:\/\/i0.wp.com\/blogdafeira.com.br\/home\/wp-content\/uploads\/2024\/08\/IMG_20240809_103728706_HDR2-scaled.jpg?resize=1400%2C800&ssl=1 4x"},"classes":[]},{"id":31571,"url":"https:\/\/blogdafeira.com.br\/home\/2019\/06\/03\/vereadores-governistas-de-feira-foram-desconvidados-para-reuniao-de-colbert-com-presidente-da-caixa\/","url_meta":{"origin":64346,"position":5},"title":"Vereadores governistas de Feira foram &#8216;desconvidados&#8217; para reuni\u00e3o de Colbert com presidente da Caixa","author":"J\u00e2nio R\u00eago","date":"03\/06\/2019","format":false,"excerpt":"\u00a0 A bancada de vereadores governistas ficou calada, ouvindo hoje o vereador Z\u00e9 Fil\u00e9 ( v\u00eddeo) debochar do fato ocorrido com seus colegas governistas, no domingo, no Pa\u00e7o Municipal, quando foram 'convidados' a sair do recinto onde ser realizaria uma reuni\u00e3o, a portas fechadas, entre o prefeito de Feira de\u2026","rel":"","context":"Em &quot;Home&quot;","block_context":{"text":"Home","link":"https:\/\/blogdafeira.com.br\/home\/categoria\/raiz\/"},"img":{"alt_text":"","src":"","width":0,"height":0},"classes":[]}],"_links":{"self":[{"href":"https:\/\/blogdafeira.com.br\/home\/wp-json\/wp\/v2\/posts\/64346","targetHints":{"allow":["GET"]}}],"collection":[{"href":"https:\/\/blogdafeira.com.br\/home\/wp-json\/wp\/v2\/posts"}],"about":[{"href":"https:\/\/blogdafeira.com.br\/home\/wp-json\/wp\/v2\/types\/post"}],"author":[{"embeddable":true,"href":"https:\/\/blogdafeira.com.br\/home\/wp-json\/wp\/v2\/users\/1"}],"replies":[{"embeddable":true,"href":"https:\/\/blogdafeira.com.br\/home\/wp-json\/wp\/v2\/comments?post=64346"}],"version-history":[{"count":3,"href":"https:\/\/blogdafeira.com.br\/home\/wp-json\/wp\/v2\/posts\/64346\/revisions"}],"predecessor-version":[{"id":64368,"href":"https:\/\/blogdafeira.com.br\/home\/wp-json\/wp\/v2\/posts\/64346\/revisions\/64368"}],"wp:featuredmedia":[{"embeddable":true,"href":"https:\/\/blogdafeira.com.br\/home\/wp-json\/wp\/v2\/media\/64347"}],"wp:attachment":[{"href":"https:\/\/blogdafeira.com.br\/home\/wp-json\/wp\/v2\/media?parent=64346"}],"wp:term":[{"taxonomy":"category","embeddable":true,"href":"https:\/\/blogdafeira.com.br\/home\/wp-json\/wp\/v2\/categories?post=64346"},{"taxonomy":"post_tag","embeddable":true,"href":"https:\/\/blogdafeira.com.br\/home\/wp-json\/wp\/v2\/tags?post=64346"}],"curies":[{"name":"wp","href":"https:\/\/api.w.org\/{rel}","templated":true}]}}