{"id":64503,"date":"2024-10-31T05:36:40","date_gmt":"2024-10-31T08:36:40","guid":{"rendered":"https:\/\/blogdafeira.com.br\/home\/?p=64503"},"modified":"2025-03-06T23:11:20","modified_gmt":"2025-03-07T02:11:20","slug":"prefeitura-de-feira-isenta-empresa-atacadista-mineira-de-iptu-e-iss-por-cinco-anos","status":"publish","type":"post","link":"https:\/\/blogdafeira.com.br\/home\/2024\/10\/31\/prefeitura-de-feira-isenta-empresa-atacadista-mineira-de-iptu-e-iss-por-cinco-anos\/","title":{"rendered":"Prefeitura de Feira isenta empresa atacadista mineira de IPTU e ISS por cinco anos"},"content":{"rendered":"<div id=\"blogd-1954575823\" class=\"blogd-fim-do-post-mobile blogd-entity-placement\" style=\"margin-left: auto;margin-right: auto;text-align: center;\"><a href=\"https:\/\/www.sefaz.feiradesantana.ba.gov.br\/\" target=\"_blank\" aria-label=\"728&#215;90 (6)\"><img loading=\"lazy\" decoding=\"async\" src=\"https:\/\/blogdafeira.com.br\/home\/wp-content\/uploads\/2026\/03\/728x90-6.gif\" alt=\"\"  class=\"no-lazyload\" width=\"728\" height=\"90\"  style=\"display: inline-block;\" \/><\/a><\/div><p>Instalada em Feira de Santana desde 2010, a DPC Atacadista, que tem sede em Caratinga (Minas Gerais), est\u00e1 em fase de expans\u00e3o no munic\u00edpio. Ontem, prefeito Colbert Martins Filho assinou um decreto concedendo isen\u00e7\u00e3o do IPTU por cinco anos, al\u00e9m\u00a0 da Taxa de Licen\u00e7a de Execu\u00e7\u00e3o de Obras e do Imposto Sobre Servi\u00e7os de Qualquer Natureza. A administra\u00e7\u00e3o municipal considera que a empresa est\u00e1 gerando emprego e renda para os mun\u00edcipes.<\/p><div id=\"blogd-3553468557\" class=\"blogd-conteudo-2-mobile blogd-entity-placement\"><a href=\"https:\/\/feirenses.com.br\/\" target=\"_blank\" aria-label=\"feirenses\"><img loading=\"lazy\" decoding=\"async\" src=\"https:\/\/blogdafeira.com.br\/home\/wp-content\/uploads\/2026\/04\/feirenses.png\" alt=\"\"  srcset=\"https:\/\/blogdafeira.com.br\/home\/wp-content\/uploads\/2026\/04\/feirenses.png 300w, https:\/\/blogdafeira.com.br\/home\/wp-content\/uploads\/2026\/04\/feirenses-170x45.png 170w, https:\/\/blogdafeira.com.br\/home\/wp-content\/uploads\/2026\/04\/feirenses-280x74.png 280w\" sizes=\"(max-width: 300px) 100vw, 300px\" class=\"no-lazyload\" width=\"300\" height=\"79\"  style=\"display: inline-block;\" \/><\/a><\/div>\n<p>\u201cA DPC Atacadista est\u00e1 ampliando suas a\u00e7\u00f5es em nosso munic\u00edpio e a Prefeitura concede esse benef\u00edcio porque considera a quantidade de pessoas que ser\u00e3o beneficiadas diretamente com a gera\u00e7\u00e3o de novos empregos. At\u00e9 o final do m\u00eas, mais tr\u00eas empresas tamb\u00e9m estar\u00e3o recebendo esses benef\u00edcios tribut\u00e1rios\u201d, afirmou o prefeito.<\/p>\n<p>A DPC Atacadista est\u00e1 no mercado h\u00e1 35 anos. Atualmente, est\u00e1 presente em 12 estados brasileiros, com centros de distribui\u00e7\u00e3o em Feira de Santana (atendendo a Bahia), Caratinga (MG), Caruaru (PE) e Goi\u00e2nia (GO).<\/p>\n<div id=\"blogd-2826983789\" class=\"blogd-final-post blogd-entity-placement\"><a href=\"https:\/\/www.feiradesantana.ba.leg.br\/\" target=\"_blank\" aria-label=\"BANNER-SITE-ENTREGADECHEQUE-CAMARADEFEIRA\"><img loading=\"lazy\" decoding=\"async\" src=\"https:\/\/blogdafeira.com.br\/home\/wp-content\/uploads\/2026\/03\/BANNER-SITE-ENTREGADECHEQUE-CAMARADEFEIRA.gif\" alt=\"\"  class=\"no-lazyload\" width=\"728\" height=\"90\"   \/><\/a><\/div><p>A assinatura do decreto tamb\u00e9m foi acompanhada pelos secret\u00e1rios municipais da Fazenda, Expedito Eloy; de Desenvolvimento Econ\u00f4mico, Wilson Falc\u00e3o; de Governo, Manoel Lima; de Planejamento, Carlos Brito; e o chefe de Gabinete, Cleudson Almeida.<\/p>\n","protected":false},"excerpt":{"rendered":"<p>Instalada em Feira de Santana desde 2010, a DPC Atacadista, que tem sede em Caratinga (Minas Gerais), est\u00e1 em fase de expans\u00e3o no munic\u00edpio. Ontem, prefeito Colbert Martins Filho assinou um decreto concedendo isen\u00e7\u00e3o do IPTU por cinco anos, al\u00e9m\u00a0 da Taxa de Licen\u00e7a de Execu\u00e7\u00e3o de Obras e do Imposto Sobre Servi\u00e7os de Qualquer<\/p>\n","protected":false},"author":1,"featured_media":64504,"comment_status":"open","ping_status":"open","sticky":false,"template":"","format":"standard","meta":{"jetpack_post_was_ever_published":false,"cybocfi_hide_featured_image":"","_jetpack_newsletter_access":"","_jetpack_dont_email_post_to_subs":false,"_jetpack_newsletter_tier_id":0,"_jetpack_memberships_contains_paywalled_content":false,"_jetpack_memberships_contains_paid_content":false,"footnotes":"","jetpack_publicize_message":"","jetpack_publicize_feature_enabled":true,"jetpack_social_post_already_shared":true,"jetpack_social_options":{"image_generator_settings":{"template":"highway","default_image_id":0,"font":"","enabled":false},"version":2}},"categories":[774,1],"tags":[],"class_list":["post-64503","post","type-post","status-publish","format-standard","has-post-thumbnail","hentry","category-economia","category-raiz"],"jetpack_publicize_connections":[],"jetpack_featured_media_url":"https:\/\/blogdafeira.com.br\/home\/wp-content\/uploads\/2024\/10\/Screenshot_20241031-053504.png","jetpack_shortlink":"https:\/\/wp.me\/p3niVf-gMn","jetpack_sharing_enabled":true,"jetpack-related-posts":[{"id":49789,"url":"https:\/\/blogdafeira.com.br\/home\/2022\/01\/03\/prefeitura-recebe-ate-hoje-propostas-para-central-de-abastecimento-atacadista\/","url_meta":{"origin":64503,"position":0},"title":"Prefeitura recebe propostas para &#8216;Central de Abastecimento Atacadista&#8217;","author":"Secom\/FSA","date":"03\/01\/2022","format":false,"excerpt":"O prazo estabelecido no Chamamento P\u00fablico da Prefeitura de Feira de Santana se encerra hoje,\u00a0 segunda-feira, 3, para as empresas entregarem propostas para a implanta\u00e7\u00e3o da Central de Abastecimento Alimentar Atacadista que vai substituir o setor de atacado de frutas e verduras do Centro de Abastecimento, tamb\u00e9m conhecida como Ceasinha,\u00a0que\u2026","rel":"","context":"Em &quot;Cidade&quot;","block_context":{"text":"Cidade","link":"https:\/\/blogdafeira.com.br\/home\/categoria\/cidade\/"},"img":{"alt_text":"","src":"https:\/\/i0.wp.com\/blogdafeira.com.br\/home\/wp-content\/uploads\/2022\/01\/IMG_20170522_101425709-scaled.jpg?resize=350%2C200&ssl=1","width":350,"height":200,"srcset":"https:\/\/i0.wp.com\/blogdafeira.com.br\/home\/wp-content\/uploads\/2022\/01\/IMG_20170522_101425709-scaled.jpg?resize=350%2C200&ssl=1 1x, https:\/\/i0.wp.com\/blogdafeira.com.br\/home\/wp-content\/uploads\/2022\/01\/IMG_20170522_101425709-scaled.jpg?resize=525%2C300&ssl=1 1.5x, https:\/\/i0.wp.com\/blogdafeira.com.br\/home\/wp-content\/uploads\/2022\/01\/IMG_20170522_101425709-scaled.jpg?resize=700%2C400&ssl=1 2x, https:\/\/i0.wp.com\/blogdafeira.com.br\/home\/wp-content\/uploads\/2022\/01\/IMG_20170522_101425709-scaled.jpg?resize=1050%2C600&ssl=1 3x, https:\/\/i0.wp.com\/blogdafeira.com.br\/home\/wp-content\/uploads\/2022\/01\/IMG_20170522_101425709-scaled.jpg?resize=1400%2C800&ssl=1 4x"},"classes":[]},{"id":49847,"url":"https:\/\/blogdafeira.com.br\/home\/2022\/01\/05\/empresa-vai-fazer-de-graca-estudos-para-implantar-central-atacadista-em-feira\/","url_meta":{"origin":64503,"position":1},"title":"Empresa vai fazer, de gra\u00e7a, estudos para implantar Central Atacadista em Feira","author":"Secom\/FSA","date":"05\/01\/2022","format":false,"excerpt":"Antes de receber as propostas do Chamamento P\u00fablico, a\u00a0 Prefeitura de Feira de Santana j\u00e1 havia aceitado e aprovado o requerimento da empresa Trade Holding Ltda para fazer \"por sua conta e risco\", gratuitamente, os \"estudos de viabilidade t\u00e9cnica, econ\u00f4mica e jur\u00eddica visando a implanta\u00e7\u00e3o da Central de Abastecimento e\u2026","rel":"","context":"Em &quot;Cidade&quot;","block_context":{"text":"Cidade","link":"https:\/\/blogdafeira.com.br\/home\/categoria\/cidade\/"},"img":{"alt_text":"","src":"https:\/\/i0.wp.com\/blogdafeira.com.br\/home\/wp-content\/uploads\/2022\/01\/centro-de-abastecimento.jpg?resize=350%2C200&ssl=1","width":350,"height":200,"srcset":"https:\/\/i0.wp.com\/blogdafeira.com.br\/home\/wp-content\/uploads\/2022\/01\/centro-de-abastecimento.jpg?resize=350%2C200&ssl=1 1x, https:\/\/i0.wp.com\/blogdafeira.com.br\/home\/wp-content\/uploads\/2022\/01\/centro-de-abastecimento.jpg?resize=525%2C300&ssl=1 1.5x, https:\/\/i0.wp.com\/blogdafeira.com.br\/home\/wp-content\/uploads\/2022\/01\/centro-de-abastecimento.jpg?resize=700%2C400&ssl=1 2x"},"classes":[]},{"id":49079,"url":"https:\/\/blogdafeira.com.br\/home\/2021\/12\/03\/construtora-neri-martins-e-assai-atacadista-abrem-nova-unidade-hoje-no-tomba\/","url_meta":{"origin":64503,"position":2},"title":"Construtora Neri Martins montou o Assa\u00ed Atacadista do Tomba","author":"Secom\/FSA","date":"03\/12\/2021","format":false,"excerpt":"Um dos mais populosos bairros de Feira de Santana, o Tomba, ganha hoje uma nova unidade do Assa\u00ed Atacadista, um equipamento montado pela Construtora Neri Martins. A Construtora Neri Martins atua \u00a0desde 1996 na \u00e1rea de constru\u00e7\u00e3o civil, instala\u00e7\u00f5es el\u00e9tricas, hidr\u00e1ulicas e combate a inc\u00eandios. A primeira loja do Assa\u00ed\u2026","rel":"","context":"Em &quot;Cidade&quot;","block_context":{"text":"Cidade","link":"https:\/\/blogdafeira.com.br\/home\/categoria\/cidade\/"},"img":{"alt_text":"","src":"https:\/\/i0.wp.com\/blogdafeira.com.br\/home\/wp-content\/uploads\/2021\/12\/Screenshot_20211202-2356002.png?resize=350%2C200&ssl=1","width":350,"height":200,"srcset":"https:\/\/i0.wp.com\/blogdafeira.com.br\/home\/wp-content\/uploads\/2021\/12\/Screenshot_20211202-2356002.png?resize=350%2C200&ssl=1 1x, https:\/\/i0.wp.com\/blogdafeira.com.br\/home\/wp-content\/uploads\/2021\/12\/Screenshot_20211202-2356002.png?resize=525%2C300&ssl=1 1.5x, https:\/\/i0.wp.com\/blogdafeira.com.br\/home\/wp-content\/uploads\/2021\/12\/Screenshot_20211202-2356002.png?resize=700%2C400&ssl=1 2x"},"classes":[]},{"id":51502,"url":"https:\/\/blogdafeira.com.br\/home\/2022\/03\/28\/atacadistas-em-feira-se-organizam-para-construir-a-propria-ceasa\/","url_meta":{"origin":64503,"position":3},"title":"Atacadistas em Feira se organizam para construir a pr\u00f3pria Ceasa","author":"Secom\/FSA","date":"28\/03\/2022","format":false,"excerpt":"Um pequeno grupo de atacadistas com neg\u00f3cios no Centro de Abastecimento se articula para organizar uma maneira deles pr\u00f3prios constru\u00edrem uma Ceasa particular, como alternativa a que foi anunciada pela Prefeitura de Feira. Os comerciantes sentem-se alojados do processo da escolha do lugar e da maneira como o espa\u00e7o vai\u2026","rel":"","context":"Em &quot;Cidade&quot;","block_context":{"text":"Cidade","link":"https:\/\/blogdafeira.com.br\/home\/categoria\/cidade\/"},"img":{"alt_text":"","src":"https:\/\/i0.wp.com\/blogdafeira.com.br\/home\/wp-content\/uploads\/2022\/03\/IMG_20170503_055357222-scaled.jpg?resize=350%2C200&ssl=1","width":350,"height":200,"srcset":"https:\/\/i0.wp.com\/blogdafeira.com.br\/home\/wp-content\/uploads\/2022\/03\/IMG_20170503_055357222-scaled.jpg?resize=350%2C200&ssl=1 1x, https:\/\/i0.wp.com\/blogdafeira.com.br\/home\/wp-content\/uploads\/2022\/03\/IMG_20170503_055357222-scaled.jpg?resize=525%2C300&ssl=1 1.5x, https:\/\/i0.wp.com\/blogdafeira.com.br\/home\/wp-content\/uploads\/2022\/03\/IMG_20170503_055357222-scaled.jpg?resize=700%2C400&ssl=1 2x, https:\/\/i0.wp.com\/blogdafeira.com.br\/home\/wp-content\/uploads\/2022\/03\/IMG_20170503_055357222-scaled.jpg?resize=1050%2C600&ssl=1 3x, https:\/\/i0.wp.com\/blogdafeira.com.br\/home\/wp-content\/uploads\/2022\/03\/IMG_20170503_055357222-scaled.jpg?resize=1400%2C800&ssl=1 4x"},"classes":[]},{"id":43300,"url":"https:\/\/blogdafeira.com.br\/home\/2021\/02\/05\/onde-comprar-roupas-para-revender\/","url_meta":{"origin":64503,"position":4},"title":"Onde comprar roupas para revender","author":"Secom\/FSA","date":"05\/02\/2021","format":false,"excerpt":"Abrir uma loja de roupas \u00e9 uma das op\u00e7\u00f5es preferidas de muitos empres\u00e1rios, principalmente daqueles que se interessam por moda. Mas, se voc\u00ea quiser abrir um neg\u00f3cio independente, ter\u00e1 que buscar fornecedores para esse segmento. Nesse artigo voc\u00ea ver\u00e1 onde comprar roupas para revender na sua loja. Voc\u00ea tem v\u00e1rias\u2026","rel":"","context":"Em &quot;Home&quot;","block_context":{"text":"Home","link":"https:\/\/blogdafeira.com.br\/home\/categoria\/raiz\/"},"img":{"alt_text":"","src":"https:\/\/i0.wp.com\/blogdafeira.com.br\/home\/wp-content\/uploads\/2021\/02\/pexels-artem-beliaikin-1078958.jpg?resize=350%2C200&ssl=1","width":350,"height":200,"srcset":"https:\/\/i0.wp.com\/blogdafeira.com.br\/home\/wp-content\/uploads\/2021\/02\/pexels-artem-beliaikin-1078958.jpg?resize=350%2C200&ssl=1 1x, https:\/\/i0.wp.com\/blogdafeira.com.br\/home\/wp-content\/uploads\/2021\/02\/pexels-artem-beliaikin-1078958.jpg?resize=525%2C300&ssl=1 1.5x, https:\/\/i0.wp.com\/blogdafeira.com.br\/home\/wp-content\/uploads\/2021\/02\/pexels-artem-beliaikin-1078958.jpg?resize=700%2C400&ssl=1 2x, https:\/\/i0.wp.com\/blogdafeira.com.br\/home\/wp-content\/uploads\/2021\/02\/pexels-artem-beliaikin-1078958.jpg?resize=1050%2C600&ssl=1 3x"},"classes":[]},{"id":49098,"url":"https:\/\/blogdafeira.com.br\/home\/2021\/12\/03\/assai-feira-tomba-mais-de-14-mil-metros-quadrados-de-area-construida\/","url_meta":{"origin":64503,"position":5},"title":"Assa\u00ed Feira Tomba: mais de 14 mil metros quadrados de \u00e1rea constru\u00edda","author":"Secom\/FSA","date":"03\/12\/2021","format":false,"excerpt":"Refor\u00e7ando a sua presen\u00e7a na Bahia, o Assa\u00ed Atacadista inaugurou nesta sexta-feira (3) sua segunda unidade na cidade de Feira de Santana. Batizada de Assa\u00ed Feira Tomba, a nova loja est\u00e1 localizada na Avenida Eduardo Froes da Mota, regi\u00e3o do Tomba, e re\u00fane variedade de produtos, pre\u00e7os baixos e diferenciais\u2026","rel":"","context":"Em &quot;Cidade&quot;","block_context":{"text":"Cidade","link":"https:\/\/blogdafeira.com.br\/home\/categoria\/cidade\/"},"img":{"alt_text":"","src":"https:\/\/i0.wp.com\/blogdafeira.com.br\/home\/wp-content\/uploads\/2021\/12\/assa.jpg?resize=350%2C200&ssl=1","width":350,"height":200,"srcset":"https:\/\/i0.wp.com\/blogdafeira.com.br\/home\/wp-content\/uploads\/2021\/12\/assa.jpg?resize=350%2C200&ssl=1 1x, https:\/\/i0.wp.com\/blogdafeira.com.br\/home\/wp-content\/uploads\/2021\/12\/assa.jpg?resize=525%2C300&ssl=1 1.5x, https:\/\/i0.wp.com\/blogdafeira.com.br\/home\/wp-content\/uploads\/2021\/12\/assa.jpg?resize=700%2C400&ssl=1 2x, https:\/\/i0.wp.com\/blogdafeira.com.br\/home\/wp-content\/uploads\/2021\/12\/assa.jpg?resize=1050%2C600&ssl=1 3x"},"classes":[]}],"_links":{"self":[{"href":"https:\/\/blogdafeira.com.br\/home\/wp-json\/wp\/v2\/posts\/64503","targetHints":{"allow":["GET"]}}],"collection":[{"href":"https:\/\/blogdafeira.com.br\/home\/wp-json\/wp\/v2\/posts"}],"about":[{"href":"https:\/\/blogdafeira.com.br\/home\/wp-json\/wp\/v2\/types\/post"}],"author":[{"embeddable":true,"href":"https:\/\/blogdafeira.com.br\/home\/wp-json\/wp\/v2\/users\/1"}],"replies":[{"embeddable":true,"href":"https:\/\/blogdafeira.com.br\/home\/wp-json\/wp\/v2\/comments?post=64503"}],"version-history":[{"count":1,"href":"https:\/\/blogdafeira.com.br\/home\/wp-json\/wp\/v2\/posts\/64503\/revisions"}],"predecessor-version":[{"id":64505,"href":"https:\/\/blogdafeira.com.br\/home\/wp-json\/wp\/v2\/posts\/64503\/revisions\/64505"}],"wp:featuredmedia":[{"embeddable":true,"href":"https:\/\/blogdafeira.com.br\/home\/wp-json\/wp\/v2\/media\/64504"}],"wp:attachment":[{"href":"https:\/\/blogdafeira.com.br\/home\/wp-json\/wp\/v2\/media?parent=64503"}],"wp:term":[{"taxonomy":"category","embeddable":true,"href":"https:\/\/blogdafeira.com.br\/home\/wp-json\/wp\/v2\/categories?post=64503"},{"taxonomy":"post_tag","embeddable":true,"href":"https:\/\/blogdafeira.com.br\/home\/wp-json\/wp\/v2\/tags?post=64503"}],"curies":[{"name":"wp","href":"https:\/\/api.w.org\/{rel}","templated":true}]}}