{"id":64549,"date":"2024-11-07T06:34:07","date_gmt":"2024-11-07T09:34:07","guid":{"rendered":"https:\/\/blogdafeira.com.br\/home\/?p=64549"},"modified":"2025-03-06T23:11:19","modified_gmt":"2025-03-07T02:11:19","slug":"plano-de-arborizacao-urbana-da-prefeitura-de-feira-preve-a-execucao-de-um-inventario-arboreo","status":"publish","type":"post","link":"https:\/\/blogdafeira.com.br\/home\/2024\/11\/07\/plano-de-arborizacao-urbana-da-prefeitura-de-feira-preve-a-execucao-de-um-inventario-arboreo\/","title":{"rendered":"Plano de Arboriza\u00e7\u00e3o Urbana da Prefeitura de Feira prev\u00ea a execu\u00e7\u00e3o de um &#8220;invent\u00e1rio arb\u00f3reo&#8221;"},"content":{"rendered":"<div id=\"blogd-1429095666\" class=\"blogd-fim-do-post-mobile blogd-entity-placement\" style=\"margin-left: auto;margin-right: auto;text-align: center;\"><a href=\"https:\/\/www.sefaz.feiradesantana.ba.gov.br\/\" target=\"_blank\" aria-label=\"728&#215;90 (6)\"><img loading=\"lazy\" decoding=\"async\" src=\"https:\/\/blogdafeira.com.br\/home\/wp-content\/uploads\/2026\/03\/728x90-6.gif\" alt=\"\"  class=\"no-lazyload\" width=\"728\" height=\"90\"  style=\"display: inline-block;\" \/><\/a><\/div><p>Entre os principais objetivos do\u00a0 Plano Diretor de Arboriza\u00e7\u00e3o Urbana, criado por meio do Decreto N\u00ba 13.663, assinado pelo prefeito Colbert Martins Filho e publicado no Di\u00e1rio Oficial Eletr\u00f4nico do Munic\u00edpio na edi\u00e7\u00e3o de ontem (quarta-feira,6), est\u00e1 o est\u00edmulo \u00e0 participa\u00e7\u00e3o de \u00f3rg\u00e3os p\u00fablicos e empresas privadas em a\u00e7\u00f5es de arboriza\u00e7\u00e3o e a realiza\u00e7\u00e3o de um invent\u00e1rio arb\u00f3reo, <a href=\"https:\/\/blogdafeira.com.br\/home\/2024\/07\/12\/e-urgente-fazer-um-inventario-arboreo-na-getulio-para-garantir-a-preservacao-desse-patrimonio\/\"><strong>este \u00faltimo defendido, especificamente para a Avenida Get\u00falio Vargas, em texto publicado aqui no Blog da Feira (leia)\u00a0<\/strong><\/a><\/p><div id=\"blogd-3387402671\" class=\"blogd-conteudo-2-mobile blogd-entity-placement\"><a href=\"https:\/\/feirenses.com.br\/\" target=\"_blank\" aria-label=\"feirenses\"><img loading=\"lazy\" decoding=\"async\" src=\"https:\/\/blogdafeira.com.br\/home\/wp-content\/uploads\/2026\/04\/feirenses.png\" alt=\"\"  srcset=\"https:\/\/blogdafeira.com.br\/home\/wp-content\/uploads\/2026\/04\/feirenses.png 300w, https:\/\/blogdafeira.com.br\/home\/wp-content\/uploads\/2026\/04\/feirenses-170x45.png 170w, https:\/\/blogdafeira.com.br\/home\/wp-content\/uploads\/2026\/04\/feirenses-280x74.png 280w\" sizes=\"(max-width: 300px) 100vw, 300px\" class=\"no-lazyload\" width=\"300\" height=\"79\"  style=\"display: inline-block;\" \/><\/a><\/div>\n<p>O decreto tamb\u00e9m estabelece que novos empreendimentos e projetos urban\u00edsticos devem incluir projetos de arboriza\u00e7\u00e3o e integrar redes de distribui\u00e7\u00e3o de energia com a vegeta\u00e7\u00e3o urbana.<\/p>\n<p>Para a conscientiza\u00e7\u00e3o da popula\u00e7\u00e3o, o plano\u00a0 inclui uma s\u00e9rie de iniciativas de educa\u00e7\u00e3o ambiental. Em parceria com escolas e associa\u00e7\u00f5es de bairro, a SEMMAM realizar\u00e1 palestras e oficinas, refor\u00e7ando a import\u00e2ncia das \u00e1reas verdes e instruindo sobre os cuidados adequados com as \u00e1rvores plantadas nos passeios p\u00fablicos.<\/p>\n<div id=\"blogd-2551290789\" class=\"blogd-final-post blogd-entity-placement\"><a href=\"https:\/\/www.feiradesantana.ba.leg.br\/\" target=\"_blank\" aria-label=\"BANNER-SITE-ENTREGADECHEQUE-CAMARADEFEIRA\"><img loading=\"lazy\" decoding=\"async\" src=\"https:\/\/blogdafeira.com.br\/home\/wp-content\/uploads\/2026\/03\/BANNER-SITE-ENTREGADECHEQUE-CAMARADEFEIRA.gif\" alt=\"\"  class=\"no-lazyload\" width=\"728\" height=\"90\"   \/><\/a><\/div><p>O Plano Diretor de Arboriza\u00e7\u00e3o Urbana (PDAU) de Feira de Santana tamb\u00e9m estabelece uma s\u00e9rie de multas, que podem chegar a 50 mil reais,\u00a0 para infra\u00e7\u00f5es que v\u00e3o desde o plantio incorreto at\u00e9 o corte de \u00e1rvores sem autoriza\u00e7\u00e3o.<\/p>\n","protected":false},"excerpt":{"rendered":"<p>Entre os principais objetivos do\u00a0 Plano Diretor de Arboriza\u00e7\u00e3o Urbana, criado por meio do Decreto N\u00ba 13.663, assinado pelo prefeito Colbert Martins Filho e publicado no Di\u00e1rio Oficial Eletr\u00f4nico do Munic\u00edpio na edi\u00e7\u00e3o de ontem (quarta-feira,6), est\u00e1 o est\u00edmulo \u00e0 participa\u00e7\u00e3o de \u00f3rg\u00e3os p\u00fablicos e empresas privadas em a\u00e7\u00f5es de arboriza\u00e7\u00e3o e a realiza\u00e7\u00e3o de<\/p>\n","protected":false},"author":1,"featured_media":64550,"comment_status":"open","ping_status":"open","sticky":false,"template":"","format":"standard","meta":{"jetpack_post_was_ever_published":false,"cybocfi_hide_featured_image":"","_jetpack_newsletter_access":"","_jetpack_dont_email_post_to_subs":false,"_jetpack_newsletter_tier_id":0,"_jetpack_memberships_contains_paywalled_content":false,"_jetpack_memberships_contains_paid_content":false,"footnotes":"","jetpack_publicize_message":"","jetpack_publicize_feature_enabled":true,"jetpack_social_post_already_shared":true,"jetpack_social_options":{"image_generator_settings":{"template":"highway","default_image_id":0,"font":"","enabled":false},"version":2}},"categories":[3,1],"tags":[],"class_list":["post-64549","post","type-post","status-publish","format-standard","has-post-thumbnail","hentry","category-cidade","category-raiz"],"jetpack_publicize_connections":[],"jetpack_featured_media_url":"https:\/\/blogdafeira.com.br\/home\/wp-content\/uploads\/2024\/11\/limpeza-na-getulio-vargas-Foto-Izinaldo-Barreto-28-08-2024-12-scaled.jpg","jetpack_shortlink":"https:\/\/wp.me\/p3niVf-gN7","jetpack_sharing_enabled":true,"jetpack-related-posts":[{"id":62841,"url":"https:\/\/blogdafeira.com.br\/home\/2024\/07\/12\/e-urgente-fazer-um-inventario-arboreo-na-getulio-para-garantir-a-preservacao-desse-patrimonio\/","url_meta":{"origin":64549,"position":0},"title":"\u00c9 urgente fazer um &#8216;invent\u00e1rio arb\u00f3reo&#8217; na Get\u00falio para garantir a preserva\u00e7\u00e3o desse patrim\u00f4nio","author":"Blog da Feira","date":"12\/07\/2024","format":false,"excerpt":"A alameda da Get\u00falio Vargas, em Feira, forma um corredor de ventila\u00e7\u00e3o que impede altas temperaturas na cidade. S\u00e3o \u00e1rvores fundamentais ao ambiente urbano feirense. Para garantir a preserva\u00e7\u00e3o desse precioso patrim\u00f4nio ambiental \u00e9 urgente realizar um invent\u00e1rio arb\u00f3reo, monitorar, catalogar as esp\u00e9cies, dar conhecimento ao povo da diversidade vegetal\u2026","rel":"","context":"Em &quot;Cidade&quot;","block_context":{"text":"Cidade","link":"https:\/\/blogdafeira.com.br\/home\/categoria\/cidade\/"},"img":{"alt_text":"","src":"https:\/\/i0.wp.com\/blogdafeira.com.br\/home\/wp-content\/uploads\/2024\/07\/20240712_133131.jpg?resize=350%2C200&ssl=1","width":350,"height":200,"srcset":"https:\/\/i0.wp.com\/blogdafeira.com.br\/home\/wp-content\/uploads\/2024\/07\/20240712_133131.jpg?resize=350%2C200&ssl=1 1x, https:\/\/i0.wp.com\/blogdafeira.com.br\/home\/wp-content\/uploads\/2024\/07\/20240712_133131.jpg?resize=525%2C300&ssl=1 1.5x, https:\/\/i0.wp.com\/blogdafeira.com.br\/home\/wp-content\/uploads\/2024\/07\/20240712_133131.jpg?resize=700%2C400&ssl=1 2x"},"classes":[]},{"id":29656,"url":"https:\/\/blogdafeira.com.br\/home\/2018\/05\/14\/novo-pddu-codigo-do-meio-ambiente-quer-plano-contra-o-efeito-estufa-em-feira\/","url_meta":{"origin":64549,"position":1},"title":"Novo PDDU: C\u00f3digo do Meio Ambiente quer plano contra o &#8216;efeito estufa&#8217; em Feira","author":"Blog da Feira","date":"14\/05\/2018","format":false,"excerpt":"O novo C\u00f3digo de Meio Ambiente, que faz parte do Plano Diretor de Desenvolvimento Urbano e Territorial de Feira de Santana (PDDU) prev\u00ea um 'Plano sobre Mudan\u00e7a de Clima' na cidade. O Plano, de acordo.com a lei, dever\u00e1 conter, no m\u00ednimo, \"invent\u00e1rio de gases de efeito estufa\"\u00a0 e estrat\u00e9gias \"de\u2026","rel":"","context":"Em &quot;Home&quot;","block_context":{"text":"Home","link":"https:\/\/blogdafeira.com.br\/home\/categoria\/raiz\/"},"img":{"alt_text":"","src":"https:\/\/i0.wp.com\/blogdafeira.com.br\/home\/wp-content\/uploads\/2018\/05\/IMG_20180511_171011235-1024x768.jpg?resize=350%2C200","width":350,"height":200,"srcset":"https:\/\/i0.wp.com\/blogdafeira.com.br\/home\/wp-content\/uploads\/2018\/05\/IMG_20180511_171011235-1024x768.jpg?resize=350%2C200 1x, https:\/\/i0.wp.com\/blogdafeira.com.br\/home\/wp-content\/uploads\/2018\/05\/IMG_20180511_171011235-1024x768.jpg?resize=525%2C300 1.5x, https:\/\/i0.wp.com\/blogdafeira.com.br\/home\/wp-content\/uploads\/2018\/05\/IMG_20180511_171011235-1024x768.jpg?resize=700%2C400 2x"},"classes":[]},{"id":61107,"url":"https:\/\/blogdafeira.com.br\/home\/2024\/02\/10\/arborizacao-na-marechal-esta-dando-certo-mas-precisa-de-cuidados\/","url_meta":{"origin":64549,"position":2},"title":"Arboriza\u00e7\u00e3o na Marechal est\u00e1 dando certo mas precisa de cuidados","author":"J\u00e2nio R\u00eago","date":"10\/02\/2024","format":false,"excerpt":"A arboriza\u00e7\u00e3o dos canteiros da Marechal est\u00e1 dando certo: a maioria das \u00e1rvores plantadas est\u00e1 crescendo. Para isso tiveram o zelo e o cuidado de feirantes. Agora chegou a vez da Prefeitura de Feira de Santana: algumas j\u00e1 precisam de poda e prote\u00e7\u00e3o, al\u00e9m de aduba\u00e7\u00e3o. H\u00e1 um outro problema\u2026","rel":"","context":"Em &quot;Colunistas&quot;","block_context":{"text":"Colunistas","link":"https:\/\/blogdafeira.com.br\/home\/categoria\/colunistas\/"},"img":{"alt_text":"","src":"https:\/\/i0.wp.com\/blogdafeira.com.br\/home\/wp-content\/uploads\/2024\/02\/IMG_20240208_110517681_HDR-scaled.jpg?resize=350%2C200&ssl=1","width":350,"height":200,"srcset":"https:\/\/i0.wp.com\/blogdafeira.com.br\/home\/wp-content\/uploads\/2024\/02\/IMG_20240208_110517681_HDR-scaled.jpg?resize=350%2C200&ssl=1 1x, https:\/\/i0.wp.com\/blogdafeira.com.br\/home\/wp-content\/uploads\/2024\/02\/IMG_20240208_110517681_HDR-scaled.jpg?resize=525%2C300&ssl=1 1.5x, https:\/\/i0.wp.com\/blogdafeira.com.br\/home\/wp-content\/uploads\/2024\/02\/IMG_20240208_110517681_HDR-scaled.jpg?resize=700%2C400&ssl=1 2x, https:\/\/i0.wp.com\/blogdafeira.com.br\/home\/wp-content\/uploads\/2024\/02\/IMG_20240208_110517681_HDR-scaled.jpg?resize=1050%2C600&ssl=1 3x, https:\/\/i0.wp.com\/blogdafeira.com.br\/home\/wp-content\/uploads\/2024\/02\/IMG_20240208_110517681_HDR-scaled.jpg?resize=1400%2C800&ssl=1 4x"},"classes":[]},{"id":65568,"url":"https:\/\/blogdafeira.com.br\/home\/2025\/02\/07\/onu-e-ministerio-do-meio-ambiente-lancam-a-coletanea-brasileira-de-arborizacao-urbana\/","url_meta":{"origin":64549,"position":3},"title":"ONU e Minist\u00e9rio do Meio Ambiente lan\u00e7am a Colet\u00e2nea Brasileira de Arboriza\u00e7\u00e3o Urbana","author":"Blog da Feira","date":"07\/02\/2025","format":false,"excerpt":"A Colet\u00e2nea Brasileira de Arboriza\u00e7\u00e3o Urbana, um projeto apoiado pela Organiza\u00e7\u00e3o das Na\u00e7\u00f5es Unidas para a Alimenta\u00e7\u00e3o e a Agricultura (FAO\/ONU) e financiado pelo Minist\u00e9rio do Meio Ambiente e Mudan\u00e7a do Clima, conta com cinco livros, um para cada regi\u00e3o do Brasil. O primeiro livro da s\u00e9rie, relativo \u00e0 Regi\u00e3o\u2026","rel":"","context":"Em &quot;Geral&quot;","block_context":{"text":"Geral","link":"https:\/\/blogdafeira.com.br\/home\/categoria\/geral\/"},"img":{"alt_text":"","src":"https:\/\/i0.wp.com\/blogdafeira.com.br\/home\/wp-content\/uploads\/2025\/02\/IMG_20170608_0942586262-scaled.jpg?resize=350%2C200&ssl=1","width":350,"height":200,"srcset":"https:\/\/i0.wp.com\/blogdafeira.com.br\/home\/wp-content\/uploads\/2025\/02\/IMG_20170608_0942586262-scaled.jpg?resize=350%2C200&ssl=1 1x, https:\/\/i0.wp.com\/blogdafeira.com.br\/home\/wp-content\/uploads\/2025\/02\/IMG_20170608_0942586262-scaled.jpg?resize=525%2C300&ssl=1 1.5x, https:\/\/i0.wp.com\/blogdafeira.com.br\/home\/wp-content\/uploads\/2025\/02\/IMG_20170608_0942586262-scaled.jpg?resize=700%2C400&ssl=1 2x, https:\/\/i0.wp.com\/blogdafeira.com.br\/home\/wp-content\/uploads\/2025\/02\/IMG_20170608_0942586262-scaled.jpg?resize=1050%2C600&ssl=1 3x, https:\/\/i0.wp.com\/blogdafeira.com.br\/home\/wp-content\/uploads\/2025\/02\/IMG_20170608_0942586262-scaled.jpg?resize=1400%2C800&ssl=1 4x"},"classes":[]},{"id":49004,"url":"https:\/\/blogdafeira.com.br\/home\/2021\/12\/01\/a-manutencao-preventiva-da-arborizacao-nas-cidades\/","url_meta":{"origin":64549,"position":4},"title":"A manuten\u00e7\u00e3o preventiva da arboriza\u00e7\u00e3o nas cidades","author":"Blog da Feira","date":"01\/12\/2021","format":false,"excerpt":"A manuten\u00e7\u00e3o preventiva da arboriza\u00e7\u00e3o \u00e9 um dos pontos principais para garantir os\u00a0benef\u00edcios de uma boa gest\u00e3o da vegeta\u00e7\u00e3o\u00a0de uma cidade. Portanto, \u00e9 por meio dela que s\u00e3o evitados acidentes provocados por quedas de galhos ou at\u00e9 mesmo a planta inteira e tamb\u00e9m que a perda de \u00e1rvores \u00e9 minimizada.\u2026","rel":"","context":"Em &quot;Cidade&quot;","block_context":{"text":"Cidade","link":"https:\/\/blogdafeira.com.br\/home\/categoria\/cidade\/"},"img":{"alt_text":"","src":"https:\/\/i0.wp.com\/blogdafeira.com.br\/home\/wp-content\/uploads\/2021\/12\/prefe.jpg?resize=350%2C200&ssl=1","width":350,"height":200,"srcset":"https:\/\/i0.wp.com\/blogdafeira.com.br\/home\/wp-content\/uploads\/2021\/12\/prefe.jpg?resize=350%2C200&ssl=1 1x, https:\/\/i0.wp.com\/blogdafeira.com.br\/home\/wp-content\/uploads\/2021\/12\/prefe.jpg?resize=525%2C300&ssl=1 1.5x, https:\/\/i0.wp.com\/blogdafeira.com.br\/home\/wp-content\/uploads\/2021\/12\/prefe.jpg?resize=700%2C400&ssl=1 2x, https:\/\/i0.wp.com\/blogdafeira.com.br\/home\/wp-content\/uploads\/2021\/12\/prefe.jpg?resize=1050%2C600&ssl=1 3x"},"classes":[]},{"id":29519,"url":"https:\/\/blogdafeira.com.br\/home\/2018\/05\/01\/faltam-arvores-em-torno-da-lagoa-grande-de-feira-plano-de-arborizacao-falhou\/","url_meta":{"origin":64549,"position":5},"title":"Faltam \u00e1rvores em torno da Lagoa Grande de Feira; plano de arboriza\u00e7\u00e3o falhou","author":"Blog da Feira","date":"01\/05\/2018","format":false,"excerpt":"Feira de Santana tem pra\u00e7as sim. No Facebook publico fotos mostrando as \u00e1rvores bonitas que s\u00e3o mantidas nesses espa\u00e7os \u00c9 ineg\u00e1vel que precisamos cada vez mais de \u00e1rvores para neutralizar o que\u00a0os ecourbanistas chamam de\u00a0 'ilhas de calor' que crescem nas cidades verticalizadas ou n\u00e3o como Feira de Santana. A\u2026","rel":"","context":"Em &quot;Home&quot;","block_context":{"text":"Home","link":"https:\/\/blogdafeira.com.br\/home\/categoria\/raiz\/"},"img":{"alt_text":"","src":"https:\/\/i0.wp.com\/blogdafeira.com.br\/home\/wp-content\/uploads\/2018\/05\/IMG_20180422_081038741-768x1024.jpg?resize=350%2C200","width":350,"height":200,"srcset":"https:\/\/i0.wp.com\/blogdafeira.com.br\/home\/wp-content\/uploads\/2018\/05\/IMG_20180422_081038741-768x1024.jpg?resize=350%2C200 1x, https:\/\/i0.wp.com\/blogdafeira.com.br\/home\/wp-content\/uploads\/2018\/05\/IMG_20180422_081038741-768x1024.jpg?resize=525%2C300 1.5x, https:\/\/i0.wp.com\/blogdafeira.com.br\/home\/wp-content\/uploads\/2018\/05\/IMG_20180422_081038741-768x1024.jpg?resize=700%2C400 2x"},"classes":[]}],"_links":{"self":[{"href":"https:\/\/blogdafeira.com.br\/home\/wp-json\/wp\/v2\/posts\/64549","targetHints":{"allow":["GET"]}}],"collection":[{"href":"https:\/\/blogdafeira.com.br\/home\/wp-json\/wp\/v2\/posts"}],"about":[{"href":"https:\/\/blogdafeira.com.br\/home\/wp-json\/wp\/v2\/types\/post"}],"author":[{"embeddable":true,"href":"https:\/\/blogdafeira.com.br\/home\/wp-json\/wp\/v2\/users\/1"}],"replies":[{"embeddable":true,"href":"https:\/\/blogdafeira.com.br\/home\/wp-json\/wp\/v2\/comments?post=64549"}],"version-history":[{"count":2,"href":"https:\/\/blogdafeira.com.br\/home\/wp-json\/wp\/v2\/posts\/64549\/revisions"}],"predecessor-version":[{"id":64552,"href":"https:\/\/blogdafeira.com.br\/home\/wp-json\/wp\/v2\/posts\/64549\/revisions\/64552"}],"wp:featuredmedia":[{"embeddable":true,"href":"https:\/\/blogdafeira.com.br\/home\/wp-json\/wp\/v2\/media\/64550"}],"wp:attachment":[{"href":"https:\/\/blogdafeira.com.br\/home\/wp-json\/wp\/v2\/media?parent=64549"}],"wp:term":[{"taxonomy":"category","embeddable":true,"href":"https:\/\/blogdafeira.com.br\/home\/wp-json\/wp\/v2\/categories?post=64549"},{"taxonomy":"post_tag","embeddable":true,"href":"https:\/\/blogdafeira.com.br\/home\/wp-json\/wp\/v2\/tags?post=64549"}],"curies":[{"name":"wp","href":"https:\/\/api.w.org\/{rel}","templated":true}]}}